{"id":127824,"date":"2022-04-07T00:00:00","date_gmt":"2022-04-06T22:00:00","guid":{"rendered":"https:\/\/www.gossip.it\/senza-categoria\/belen-annuncia-essere-tornata-stefano-de-martino\/"},"modified":"2022-04-07T00:00:00","modified_gmt":"2022-04-06T22:00:00","slug":"belen-annuncia-essere-tornata-stefano-de-martino","status":"publish","type":"post","link":"https:\/\/www.gossip.it\/news\/belen-annuncia-essere-tornata-stefano-de-martino\/","title":{"rendered":"Belen finalmente annuncia di essere tornata con Stefano De Martino! Ma aggiunge: 'Presto ci rilasceremo'"},"content":{"rendered":"<p><a href=\"\/vip\/belen\/\">Belen<\/a> non si sottrae alle domande degli hater a <em>Le Iene<\/em>. Con molta ironia finalmente <strong>annuncia<\/strong> di <strong>essere tornata<\/strong> per la seconda volta con <a href=\"\/vip\/stefano-de martino\/\">Stefano De Martino<\/a>, padre del suo primogenito, <a href=\"\/vip\/santiago\/\">Santiago<\/a>, che il prossimo 9 aprile compir\u00e0 9 anni (\u00e8 madre anche di <a href=\"\/vip\/luna-mar\u00ec\/\">Luna Mar\u00ec<\/a>, nata il 12 luglio 2021 dalla relazione con <a href=\"\/vip\/antonino-spinalbese\/\">Antonino Spinalbese<\/a>, ndr). La showgirl 32enne per\u00f2, aggiunge: <em>\u201cPresto ci rilasceremo\u201d.<\/em><\/p>\n<figure class=\"caption\"><img decoding=\"async\" alt=\"Belen finalmente annuncia di essere tornata con Stefano De Martino! Ma aggiunge: 'Presto ci rilasceremo'\" width=\"640\" height=\"354\" src=\"https:\/\/files.gossip.it\/immagini_news\/2022\/04\/1649320790_belen_stefano_1.jpg\" \/><figcaption>Belen finalmente annuncia di essere tornata con Stefano De Martino! Ma aggiunge: 'Presto ci rilasceremo'<\/figcaption><\/figure>\n<div class=\"video_integrato\" data-videoid=\"8442\" data-autostart=\"true\">\u00a0<\/div>\n<p>Una follower le domanda: <em>\u201c<strong>Belen<\/strong>, io un po\u2019 ti capisco\u2026 De Martino \u00e8 come il vino buono, che invecchiando migliora. Me lo fai assaggiare?\u201d.<\/em> L\u2019argentina risponde, tra l\u2019imbarazzato e il divertito: <em>\u201cAllora, ce la potresti fare perch\u00e9 tra poco ci rilasceremo e lui andr\u00e0 con altre donne, quindi potresti essere una scelta\u201d.<\/em><\/p>\n<figure class=\"caption\"><img decoding=\"async\" alt=\"\" width=\"640\" height=\"353\" src=\"https:\/\/files.gossip.it\/immagini_news\/2022\/04\/1649320808_belen_stefano_2.jpg\" \/><figcaption>A Le Iene la showgirl ironizza rispondendo nello spazio dedicato alle domande degli hater<\/figcaption><\/figure>\n<p>L\u2019argentina non d\u00e0 nulla di scontato. Con il conduttore 32enne, conosciuto ad <em>Amici<\/em> nel 2012 e con cui si \u00e8 sposata il 20 settembre 2013, potrebbe accadere di tutto: la <a href=\"\/vip\/rodriguez\/\">Rodriguez<\/a> parrebbe lasciar intendere di essere gi\u00e0 preparata al peggio. I due, che si erano separati due anni dopo le nozze, nel 2015, hanno vissuto un appassionato primo ritorno di fiamma nel 2019. Il secondo crack \u00e8 arrivato a maggio 2020. Adesso, per\u00f2, sono tornati a fare coppia.<\/p>\n<figure class=\"caption\"><img decoding=\"async\" alt=\"\" width=\"640\" height=\"345\" src=\"https:\/\/files.gossip.it\/immagini_news\/2022\/04\/1649320835_belen_stefano_3.jpg\" \/><figcaption>La 37enne tira una frecciatina a Stefano con una previsione nefasta sul secondo ritorno di fiamma<\/figcaption><\/figure>\n<p><strong>Belen<\/strong> sulla storia con Stefano ci scherza su. Indomabile, \u00e8 sarcastica anche sulla sua mitica farfalla, quella che scandalosamente mostrata a <em>Sanremo 2012<\/em>, grazie allo spacco inguinale dell\u2019abito che indossava al festival.<\/p>\n<figure class=\"caption\"><img decoding=\"async\" alt=\"\" width=\"640\" height=\"404\" src=\"https:\/\/files.gossip.it\/immagini_news\/2022\/04\/1649320864_belen_stefano_4.jpg\" \/><figcaption>Il conduttore 32enne da cui ha avuto Santiago fa nuovamente coppia con l'argentina<\/figcaption><\/figure>\n<p>Un altro telespettatore le scrive: <em>\u201cSe hai bisogno di far volare la tua farfalla ci penso io\u2026\u201d<\/em>. Lei ribatte: <em>\u201cLa mia farfalla si \u00e8 allargata come un aquilone dopo due gravidanze, adesso sto pensando a farmi l\u2019addominoplastica perch\u00e9 l\u2019abbiamo persa, come il gabbiano che ha perduto la compagna, io ho perso la farfalla\u2026\u201d.<\/em><\/p>\n<p>\u00a0<\/p>\n","protected":false},"excerpt":{"rendered":"<p>Belen non si sottrae alle domande degli hater a Le Iene. Con molta ironia finalmente annuncia di essere tornata per la seconda volta con Stefano De Martino, padre del suo primogenito, Santiago, che il prossimo 9 aprile compir\u00e0 9 anni (\u00e8 madre anche di Luna Mar\u00ec, nata il 12 luglio 2021 dalla relazione con Antonino [&hellip;]<\/p>\n","protected":false},"author":4,"featured_media":128174,"comment_status":"closed","ping_status":"closed","sticky":false,"template":"","format":"standard","meta":{"footnotes":""},"categories":[54],"tags":[12793,2299,2176,2102,63137,2131,1928,1949,1967,2097],"vip":[396,1731],"class_list":["post-127824","post","type-post","status-publish","format-standard","has-post-thumbnail","hentry","category-news","tag-annuncia","tag-belen","tag-conduttore","tag-dichiarazioni","tag-essere-tornata","tag-italia-1","tag-le-iene","tag-ritorno-di-fiamma","tag-showgirl","tag-tv","vip-belen_rodriguez","vip-stefano_de_martino"],"yoast_head":"<title>Belen finalmente annuncia di essere tornata con Stefano De Martino! Ma aggiunge: &#039;Presto ci rilasceremo&#039; - Gossip.it | News sul Gossip e VIP<\/title>\n<meta name=\"description\" content=\"Belen non si sottrae alle domande degli hater a Le Iene. Con molta ironia finalmente annuncia di essere tornata per la seconda volta con Stefano De\" \/>\n<meta name=\"robots\" content=\"index, follow, max-snippet:-1, max-image-preview:large, max-video-preview:-1\" \/>\n<link rel=\"canonical\" href=\"https:\/\/www.gossip.it\/news\/belen-annuncia-essere-tornata-stefano-de-martino\/\" \/>\n<meta property=\"og:locale\" content=\"it_IT\" \/>\n<meta property=\"og:type\" content=\"article\" \/>\n<meta property=\"og:title\" content=\"Belen finalmente annuncia di essere tornata con Stefano De Martino! Ma aggiunge: &#039;Presto ci rilasceremo&#039; - Gossip.it | News sul Gossip e VIP\" \/>\n<meta property=\"og:description\" content=\"Belen non si sottrae alle domande degli hater a Le Iene. Con molta ironia finalmente annuncia di essere tornata per la seconda volta con Stefano De\" \/>\n<meta property=\"og:url\" content=\"https:\/\/www.gossip.it\/news\/belen-annuncia-essere-tornata-stefano-de-martino\/\" \/>\n<meta property=\"og:site_name\" content=\"Gossip.it | News sul Gossip e VIP\" \/>\n<meta property=\"article:publisher\" content=\"https:\/\/www.facebook.com\/GossipIT\" \/>\n<meta property=\"article:published_time\" content=\"2022-04-06T22:00:00+00:00\" \/>\n<meta property=\"og:image\" content=\"https:\/\/files.gossip.it\/immagini_news\/2022\/04\/1649320790_belen_stefano_1.jpg\" \/>\n<meta name=\"author\" content=\"Annamaria Capozzi\" \/>\n<meta name=\"twitter:card\" content=\"summary_large_image\" \/>\n<meta name=\"twitter:image\" content=\"https:\/\/files.gossip.it\/immagini_news\/2022\/04\/1649320790_belen_stefano_1.jpg\" \/>\n<meta name=\"twitter:creator\" content=\"@gossinews_it\" \/>\n<meta name=\"twitter:site\" content=\"@gossinews_it\" \/>\n<meta name=\"twitter:label1\" content=\"Scritto da\" \/>\n\t<meta name=\"twitter:data1\" content=\"Annamaria Capozzi\" \/>\n\t<meta name=\"twitter:label2\" content=\"Tempo di lettura stimato\" \/>\n\t<meta name=\"twitter:data2\" content=\"2 minuti\" \/>","yoast_head_json":{"title":"Belen finalmente annuncia di essere tornata con Stefano De Martino! Ma aggiunge: 'Presto ci rilasceremo' - Gossip.it | News sul Gossip e VIP","description":"Belen non si sottrae alle domande degli hater a Le Iene. Con molta ironia finalmente annuncia di essere tornata per la seconda volta con Stefano De","robots":{"index":"index","follow":"follow","max-snippet":"max-snippet:-1","max-image-preview":"max-image-preview:large","max-video-preview":"max-video-preview:-1"},"canonical":"https:\/\/www.gossip.it\/news\/belen-annuncia-essere-tornata-stefano-de-martino\/","og_locale":"it_IT","og_type":"article","og_title":"Belen finalmente annuncia di essere tornata con Stefano De Martino! Ma aggiunge: 'Presto ci rilasceremo' - Gossip.it | News sul Gossip e VIP","og_description":"Belen non si sottrae alle domande degli hater a Le Iene. Con molta ironia finalmente annuncia di essere tornata per la seconda volta con Stefano De","og_url":"https:\/\/www.gossip.it\/news\/belen-annuncia-essere-tornata-stefano-de-martino\/","og_site_name":"Gossip.it | News sul Gossip e VIP","article_publisher":"https:\/\/www.facebook.com\/GossipIT","article_published_time":"2022-04-06T22:00:00+00:00","og_image":[{"url":"https:\/\/files.gossip.it\/immagini_news\/2022\/04\/1649320790_belen_stefano_1.jpg"}],"author":"Annamaria Capozzi","twitter_card":"summary_large_image","twitter_image":"https:\/\/files.gossip.it\/immagini_news\/2022\/04\/1649320790_belen_stefano_1.jpg","twitter_creator":"@gossinews_it","twitter_site":"@gossinews_it","twitter_misc":{"Scritto da":"Annamaria Capozzi","Tempo di lettura stimato":"2 minuti"},"schema":{"@context":"https:\/\/schema.org","@graph":[{"@type":"Article","@id":"https:\/\/www.gossip.it\/news\/belen-annuncia-essere-tornata-stefano-de-martino\/#article","isPartOf":{"@id":"https:\/\/www.gossip.it\/news\/belen-annuncia-essere-tornata-stefano-de-martino\/"},"author":{"name":"Annamaria Capozzi","@id":"https:\/\/www.gossip.it\/#\/schema\/person\/4f99be5acc78d3f1b07a146d4fe8256b"},"headline":"Belen finalmente annuncia di essere tornata con Stefano De Martino! Ma aggiunge: 'Presto ci rilasceremo'","datePublished":"2022-04-06T22:00:00+00:00","dateModified":"2022-04-06T22:00:00+00:00","mainEntityOfPage":{"@id":"https:\/\/www.gossip.it\/news\/belen-annuncia-essere-tornata-stefano-de-martino\/"},"wordCount":343,"publisher":{"@id":"https:\/\/www.gossip.it\/#organization"},"image":{"@id":"https:\/\/www.gossip.it\/news\/belen-annuncia-essere-tornata-stefano-de-martino\/#primaryimage"},"thumbnailUrl":"https:\/\/files.gossip.it\/immagini_news\/2022\/04\/1649320790_belen_stefano_1.jpg","keywords":["annuncia","belen","conduttore","dichiarazioni","essere tornata","italia 1","le iene","ritorno di fiamma","showgirl","tv"],"articleSection":["News"],"inLanguage":"it-IT"},{"@type":"WebPage","@id":"https:\/\/www.gossip.it\/news\/belen-annuncia-essere-tornata-stefano-de-martino\/","url":"https:\/\/www.gossip.it\/news\/belen-annuncia-essere-tornata-stefano-de-martino\/","name":"Belen finalmente annuncia di essere tornata con Stefano De Martino! Ma aggiunge: 'Presto ci rilasceremo' - Gossip.it | News sul Gossip e VIP","isPartOf":{"@id":"https:\/\/www.gossip.it\/#website"},"primaryImageOfPage":{"@id":"https:\/\/www.gossip.it\/news\/belen-annuncia-essere-tornata-stefano-de-martino\/#primaryimage"},"image":{"@id":"https:\/\/www.gossip.it\/news\/belen-annuncia-essere-tornata-stefano-de-martino\/#primaryimage"},"thumbnailUrl":"https:\/\/files.gossip.it\/immagini_news\/2022\/04\/1649320790_belen_stefano_1.jpg","datePublished":"2022-04-06T22:00:00+00:00","dateModified":"2022-04-06T22:00:00+00:00","description":"Belen non si sottrae alle domande degli hater a Le Iene. Con molta ironia finalmente annuncia di essere tornata per la seconda volta con Stefano De","breadcrumb":{"@id":"https:\/\/www.gossip.it\/news\/belen-annuncia-essere-tornata-stefano-de-martino\/#breadcrumb"},"inLanguage":"it-IT","potentialAction":[{"@type":"ReadAction","target":["https:\/\/www.gossip.it\/news\/belen-annuncia-essere-tornata-stefano-de-martino\/"]}]},{"@type":"ImageObject","inLanguage":"it-IT","@id":"https:\/\/www.gossip.it\/news\/belen-annuncia-essere-tornata-stefano-de-martino\/#primaryimage","url":"https:\/\/files.gossip.it\/immagini_news\/2022\/04\/1649320790_belen_stefano_1.jpg","contentUrl":"https:\/\/files.gossip.it\/immagini_news\/2022\/04\/1649320790_belen_stefano_1.jpg"},{"@type":"BreadcrumbList","@id":"https:\/\/www.gossip.it\/news\/belen-annuncia-essere-tornata-stefano-de-martino\/#breadcrumb","itemListElement":[{"@type":"ListItem","position":1,"name":"Home","item":"https:\/\/www.gossip.it\/"},{"@type":"ListItem","position":2,"name":"Belen finalmente annuncia di essere tornata con Stefano De Martino! Ma aggiunge: 'Presto ci rilasceremo'"}]},{"@type":"WebSite","@id":"https:\/\/www.gossip.it\/#website","url":"https:\/\/www.gossip.it\/","name":"Gossip and VIP News","description":"Quotidiano di cronaca rosa, costume e societ\u00e0","publisher":{"@id":"https:\/\/www.gossip.it\/#organization"},"alternateName":"Gossip and VIP News","potentialAction":[{"@type":"SearchAction","target":{"@type":"EntryPoint","urlTemplate":"https:\/\/www.gossip.it\/?s={search_term_string}"},"query-input":{"@type":"PropertyValueSpecification","valueRequired":true,"valueName":"search_term_string"}}],"inLanguage":"it-IT"},{"@type":"Organization","@id":"https:\/\/www.gossip.it\/#organization","name":"Gossip and VIP News","alternateName":"Gossip News","url":"https:\/\/www.gossip.it\/","logo":{"@type":"ImageObject","inLanguage":"it-IT","@id":"https:\/\/www.gossip.it\/#\/schema\/logo\/image\/","url":"https:\/\/www.gossip.it\/wp-content\/uploads\/2022\/04\/cropped-corna-alta-tiny.png","contentUrl":"https:\/\/www.gossip.it\/wp-content\/uploads\/2022\/04\/cropped-corna-alta-tiny.png","width":512,"height":512,"caption":"Gossip and VIP News"},"image":{"@id":"https:\/\/www.gossip.it\/#\/schema\/logo\/image\/"},"sameAs":["https:\/\/www.facebook.com\/GossipIT","https:\/\/x.com\/gossinews_it","https:\/\/instagram.com\/gossip_it"]},{"@type":"Person","@id":"https:\/\/www.gossip.it\/#\/schema\/person\/4f99be5acc78d3f1b07a146d4fe8256b","name":"Annamaria Capozzi","image":{"@type":"ImageObject","inLanguage":"it-IT","@id":"https:\/\/www.gossip.it\/#\/schema\/person\/image\/","url":"https:\/\/secure.gravatar.com\/avatar\/a8f8ec0362739e51683bf764949dfb9f8d2539eecc144f2dd938d6381b053468?s=96&d=mm&r=g","contentUrl":"https:\/\/secure.gravatar.com\/avatar\/a8f8ec0362739e51683bf764949dfb9f8d2539eecc144f2dd938d6381b053468?s=96&d=mm&r=g","caption":"Annamaria Capozzi"}}]}},"amp_enabled":true,"_links":{"self":[{"href":"https:\/\/www.gossip.it\/api\/wp\/v2\/posts\/127824","targetHints":{"allow":["GET"]}}],"collection":[{"href":"https:\/\/www.gossip.it\/api\/wp\/v2\/posts"}],"about":[{"href":"https:\/\/www.gossip.it\/api\/wp\/v2\/types\/post"}],"author":[{"embeddable":true,"href":"https:\/\/www.gossip.it\/api\/wp\/v2\/users\/4"}],"replies":[{"embeddable":true,"href":"https:\/\/www.gossip.it\/api\/wp\/v2\/comments?post=127824"}],"version-history":[{"count":0,"href":"https:\/\/www.gossip.it\/api\/wp\/v2\/posts\/127824\/revisions"}],"wp:featuredmedia":[{"embeddable":true,"href":"https:\/\/www.gossip.it\/api\/wp\/v2\/media\/128174"}],"wp:attachment":[{"href":"https:\/\/www.gossip.it\/api\/wp\/v2\/media?parent=127824"}],"wp:term":[{"taxonomy":"category","embeddable":true,"href":"https:\/\/www.gossip.it\/api\/wp\/v2\/categories?post=127824"},{"taxonomy":"post_tag","embeddable":true,"href":"https:\/\/www.gossip.it\/api\/wp\/v2\/tags?post=127824"},{"taxonomy":"vip","embeddable":true,"href":"https:\/\/www.gossip.it\/api\/wp\/v2\/vip?post=127824"}],"curies":[{"name":"wp","href":"https:\/\/api.w.org\/{rel}","templated":true}]}}