{"id":128485,"date":"2022-05-16T00:00:00","date_gmt":"2022-05-15T22:00:00","guid":{"rendered":"https:\/\/www.gossip.it\/senza-categoria\/giorgia-palmas-filippo-magnini-matrimonio-lago-di-como\/"},"modified":"2022-05-16T00:00:00","modified_gmt":"2022-05-15T22:00:00","slug":"giorgia-palmas-filippo-magnini-matrimonio-lago-di-como","status":"publish","type":"post","link":"https:\/\/www.gossip.it\/news\/giorgia-palmas-filippo-magnini-matrimonio-lago-di-como\/","title":{"rendered":"Giorgia Palmas e Filippo Magnini, tutte le foto e i dettagli del matrimonio sul Lago di Como"},"content":{"rendered":"<p><a href=\"\/vip\/giorgia-palmas\/\">Giorgia Palmas<\/a> e <a href=\"\/vip\/filippo-magnini\/\">Filippo Magnini<\/a> sono euforici. Sui loro profili social pubblicano altre foto del loro <strong>matrimonio<\/strong> sul <strong>Lago di Como<\/strong>, quello celebrato sabato 14 maggio con rito religioso. L\u2019unione civile in Comune a Milano c\u2019era stata un anno fa, il 12 maggio 2021. I due confidano i dettagli dei fiori d\u2019arancio, dal secondo abito indossato dalla sposa alle bomboniere. Poi si dedicano dolcissime parole d\u2019amore.<\/p>\n<figure class=\"caption\"><img decoding=\"async\" alt=\"Giorgia Palmas e Filippo Magnini, tutte le foto e i dettagli del matrimonio sul Lago di Como\" width=\"640\" height=\"843\" src=\"https:\/\/files.gossip.it\/immagini_news\/2022\/05\/1652694841_palmas_magnini_1.jpg\" \/><figcaption>Giorgia Palmas e Filippo Magnini, tutte le foto e i dettagli del matrimonio sul Lago di Como<\/figcaption><\/figure>\n<p>Sono state nozze da mille e una nozze, celebrate in una location da sogno, la meravigliosa Villa Bonomi. Giorgia descrive il giorno appena vissuto come una <em>\u201cfavola\u201d.<\/em> L\u2019evento ha accolto i tantissimi ospiti, parenti e amici, prima in una suggestiva zona aperitivo e poi in una emozionante zona cena, sotto un gazebo enorme dove campeggiava una tavolata infinita a forma di U apparecchiata splendidamente e arricchita da un trionfo di rose rosa e bianche. E\u2019 stato tutto perfetto.\u00a0<\/p>\n<div class=\"video_integrato\" data-videoid=\"8513\" data-autostart=\"true\">\u00a0<\/div>\n<p>L\u2019ex velina 40enne, dopo aver indossato un favoloso abito da sposa con tanto di velo, ha scelto un altro abito per scatenarsi nelle danze, sempre di Atelier Em\u00e8 e bianco, stavolta per\u00f2 niente pizzo: corpetto stretto, spalle scoperte e gonna pi\u00f9 aderente sotto. I due hanno scelto le fedi Damiani per il giorno del loro matrimonio. La mora ha indossato\u00a0gioielli Damiani anche per la festa. A notte fonda fuichi d\u2019artificio hanno illuminato il cielo: la sorpresa di Giorgia e Magnini<\/p>\n<figure class=\"caption\"><img decoding=\"async\" alt=\"\" width=\"640\" height=\"955\" src=\"https:\/\/files.gossip.it\/immagini_news\/2022\/05\/1652694866_palmas_magnini_2.jpg\" \/><figcaption>I due al momento del s\u00ec in chiesa, sabato 14 maggio<\/figcaption><\/figure>\n<p>La Palmas svela anche le bomboniere, in cristallo Swarovki, un ciondolo a forma di stella. <em>\u201cVolevano essere un ricordo della sera in cui \u00e8 iniziato questo viaggio, quella di Natale in cui Filippo mi ha fatto la proposta di <strong>matrimonio<\/strong>\u201d,<\/em> racconta la sarda.<\/p>\n<figure class=\"caption\"><img decoding=\"async\" alt=\"\" width=\"640\" height=\"698\" src=\"https:\/\/files.gossip.it\/immagini_news\/2022\/05\/1652694895_palmas_magnini_3.jpg\" \/><figcaption>L'ex velina 40enne con gli amici pi\u00f9 stretti sorride nel giardino di Villa Bonomi<\/figcaption><\/figure>\n<p>Gli invitati hanno raccolto i loro pensieri in un libro che gli sposi conserveranno gelosamente. Il giorno dopo le nozze nella villa tutti hanno pranzato all\u2019aperto in un\u2019altra tavolata in giardino: il tempo ha permesso loro di vivere momenti spensierati e unici.<\/p>\n<figure class=\"caption\"><img decoding=\"async\" alt=\"\" width=\"640\" height=\"822\" src=\"https:\/\/files.gossip.it\/immagini_news\/2022\/05\/1652694944_palmas_magnini_4.jpg\" \/><figcaption>Gli sposi osservano lo spettacolare parorama<\/figcaption><\/figure>\n<p><em>\u201cCredo di poter davvero dire di aver vissuto un sogno, in cui tutto era perfetto e ha superato di gran lunga i sogni e le speranze. E\u2019 stata un\u2019emozione unica, un viaggio indimenticabile, dalla preparazione all\u2019attesa, al vivere poi davvero quel giorno pervasi dallo stupore e dall\u2019affetto che ci ha circondato<\/em> - scrive <strong>Giorgia Palmas<\/strong> - <em>Eh s\u00ec, perch\u00e9 tutte le persone che hanno partecipato erano l\u00ec davvero col cuore e mi sento di dire che anche tutte le persone che hanno lavorato alla realizzazione di questo sogno ci hanno messo l\u2019anima. Grazie di cuore a tutti e grazie alla Vita che mi ha regalato l\u2019uomo con cui voglio invecchiare mano nella mano, <strong>Filippo Magnini <\/strong>\u2026Nella gioia e nel dolore, nella salute e nella malattia, e di amarti e onorarti tutti i giorni della mia vita. S\u00ec\u00a014-05-2022\u201d.<\/em><\/p>\n<figure class=\"caption\"><img decoding=\"async\" alt=\"\" width=\"640\" height=\"1019\" src=\"https:\/\/files.gossip.it\/immagini_news\/2022\/05\/1652694972_palmas_magnini_5.jpg\" \/><figcaption>La Palmas con indosso il secondo abito scelto per i fiori d'arancio<\/figcaption><\/figure>\n<p><em>\u201cPer tutta la vita\u2026 S\u00ec . Sono ancora frastornato<\/em> - le fa eco Magnini -\u00a0Q<em>uesta mattina avevo il cuore che batteva a mille. Non vedevo l\u2019ora di vederti entrare da quel portone della Chiesa e prenderti per mano per sempre. Sono stati due giorni talmente belli e talmente perfetti che rifarei subito tutto quanto, va beh, a parte la serata disco, per rifare quella aspetterei qualche settimana. Ti Amo, amo le nostre ragazze, amo la nostra vita\u201d.<\/em><\/p>\n<p>\u00a0<\/p>\n","protected":false},"excerpt":{"rendered":"<p>Giorgia Palmas e Filippo Magnini sono euforici. Sui loro profili social pubblicano altre foto del loro matrimonio sul Lago di Como, quello celebrato sabato 14 maggio con rito religioso. L\u2019unione civile in Comune a Milano c\u2019era stata un anno fa, il 12 maggio 2021. I due confidano i dettagli dei fiori d\u2019arancio, dal secondo abito [&hellip;]<\/p>\n","protected":false},"author":4,"featured_media":128748,"comment_status":"closed","ping_status":"closed","sticky":false,"template":"","format":"standard","meta":{"footnotes":""},"categories":[54],"tags":[63240,3606,7041,3011,2220,2118,2121,1995,1950,2216,1883,2122,1967,1923,2142,6561,63280],"vip":[751,866],"class_list":["post-128485","post","type-post","status-publish","format-standard","has-post-thumbnail","hentry","category-news","tag-14-maggio","tag-bis","tag-chiesa","tag-dettagli","tag-fiori-darancio","tag-foto","tag-instagram","tag-lago-di-como","tag-matrimonio","tag-nozze","tag-nuotatore","tag-post","tag-showgirl","tag-social","tag-stories","tag-velina","tag-villa-bonomi","vip-filippo_magnini","vip-giorgia_palmas"],"yoast_head":"<title>Giorgia Palmas e Filippo Magnini, tutte le foto e i dettagli del matrimonio sul Lago di Como - Gossip.it | News sul Gossip e VIP<\/title>\n<meta name=\"description\" content=\"Giorgia Palmas e Filippo Magnini sono euforici. Sui loro profili social pubblicano altre foto del loro matrimonio sul Lago di Como, quello celebrato\" \/>\n<meta name=\"robots\" content=\"index, follow, max-snippet:-1, max-image-preview:large, max-video-preview:-1\" \/>\n<link rel=\"canonical\" href=\"https:\/\/www.gossip.it\/news\/giorgia-palmas-filippo-magnini-matrimonio-lago-di-como\/\" \/>\n<meta property=\"og:locale\" content=\"it_IT\" \/>\n<meta property=\"og:type\" content=\"article\" \/>\n<meta property=\"og:title\" content=\"Giorgia Palmas e Filippo Magnini, tutte le foto e i dettagli del matrimonio sul Lago di Como - Gossip.it | News sul Gossip e VIP\" \/>\n<meta property=\"og:description\" content=\"Giorgia Palmas e Filippo Magnini sono euforici. Sui loro profili social pubblicano altre foto del loro matrimonio sul Lago di Como, quello celebrato\" \/>\n<meta property=\"og:url\" content=\"https:\/\/www.gossip.it\/news\/giorgia-palmas-filippo-magnini-matrimonio-lago-di-como\/\" \/>\n<meta property=\"og:site_name\" content=\"Gossip.it | News sul Gossip e VIP\" \/>\n<meta property=\"article:publisher\" content=\"https:\/\/www.facebook.com\/GossipIT\" \/>\n<meta property=\"article:published_time\" content=\"2022-05-15T22:00:00+00:00\" \/>\n<meta property=\"og:image\" content=\"https:\/\/files.gossip.it\/immagini_news\/2022\/05\/1652694841_palmas_magnini_1.jpg\" \/>\n<meta name=\"author\" content=\"Annamaria Capozzi\" \/>\n<meta name=\"twitter:card\" content=\"summary_large_image\" \/>\n<meta name=\"twitter:image\" content=\"https:\/\/files.gossip.it\/immagini_news\/2022\/05\/1652694841_palmas_magnini_1.jpg\" \/>\n<meta name=\"twitter:creator\" content=\"@gossinews_it\" \/>\n<meta name=\"twitter:site\" content=\"@gossinews_it\" \/>\n<meta name=\"twitter:label1\" content=\"Scritto da\" \/>\n\t<meta name=\"twitter:data1\" content=\"Annamaria Capozzi\" \/>\n\t<meta name=\"twitter:label2\" content=\"Tempo di lettura stimato\" \/>\n\t<meta name=\"twitter:data2\" content=\"3 minuti\" \/>","yoast_head_json":{"title":"Giorgia Palmas e Filippo Magnini, tutte le foto e i dettagli del matrimonio sul Lago di Como - Gossip.it | News sul Gossip e VIP","description":"Giorgia Palmas e Filippo Magnini sono euforici. Sui loro profili social pubblicano altre foto del loro matrimonio sul Lago di Como, quello celebrato","robots":{"index":"index","follow":"follow","max-snippet":"max-snippet:-1","max-image-preview":"max-image-preview:large","max-video-preview":"max-video-preview:-1"},"canonical":"https:\/\/www.gossip.it\/news\/giorgia-palmas-filippo-magnini-matrimonio-lago-di-como\/","og_locale":"it_IT","og_type":"article","og_title":"Giorgia Palmas e Filippo Magnini, tutte le foto e i dettagli del matrimonio sul Lago di Como - Gossip.it | News sul Gossip e VIP","og_description":"Giorgia Palmas e Filippo Magnini sono euforici. Sui loro profili social pubblicano altre foto del loro matrimonio sul Lago di Como, quello celebrato","og_url":"https:\/\/www.gossip.it\/news\/giorgia-palmas-filippo-magnini-matrimonio-lago-di-como\/","og_site_name":"Gossip.it | News sul Gossip e VIP","article_publisher":"https:\/\/www.facebook.com\/GossipIT","article_published_time":"2022-05-15T22:00:00+00:00","og_image":[{"url":"https:\/\/files.gossip.it\/immagini_news\/2022\/05\/1652694841_palmas_magnini_1.jpg"}],"author":"Annamaria Capozzi","twitter_card":"summary_large_image","twitter_image":"https:\/\/files.gossip.it\/immagini_news\/2022\/05\/1652694841_palmas_magnini_1.jpg","twitter_creator":"@gossinews_it","twitter_site":"@gossinews_it","twitter_misc":{"Scritto da":"Annamaria Capozzi","Tempo di lettura stimato":"3 minuti"},"schema":{"@context":"https:\/\/schema.org","@graph":[{"@type":"Article","@id":"https:\/\/www.gossip.it\/news\/giorgia-palmas-filippo-magnini-matrimonio-lago-di-como\/#article","isPartOf":{"@id":"https:\/\/www.gossip.it\/news\/giorgia-palmas-filippo-magnini-matrimonio-lago-di-como\/"},"author":{"name":"Annamaria Capozzi","@id":"https:\/\/www.gossip.it\/#\/schema\/person\/4f99be5acc78d3f1b07a146d4fe8256b"},"headline":"Giorgia Palmas e Filippo Magnini, tutte le foto e i dettagli del matrimonio sul Lago di Como","datePublished":"2022-05-15T22:00:00+00:00","dateModified":"2022-05-15T22:00:00+00:00","mainEntityOfPage":{"@id":"https:\/\/www.gossip.it\/news\/giorgia-palmas-filippo-magnini-matrimonio-lago-di-como\/"},"wordCount":615,"publisher":{"@id":"https:\/\/www.gossip.it\/#organization"},"image":{"@id":"https:\/\/www.gossip.it\/news\/giorgia-palmas-filippo-magnini-matrimonio-lago-di-como\/#primaryimage"},"thumbnailUrl":"https:\/\/files.gossip.it\/immagini_news\/2022\/05\/1652694841_palmas_magnini_1.jpg","keywords":["14 maggio","bis","chiesa","dettagli","fiori d&#039;arancio","foto","instagram","lago di como","matrimonio","nozze","nuotatore","post","showgirl","social","stories","velina","villa bonomi"],"articleSection":["News"],"inLanguage":"it-IT"},{"@type":"WebPage","@id":"https:\/\/www.gossip.it\/news\/giorgia-palmas-filippo-magnini-matrimonio-lago-di-como\/","url":"https:\/\/www.gossip.it\/news\/giorgia-palmas-filippo-magnini-matrimonio-lago-di-como\/","name":"Giorgia Palmas e Filippo Magnini, tutte le foto e i dettagli del matrimonio sul Lago di Como - Gossip.it | News sul Gossip e VIP","isPartOf":{"@id":"https:\/\/www.gossip.it\/#website"},"primaryImageOfPage":{"@id":"https:\/\/www.gossip.it\/news\/giorgia-palmas-filippo-magnini-matrimonio-lago-di-como\/#primaryimage"},"image":{"@id":"https:\/\/www.gossip.it\/news\/giorgia-palmas-filippo-magnini-matrimonio-lago-di-como\/#primaryimage"},"thumbnailUrl":"https:\/\/files.gossip.it\/immagini_news\/2022\/05\/1652694841_palmas_magnini_1.jpg","datePublished":"2022-05-15T22:00:00+00:00","dateModified":"2022-05-15T22:00:00+00:00","description":"Giorgia Palmas e Filippo Magnini sono euforici. Sui loro profili social pubblicano altre foto del loro matrimonio sul Lago di Como, quello celebrato","breadcrumb":{"@id":"https:\/\/www.gossip.it\/news\/giorgia-palmas-filippo-magnini-matrimonio-lago-di-como\/#breadcrumb"},"inLanguage":"it-IT","potentialAction":[{"@type":"ReadAction","target":["https:\/\/www.gossip.it\/news\/giorgia-palmas-filippo-magnini-matrimonio-lago-di-como\/"]}]},{"@type":"ImageObject","inLanguage":"it-IT","@id":"https:\/\/www.gossip.it\/news\/giorgia-palmas-filippo-magnini-matrimonio-lago-di-como\/#primaryimage","url":"https:\/\/files.gossip.it\/immagini_news\/2022\/05\/1652694841_palmas_magnini_1.jpg","contentUrl":"https:\/\/files.gossip.it\/immagini_news\/2022\/05\/1652694841_palmas_magnini_1.jpg"},{"@type":"BreadcrumbList","@id":"https:\/\/www.gossip.it\/news\/giorgia-palmas-filippo-magnini-matrimonio-lago-di-como\/#breadcrumb","itemListElement":[{"@type":"ListItem","position":1,"name":"Home","item":"https:\/\/www.gossip.it\/"},{"@type":"ListItem","position":2,"name":"Giorgia Palmas e Filippo Magnini, tutte le foto e i dettagli del matrimonio sul Lago di Como"}]},{"@type":"WebSite","@id":"https:\/\/www.gossip.it\/#website","url":"https:\/\/www.gossip.it\/","name":"Gossip and VIP News","description":"Quotidiano di cronaca rosa, costume e societ\u00e0","publisher":{"@id":"https:\/\/www.gossip.it\/#organization"},"alternateName":"Gossip and VIP News","potentialAction":[{"@type":"SearchAction","target":{"@type":"EntryPoint","urlTemplate":"https:\/\/www.gossip.it\/?s={search_term_string}"},"query-input":{"@type":"PropertyValueSpecification","valueRequired":true,"valueName":"search_term_string"}}],"inLanguage":"it-IT"},{"@type":"Organization","@id":"https:\/\/www.gossip.it\/#organization","name":"Gossip and VIP News","alternateName":"Gossip News","url":"https:\/\/www.gossip.it\/","logo":{"@type":"ImageObject","inLanguage":"it-IT","@id":"https:\/\/www.gossip.it\/#\/schema\/logo\/image\/","url":"https:\/\/www.gossip.it\/wp-content\/uploads\/2022\/04\/cropped-corna-alta-tiny.png","contentUrl":"https:\/\/www.gossip.it\/wp-content\/uploads\/2022\/04\/cropped-corna-alta-tiny.png","width":512,"height":512,"caption":"Gossip and VIP News"},"image":{"@id":"https:\/\/www.gossip.it\/#\/schema\/logo\/image\/"},"sameAs":["https:\/\/www.facebook.com\/GossipIT","https:\/\/x.com\/gossinews_it","https:\/\/instagram.com\/gossip_it"]},{"@type":"Person","@id":"https:\/\/www.gossip.it\/#\/schema\/person\/4f99be5acc78d3f1b07a146d4fe8256b","name":"Annamaria Capozzi","image":{"@type":"ImageObject","inLanguage":"it-IT","@id":"https:\/\/www.gossip.it\/#\/schema\/person\/image\/","url":"https:\/\/secure.gravatar.com\/avatar\/a8f8ec0362739e51683bf764949dfb9f8d2539eecc144f2dd938d6381b053468?s=96&d=mm&r=g","contentUrl":"https:\/\/secure.gravatar.com\/avatar\/a8f8ec0362739e51683bf764949dfb9f8d2539eecc144f2dd938d6381b053468?s=96&d=mm&r=g","caption":"Annamaria Capozzi"}}]}},"amp_enabled":true,"_links":{"self":[{"href":"https:\/\/www.gossip.it\/api\/wp\/v2\/posts\/128485","targetHints":{"allow":["GET"]}}],"collection":[{"href":"https:\/\/www.gossip.it\/api\/wp\/v2\/posts"}],"about":[{"href":"https:\/\/www.gossip.it\/api\/wp\/v2\/types\/post"}],"author":[{"embeddable":true,"href":"https:\/\/www.gossip.it\/api\/wp\/v2\/users\/4"}],"replies":[{"embeddable":true,"href":"https:\/\/www.gossip.it\/api\/wp\/v2\/comments?post=128485"}],"version-history":[{"count":0,"href":"https:\/\/www.gossip.it\/api\/wp\/v2\/posts\/128485\/revisions"}],"wp:featuredmedia":[{"embeddable":true,"href":"https:\/\/www.gossip.it\/api\/wp\/v2\/media\/128748"}],"wp:attachment":[{"href":"https:\/\/www.gossip.it\/api\/wp\/v2\/media?parent=128485"}],"wp:term":[{"taxonomy":"category","embeddable":true,"href":"https:\/\/www.gossip.it\/api\/wp\/v2\/categories?post=128485"},{"taxonomy":"post_tag","embeddable":true,"href":"https:\/\/www.gossip.it\/api\/wp\/v2\/tags?post=128485"},{"taxonomy":"vip","embeddable":true,"href":"https:\/\/www.gossip.it\/api\/wp\/v2\/vip?post=128485"}],"curies":[{"name":"wp","href":"https:\/\/api.w.org\/{rel}","templated":true}]}}