{"id":128534,"date":"2022-05-23T00:00:00","date_gmt":"2022-05-22T22:00:00","guid":{"rendered":"https:\/\/www.gossip.it\/senza-categoria\/caterina-balivo-torna-condurre-programma-tv-annuncio\/"},"modified":"2022-05-23T00:00:00","modified_gmt":"2022-05-22T22:00:00","slug":"caterina-balivo-torna-condurre-programma-tv-annuncio","status":"publish","type":"post","link":"https:\/\/www.gossip.it\/news\/caterina-balivo-torna-condurre-programma-tv-annuncio\/","title":{"rendered":"Caterina Balivo torna a condurre un programma tv in prima serata: l'annuncio"},"content":{"rendered":"<p><a href=\"\/vip\/caterina-balivo\/\">Caterina Balivo<\/a> si riprende il posto da presentatrice in <strong>tv<\/strong>, <strong>torna<\/strong> a <strong>condurre<\/strong> un <strong>programma<\/strong> in prima serata: l\u2019<strong>annuncio<\/strong> arriva sul social, la 42enne sar\u00e0 al timone di un format tutto nuovo.<\/p>\n<figure class=\"caption\"><img decoding=\"async\" alt=\"Caterina Balivo torna a condurre un programma tv in prima serata: l'annuncio\" width=\"640\" height=\"738\" src=\"https:\/\/files.gossip.it\/immagini_news\/2022\/05\/1653303424_balivo_1.jpg\" \/><figcaption>Caterina Balivo torna a condurre un programma tv in prima serata: l'annuncio<\/figcaption><\/figure>\n<p><em>\u201cDa sempre mi chiedete: \u2018Quando torni in <strong>tv<\/strong>?\u2019. E io vi dicevo: \u2018Quando ci sar\u00e0 un progetto che mi piace\u2019. E allora...prossimamente ci vedremo in prima serata con \u2018Chi vuole sposare mia mamma?\u2019 su Tv8. Non ci sono matrimoni, eh\u2026 Ma figlie e figli che vogliono vedere felici le loro mamme. E\u2019 un \u2018dating\u2019 inedito, proprio per il confronto tra loro. La mamma non dovr\u00e0 sposare nessuno\u2026 ma se anche solo grazie a questo programma inizia una nuova storia d\u2019amore, tutti noi ne saremo contenti, in primis il figlio che l\u2019accompagna! Quando\u00a0Antonella d\u2019Errico mi ha raccontato questo format by Blu Yazmine ho subito capito che mi sarei divertita tantissimo e ora spero che lo facciate anche voi\u201d<\/em>, svela Caterina.<\/p>\n<p>Il popolare volto televisivo il 29 maggio 2020 aveva dato l\u2019addio al<em> \u2018suo\u2019 Vieni da me<\/em>. <em>\u201cQuesta per me \u00e8 l\u2019ultima puntata <\/em>- aveva esordito la mora in apertura dell\u2019appuntamento conclusivo della stagione - <em>Sono trascorsi 15 anni da quando vi dico \u2018buon pomeriggio\u2019 e ogni volta sono riuscita con meravigliosi compagni di viaggio a portare la nave in porto anche se abbiamo attraversato mari difficili, molto difficili\u201d.<\/em><\/p>\n<figure class=\"caption\"><img decoding=\"async\" alt=\"\" width=\"640\" height=\"445\" src=\"https:\/\/files.gossip.it\/immagini_news\/2022\/05\/1653303445_balivo_2.jpg\" \/><figcaption>La presentatrice 42enne sar\u00e0 al timone di un format tutto nuovo<\/figcaption><\/figure>\n<p><em>\u201cE\u2019 arrivato il tempo di fare\u00a0nuove esperienze\u00a0per entrare sempre di pi\u00f9 e meglio nelle vostre case<\/em>\u00a0- aveva aggiunto col sorriso la Balivo -\u00a0<em>Mi mancherete tantissimo e vi ringrazio perch\u00e9 ogni volta ci avete dato la spinta per raggiungere quel porto che sognavamo come meta finale. Io, per\u00f2, sono sicura di una cosa: che noi non ci perderemo di vista\u201d.<\/em><\/p>\n<p><strong>Caterina Balivo<\/strong>\u00a0ha poi accettato di fare il giudice de <em>Il Cantante Mascherato<\/em> e tornare cos\u00ec su Rai Uno. Si \u00e8 pure concessa un format sul web, ma finora era rimasta lontana dalla conduzione in solitaria: ora \u00e8 arrivato il tempo di riabbracciare il suo pubblico.<\/p>\n<p>\u00a0<\/p>\n<p>\u00a0<\/p>\n<p>\u00a0<\/p>\n<p>\u00a0<\/p>\n","protected":false},"excerpt":{"rendered":"<p>Caterina Balivo si riprende il posto da presentatrice in tv, torna a condurre un programma in prima serata: l\u2019annuncio arriva sul social, la 42enne sar\u00e0 al timone di un format tutto nuovo. Caterina Balivo torna a condurre un programma tv in prima serata: l'annuncio \u201cDa sempre mi chiedete: \u2018Quando torni in tv?\u2019. E io vi [&hellip;]<\/p>\n","protected":false},"author":4,"featured_media":128797,"comment_status":"closed","ping_status":"closed","sticky":false,"template":"","format":"standard","meta":{"footnotes":""},"categories":[54],"tags":[62018,1992,2102,2145,2146,2293,2279,2097,60919],"vip":[466],"class_list":["post-128534","post","type-post","status-publish","format-standard","has-post-thumbnail","hentry","category-news","tag-condurre","tag-conduttrice","tag-dichiarazioni","tag-presentatrice","tag-prima-serata","tag-programma","tag-torna","tag-tv","tag-tv-8","vip-caterina_balivo"],"yoast_head":"<title>Caterina Balivo torna a condurre un programma tv in prima serata: l&#039;annuncio - Gossip.it | News sul Gossip e VIP<\/title>\n<meta name=\"description\" content=\"Caterina Balivo si riprende il posto da presentatrice in tv, torna a condurre un programma in prima serata: l\u2019annuncio arriva sul social, la 42enne sar\u00e0\" \/>\n<meta name=\"robots\" content=\"index, follow, max-snippet:-1, max-image-preview:large, max-video-preview:-1\" \/>\n<link rel=\"canonical\" href=\"https:\/\/www.gossip.it\/news\/caterina-balivo-torna-condurre-programma-tv-annuncio\/\" \/>\n<meta property=\"og:locale\" content=\"it_IT\" \/>\n<meta property=\"og:type\" content=\"article\" \/>\n<meta property=\"og:title\" content=\"Caterina Balivo torna a condurre un programma tv in prima serata: l&#039;annuncio - Gossip.it | News sul Gossip e VIP\" \/>\n<meta property=\"og:description\" content=\"Caterina Balivo si riprende il posto da presentatrice in tv, torna a condurre un programma in prima serata: l\u2019annuncio arriva sul social, la 42enne sar\u00e0\" \/>\n<meta property=\"og:url\" content=\"https:\/\/www.gossip.it\/news\/caterina-balivo-torna-condurre-programma-tv-annuncio\/\" \/>\n<meta property=\"og:site_name\" content=\"Gossip.it | News sul Gossip e VIP\" \/>\n<meta property=\"article:publisher\" content=\"https:\/\/www.facebook.com\/GossipIT\" \/>\n<meta property=\"article:published_time\" content=\"2022-05-22T22:00:00+00:00\" \/>\n<meta property=\"og:image\" content=\"https:\/\/files.gossip.it\/immagini_news\/2022\/05\/1653303424_balivo_1.jpg\" \/>\n<meta name=\"author\" content=\"Annamaria Capozzi\" \/>\n<meta name=\"twitter:card\" content=\"summary_large_image\" \/>\n<meta name=\"twitter:image\" content=\"https:\/\/files.gossip.it\/immagini_news\/2022\/05\/1653303424_balivo_1.jpg\" \/>\n<meta name=\"twitter:creator\" content=\"@gossinews_it\" \/>\n<meta name=\"twitter:site\" content=\"@gossinews_it\" \/>\n<meta name=\"twitter:label1\" content=\"Scritto da\" \/>\n\t<meta name=\"twitter:data1\" content=\"Annamaria Capozzi\" \/>\n\t<meta name=\"twitter:label2\" content=\"Tempo di lettura stimato\" \/>\n\t<meta name=\"twitter:data2\" content=\"2 minuti\" \/>","yoast_head_json":{"title":"Caterina Balivo torna a condurre un programma tv in prima serata: l'annuncio - Gossip.it | News sul Gossip e VIP","description":"Caterina Balivo si riprende il posto da presentatrice in tv, torna a condurre un programma in prima serata: l\u2019annuncio arriva sul social, la 42enne sar\u00e0","robots":{"index":"index","follow":"follow","max-snippet":"max-snippet:-1","max-image-preview":"max-image-preview:large","max-video-preview":"max-video-preview:-1"},"canonical":"https:\/\/www.gossip.it\/news\/caterina-balivo-torna-condurre-programma-tv-annuncio\/","og_locale":"it_IT","og_type":"article","og_title":"Caterina Balivo torna a condurre un programma tv in prima serata: l'annuncio - Gossip.it | News sul Gossip e VIP","og_description":"Caterina Balivo si riprende il posto da presentatrice in tv, torna a condurre un programma in prima serata: l\u2019annuncio arriva sul social, la 42enne sar\u00e0","og_url":"https:\/\/www.gossip.it\/news\/caterina-balivo-torna-condurre-programma-tv-annuncio\/","og_site_name":"Gossip.it | News sul Gossip e VIP","article_publisher":"https:\/\/www.facebook.com\/GossipIT","article_published_time":"2022-05-22T22:00:00+00:00","og_image":[{"url":"https:\/\/files.gossip.it\/immagini_news\/2022\/05\/1653303424_balivo_1.jpg"}],"author":"Annamaria Capozzi","twitter_card":"summary_large_image","twitter_image":"https:\/\/files.gossip.it\/immagini_news\/2022\/05\/1653303424_balivo_1.jpg","twitter_creator":"@gossinews_it","twitter_site":"@gossinews_it","twitter_misc":{"Scritto da":"Annamaria Capozzi","Tempo di lettura stimato":"2 minuti"},"schema":{"@context":"https:\/\/schema.org","@graph":[{"@type":"Article","@id":"https:\/\/www.gossip.it\/news\/caterina-balivo-torna-condurre-programma-tv-annuncio\/#article","isPartOf":{"@id":"https:\/\/www.gossip.it\/news\/caterina-balivo-torna-condurre-programma-tv-annuncio\/"},"author":{"name":"Annamaria Capozzi","@id":"https:\/\/www.gossip.it\/#\/schema\/person\/4f99be5acc78d3f1b07a146d4fe8256b"},"headline":"Caterina Balivo torna a condurre un programma tv in prima serata: l'annuncio","datePublished":"2022-05-22T22:00:00+00:00","dateModified":"2022-05-22T22:00:00+00:00","mainEntityOfPage":{"@id":"https:\/\/www.gossip.it\/news\/caterina-balivo-torna-condurre-programma-tv-annuncio\/"},"wordCount":368,"publisher":{"@id":"https:\/\/www.gossip.it\/#organization"},"image":{"@id":"https:\/\/www.gossip.it\/news\/caterina-balivo-torna-condurre-programma-tv-annuncio\/#primaryimage"},"thumbnailUrl":"https:\/\/files.gossip.it\/immagini_news\/2022\/05\/1653303424_balivo_1.jpg","keywords":["condurre","conduttrice","dichiarazioni","presentatrice","prima serata","programma","torna","tv","tv 8"],"articleSection":["News"],"inLanguage":"it-IT"},{"@type":"WebPage","@id":"https:\/\/www.gossip.it\/news\/caterina-balivo-torna-condurre-programma-tv-annuncio\/","url":"https:\/\/www.gossip.it\/news\/caterina-balivo-torna-condurre-programma-tv-annuncio\/","name":"Caterina Balivo torna a condurre un programma tv in prima serata: l'annuncio - Gossip.it | News sul Gossip e VIP","isPartOf":{"@id":"https:\/\/www.gossip.it\/#website"},"primaryImageOfPage":{"@id":"https:\/\/www.gossip.it\/news\/caterina-balivo-torna-condurre-programma-tv-annuncio\/#primaryimage"},"image":{"@id":"https:\/\/www.gossip.it\/news\/caterina-balivo-torna-condurre-programma-tv-annuncio\/#primaryimage"},"thumbnailUrl":"https:\/\/files.gossip.it\/immagini_news\/2022\/05\/1653303424_balivo_1.jpg","datePublished":"2022-05-22T22:00:00+00:00","dateModified":"2022-05-22T22:00:00+00:00","description":"Caterina Balivo si riprende il posto da presentatrice in tv, torna a condurre un programma in prima serata: l\u2019annuncio arriva sul social, la 42enne sar\u00e0","breadcrumb":{"@id":"https:\/\/www.gossip.it\/news\/caterina-balivo-torna-condurre-programma-tv-annuncio\/#breadcrumb"},"inLanguage":"it-IT","potentialAction":[{"@type":"ReadAction","target":["https:\/\/www.gossip.it\/news\/caterina-balivo-torna-condurre-programma-tv-annuncio\/"]}]},{"@type":"ImageObject","inLanguage":"it-IT","@id":"https:\/\/www.gossip.it\/news\/caterina-balivo-torna-condurre-programma-tv-annuncio\/#primaryimage","url":"https:\/\/files.gossip.it\/immagini_news\/2022\/05\/1653303424_balivo_1.jpg","contentUrl":"https:\/\/files.gossip.it\/immagini_news\/2022\/05\/1653303424_balivo_1.jpg"},{"@type":"BreadcrumbList","@id":"https:\/\/www.gossip.it\/news\/caterina-balivo-torna-condurre-programma-tv-annuncio\/#breadcrumb","itemListElement":[{"@type":"ListItem","position":1,"name":"Home","item":"https:\/\/www.gossip.it\/"},{"@type":"ListItem","position":2,"name":"Caterina Balivo torna a condurre un programma tv in prima serata: l'annuncio"}]},{"@type":"WebSite","@id":"https:\/\/www.gossip.it\/#website","url":"https:\/\/www.gossip.it\/","name":"Gossip and VIP News","description":"Quotidiano di cronaca rosa, costume e societ\u00e0","publisher":{"@id":"https:\/\/www.gossip.it\/#organization"},"alternateName":"Gossip and VIP News","potentialAction":[{"@type":"SearchAction","target":{"@type":"EntryPoint","urlTemplate":"https:\/\/www.gossip.it\/?s={search_term_string}"},"query-input":{"@type":"PropertyValueSpecification","valueRequired":true,"valueName":"search_term_string"}}],"inLanguage":"it-IT"},{"@type":"Organization","@id":"https:\/\/www.gossip.it\/#organization","name":"Gossip and VIP News","alternateName":"Gossip News","url":"https:\/\/www.gossip.it\/","logo":{"@type":"ImageObject","inLanguage":"it-IT","@id":"https:\/\/www.gossip.it\/#\/schema\/logo\/image\/","url":"https:\/\/www.gossip.it\/wp-content\/uploads\/2022\/04\/cropped-corna-alta-tiny.png","contentUrl":"https:\/\/www.gossip.it\/wp-content\/uploads\/2022\/04\/cropped-corna-alta-tiny.png","width":512,"height":512,"caption":"Gossip and VIP News"},"image":{"@id":"https:\/\/www.gossip.it\/#\/schema\/logo\/image\/"},"sameAs":["https:\/\/www.facebook.com\/GossipIT","https:\/\/x.com\/gossinews_it","https:\/\/instagram.com\/gossip_it"]},{"@type":"Person","@id":"https:\/\/www.gossip.it\/#\/schema\/person\/4f99be5acc78d3f1b07a146d4fe8256b","name":"Annamaria Capozzi","image":{"@type":"ImageObject","inLanguage":"it-IT","@id":"https:\/\/www.gossip.it\/#\/schema\/person\/image\/","url":"https:\/\/secure.gravatar.com\/avatar\/a8f8ec0362739e51683bf764949dfb9f8d2539eecc144f2dd938d6381b053468?s=96&d=mm&r=g","contentUrl":"https:\/\/secure.gravatar.com\/avatar\/a8f8ec0362739e51683bf764949dfb9f8d2539eecc144f2dd938d6381b053468?s=96&d=mm&r=g","caption":"Annamaria Capozzi"}}]}},"amp_enabled":true,"_links":{"self":[{"href":"https:\/\/www.gossip.it\/api\/wp\/v2\/posts\/128534","targetHints":{"allow":["GET"]}}],"collection":[{"href":"https:\/\/www.gossip.it\/api\/wp\/v2\/posts"}],"about":[{"href":"https:\/\/www.gossip.it\/api\/wp\/v2\/types\/post"}],"author":[{"embeddable":true,"href":"https:\/\/www.gossip.it\/api\/wp\/v2\/users\/4"}],"replies":[{"embeddable":true,"href":"https:\/\/www.gossip.it\/api\/wp\/v2\/comments?post=128534"}],"version-history":[{"count":0,"href":"https:\/\/www.gossip.it\/api\/wp\/v2\/posts\/128534\/revisions"}],"wp:featuredmedia":[{"embeddable":true,"href":"https:\/\/www.gossip.it\/api\/wp\/v2\/media\/128797"}],"wp:attachment":[{"href":"https:\/\/www.gossip.it\/api\/wp\/v2\/media?parent=128534"}],"wp:term":[{"taxonomy":"category","embeddable":true,"href":"https:\/\/www.gossip.it\/api\/wp\/v2\/categories?post=128534"},{"taxonomy":"post_tag","embeddable":true,"href":"https:\/\/www.gossip.it\/api\/wp\/v2\/tags?post=128534"},{"taxonomy":"vip","embeddable":true,"href":"https:\/\/www.gossip.it\/api\/wp\/v2\/vip?post=128534"}],"curies":[{"name":"wp","href":"https:\/\/api.w.org\/{rel}","templated":true}]}}