{"id":128557,"date":"2022-05-25T00:00:00","date_gmt":"2022-05-24T22:00:00","guid":{"rendered":"https:\/\/www.gossip.it\/senza-categoria\/francesca-neri-madre-non-voluto-bene\/"},"modified":"2022-05-25T00:00:00","modified_gmt":"2022-05-24T22:00:00","slug":"francesca-neri-madre-non-voluto-bene","status":"publish","type":"post","link":"https:\/\/www.gossip.it\/news\/francesca-neri-madre-non-voluto-bene\/","title":{"rendered":"Francesca Neri: 'Mia madre non mi ha voluto bene'"},"content":{"rendered":"<p><a href=\"\/vip\/francesca-neri\/\">Francesca Neri<\/a> torna in tv, ospite di <a href=\"\/vip\/pierluigi-diaco\/\">Pierluigi Diaco<\/a> a <em>Ti Sento<\/em>. Nella lunga intervista parla del rapporto anaffettivo con la mamma Loriana. <em>\u201cMia <strong>madre<\/strong> <strong>non<\/strong> mi ha <strong>voluto bene<\/strong>\u201d,<\/em> confessa. L\u2019attrice 58enne si \u00e8 chiesta da sempre il perch\u00e9.<\/p>\n<figure class=\"caption\"><img decoding=\"async\" alt=\"Francesca Neri: 'Mia madre non mi ha voluto bene'\" width=\"640\" height=\"353\" src=\"https:\/\/files.gossip.it\/immagini_news\/2022\/05\/1653481834_neri_1.jpg\" \/><figcaption>Francesca Neri: 'Mia madre non mi ha voluto bene'<\/figcaption><\/figure>\n<p><em>\u201cQuesto \u00e8 il primo dei problemi, perch\u00e9 mia mamma <strong>non<\/strong> mi ha <strong>voluto bene<\/strong>. Mi sono domandata pi\u00f9 volte perch\u00e9 non mi volesse bene\u2026 Tuttavia, negli ultimi anni della sua vita mi sono dedicata a lei dandole tutto l\u2019amore possibile e dopo la sua morte l\u2019ho perdonata\u201d,<\/em> svela la moglie di <a href=\"\/vip\/claudio-amendola\/\">Claudio Amendola<\/a>. Gi\u00e0 da <a href=\"\/vip\/serena-bortone\/\">Serena Bortone<\/a>\u00a0a <em>Oggi \u00e8 un altro giorno <\/em>la Neri aveva rivelato: <em>\u201cIo ci provavo ma lei proprio non ce la faceva ad abbracciarmi\u201d.<\/em> Ne ha sofferto moltissimo.<\/p>\n<p>Col marito l\u2019unione dura da molto tempo, il segreto del loro rapporto \u00e8 semplice: <em>\u201cForse perch\u00e9 non \u00e8 sesso, forse perch\u00e9 \u00e8 amore. Il nostro rapporto \u00e8 cambiato tantissime volte in 26 anni. Siamo caduti, ci siamo rialzati, ci siamo aiutati a vicenda, aspettandoci e rispettandoci\u201d.<\/em><\/p>\n<figure class=\"caption\"><img decoding=\"async\" alt=\"\" width=\"640\" height=\"343\" src=\"https:\/\/files.gossip.it\/immagini_news\/2022\/05\/1653481859_neri_2.jpg\" \/><figcaption>L'attrice in tv, ospite di Pierluigi Diaco, parla del rapporto anaffettivo con la donna<\/figcaption><\/figure>\n<p>Francesca, nonostante la sua\u00a0malattia cronica, la cistite interstiziale, ha ripreso a vivere dopo anni di silenzio. Diaco le chiede se accetterebbe di andare al prossimo <em>Sanremo<\/em> come co-conduttrice accanto ad <a href=\"\/vip\/amadeus\/\">Amadeus<\/a>. <em>\u201cMi fa ridere perch\u00e9 in passato me l\u2019hanno proposto pi\u00f9 volte\u2026\u00a0<a href=\"\/vip\/pippo-baudo\/\">Pippo Baudo<\/a>\u00a0quand\u2019ero proprio giovanissima e avevo appena fatto \u2018L\u2019et\u00e0 di Lul\u00f9\u2019\u2026 Ho detto no\u2026 Poi un\u2019altra volta e ho detto no\u201d, <\/em>fa sapere l\u2019attrice.<\/p>\n<p>Poi la Neri chiarisce:<em>\u00a0\u201cA Baudo ho detto \u2018no\u2019, per\u00f2 ne abbiamo parlato e lui ha capito. \u00c8 chiaro che ci sono delle cose che io non potrei fare, che non avrei saputo fare. Ho rifiutato il Festival di Sanremo perch\u00e9 avevo appena iniziato a fare l\u2019attrice, per me non esisteva, non mi sentivo all\u2019altezza, che cosa andavo a fare?\u201d.<\/em><\/p>\n<p>\u00a0<\/p>\n","protected":false},"excerpt":{"rendered":"<p>Francesca Neri torna in tv, ospite di Pierluigi Diaco a Ti Sento. Nella lunga intervista parla del rapporto anaffettivo con la mamma Loriana. \u201cMia madre non mi ha voluto bene\u201d, confessa. L\u2019attrice 58enne si \u00e8 chiesta da sempre il perch\u00e9. Francesca Neri: 'Mia madre non mi ha voluto bene' \u201cQuesto \u00e8 il primo dei problemi, [&hellip;]<\/p>\n","protected":false},"author":4,"featured_media":128820,"comment_status":"closed","ping_status":"closed","sticky":false,"template":"","format":"standard","meta":{"footnotes":""},"categories":[54],"tags":[1983,3058,2102,62428,2103,2361,2119,63313,7520,7632,62491,2097],"vip":[510,780],"class_list":["post-128557","post","type-post","status-publish","format-standard","has-post-thumbnail","hentry","category-news","tag-attrice","tag-bene","tag-dichiarazioni","tag-enorme-dolore-fisico","tag-intervista","tag-madre","tag-malattia","tag-non-voluto","tag-pierluigi-diaco","tag-rai-uno","tag-ti-sento","tag-tv","vip-claudio_amendola","vip-francesca_neri"],"yoast_head":"<title>Francesca Neri: &#039;Mia madre non mi ha voluto bene&#039; - Gossip.it | News sul Gossip e VIP<\/title>\n<meta name=\"description\" content=\"Francesca Neri torna in tv, ospite di Pierluigi Diaco a Ti Sento. Nella lunga intervista parla del rapporto anaffettivo con la mamma Loriana. \u201cMia madre\" \/>\n<meta name=\"robots\" content=\"index, follow, max-snippet:-1, max-image-preview:large, max-video-preview:-1\" \/>\n<link rel=\"canonical\" href=\"https:\/\/www.gossip.it\/news\/francesca-neri-madre-non-voluto-bene\/\" \/>\n<meta property=\"og:locale\" content=\"it_IT\" \/>\n<meta property=\"og:type\" content=\"article\" \/>\n<meta property=\"og:title\" content=\"Francesca Neri: &#039;Mia madre non mi ha voluto bene&#039; - Gossip.it | News sul Gossip e VIP\" \/>\n<meta property=\"og:description\" content=\"Francesca Neri torna in tv, ospite di Pierluigi Diaco a Ti Sento. Nella lunga intervista parla del rapporto anaffettivo con la mamma Loriana. \u201cMia madre\" \/>\n<meta property=\"og:url\" content=\"https:\/\/www.gossip.it\/news\/francesca-neri-madre-non-voluto-bene\/\" \/>\n<meta property=\"og:site_name\" content=\"Gossip.it | News sul Gossip e VIP\" \/>\n<meta property=\"article:publisher\" content=\"https:\/\/www.facebook.com\/GossipIT\" \/>\n<meta property=\"article:published_time\" content=\"2022-05-24T22:00:00+00:00\" \/>\n<meta property=\"og:image\" content=\"https:\/\/files.gossip.it\/immagini_news\/2022\/05\/1653481834_neri_1.jpg\" \/>\n<meta name=\"author\" content=\"Annamaria Capozzi\" \/>\n<meta name=\"twitter:card\" content=\"summary_large_image\" \/>\n<meta name=\"twitter:image\" content=\"https:\/\/files.gossip.it\/immagini_news\/2022\/05\/1653481834_neri_1.jpg\" \/>\n<meta name=\"twitter:creator\" content=\"@gossinews_it\" \/>\n<meta name=\"twitter:site\" content=\"@gossinews_it\" \/>\n<meta name=\"twitter:label1\" content=\"Scritto da\" \/>\n\t<meta name=\"twitter:data1\" content=\"Annamaria Capozzi\" \/>\n\t<meta name=\"twitter:label2\" content=\"Tempo di lettura stimato\" \/>\n\t<meta name=\"twitter:data2\" content=\"2 minuti\" \/>","yoast_head_json":{"title":"Francesca Neri: 'Mia madre non mi ha voluto bene' - Gossip.it | News sul Gossip e VIP","description":"Francesca Neri torna in tv, ospite di Pierluigi Diaco a Ti Sento. Nella lunga intervista parla del rapporto anaffettivo con la mamma Loriana. \u201cMia madre","robots":{"index":"index","follow":"follow","max-snippet":"max-snippet:-1","max-image-preview":"max-image-preview:large","max-video-preview":"max-video-preview:-1"},"canonical":"https:\/\/www.gossip.it\/news\/francesca-neri-madre-non-voluto-bene\/","og_locale":"it_IT","og_type":"article","og_title":"Francesca Neri: 'Mia madre non mi ha voluto bene' - Gossip.it | News sul Gossip e VIP","og_description":"Francesca Neri torna in tv, ospite di Pierluigi Diaco a Ti Sento. Nella lunga intervista parla del rapporto anaffettivo con la mamma Loriana. \u201cMia madre","og_url":"https:\/\/www.gossip.it\/news\/francesca-neri-madre-non-voluto-bene\/","og_site_name":"Gossip.it | News sul Gossip e VIP","article_publisher":"https:\/\/www.facebook.com\/GossipIT","article_published_time":"2022-05-24T22:00:00+00:00","og_image":[{"url":"https:\/\/files.gossip.it\/immagini_news\/2022\/05\/1653481834_neri_1.jpg"}],"author":"Annamaria Capozzi","twitter_card":"summary_large_image","twitter_image":"https:\/\/files.gossip.it\/immagini_news\/2022\/05\/1653481834_neri_1.jpg","twitter_creator":"@gossinews_it","twitter_site":"@gossinews_it","twitter_misc":{"Scritto da":"Annamaria Capozzi","Tempo di lettura stimato":"2 minuti"},"schema":{"@context":"https:\/\/schema.org","@graph":[{"@type":"Article","@id":"https:\/\/www.gossip.it\/news\/francesca-neri-madre-non-voluto-bene\/#article","isPartOf":{"@id":"https:\/\/www.gossip.it\/news\/francesca-neri-madre-non-voluto-bene\/"},"author":{"name":"Annamaria Capozzi","@id":"https:\/\/www.gossip.it\/#\/schema\/person\/4f99be5acc78d3f1b07a146d4fe8256b"},"headline":"Francesca Neri: 'Mia madre non mi ha voluto bene'","datePublished":"2022-05-24T22:00:00+00:00","dateModified":"2022-05-24T22:00:00+00:00","mainEntityOfPage":{"@id":"https:\/\/www.gossip.it\/news\/francesca-neri-madre-non-voluto-bene\/"},"wordCount":332,"publisher":{"@id":"https:\/\/www.gossip.it\/#organization"},"image":{"@id":"https:\/\/www.gossip.it\/news\/francesca-neri-madre-non-voluto-bene\/#primaryimage"},"thumbnailUrl":"https:\/\/files.gossip.it\/immagini_news\/2022\/05\/1653481834_neri_1.jpg","keywords":["attrice","bene","dichiarazioni","enorme dolore fisico","intervista","madre","malattia","non voluto","Pierluigi Diaco","rai uno","ti sento","tv"],"articleSection":["News"],"inLanguage":"it-IT"},{"@type":"WebPage","@id":"https:\/\/www.gossip.it\/news\/francesca-neri-madre-non-voluto-bene\/","url":"https:\/\/www.gossip.it\/news\/francesca-neri-madre-non-voluto-bene\/","name":"Francesca Neri: 'Mia madre non mi ha voluto bene' - Gossip.it | News sul Gossip e VIP","isPartOf":{"@id":"https:\/\/www.gossip.it\/#website"},"primaryImageOfPage":{"@id":"https:\/\/www.gossip.it\/news\/francesca-neri-madre-non-voluto-bene\/#primaryimage"},"image":{"@id":"https:\/\/www.gossip.it\/news\/francesca-neri-madre-non-voluto-bene\/#primaryimage"},"thumbnailUrl":"https:\/\/files.gossip.it\/immagini_news\/2022\/05\/1653481834_neri_1.jpg","datePublished":"2022-05-24T22:00:00+00:00","dateModified":"2022-05-24T22:00:00+00:00","description":"Francesca Neri torna in tv, ospite di Pierluigi Diaco a Ti Sento. Nella lunga intervista parla del rapporto anaffettivo con la mamma Loriana. \u201cMia madre","breadcrumb":{"@id":"https:\/\/www.gossip.it\/news\/francesca-neri-madre-non-voluto-bene\/#breadcrumb"},"inLanguage":"it-IT","potentialAction":[{"@type":"ReadAction","target":["https:\/\/www.gossip.it\/news\/francesca-neri-madre-non-voluto-bene\/"]}]},{"@type":"ImageObject","inLanguage":"it-IT","@id":"https:\/\/www.gossip.it\/news\/francesca-neri-madre-non-voluto-bene\/#primaryimage","url":"https:\/\/files.gossip.it\/immagini_news\/2022\/05\/1653481834_neri_1.jpg","contentUrl":"https:\/\/files.gossip.it\/immagini_news\/2022\/05\/1653481834_neri_1.jpg"},{"@type":"BreadcrumbList","@id":"https:\/\/www.gossip.it\/news\/francesca-neri-madre-non-voluto-bene\/#breadcrumb","itemListElement":[{"@type":"ListItem","position":1,"name":"Home","item":"https:\/\/www.gossip.it\/"},{"@type":"ListItem","position":2,"name":"Francesca Neri: 'Mia madre non mi ha voluto bene'"}]},{"@type":"WebSite","@id":"https:\/\/www.gossip.it\/#website","url":"https:\/\/www.gossip.it\/","name":"Gossip and VIP News","description":"Quotidiano di cronaca rosa, costume e societ\u00e0","publisher":{"@id":"https:\/\/www.gossip.it\/#organization"},"alternateName":"Gossip and VIP News","potentialAction":[{"@type":"SearchAction","target":{"@type":"EntryPoint","urlTemplate":"https:\/\/www.gossip.it\/?s={search_term_string}"},"query-input":{"@type":"PropertyValueSpecification","valueRequired":true,"valueName":"search_term_string"}}],"inLanguage":"it-IT"},{"@type":"Organization","@id":"https:\/\/www.gossip.it\/#organization","name":"Gossip and VIP News","alternateName":"Gossip News","url":"https:\/\/www.gossip.it\/","logo":{"@type":"ImageObject","inLanguage":"it-IT","@id":"https:\/\/www.gossip.it\/#\/schema\/logo\/image\/","url":"https:\/\/www.gossip.it\/wp-content\/uploads\/2022\/04\/cropped-corna-alta-tiny.png","contentUrl":"https:\/\/www.gossip.it\/wp-content\/uploads\/2022\/04\/cropped-corna-alta-tiny.png","width":512,"height":512,"caption":"Gossip and VIP News"},"image":{"@id":"https:\/\/www.gossip.it\/#\/schema\/logo\/image\/"},"sameAs":["https:\/\/www.facebook.com\/GossipIT","https:\/\/x.com\/gossinews_it","https:\/\/instagram.com\/gossip_it"]},{"@type":"Person","@id":"https:\/\/www.gossip.it\/#\/schema\/person\/4f99be5acc78d3f1b07a146d4fe8256b","name":"Annamaria Capozzi","image":{"@type":"ImageObject","inLanguage":"it-IT","@id":"https:\/\/www.gossip.it\/#\/schema\/person\/image\/","url":"https:\/\/secure.gravatar.com\/avatar\/a8f8ec0362739e51683bf764949dfb9f8d2539eecc144f2dd938d6381b053468?s=96&d=mm&r=g","contentUrl":"https:\/\/secure.gravatar.com\/avatar\/a8f8ec0362739e51683bf764949dfb9f8d2539eecc144f2dd938d6381b053468?s=96&d=mm&r=g","caption":"Annamaria Capozzi"}}]}},"amp_enabled":true,"_links":{"self":[{"href":"https:\/\/www.gossip.it\/api\/wp\/v2\/posts\/128557","targetHints":{"allow":["GET"]}}],"collection":[{"href":"https:\/\/www.gossip.it\/api\/wp\/v2\/posts"}],"about":[{"href":"https:\/\/www.gossip.it\/api\/wp\/v2\/types\/post"}],"author":[{"embeddable":true,"href":"https:\/\/www.gossip.it\/api\/wp\/v2\/users\/4"}],"replies":[{"embeddable":true,"href":"https:\/\/www.gossip.it\/api\/wp\/v2\/comments?post=128557"}],"version-history":[{"count":0,"href":"https:\/\/www.gossip.it\/api\/wp\/v2\/posts\/128557\/revisions"}],"wp:featuredmedia":[{"embeddable":true,"href":"https:\/\/www.gossip.it\/api\/wp\/v2\/media\/128820"}],"wp:attachment":[{"href":"https:\/\/www.gossip.it\/api\/wp\/v2\/media?parent=128557"}],"wp:term":[{"taxonomy":"category","embeddable":true,"href":"https:\/\/www.gossip.it\/api\/wp\/v2\/categories?post=128557"},{"taxonomy":"post_tag","embeddable":true,"href":"https:\/\/www.gossip.it\/api\/wp\/v2\/tags?post=128557"},{"taxonomy":"vip","embeddable":true,"href":"https:\/\/www.gossip.it\/api\/wp\/v2\/vip?post=128557"}],"curies":[{"name":"wp","href":"https:\/\/api.w.org\/{rel}","templated":true}]}}