{"id":129767,"date":"2022-06-21T09:56:18","date_gmt":"2022-06-21T07:56:18","guid":{"rendered":"https:\/\/www.gossip.it\/?p=129767"},"modified":"2023-01-27T22:57:00","modified_gmt":"2023-01-27T21:57:00","slug":"chiara-ferragni-co-conduttrice-sanremo-2023","status":"publish","type":"post","link":"https:\/\/www.gossip.it\/news\/chiara-ferragni-co-conduttrice-sanremo-2023\/","title":{"rendered":"Chiara Ferragni co-conduttrice di Sanremo 2023: l'annuncio di Amadeus"},"content":{"rendered":"\n<ul class=\"wp-block-list\"><li>Il conduttore e direttore artistico del festival lo svela al Tg1<\/li><li>La 35enne guarda la diretta tv emozionatissima: \u2018Mi tremano le mani\u2019<\/li><\/ul>\n\n\n\n<p><a href=\"http:\/\/www.gossip.it\/vip\/chiara-ferragni\">Chiara Ferragni<\/a> si prende il palco di <em><strong>Sanremo 2023<\/strong><\/em>, sar\u00e0 <strong>co-conduttrice<\/strong> al festival, Lo annuncia con grande enfasi <a href=\"http:\/\/www.gossip.it\/vip\/amadeus\">Amadeus<\/a> al Tg1. La fashion blogger e imprenditrice 35enne presenter\u00e0 la prima e l\u2019ultima serata della kermesse canora che si aprir\u00e0 marted\u00ec 7 febbraio e si concluder\u00e0 sabato 11.<\/p>\n\n\n\n<figure class=\"wp-block-image size-large\"><img decoding=\"async\" width=\"815\" height=\"1024\" src=\"https:\/\/www.gossip.it\/wp-content\/uploads\/2022\/06\/ferragni_sanremo_1-815x1024.jpg\" alt=\"\" class=\"wp-image-129768\" srcset=\"https:\/\/www.gossip.it\/wp-content\/uploads\/2022\/06\/ferragni_sanremo_1-815x1024.jpg 815w, https:\/\/www.gossip.it\/wp-content\/uploads\/2022\/06\/ferragni_sanremo_1-239x300.jpg 239w, https:\/\/www.gossip.it\/wp-content\/uploads\/2022\/06\/ferragni_sanremo_1-768x965.jpg 768w, https:\/\/www.gossip.it\/wp-content\/uploads\/2022\/06\/ferragni_sanremo_1-750x942.jpg 750w, https:\/\/www.gossip.it\/wp-content\/uploads\/2022\/06\/ferragni_sanremo_1.jpg 1134w\" sizes=\"(max-width: 815px) 100vw, 815px\" \/><figcaption>Chiara Ferragni co-conduttrice di Sanremo 2023<\/figcaption><\/figure>\n\n\n\n<p>Il 59enne, conduttore e direttore artistico di <em><strong>Sanremo<\/strong><\/em>, affida al telegiornale delle 20 della rete ammiraglia, con Giorgia Cardinaletti per la prima volta al timone, l\u2019ufficialit\u00e0. <em>\"<strong>Chiara Ferragni<\/strong> aprir\u00e0 e chiuder\u00e0 il festival, nelle serate di marted\u00ec 7 e di sabato 11 febbraio 2023\u201d,<\/em> rivela Amadeus.<\/p>\n\n\n\n<figure class=\"wp-block-image size-large\"><img decoding=\"async\" width=\"1024\" height=\"569\" src=\"https:\/\/www.gossip.it\/wp-content\/uploads\/2022\/06\/ferragni_sanremo_2-1024x569.jpg\" alt=\"\" class=\"wp-image-129769\" srcset=\"https:\/\/www.gossip.it\/wp-content\/uploads\/2022\/06\/ferragni_sanremo_2-1024x569.jpg 1024w, https:\/\/www.gossip.it\/wp-content\/uploads\/2022\/06\/ferragni_sanremo_2-300x167.jpg 300w, https:\/\/www.gossip.it\/wp-content\/uploads\/2022\/06\/ferragni_sanremo_2-768x427.jpg 768w, https:\/\/www.gossip.it\/wp-content\/uploads\/2022\/06\/ferragni_sanremo_2-750x417.jpg 750w, https:\/\/www.gossip.it\/wp-content\/uploads\/2022\/06\/ferragni_sanremo_2.jpg 1134w\" sizes=\"(max-width: 1024px) 100vw, 1024px\" \/><figcaption>Amadeus, conduttore e direttore artistico della kermesse, lo annuncia al Tg1 delle 20<\/figcaption><\/figure>\n\n\n\n<p>Il presentatore poi aggiunge: <em>\u201c<strong>Sanremo<\/strong> \u00e8 a febbraio, ma grazie alla Rai, all'ad Fuortes e al direttore Coletta, ho avuto il mandato a marzo e ho avuto modo di lavorare al festival: il regolamento \u00e8 gi\u00e0 realizzato e pubblicato, sto iniziando ad ascoltare i brani di giovani e big, e stasera inizia il gemellaggio tra <strong>Sanremo<\/strong> e il Tg1\u201d.<\/em><\/p>\n\n\n\n<figure class=\"wp-block-image size-large\"><img decoding=\"async\" width=\"604\" height=\"1024\" src=\"https:\/\/www.gossip.it\/wp-content\/uploads\/2022\/06\/ferragni_sanremo_3-604x1024.jpg\" alt=\"\" class=\"wp-image-129770\" srcset=\"https:\/\/www.gossip.it\/wp-content\/uploads\/2022\/06\/ferragni_sanremo_3-604x1024.jpg 604w, https:\/\/www.gossip.it\/wp-content\/uploads\/2022\/06\/ferragni_sanremo_3-177x300.jpg 177w, https:\/\/www.gossip.it\/wp-content\/uploads\/2022\/06\/ferragni_sanremo_3-768x1303.jpg 768w, https:\/\/www.gossip.it\/wp-content\/uploads\/2022\/06\/ferragni_sanremo_3-905x1536.jpg 905w, https:\/\/www.gossip.it\/wp-content\/uploads\/2022\/06\/ferragni_sanremo_3-750x1272.jpg 750w, https:\/\/www.gossip.it\/wp-content\/uploads\/2022\/06\/ferragni_sanremo_3.jpg 1134w\" sizes=\"(max-width: 604px) 100vw, 604px\" \/><figcaption>La 35enne lo guarda in tv insieme al marito e alcuni amici: \u00e8 emozionatissima<\/figcaption><\/figure>\n\n\n\n<p>Chiara, a casa insieme al marito <a href=\"http:\/\/www.gossip.it\/vip\/fedez\">Fedez<\/a> e alcuni amici, guarda tutto in diretta tv. E\u2019 emozionatissima, come sottolinea nelle sue storie. Quando Amadeus regala il suo annuncio, quasi si commuove, intorno a lei tutti esultano. Il rapper 32enne, orgoglioso, le fa i complimenti.<\/p>\n\n\n\n<p><em>\"Grazie ad Amadeus per avermi voluto al suo fianco per aprire e chiudere <strong>Sanremo 2023<\/strong>\"<\/em>, scrive su Instagram condividendo una foto che la ritrae sorridente accanto ad <em>\u2018Ama'.<\/em><\/p>\n\n\n\n<figure class=\"wp-block-image size-large\"><img decoding=\"async\" width=\"702\" height=\"1024\" src=\"https:\/\/www.gossip.it\/wp-content\/uploads\/2022\/06\/ferragni_sanremo_4-702x1024.jpg\" alt=\"\" class=\"wp-image-129771\" srcset=\"https:\/\/www.gossip.it\/wp-content\/uploads\/2022\/06\/ferragni_sanremo_4-702x1024.jpg 702w, https:\/\/www.gossip.it\/wp-content\/uploads\/2022\/06\/ferragni_sanremo_4-206x300.jpg 206w, https:\/\/www.gossip.it\/wp-content\/uploads\/2022\/06\/ferragni_sanremo_4-768x1120.jpg 768w, https:\/\/www.gossip.it\/wp-content\/uploads\/2022\/06\/ferragni_sanremo_4-1053x1536.jpg 1053w, https:\/\/www.gossip.it\/wp-content\/uploads\/2022\/06\/ferragni_sanremo_4-750x1094.jpg 750w, https:\/\/www.gossip.it\/wp-content\/uploads\/2022\/06\/ferragni_sanremo_4.jpg 1134w\" sizes=\"(max-width: 702px) 100vw, 702px\" \/><figcaption>La fashion blogger e imprenditrice esulta, Fedez si congratula con lei<\/figcaption><\/figure>\n\n\n\n<p>Abbracci e tantissima felicit\u00e0, Chiara \u00e8 fiera di essere alla 73esima edizione del festival. Ammette: <em>\"Mi tremano le mani ragazzi\".\"Anche a me\u201d,<\/em> le sottolinea Fedez.<\/p>\n","protected":false},"excerpt":{"rendered":"<p>Il conduttore e direttore artistico del festival lo svela al Tg1 La 35enne guarda la diretta tv emozionatissima: \u2018Mi tremano le mani\u2019 Chiara Ferragni si prende il palco di Sanremo 2023, sar\u00e0 co-conduttrice al festival, Lo annuncia con grande enfasi Amadeus al Tg1. La fashion blogger e imprenditrice 35enne presenter\u00e0 la prima e l\u2019ultima serata [&hellip;]<\/p>\n","protected":false},"author":4,"featured_media":129768,"comment_status":"open","ping_status":"closed","sticky":false,"template":"","format":"standard","meta":{"footnotes":""},"categories":[54],"tags":[2102,2121,63682,1923,2097],"vip":[292,481],"class_list":["post-129767","post","type-post","status-publish","format-standard","has-post-thumbnail","hentry","category-news","tag-dichiarazioni","tag-instagram","tag-festival-di-sanremo-2023","tag-social","tag-tv","vip-amadeus","vip-chiara_ferragni"],"yoast_head":"<title>Chiara Ferragni co-conduttrice di Sanremo 2023: l&#039;annuncio di Amadeus - Gossip.it | News sul Gossip e VIP<\/title>\n<meta name=\"description\" content=\"Il conduttore e direttore artistico del festival lo svela al Tg1La 35enne guarda la diretta tv emozionatissima: \u2018Mi tremano le mani\u2019 Chiara Ferragni si\" \/>\n<meta name=\"robots\" content=\"index, follow, max-snippet:-1, max-image-preview:large, max-video-preview:-1\" \/>\n<link rel=\"canonical\" href=\"https:\/\/www.gossip.it\/news\/chiara-ferragni-co-conduttrice-sanremo-2023\/\" \/>\n<meta property=\"og:locale\" content=\"it_IT\" \/>\n<meta property=\"og:type\" content=\"article\" \/>\n<meta property=\"og:title\" content=\"Chiara Ferragni co-conduttrice di Sanremo 2023: l&#039;annuncio di Amadeus - Gossip.it | News sul Gossip e VIP\" \/>\n<meta property=\"og:description\" content=\"Il conduttore e direttore artistico del festival lo svela al Tg1La 35enne guarda la diretta tv emozionatissima: \u2018Mi tremano le mani\u2019 Chiara Ferragni si\" \/>\n<meta property=\"og:url\" content=\"https:\/\/www.gossip.it\/news\/chiara-ferragni-co-conduttrice-sanremo-2023\/\" \/>\n<meta property=\"og:site_name\" content=\"Gossip.it | News sul Gossip e VIP\" \/>\n<meta property=\"article:publisher\" content=\"https:\/\/www.facebook.com\/GossipIT\" \/>\n<meta property=\"article:published_time\" content=\"2022-06-21T07:56:18+00:00\" \/>\n<meta property=\"article:modified_time\" content=\"2023-01-27T21:57:00+00:00\" \/>\n<meta property=\"og:image\" content=\"https:\/\/www.gossip.it\/wp-content\/uploads\/2022\/06\/ferragni_sanremo_1.jpg\" \/>\n\t<meta property=\"og:image:width\" content=\"1134\" \/>\n\t<meta property=\"og:image:height\" content=\"1425\" \/>\n\t<meta property=\"og:image:type\" content=\"image\/jpeg\" \/>\n<meta name=\"author\" content=\"Annamaria Capozzi\" \/>\n<meta name=\"twitter:card\" content=\"summary_large_image\" \/>\n<meta name=\"twitter:creator\" content=\"@gossinews_it\" \/>\n<meta name=\"twitter:site\" content=\"@gossinews_it\" \/>\n<meta name=\"twitter:label1\" content=\"Scritto da\" \/>\n\t<meta name=\"twitter:data1\" content=\"Annamaria Capozzi\" \/>\n\t<meta name=\"twitter:label2\" content=\"Tempo di lettura stimato\" \/>\n\t<meta name=\"twitter:data2\" content=\"3 minuti\" \/>","yoast_head_json":{"title":"Chiara Ferragni co-conduttrice di Sanremo 2023: l'annuncio di Amadeus - Gossip.it | News sul Gossip e VIP","description":"Il conduttore e direttore artistico del festival lo svela al Tg1La 35enne guarda la diretta tv emozionatissima: \u2018Mi tremano le mani\u2019 Chiara Ferragni si","robots":{"index":"index","follow":"follow","max-snippet":"max-snippet:-1","max-image-preview":"max-image-preview:large","max-video-preview":"max-video-preview:-1"},"canonical":"https:\/\/www.gossip.it\/news\/chiara-ferragni-co-conduttrice-sanremo-2023\/","og_locale":"it_IT","og_type":"article","og_title":"Chiara Ferragni co-conduttrice di Sanremo 2023: l'annuncio di Amadeus - Gossip.it | News sul Gossip e VIP","og_description":"Il conduttore e direttore artistico del festival lo svela al Tg1La 35enne guarda la diretta tv emozionatissima: \u2018Mi tremano le mani\u2019 Chiara Ferragni si","og_url":"https:\/\/www.gossip.it\/news\/chiara-ferragni-co-conduttrice-sanremo-2023\/","og_site_name":"Gossip.it | News sul Gossip e VIP","article_publisher":"https:\/\/www.facebook.com\/GossipIT","article_published_time":"2022-06-21T07:56:18+00:00","article_modified_time":"2023-01-27T21:57:00+00:00","og_image":[{"width":1134,"height":1425,"url":"https:\/\/www.gossip.it\/wp-content\/uploads\/2022\/06\/ferragni_sanremo_1.jpg","type":"image\/jpeg"}],"author":"Annamaria Capozzi","twitter_card":"summary_large_image","twitter_creator":"@gossinews_it","twitter_site":"@gossinews_it","twitter_misc":{"Scritto da":"Annamaria Capozzi","Tempo di lettura stimato":"3 minuti"},"schema":{"@context":"https:\/\/schema.org","@graph":[{"@type":"Article","@id":"https:\/\/www.gossip.it\/news\/chiara-ferragni-co-conduttrice-sanremo-2023\/#article","isPartOf":{"@id":"https:\/\/www.gossip.it\/news\/chiara-ferragni-co-conduttrice-sanremo-2023\/"},"author":{"name":"Annamaria Capozzi","@id":"https:\/\/www.gossip.it\/#\/schema\/person\/4f99be5acc78d3f1b07a146d4fe8256b"},"headline":"Chiara Ferragni co-conduttrice di Sanremo 2023: l'annuncio di Amadeus","datePublished":"2022-06-21T07:56:18+00:00","dateModified":"2023-01-27T21:57:00+00:00","mainEntityOfPage":{"@id":"https:\/\/www.gossip.it\/news\/chiara-ferragni-co-conduttrice-sanremo-2023\/"},"wordCount":314,"commentCount":0,"publisher":{"@id":"https:\/\/www.gossip.it\/#organization"},"image":{"@id":"https:\/\/www.gossip.it\/news\/chiara-ferragni-co-conduttrice-sanremo-2023\/#primaryimage"},"thumbnailUrl":"https:\/\/www.gossip.it\/wp-content\/uploads\/2022\/06\/ferragni_sanremo_1.jpg","keywords":["dichiarazioni","instagram","Sanremo 2023","social","tv"],"articleSection":["News"],"inLanguage":"it-IT","potentialAction":[{"@type":"CommentAction","name":"Comment","target":["https:\/\/www.gossip.it\/news\/chiara-ferragni-co-conduttrice-sanremo-2023\/#respond"]}]},{"@type":"WebPage","@id":"https:\/\/www.gossip.it\/news\/chiara-ferragni-co-conduttrice-sanremo-2023\/","url":"https:\/\/www.gossip.it\/news\/chiara-ferragni-co-conduttrice-sanremo-2023\/","name":"Chiara Ferragni co-conduttrice di Sanremo 2023: l'annuncio di Amadeus - Gossip.it | News sul Gossip e VIP","isPartOf":{"@id":"https:\/\/www.gossip.it\/#website"},"primaryImageOfPage":{"@id":"https:\/\/www.gossip.it\/news\/chiara-ferragni-co-conduttrice-sanremo-2023\/#primaryimage"},"image":{"@id":"https:\/\/www.gossip.it\/news\/chiara-ferragni-co-conduttrice-sanremo-2023\/#primaryimage"},"thumbnailUrl":"https:\/\/www.gossip.it\/wp-content\/uploads\/2022\/06\/ferragni_sanremo_1.jpg","datePublished":"2022-06-21T07:56:18+00:00","dateModified":"2023-01-27T21:57:00+00:00","description":"Il conduttore e direttore artistico del festival lo svela al Tg1La 35enne guarda la diretta tv emozionatissima: \u2018Mi tremano le mani\u2019 Chiara Ferragni si","breadcrumb":{"@id":"https:\/\/www.gossip.it\/news\/chiara-ferragni-co-conduttrice-sanremo-2023\/#breadcrumb"},"inLanguage":"it-IT","potentialAction":[{"@type":"ReadAction","target":["https:\/\/www.gossip.it\/news\/chiara-ferragni-co-conduttrice-sanremo-2023\/"]}]},{"@type":"ImageObject","inLanguage":"it-IT","@id":"https:\/\/www.gossip.it\/news\/chiara-ferragni-co-conduttrice-sanremo-2023\/#primaryimage","url":"https:\/\/www.gossip.it\/wp-content\/uploads\/2022\/06\/ferragni_sanremo_1.jpg","contentUrl":"https:\/\/www.gossip.it\/wp-content\/uploads\/2022\/06\/ferragni_sanremo_1.jpg","width":1134,"height":1425},{"@type":"BreadcrumbList","@id":"https:\/\/www.gossip.it\/news\/chiara-ferragni-co-conduttrice-sanremo-2023\/#breadcrumb","itemListElement":[{"@type":"ListItem","position":1,"name":"Home","item":"https:\/\/www.gossip.it\/"},{"@type":"ListItem","position":2,"name":"Chiara Ferragni co-conduttrice di Sanremo 2023: l'annuncio di Amadeus"}]},{"@type":"WebSite","@id":"https:\/\/www.gossip.it\/#website","url":"https:\/\/www.gossip.it\/","name":"Gossip and VIP News","description":"Quotidiano di cronaca rosa, costume e societ\u00e0","publisher":{"@id":"https:\/\/www.gossip.it\/#organization"},"alternateName":"Gossip and VIP News","potentialAction":[{"@type":"SearchAction","target":{"@type":"EntryPoint","urlTemplate":"https:\/\/www.gossip.it\/?s={search_term_string}"},"query-input":{"@type":"PropertyValueSpecification","valueRequired":true,"valueName":"search_term_string"}}],"inLanguage":"it-IT"},{"@type":"Organization","@id":"https:\/\/www.gossip.it\/#organization","name":"Gossip and VIP News","alternateName":"Gossip News","url":"https:\/\/www.gossip.it\/","logo":{"@type":"ImageObject","inLanguage":"it-IT","@id":"https:\/\/www.gossip.it\/#\/schema\/logo\/image\/","url":"https:\/\/www.gossip.it\/wp-content\/uploads\/2022\/04\/cropped-corna-alta-tiny.png","contentUrl":"https:\/\/www.gossip.it\/wp-content\/uploads\/2022\/04\/cropped-corna-alta-tiny.png","width":512,"height":512,"caption":"Gossip and VIP News"},"image":{"@id":"https:\/\/www.gossip.it\/#\/schema\/logo\/image\/"},"sameAs":["https:\/\/www.facebook.com\/GossipIT","https:\/\/x.com\/gossinews_it","https:\/\/instagram.com\/gossip_it"]},{"@type":"Person","@id":"https:\/\/www.gossip.it\/#\/schema\/person\/4f99be5acc78d3f1b07a146d4fe8256b","name":"Annamaria Capozzi","image":{"@type":"ImageObject","inLanguage":"it-IT","@id":"https:\/\/www.gossip.it\/#\/schema\/person\/image\/","url":"https:\/\/secure.gravatar.com\/avatar\/a8f8ec0362739e51683bf764949dfb9f8d2539eecc144f2dd938d6381b053468?s=96&d=mm&r=g","contentUrl":"https:\/\/secure.gravatar.com\/avatar\/a8f8ec0362739e51683bf764949dfb9f8d2539eecc144f2dd938d6381b053468?s=96&d=mm&r=g","caption":"Annamaria Capozzi"}}]}},"amp_enabled":true,"_links":{"self":[{"href":"https:\/\/www.gossip.it\/api\/wp\/v2\/posts\/129767","targetHints":{"allow":["GET"]}}],"collection":[{"href":"https:\/\/www.gossip.it\/api\/wp\/v2\/posts"}],"about":[{"href":"https:\/\/www.gossip.it\/api\/wp\/v2\/types\/post"}],"author":[{"embeddable":true,"href":"https:\/\/www.gossip.it\/api\/wp\/v2\/users\/4"}],"replies":[{"embeddable":true,"href":"https:\/\/www.gossip.it\/api\/wp\/v2\/comments?post=129767"}],"version-history":[{"count":1,"href":"https:\/\/www.gossip.it\/api\/wp\/v2\/posts\/129767\/revisions"}],"predecessor-version":[{"id":141551,"href":"https:\/\/www.gossip.it\/api\/wp\/v2\/posts\/129767\/revisions\/141551"}],"wp:featuredmedia":[{"embeddable":true,"href":"https:\/\/www.gossip.it\/api\/wp\/v2\/media\/129768"}],"wp:attachment":[{"href":"https:\/\/www.gossip.it\/api\/wp\/v2\/media?parent=129767"}],"wp:term":[{"taxonomy":"category","embeddable":true,"href":"https:\/\/www.gossip.it\/api\/wp\/v2\/categories?post=129767"},{"taxonomy":"post_tag","embeddable":true,"href":"https:\/\/www.gossip.it\/api\/wp\/v2\/tags?post=129767"},{"taxonomy":"vip","embeddable":true,"href":"https:\/\/www.gossip.it\/api\/wp\/v2\/vip?post=129767"}],"curies":[{"name":"wp","href":"https:\/\/api.w.org\/{rel}","templated":true}]}}