{"id":131206,"date":"2022-07-28T13:24:22","date_gmt":"2022-07-28T11:24:22","guid":{"rendered":"https:\/\/www.gossip.it\/?p=131206"},"modified":"2022-07-28T16:17:13","modified_gmt":"2022-07-28T14:17:13","slug":"francesca-de-andre-dopo-aggressione-ex-ibiza","status":"publish","type":"post","link":"https:\/\/www.gossip.it\/news\/francesca-de-andre-dopo-aggressione-ex-ibiza\/","title":{"rendered":"Francesca De Andr\u00e8, dopo l'aggressione dell'ex la rinascita parte da Ibiza: foto"},"content":{"rendered":"\n<ul class=\"wp-block-list\"><li>L\u2019ex gieffina 32enne si rigenera nella famosa isola delle Baleari<\/li><li>Il padre Cristiano a Oggi: \u2018Ho provato a recuperare il rapporto, lei ha messo un muro\u2019<\/li><\/ul>\n\n\n\n<p><a href=\"http:\/\/www.gossip.it\/vip\/francesca-de-andre\">Francesca De Andr\u00e8<\/a> si riprende pian, piano la sua vita <strong>dopo<\/strong> l\u2019<strong>aggressione<\/strong> subita dall\u2019<strong>ex<\/strong> <a href=\"http:\/\/www.gossip.it\/vip\/giorgio-tambellini\">Giorgio Tambellini<\/a>, di cui, stando al suo racconto, sarebbe stata vittima per anni. La sua rinascita pare da <strong>Ibiza<\/strong>, dove sta trascorrendo alcuni giorni di vacanza: l\u2019ex gieffina 32enne si rigenera nella famosa isola delle Baleari, amatissima dai vip. Di notte, per\u00f2, le paure tornano ad assalirla, non ne fa mistero sul social.<\/p>\n\n\n\n<figure class=\"wp-block-image size-large is-resized\"><img decoding=\"async\" src=\"https:\/\/www.gossip.it\/wp-content\/uploads\/2022\/07\/de-adre-1-570x1024.jpg\" alt=\"\" class=\"wp-image-131207\" width=\"768\" height=\"1380\" srcset=\"https:\/\/www.gossip.it\/wp-content\/uploads\/2022\/07\/de-adre-1-570x1024.jpg 570w, https:\/\/www.gossip.it\/wp-content\/uploads\/2022\/07\/de-adre-1-167x300.jpg 167w, https:\/\/www.gossip.it\/wp-content\/uploads\/2022\/07\/de-adre-1-768x1379.jpg 768w, https:\/\/www.gossip.it\/wp-content\/uploads\/2022\/07\/de-adre-1-750x1347.jpg 750w, https:\/\/www.gossip.it\/wp-content\/uploads\/2022\/07\/de-adre-1.jpg 1134w\" sizes=\"(max-width: 768px) 100vw, 768px\" \/><figcaption>Francesca De Andr\u00e8, dopo l'aggressione dell'ex la rinascita parte da Ibiza<\/figcaption><\/figure>\n\n\n\n<p>Francesca si mostra bella e ammiccante, ma anche fragile. Nelle sue storie scrive: <em>\u201cE quando arriva la notte\u2026 Ho lottato un altro giorno per me stessa. E oggi non sono caduta. Ce l\u2019ho fatta\u2026 Per recuperare quella speranza di felicit\u00e0 che da tempo ho perso e quella costanza di volermi bene che, non mi vergogno di dirvi, non esiste ancora al 100 per cento. S\u00ec, perch\u00e9 \u00e8 inutile negarlo, costa fatica, faccio fatica. Ne ho passate tante nella vita e anche di peggiori delle ultime, avendo la forza di reagire subito da leonessa e da vincente. Ora faccio fatica, sono stanca di soffrire, tanto, ma, attenzione, \u2018faccio\u2019 vuol dire che sto facendo e non \u00e8 scontato. E voglio. Lo devo all\u2019amore per me stessa: continuare a fare\u201d.&nbsp;<\/em><\/p>\n\n\n\n<figure class=\"wp-block-image size-large is-resized\"><img decoding=\"async\" src=\"https:\/\/www.gossip.it\/wp-content\/uploads\/2022\/07\/de-andre-2-591x1024.jpg\" alt=\"\" class=\"wp-image-131208\" width=\"769\" height=\"1332\" srcset=\"https:\/\/www.gossip.it\/wp-content\/uploads\/2022\/07\/de-andre-2-591x1024.jpg 591w, https:\/\/www.gossip.it\/wp-content\/uploads\/2022\/07\/de-andre-2-173x300.jpg 173w, https:\/\/www.gossip.it\/wp-content\/uploads\/2022\/07\/de-andre-2-768x1331.jpg 768w, https:\/\/www.gossip.it\/wp-content\/uploads\/2022\/07\/de-andre-2-886x1536.jpg 886w, https:\/\/www.gossip.it\/wp-content\/uploads\/2022\/07\/de-andre-2-750x1300.jpg 750w, https:\/\/www.gossip.it\/wp-content\/uploads\/2022\/07\/de-andre-2.jpg 1134w\" sizes=\"(max-width: 769px) 100vw, 769px\" \/><figcaption>L\u2019ex gieffina 32enne si rigenera nella famosa isola delle Baleari<\/figcaption><\/figure>\n\n\n\n<p><em>\u201cArriver\u00e0 il giorno in cui anche i minimi dubbi che di notte, nel letto, ti bussano alla porta, maligni, spariranno\u201d, <\/em>aggiunge<em>.<\/em> A volte la malinconia l\u2019attanaglia e le toglie il respiro, cos\u00ec racconta. Lo sconforto prende il sopravvento, come anche la paura. La De Andr\u00e8, per\u00f2, vuole reagire. Vuole continuare a volersi bene: sente di meritare, come chiunque altro, l\u2019amore.<\/p>\n\n\n\n<p>Intanto il padre, <a href=\"http:\/\/www.gossip.it\/vip\/cristiano-de-andre\">Cristiano De Andr\u00e8<\/a>, in merito al rapporto conflittuale con la figlia, con cui non parla da tempo, al settimanale <em>Oggi<\/em> dice: \u201c<em>Mi provoca grande dolore. Ho provato in molti modi a recuperare un rapporto con lei, ma con scarsi risultati. Lei ha messo un muro. Spero che riusciremo a riavvicinarci, perch\u00e9 le voglio un bene dell\u2019anima\u201d.<\/em><\/p>\n\n\n\n<figure class=\"wp-block-image size-large is-resized\"><img decoding=\"async\" src=\"https:\/\/www.gossip.it\/wp-content\/uploads\/2022\/07\/de-adre-3-576x1024.jpg\" alt=\"\" class=\"wp-image-131209\" width=\"769\" height=\"1367\" srcset=\"https:\/\/www.gossip.it\/wp-content\/uploads\/2022\/07\/de-adre-3-576x1024.jpg 576w, https:\/\/www.gossip.it\/wp-content\/uploads\/2022\/07\/de-adre-3-169x300.jpg 169w, https:\/\/www.gossip.it\/wp-content\/uploads\/2022\/07\/de-adre-3-768x1366.jpg 768w, https:\/\/www.gossip.it\/wp-content\/uploads\/2022\/07\/de-adre-3-864x1536.jpg 864w, https:\/\/www.gossip.it\/wp-content\/uploads\/2022\/07\/de-adre-3-750x1334.jpg 750w, https:\/\/www.gossip.it\/wp-content\/uploads\/2022\/07\/de-adre-3.jpg 1134w\" sizes=\"(max-width: 769px) 100vw, 769px\" \/><figcaption>La mora cerca di riprendere in mano la sua vita e di volersi pi\u00f9 bene<\/figcaption><\/figure>\n\n\n\n<p>Il cantautore, accusato dalla mora anche al <em>GF<\/em>,&nbsp; precisa: <em>\u201cFrancesca \u00e8 stata inghiottita da un meccanismo pi\u00f9 grande che permette a dei ragazzi di diventare famosi dando il peggio di loro stessi. Si era messa una maschera e continua la recita: parlare male di me fa notizia, le ha permesso di andare in tv e sui giornali. Ma la situazione le \u00e8 sfuggita di mano\u201d.<\/em><\/p>\n","protected":false},"excerpt":{"rendered":"<p>L\u2019ex gieffina 32enne si rigenera nella famosa isola delle Baleari Il padre Cristiano a Oggi: \u2018Ho provato a recuperare il rapporto, lei ha messo un muro\u2019 Francesca De Andr\u00e8 si riprende pian, piano la sua vita dopo l\u2019aggressione subita dall\u2019ex Giorgio Tambellini, di cui, stando al suo racconto, sarebbe stata vittima per anni. La sua [&hellip;]<\/p>\n","protected":false},"author":4,"featured_media":131208,"comment_status":"open","ping_status":"closed","sticky":false,"template":"","format":"standard","meta":{"footnotes":""},"categories":[54],"tags":[7837,64039,64038,2106,64040,19682,4844,2487,40759],"vip":[774],"class_list":["post-131206","post","type-post","status-publish","format-standard","has-post-thumbnail","hentry","category-news","tag-baleari","tag-cristianodeandre","tag-francescadeandre","tag-gf","tag-giorgiotambellini","tag-grandefratello","tag-ibiza","tag-spagna","tag-spain","vip-francesca_de_andre"],"yoast_head":"<title>Francesca De Andr\u00e8, dopo l&#039;aggressione dell&#039;ex la rinascita parte da Ibiza: foto - Gossip.it | News sul Gossip e VIP<\/title>\n<meta name=\"description\" content=\"L\u2019ex gieffina 32enne si rigenera nella famosa isola delle BaleariIl padre Cristiano a Oggi: \u2018Ho provato a recuperare il rapporto, lei ha messo un muro\u2019\" \/>\n<meta name=\"robots\" content=\"index, follow, max-snippet:-1, max-image-preview:large, max-video-preview:-1\" \/>\n<link rel=\"canonical\" href=\"https:\/\/www.gossip.it\/news\/francesca-de-andre-dopo-aggressione-ex-ibiza\/\" \/>\n<meta property=\"og:locale\" content=\"it_IT\" \/>\n<meta property=\"og:type\" content=\"article\" \/>\n<meta property=\"og:title\" content=\"Francesca De Andr\u00e8, dopo l&#039;aggressione dell&#039;ex la rinascita parte da Ibiza: foto - Gossip.it | News sul Gossip e VIP\" \/>\n<meta property=\"og:description\" content=\"L\u2019ex gieffina 32enne si rigenera nella famosa isola delle BaleariIl padre Cristiano a Oggi: \u2018Ho provato a recuperare il rapporto, lei ha messo un muro\u2019\" \/>\n<meta property=\"og:url\" content=\"https:\/\/www.gossip.it\/news\/francesca-de-andre-dopo-aggressione-ex-ibiza\/\" \/>\n<meta property=\"og:site_name\" content=\"Gossip.it | News sul Gossip e VIP\" \/>\n<meta property=\"article:publisher\" content=\"https:\/\/www.facebook.com\/GossipIT\" \/>\n<meta property=\"article:published_time\" content=\"2022-07-28T11:24:22+00:00\" \/>\n<meta property=\"article:modified_time\" content=\"2022-07-28T14:17:13+00:00\" \/>\n<meta property=\"og:image\" content=\"https:\/\/www.gossip.it\/wp-content\/uploads\/2022\/07\/de-andre-2.jpg\" \/>\n\t<meta property=\"og:image:width\" content=\"1134\" \/>\n\t<meta property=\"og:image:height\" content=\"1966\" \/>\n\t<meta property=\"og:image:type\" content=\"image\/jpeg\" \/>\n<meta name=\"author\" content=\"Annamaria Capozzi\" \/>\n<meta name=\"twitter:card\" content=\"summary_large_image\" \/>\n<meta name=\"twitter:creator\" content=\"@gossinews_it\" \/>\n<meta name=\"twitter:site\" content=\"@gossinews_it\" \/>\n<meta name=\"twitter:label1\" content=\"Scritto da\" \/>\n\t<meta name=\"twitter:data1\" content=\"Annamaria Capozzi\" \/>\n\t<meta name=\"twitter:label2\" content=\"Tempo di lettura stimato\" \/>\n\t<meta name=\"twitter:data2\" content=\"3 minuti\" \/>","yoast_head_json":{"title":"Francesca De Andr\u00e8, dopo l'aggressione dell'ex la rinascita parte da Ibiza: foto - Gossip.it | News sul Gossip e VIP","description":"L\u2019ex gieffina 32enne si rigenera nella famosa isola delle BaleariIl padre Cristiano a Oggi: \u2018Ho provato a recuperare il rapporto, lei ha messo un muro\u2019","robots":{"index":"index","follow":"follow","max-snippet":"max-snippet:-1","max-image-preview":"max-image-preview:large","max-video-preview":"max-video-preview:-1"},"canonical":"https:\/\/www.gossip.it\/news\/francesca-de-andre-dopo-aggressione-ex-ibiza\/","og_locale":"it_IT","og_type":"article","og_title":"Francesca De Andr\u00e8, dopo l'aggressione dell'ex la rinascita parte da Ibiza: foto - Gossip.it | News sul Gossip e VIP","og_description":"L\u2019ex gieffina 32enne si rigenera nella famosa isola delle BaleariIl padre Cristiano a Oggi: \u2018Ho provato a recuperare il rapporto, lei ha messo un muro\u2019","og_url":"https:\/\/www.gossip.it\/news\/francesca-de-andre-dopo-aggressione-ex-ibiza\/","og_site_name":"Gossip.it | News sul Gossip e VIP","article_publisher":"https:\/\/www.facebook.com\/GossipIT","article_published_time":"2022-07-28T11:24:22+00:00","article_modified_time":"2022-07-28T14:17:13+00:00","og_image":[{"width":1134,"height":1966,"url":"https:\/\/www.gossip.it\/wp-content\/uploads\/2022\/07\/de-andre-2.jpg","type":"image\/jpeg"}],"author":"Annamaria Capozzi","twitter_card":"summary_large_image","twitter_creator":"@gossinews_it","twitter_site":"@gossinews_it","twitter_misc":{"Scritto da":"Annamaria Capozzi","Tempo di lettura stimato":"3 minuti"},"schema":{"@context":"https:\/\/schema.org","@graph":[{"@type":"Article","@id":"https:\/\/www.gossip.it\/news\/francesca-de-andre-dopo-aggressione-ex-ibiza\/#article","isPartOf":{"@id":"https:\/\/www.gossip.it\/news\/francesca-de-andre-dopo-aggressione-ex-ibiza\/"},"author":{"name":"Annamaria Capozzi","@id":"https:\/\/www.gossip.it\/#\/schema\/person\/4f99be5acc78d3f1b07a146d4fe8256b"},"headline":"Francesca De Andr\u00e8, dopo l'aggressione dell'ex la rinascita parte da Ibiza: foto","datePublished":"2022-07-28T11:24:22+00:00","dateModified":"2022-07-28T14:17:13+00:00","mainEntityOfPage":{"@id":"https:\/\/www.gossip.it\/news\/francesca-de-andre-dopo-aggressione-ex-ibiza\/"},"wordCount":463,"commentCount":0,"publisher":{"@id":"https:\/\/www.gossip.it\/#organization"},"image":{"@id":"https:\/\/www.gossip.it\/news\/francesca-de-andre-dopo-aggressione-ex-ibiza\/#primaryimage"},"thumbnailUrl":"https:\/\/www.gossip.it\/wp-content\/uploads\/2022\/07\/de-andre-2.jpg","keywords":["baleari","cristianodeandre","francescadeandre","gf","giorgiotambellini","grandefratello","ibiza","spagna","spain"],"articleSection":["News"],"inLanguage":"it-IT","potentialAction":[{"@type":"CommentAction","name":"Comment","target":["https:\/\/www.gossip.it\/news\/francesca-de-andre-dopo-aggressione-ex-ibiza\/#respond"]}]},{"@type":"WebPage","@id":"https:\/\/www.gossip.it\/news\/francesca-de-andre-dopo-aggressione-ex-ibiza\/","url":"https:\/\/www.gossip.it\/news\/francesca-de-andre-dopo-aggressione-ex-ibiza\/","name":"Francesca De Andr\u00e8, dopo l'aggressione dell'ex la rinascita parte da Ibiza: foto - Gossip.it | News sul Gossip e VIP","isPartOf":{"@id":"https:\/\/www.gossip.it\/#website"},"primaryImageOfPage":{"@id":"https:\/\/www.gossip.it\/news\/francesca-de-andre-dopo-aggressione-ex-ibiza\/#primaryimage"},"image":{"@id":"https:\/\/www.gossip.it\/news\/francesca-de-andre-dopo-aggressione-ex-ibiza\/#primaryimage"},"thumbnailUrl":"https:\/\/www.gossip.it\/wp-content\/uploads\/2022\/07\/de-andre-2.jpg","datePublished":"2022-07-28T11:24:22+00:00","dateModified":"2022-07-28T14:17:13+00:00","description":"L\u2019ex gieffina 32enne si rigenera nella famosa isola delle BaleariIl padre Cristiano a Oggi: \u2018Ho provato a recuperare il rapporto, lei ha messo un muro\u2019","breadcrumb":{"@id":"https:\/\/www.gossip.it\/news\/francesca-de-andre-dopo-aggressione-ex-ibiza\/#breadcrumb"},"inLanguage":"it-IT","potentialAction":[{"@type":"ReadAction","target":["https:\/\/www.gossip.it\/news\/francesca-de-andre-dopo-aggressione-ex-ibiza\/"]}]},{"@type":"ImageObject","inLanguage":"it-IT","@id":"https:\/\/www.gossip.it\/news\/francesca-de-andre-dopo-aggressione-ex-ibiza\/#primaryimage","url":"https:\/\/www.gossip.it\/wp-content\/uploads\/2022\/07\/de-andre-2.jpg","contentUrl":"https:\/\/www.gossip.it\/wp-content\/uploads\/2022\/07\/de-andre-2.jpg","width":1134,"height":1966},{"@type":"BreadcrumbList","@id":"https:\/\/www.gossip.it\/news\/francesca-de-andre-dopo-aggressione-ex-ibiza\/#breadcrumb","itemListElement":[{"@type":"ListItem","position":1,"name":"Home","item":"https:\/\/www.gossip.it\/"},{"@type":"ListItem","position":2,"name":"Francesca De Andr\u00e8, dopo l'aggressione dell'ex la rinascita parte da Ibiza: foto"}]},{"@type":"WebSite","@id":"https:\/\/www.gossip.it\/#website","url":"https:\/\/www.gossip.it\/","name":"Gossip and VIP News","description":"Quotidiano di cronaca rosa, costume e societ\u00e0","publisher":{"@id":"https:\/\/www.gossip.it\/#organization"},"alternateName":"Gossip and VIP News","potentialAction":[{"@type":"SearchAction","target":{"@type":"EntryPoint","urlTemplate":"https:\/\/www.gossip.it\/?s={search_term_string}"},"query-input":{"@type":"PropertyValueSpecification","valueRequired":true,"valueName":"search_term_string"}}],"inLanguage":"it-IT"},{"@type":"Organization","@id":"https:\/\/www.gossip.it\/#organization","name":"Gossip and VIP News","alternateName":"Gossip News","url":"https:\/\/www.gossip.it\/","logo":{"@type":"ImageObject","inLanguage":"it-IT","@id":"https:\/\/www.gossip.it\/#\/schema\/logo\/image\/","url":"https:\/\/www.gossip.it\/wp-content\/uploads\/2022\/04\/cropped-corna-alta-tiny.png","contentUrl":"https:\/\/www.gossip.it\/wp-content\/uploads\/2022\/04\/cropped-corna-alta-tiny.png","width":512,"height":512,"caption":"Gossip and VIP News"},"image":{"@id":"https:\/\/www.gossip.it\/#\/schema\/logo\/image\/"},"sameAs":["https:\/\/www.facebook.com\/GossipIT","https:\/\/x.com\/gossinews_it","https:\/\/instagram.com\/gossip_it"]},{"@type":"Person","@id":"https:\/\/www.gossip.it\/#\/schema\/person\/4f99be5acc78d3f1b07a146d4fe8256b","name":"Annamaria Capozzi","image":{"@type":"ImageObject","inLanguage":"it-IT","@id":"https:\/\/www.gossip.it\/#\/schema\/person\/image\/","url":"https:\/\/secure.gravatar.com\/avatar\/a8f8ec0362739e51683bf764949dfb9f8d2539eecc144f2dd938d6381b053468?s=96&d=mm&r=g","contentUrl":"https:\/\/secure.gravatar.com\/avatar\/a8f8ec0362739e51683bf764949dfb9f8d2539eecc144f2dd938d6381b053468?s=96&d=mm&r=g","caption":"Annamaria Capozzi"}}]}},"amp_enabled":true,"_links":{"self":[{"href":"https:\/\/www.gossip.it\/api\/wp\/v2\/posts\/131206","targetHints":{"allow":["GET"]}}],"collection":[{"href":"https:\/\/www.gossip.it\/api\/wp\/v2\/posts"}],"about":[{"href":"https:\/\/www.gossip.it\/api\/wp\/v2\/types\/post"}],"author":[{"embeddable":true,"href":"https:\/\/www.gossip.it\/api\/wp\/v2\/users\/4"}],"replies":[{"embeddable":true,"href":"https:\/\/www.gossip.it\/api\/wp\/v2\/comments?post=131206"}],"version-history":[{"count":0,"href":"https:\/\/www.gossip.it\/api\/wp\/v2\/posts\/131206\/revisions"}],"wp:featuredmedia":[{"embeddable":true,"href":"https:\/\/www.gossip.it\/api\/wp\/v2\/media\/131208"}],"wp:attachment":[{"href":"https:\/\/www.gossip.it\/api\/wp\/v2\/media?parent=131206"}],"wp:term":[{"taxonomy":"category","embeddable":true,"href":"https:\/\/www.gossip.it\/api\/wp\/v2\/categories?post=131206"},{"taxonomy":"post_tag","embeddable":true,"href":"https:\/\/www.gossip.it\/api\/wp\/v2\/tags?post=131206"},{"taxonomy":"vip","embeddable":true,"href":"https:\/\/www.gossip.it\/api\/wp\/v2\/vip?post=131206"}],"curies":[{"name":"wp","href":"https:\/\/api.w.org\/{rel}","templated":true}]}}