{"id":132635,"date":"2022-09-02T10:45:28","date_gmt":"2022-09-02T08:45:28","guid":{"rendered":"https:\/\/www.gossip.it\/?p=132635"},"modified":"2022-09-04T11:14:38","modified_gmt":"2022-09-04T09:14:38","slug":"sonia-bruganelli-non-vivra-piu-marito-paolo-bonolis-mi-trasferisco-da-sola","status":"publish","type":"post","link":"https:\/\/www.gossip.it\/news\/sonia-bruganelli-non-vivra-piu-marito-paolo-bonolis-mi-trasferisco-da-sola\/","title":{"rendered":"Sonia Bruganelli non vivr\u00e0 pi\u00f9 con il marito Paolo Bonolis: ''Mi trasferisco in un'altra casa da sola''"},"content":{"rendered":"\n<ul class=\"wp-block-list\"><li>L\u2019opinionista e imprenditrice lascia il tetto coniugale, ma non andr\u00e0 a vivere molto lontano<\/li><li>Preferisce avere un appartamento tutto suo, anche se comunicante con quello del marito<\/li><li>Pensa che questo sia il segreto per avere un matrimonio che duri a lungo<\/li><\/ul>\n\n\n\n<p><strong>Sonia Bruganelli<\/strong> e <strong>Paolo Bonolis<\/strong> non vivranno pi\u00f9 sotto lo <strong>stesso tetto<\/strong>. L\u2019opinionista del <em>\u2018Grande Fratello Vip\u2019 <\/em>ha rivelato di stare per trasferirsi in un <strong>appartamento<\/strong> che sta ristrutturando, con lei andr\u00e0 anche sua figlia Adele, la terzogenita. Silvia, la pi\u00f9 grande, rimarr\u00e0 col padre. Quando durante un\u2019intervista rilasciata a <em>\u2018Il Corriere della Sera\u2019<\/em> le \u00e8 stato chiesto se dorme nella stessa camera da letto con il compagno sposato nel 2002 (e con cui ha anche Davide), ha risposto: <em>\u201cDormire in camere separate \u00e8 un <strong>segno di civilt\u00e0<\/strong>! Comunque noi adesso andiamo oltre: sto sistemando la mia <strong>nuova casa<\/strong>, dove mi trasferir\u00f2 da sola con Adele. Silvia resta con lui\u201d<\/em>.<\/p>\n\n\n\n<figure class=\"wp-block-image size-large\"><img decoding=\"async\" width=\"969\" height=\"1024\" src=\"https:\/\/www.gossip.it\/wp-content\/uploads\/2022\/09\/bruganelli_1-2-969x1024.jpg\" alt=\"\" class=\"wp-image-132639\" srcset=\"https:\/\/www.gossip.it\/wp-content\/uploads\/2022\/09\/bruganelli_1-2-969x1024.jpg 969w, https:\/\/www.gossip.it\/wp-content\/uploads\/2022\/09\/bruganelli_1-2-284x300.jpg 284w, https:\/\/www.gossip.it\/wp-content\/uploads\/2022\/09\/bruganelli_1-2-768x811.jpg 768w, https:\/\/www.gossip.it\/wp-content\/uploads\/2022\/09\/bruganelli_1-2-750x792.jpg 750w, https:\/\/www.gossip.it\/wp-content\/uploads\/2022\/09\/bruganelli_1-2.jpg 1134w\" sizes=\"(max-width: 969px) 100vw, 969px\" \/><figcaption>Sonia Bruganelli, 48 anni, spiega di stare per andare a vivere in una casa da sola, senza il marito Paolo Bonolis<\/figcaption><\/figure>\n\n\n\n<p>A questo punto il giornalista, un po\u2019 stupito, le ha domandato se il rapporto sentimentale con Bonolis esista ancora. La 48enne romana ha replicato: <em>\u201cCerto! Ma in<strong> palazzi diversi<\/strong>, comunicanti da una doppia porta sul terrazzo. \u00c8 il segreto per restare insieme tutta la vita\u201d<\/em>.<\/p>\n\n\n\n<figure class=\"wp-block-image size-large\"><img decoding=\"async\" width=\"1024\" height=\"1024\" src=\"https:\/\/www.gossip.it\/wp-content\/uploads\/2022\/09\/bruganelli_2-1-1024x1024.jpg\" alt=\"\" class=\"wp-image-132640\" srcset=\"https:\/\/www.gossip.it\/wp-content\/uploads\/2022\/09\/bruganelli_2-1-1024x1024.jpg 1024w, https:\/\/www.gossip.it\/wp-content\/uploads\/2022\/09\/bruganelli_2-1-300x300.jpg 300w, https:\/\/www.gossip.it\/wp-content\/uploads\/2022\/09\/bruganelli_2-1-150x150.jpg 150w, https:\/\/www.gossip.it\/wp-content\/uploads\/2022\/09\/bruganelli_2-1-768x768.jpg 768w, https:\/\/www.gossip.it\/wp-content\/uploads\/2022\/09\/bruganelli_2-1-75x75.jpg 75w, https:\/\/www.gossip.it\/wp-content\/uploads\/2022\/09\/bruganelli_2-1-750x750.jpg 750w, https:\/\/www.gossip.it\/wp-content\/uploads\/2022\/09\/bruganelli_2-1.jpg 1134w\" sizes=\"(max-width: 1024px) 100vw, 1024px\" \/><figcaption>Sonia ha mostrato anche la planimetria relativa ai lavori di ristrutturazione che sta facendo fare (nella foto \u00e8 chiaramente su un areo privato)<\/figcaption><\/figure>\n\n\n\n<p>Tra poche settimane Sonia sar\u00e0 di nuovo seduta sulla poltrona dello studio del \u2018Grande Fratello Vip\u2019 come opinionista. Aveva detto che non lo avrebbe rifatto. <em>\u201cOra \u00e8 diverso. Sar\u00f2 con <strong>Orietta Berti<\/strong>: l\u2019ammiro e la stimo, non si prende sul serio, come me\u201d<\/em>, ha sottolineato.<\/p>\n\n\n\n<p>Quando le \u00e8 stato chiesto del <strong>litigio<\/strong> avuto in diretta con Signorini durante una delle puntate della scorsa edizione, ha replicato: \u201c<em>Mi aveva tolto la parola di malo modo. Quel litigio ci ha avvicinato. Ho scoperto una persona simile a me: ha una fragilit\u00e0 nascosta dall\u2019essere eccentrico, sembra spietato, ma \u00e8 un <strong>tenerone<\/strong>\u201d<\/em>.<\/p>\n","protected":false},"excerpt":{"rendered":"<p>L\u2019opinionista e imprenditrice lascia il tetto coniugale, ma non andr\u00e0 a vivere molto lontano Preferisce avere un appartamento tutto suo, anche se comunicante con quello del marito Pensa che questo sia il segreto per avere un matrimonio che duri a lungo Sonia Bruganelli e Paolo Bonolis non vivranno pi\u00f9 sotto lo stesso tetto. L\u2019opinionista del [&hellip;]<\/p>\n","protected":false},"author":1,"featured_media":132639,"comment_status":"open","ping_status":"closed","sticky":false,"template":"","format":"standard","meta":{"footnotes":""},"categories":[54],"tags":[],"vip":[1466,1716],"class_list":["post-132635","post","type-post","status-publish","format-standard","has-post-thumbnail","hentry","category-news","vip-paolo_bonolis","vip-sonia_bruganelli"],"yoast_head":"<title>Sonia Bruganelli non vivr\u00e0 pi\u00f9 con il marito Paolo Bonolis: &#039;&#039;Mi trasferisco in un&#039;altra casa da sola&#039;&#039; - Gossip.it | News sul Gossip e VIP<\/title>\n<meta name=\"description\" content=\"L\u2019opinionista e imprenditrice lascia il tetto coniugale, ma non andr\u00e0 a vivere molto lontano...\" \/>\n<meta name=\"robots\" content=\"index, follow, max-snippet:-1, max-image-preview:large, max-video-preview:-1\" \/>\n<link rel=\"canonical\" href=\"https:\/\/www.gossip.it\/news\/sonia-bruganelli-non-vivra-piu-marito-paolo-bonolis-mi-trasferisco-da-sola\/\" \/>\n<meta property=\"og:locale\" content=\"it_IT\" \/>\n<meta property=\"og:type\" content=\"article\" \/>\n<meta property=\"og:title\" content=\"Sonia Bruganelli non vivr\u00e0 pi\u00f9 con il marito Paolo Bonolis: &#039;&#039;Mi trasferisco in un&#039;altra casa da sola&#039;&#039; - Gossip.it | News sul Gossip e VIP\" \/>\n<meta property=\"og:description\" content=\"L\u2019opinionista e imprenditrice lascia il tetto coniugale, ma non andr\u00e0 a vivere molto lontano...\" \/>\n<meta property=\"og:url\" content=\"https:\/\/www.gossip.it\/news\/sonia-bruganelli-non-vivra-piu-marito-paolo-bonolis-mi-trasferisco-da-sola\/\" \/>\n<meta property=\"og:site_name\" content=\"Gossip.it | News sul Gossip e VIP\" \/>\n<meta property=\"article:publisher\" content=\"https:\/\/www.facebook.com\/GossipIT\" \/>\n<meta property=\"article:published_time\" content=\"2022-09-02T08:45:28+00:00\" \/>\n<meta property=\"article:modified_time\" content=\"2022-09-04T09:14:38+00:00\" \/>\n<meta property=\"og:image\" content=\"https:\/\/www.gossip.it\/wp-content\/uploads\/2022\/09\/bruganelli_1-2.jpg\" \/>\n\t<meta property=\"og:image:width\" content=\"1134\" \/>\n\t<meta property=\"og:image:height\" content=\"1198\" \/>\n\t<meta property=\"og:image:type\" content=\"image\/jpeg\" \/>\n<meta name=\"author\" content=\"La Redazione\" \/>\n<meta name=\"twitter:card\" content=\"summary_large_image\" \/>\n<meta name=\"twitter:creator\" content=\"@gossinews_it\" \/>\n<meta name=\"twitter:site\" content=\"@gossinews_it\" \/>\n<meta name=\"twitter:label1\" content=\"Scritto da\" \/>\n\t<meta name=\"twitter:data1\" content=\"La Redazione\" \/>\n\t<meta name=\"twitter:label2\" content=\"Tempo di lettura stimato\" \/>\n\t<meta name=\"twitter:data2\" content=\"3 minuti\" \/>","yoast_head_json":{"title":"Sonia Bruganelli non vivr\u00e0 pi\u00f9 con il marito Paolo Bonolis: ''Mi trasferisco in un'altra casa da sola'' - Gossip.it | News sul Gossip e VIP","description":"L\u2019opinionista e imprenditrice lascia il tetto coniugale, ma non andr\u00e0 a vivere molto lontano...","robots":{"index":"index","follow":"follow","max-snippet":"max-snippet:-1","max-image-preview":"max-image-preview:large","max-video-preview":"max-video-preview:-1"},"canonical":"https:\/\/www.gossip.it\/news\/sonia-bruganelli-non-vivra-piu-marito-paolo-bonolis-mi-trasferisco-da-sola\/","og_locale":"it_IT","og_type":"article","og_title":"Sonia Bruganelli non vivr\u00e0 pi\u00f9 con il marito Paolo Bonolis: ''Mi trasferisco in un'altra casa da sola'' - Gossip.it | News sul Gossip e VIP","og_description":"L\u2019opinionista e imprenditrice lascia il tetto coniugale, ma non andr\u00e0 a vivere molto lontano...","og_url":"https:\/\/www.gossip.it\/news\/sonia-bruganelli-non-vivra-piu-marito-paolo-bonolis-mi-trasferisco-da-sola\/","og_site_name":"Gossip.it | News sul Gossip e VIP","article_publisher":"https:\/\/www.facebook.com\/GossipIT","article_published_time":"2022-09-02T08:45:28+00:00","article_modified_time":"2022-09-04T09:14:38+00:00","og_image":[{"width":1134,"height":1198,"url":"https:\/\/www.gossip.it\/wp-content\/uploads\/2022\/09\/bruganelli_1-2.jpg","type":"image\/jpeg"}],"author":"La Redazione","twitter_card":"summary_large_image","twitter_creator":"@gossinews_it","twitter_site":"@gossinews_it","twitter_misc":{"Scritto da":"La Redazione","Tempo di lettura stimato":"3 minuti"},"schema":{"@context":"https:\/\/schema.org","@graph":[{"@type":"Article","@id":"https:\/\/www.gossip.it\/news\/sonia-bruganelli-non-vivra-piu-marito-paolo-bonolis-mi-trasferisco-da-sola\/#article","isPartOf":{"@id":"https:\/\/www.gossip.it\/news\/sonia-bruganelli-non-vivra-piu-marito-paolo-bonolis-mi-trasferisco-da-sola\/"},"author":{"name":"La Redazione","@id":"https:\/\/www.gossip.it\/#\/schema\/person\/488896f75158bff1cc83c6c39d141110"},"headline":"Sonia Bruganelli non vivr\u00e0 pi\u00f9 con il marito Paolo Bonolis: ''Mi trasferisco in un'altra casa da sola''","datePublished":"2022-09-02T08:45:28+00:00","dateModified":"2022-09-04T09:14:38+00:00","mainEntityOfPage":{"@id":"https:\/\/www.gossip.it\/news\/sonia-bruganelli-non-vivra-piu-marito-paolo-bonolis-mi-trasferisco-da-sola\/"},"wordCount":352,"commentCount":0,"publisher":{"@id":"https:\/\/www.gossip.it\/#organization"},"image":{"@id":"https:\/\/www.gossip.it\/news\/sonia-bruganelli-non-vivra-piu-marito-paolo-bonolis-mi-trasferisco-da-sola\/#primaryimage"},"thumbnailUrl":"https:\/\/www.gossip.it\/wp-content\/uploads\/2022\/09\/bruganelli_1-2.jpg","articleSection":["News"],"inLanguage":"it-IT","potentialAction":[{"@type":"CommentAction","name":"Comment","target":["https:\/\/www.gossip.it\/news\/sonia-bruganelli-non-vivra-piu-marito-paolo-bonolis-mi-trasferisco-da-sola\/#respond"]}]},{"@type":"WebPage","@id":"https:\/\/www.gossip.it\/news\/sonia-bruganelli-non-vivra-piu-marito-paolo-bonolis-mi-trasferisco-da-sola\/","url":"https:\/\/www.gossip.it\/news\/sonia-bruganelli-non-vivra-piu-marito-paolo-bonolis-mi-trasferisco-da-sola\/","name":"Sonia Bruganelli non vivr\u00e0 pi\u00f9 con il marito Paolo Bonolis: ''Mi trasferisco in un'altra casa da sola'' - Gossip.it | News sul Gossip e VIP","isPartOf":{"@id":"https:\/\/www.gossip.it\/#website"},"primaryImageOfPage":{"@id":"https:\/\/www.gossip.it\/news\/sonia-bruganelli-non-vivra-piu-marito-paolo-bonolis-mi-trasferisco-da-sola\/#primaryimage"},"image":{"@id":"https:\/\/www.gossip.it\/news\/sonia-bruganelli-non-vivra-piu-marito-paolo-bonolis-mi-trasferisco-da-sola\/#primaryimage"},"thumbnailUrl":"https:\/\/www.gossip.it\/wp-content\/uploads\/2022\/09\/bruganelli_1-2.jpg","datePublished":"2022-09-02T08:45:28+00:00","dateModified":"2022-09-04T09:14:38+00:00","description":"L\u2019opinionista e imprenditrice lascia il tetto coniugale, ma non andr\u00e0 a vivere molto lontano...","breadcrumb":{"@id":"https:\/\/www.gossip.it\/news\/sonia-bruganelli-non-vivra-piu-marito-paolo-bonolis-mi-trasferisco-da-sola\/#breadcrumb"},"inLanguage":"it-IT","potentialAction":[{"@type":"ReadAction","target":["https:\/\/www.gossip.it\/news\/sonia-bruganelli-non-vivra-piu-marito-paolo-bonolis-mi-trasferisco-da-sola\/"]}]},{"@type":"ImageObject","inLanguage":"it-IT","@id":"https:\/\/www.gossip.it\/news\/sonia-bruganelli-non-vivra-piu-marito-paolo-bonolis-mi-trasferisco-da-sola\/#primaryimage","url":"https:\/\/www.gossip.it\/wp-content\/uploads\/2022\/09\/bruganelli_1-2.jpg","contentUrl":"https:\/\/www.gossip.it\/wp-content\/uploads\/2022\/09\/bruganelli_1-2.jpg","width":1134,"height":1198},{"@type":"BreadcrumbList","@id":"https:\/\/www.gossip.it\/news\/sonia-bruganelli-non-vivra-piu-marito-paolo-bonolis-mi-trasferisco-da-sola\/#breadcrumb","itemListElement":[{"@type":"ListItem","position":1,"name":"Home","item":"https:\/\/www.gossip.it\/"},{"@type":"ListItem","position":2,"name":"Sonia Bruganelli non vivr\u00e0 pi\u00f9 con il marito Paolo Bonolis: ''Mi trasferisco in un'altra casa da sola''"}]},{"@type":"WebSite","@id":"https:\/\/www.gossip.it\/#website","url":"https:\/\/www.gossip.it\/","name":"Gossip and VIP News","description":"Quotidiano di cronaca rosa, costume e societ\u00e0","publisher":{"@id":"https:\/\/www.gossip.it\/#organization"},"alternateName":"Gossip and VIP News","potentialAction":[{"@type":"SearchAction","target":{"@type":"EntryPoint","urlTemplate":"https:\/\/www.gossip.it\/?s={search_term_string}"},"query-input":{"@type":"PropertyValueSpecification","valueRequired":true,"valueName":"search_term_string"}}],"inLanguage":"it-IT"},{"@type":"Organization","@id":"https:\/\/www.gossip.it\/#organization","name":"Gossip and VIP News","alternateName":"Gossip News","url":"https:\/\/www.gossip.it\/","logo":{"@type":"ImageObject","inLanguage":"it-IT","@id":"https:\/\/www.gossip.it\/#\/schema\/logo\/image\/","url":"https:\/\/www.gossip.it\/wp-content\/uploads\/2022\/04\/cropped-corna-alta-tiny.png","contentUrl":"https:\/\/www.gossip.it\/wp-content\/uploads\/2022\/04\/cropped-corna-alta-tiny.png","width":512,"height":512,"caption":"Gossip and VIP News"},"image":{"@id":"https:\/\/www.gossip.it\/#\/schema\/logo\/image\/"},"sameAs":["https:\/\/www.facebook.com\/GossipIT","https:\/\/x.com\/gossinews_it","https:\/\/instagram.com\/gossip_it"]},{"@type":"Person","@id":"https:\/\/www.gossip.it\/#\/schema\/person\/488896f75158bff1cc83c6c39d141110","name":"La Redazione","image":{"@type":"ImageObject","inLanguage":"it-IT","@id":"https:\/\/www.gossip.it\/#\/schema\/person\/image\/","url":"https:\/\/secure.gravatar.com\/avatar\/5a5f5c6fa3e6700e4249abdad0263a1e94e927d9e0499b1cb09c1cd29c044d80?s=96&d=mm&r=g","contentUrl":"https:\/\/secure.gravatar.com\/avatar\/5a5f5c6fa3e6700e4249abdad0263a1e94e927d9e0499b1cb09c1cd29c044d80?s=96&d=mm&r=g","caption":"La Redazione"},"sameAs":["https:\/\/www.gossip.it"]}]}},"amp_enabled":true,"_links":{"self":[{"href":"https:\/\/www.gossip.it\/api\/wp\/v2\/posts\/132635","targetHints":{"allow":["GET"]}}],"collection":[{"href":"https:\/\/www.gossip.it\/api\/wp\/v2\/posts"}],"about":[{"href":"https:\/\/www.gossip.it\/api\/wp\/v2\/types\/post"}],"author":[{"embeddable":true,"href":"https:\/\/www.gossip.it\/api\/wp\/v2\/users\/1"}],"replies":[{"embeddable":true,"href":"https:\/\/www.gossip.it\/api\/wp\/v2\/comments?post=132635"}],"version-history":[{"count":0,"href":"https:\/\/www.gossip.it\/api\/wp\/v2\/posts\/132635\/revisions"}],"wp:featuredmedia":[{"embeddable":true,"href":"https:\/\/www.gossip.it\/api\/wp\/v2\/media\/132639"}],"wp:attachment":[{"href":"https:\/\/www.gossip.it\/api\/wp\/v2\/media?parent=132635"}],"wp:term":[{"taxonomy":"category","embeddable":true,"href":"https:\/\/www.gossip.it\/api\/wp\/v2\/categories?post=132635"},{"taxonomy":"post_tag","embeddable":true,"href":"https:\/\/www.gossip.it\/api\/wp\/v2\/tags?post=132635"},{"taxonomy":"vip","embeddable":true,"href":"https:\/\/www.gossip.it\/api\/wp\/v2\/vip?post=132635"}],"curies":[{"name":"wp","href":"https:\/\/api.w.org\/{rel}","templated":true}]}}