{"id":132800,"date":"2022-09-06T10:07:02","date_gmt":"2022-09-06T08:07:02","guid":{"rendered":"https:\/\/www.gossip.it\/?p=132800"},"modified":"2022-09-06T10:07:55","modified_gmt":"2022-09-06T08:07:55","slug":"i-10-ricordi-piu-belli-di-emma-marrone-con-il-papa-rosario","status":"publish","type":"post","link":"https:\/\/www.gossip.it\/foto\/i-10-ricordi-piu-belli-di-emma-marrone-con-il-papa-rosario\/","title":{"rendered":"I 10 ricordi pi\u00f9 belli di Emma Marrone con il pap\u00e0 Rosario"},"content":{"rendered":"\n<p>La cantante salentina ha perso il\u00a0<strong>pap\u00e0 Rosario<\/strong>,\u00a0<strong>scomparso improvvisamente\u00a0<\/strong>a 66 anni. L\u2019annuncio \u00e8 arrivato a sorpresa scatenando una valanga di commozione. Ecco le foto pi\u00f9 belle che Emma e il pap\u00e0 avevano condiviso...<\/p>\n\n\n<div class=\"lazyblock-gossip-gallery-Z11W8vV align  wp-block-lazyblock-gossip-gallery\"><div class=\"carousel slide newCarouselGossip\" data-ride=\"carousel\" id=\"photoGalleryCarousel\"><div class=\"carousel-inner owl-carousel\"><div class=\"gallery_image active center \" ><div class=\"gallery_box\"> \n                        <div class=\"gallery_image_inside\"><img decoding=\"async\" width=\"1024\" height=\"1024\" src=\"https:\/\/www.gossip.it\/wp-content\/uploads\/2022\/09\/emma_padre_1-1024x1024.jpg\" class=\"attachment-large size-large\" alt=\"\" srcset=\"https:\/\/www.gossip.it\/wp-content\/uploads\/2022\/09\/emma_padre_1-1024x1024.jpg 1024w, https:\/\/www.gossip.it\/wp-content\/uploads\/2022\/09\/emma_padre_1-300x300.jpg 300w, https:\/\/www.gossip.it\/wp-content\/uploads\/2022\/09\/emma_padre_1-150x150.jpg 150w, https:\/\/www.gossip.it\/wp-content\/uploads\/2022\/09\/emma_padre_1-768x768.jpg 768w, https:\/\/www.gossip.it\/wp-content\/uploads\/2022\/09\/emma_padre_1-75x75.jpg 75w, https:\/\/www.gossip.it\/wp-content\/uploads\/2022\/09\/emma_padre_1-750x750.jpg 750w, https:\/\/www.gossip.it\/wp-content\/uploads\/2022\/09\/emma_padre_1.jpg 1134w\" sizes=\"(max-width: 1024px) 100vw, 1024px\" \/><div class=\"gallery_caption\"><b>1. Rosario Marrone ed Emma<\/b><br>Classe 1955,\u00a0Rosario Marrone, il padre di Emma Marrone, ha dedicato la propria vita alla musica e alla famiglia. E\u2019 scomparso improvvisamente a 66 anni.<\/div>\n                        <\/div>\n                     <\/div><\/div><div class=\"gallery_image active center \" ><div class=\"gallery_box\"> \n                        <div class=\"gallery_image_inside\"><img decoding=\"async\" width=\"958\" height=\"1024\" src=\"https:\/\/www.gossip.it\/wp-content\/uploads\/2022\/09\/emma_padre_2-958x1024.jpg\" class=\"attachment-large size-large\" alt=\"\" srcset=\"https:\/\/www.gossip.it\/wp-content\/uploads\/2022\/09\/emma_padre_2-958x1024.jpg 958w, https:\/\/www.gossip.it\/wp-content\/uploads\/2022\/09\/emma_padre_2-281x300.jpg 281w, https:\/\/www.gossip.it\/wp-content\/uploads\/2022\/09\/emma_padre_2-768x821.jpg 768w, https:\/\/www.gossip.it\/wp-content\/uploads\/2022\/09\/emma_padre_2-750x802.jpg 750w, https:\/\/www.gossip.it\/wp-content\/uploads\/2022\/09\/emma_padre_2.jpg 1134w\" sizes=\"(max-width: 958px) 100vw, 958px\" \/><div class=\"gallery_caption\"><b>2. Emma Marrone il pap\u00e0 Rosario<\/b><br> Musicista, amante della chitarra e dotato di una bellissima voce, oltre ad aver lavorato come infermiere, ha sempre alimentato la sua passione per la musica suonando nei locali e facendosi accompagnare da Emma che ha cominciato a muovere i primi passi con lui. <\/div>\n                        <\/div>\n                     <\/div><\/div><div class=\"gallery_image active center \" ><div class=\"gallery_box\"> \n                        <div class=\"gallery_image_inside\"><img decoding=\"async\" width=\"819\" height=\"1024\" src=\"https:\/\/www.gossip.it\/wp-content\/uploads\/2022\/09\/emma_padre_8-819x1024.jpg\" class=\"attachment-large size-large\" alt=\"\" srcset=\"https:\/\/www.gossip.it\/wp-content\/uploads\/2022\/09\/emma_padre_8-819x1024.jpg 819w, https:\/\/www.gossip.it\/wp-content\/uploads\/2022\/09\/emma_padre_8-240x300.jpg 240w, https:\/\/www.gossip.it\/wp-content\/uploads\/2022\/09\/emma_padre_8-768x960.jpg 768w, https:\/\/www.gossip.it\/wp-content\/uploads\/2022\/09\/emma_padre_8-750x938.jpg 750w, https:\/\/www.gossip.it\/wp-content\/uploads\/2022\/09\/emma_padre_8.jpg 1134w\" sizes=\"(max-width: 819px) 100vw, 819px\" \/><div class=\"gallery_caption\">  <b>3. Emma Marrone il pap\u00e0 Rosario<\/b><br> Rosario \u00e8 stato un punto di riferimento per i figli e la\u00a0moglie Maria Marchese\u00a0con cui, da giovanissimo, ha cullato il sogno di formare una famiglia.<\/div>\n                        <\/div>\n                     <\/div><\/div><div class=\"gallery_image\"><div class=\"banner\"><!-- Banner #369 - START --><div class=\"gmp-repeat_pl banner\" style=\"display:block;min-height: 250px;\"><\/div><!-- Banner #369 - END --><\/div><\/div><div class=\"gallery_image active center \" ><div class=\"gallery_box\"> \n                        <div class=\"gallery_image_inside\"><img decoding=\"async\" width=\"819\" height=\"1024\" src=\"https:\/\/www.gossip.it\/wp-content\/uploads\/2022\/09\/emma_padre_6-819x1024.jpg\" class=\"attachment-large size-large\" alt=\"\" srcset=\"https:\/\/www.gossip.it\/wp-content\/uploads\/2022\/09\/emma_padre_6-819x1024.jpg 819w, https:\/\/www.gossip.it\/wp-content\/uploads\/2022\/09\/emma_padre_6-240x300.jpg 240w, https:\/\/www.gossip.it\/wp-content\/uploads\/2022\/09\/emma_padre_6-768x960.jpg 768w, https:\/\/www.gossip.it\/wp-content\/uploads\/2022\/09\/emma_padre_6-750x938.jpg 750w, https:\/\/www.gossip.it\/wp-content\/uploads\/2022\/09\/emma_padre_6.jpg 1134w\" sizes=\"(max-width: 819px) 100vw, 819px\" \/><div class=\"gallery_caption\"><b>4. Emma Marrone il pap\u00e0 Rosario<\/b><br> Una famiglia, quella di Emma che Rosario, pugliese e salentino doc, ha cominciato a formare a Firenze dove la cantante \u00e8 nata nel 1984 e dove, all\u2019epoca, il pap\u00e0 lavorava. <\/div>\n                        <\/div>\n                     <\/div><\/div><div class=\"gallery_image active center \" ><div class=\"gallery_box\"> \n                        <div class=\"gallery_image_inside\"><img decoding=\"async\" width=\"819\" height=\"1024\" src=\"https:\/\/www.gossip.it\/wp-content\/uploads\/2022\/09\/emma_padre_10-819x1024.jpg\" class=\"attachment-large size-large\" alt=\"\" srcset=\"https:\/\/www.gossip.it\/wp-content\/uploads\/2022\/09\/emma_padre_10-819x1024.jpg 819w, https:\/\/www.gossip.it\/wp-content\/uploads\/2022\/09\/emma_padre_10-240x300.jpg 240w, https:\/\/www.gossip.it\/wp-content\/uploads\/2022\/09\/emma_padre_10-768x960.jpg 768w, https:\/\/www.gossip.it\/wp-content\/uploads\/2022\/09\/emma_padre_10-750x938.jpg 750w, https:\/\/www.gossip.it\/wp-content\/uploads\/2022\/09\/emma_padre_10.jpg 1134w\" sizes=\"(max-width: 819px) 100vw, 819px\" \/><div class=\"gallery_caption\"><b>5. Emma Marrone il pap\u00e0 Rosario<\/b><br> Legatissimo alle proprie origini, il signor Marrone \u00e8 poi riuscito a tornare in Puglia con la sua famiglia e, oltre a lavorare e ad alimentare la passione per la musica, amava anche gli animali e la bicicletta.<\/div>\n                        <\/div>\n                     <\/div><\/div><div class=\"gallery_image active center \" ><div class=\"gallery_box\"> \n                        <div class=\"gallery_image_inside\"><img decoding=\"async\" width=\"819\" height=\"1024\" src=\"https:\/\/www.gossip.it\/wp-content\/uploads\/2022\/09\/emma_padre_9-819x1024.jpg\" class=\"attachment-large size-large\" alt=\"\" srcset=\"https:\/\/www.gossip.it\/wp-content\/uploads\/2022\/09\/emma_padre_9-819x1024.jpg 819w, https:\/\/www.gossip.it\/wp-content\/uploads\/2022\/09\/emma_padre_9-240x300.jpg 240w, https:\/\/www.gossip.it\/wp-content\/uploads\/2022\/09\/emma_padre_9-768x960.jpg 768w, https:\/\/www.gossip.it\/wp-content\/uploads\/2022\/09\/emma_padre_9-750x938.jpg 750w, https:\/\/www.gossip.it\/wp-content\/uploads\/2022\/09\/emma_padre_9.jpg 1134w\" sizes=\"(max-width: 819px) 100vw, 819px\" \/><div class=\"gallery_caption\"><b>6. Emma Marrone il pap\u00e0 Rosario<\/b><br> Emma e Rosario Marrone\u00a0erano legatissimi e avevano un rapporto davvero speciale.<\/div>\n                        <\/div>\n                     <\/div><\/div><div class=\"gallery_image\"><div class=\"banner\"><!-- Banner #369 - START --><div class=\"gmp-repeat_pl banner\" style=\"display:block;min-height: 250px;\"><\/div><!-- Banner #369 - END --><\/div><\/div><div class=\"gallery_image active center \" ><div class=\"gallery_box\"> \n                        <div class=\"gallery_image_inside\"><img decoding=\"async\" width=\"875\" height=\"1024\" src=\"https:\/\/www.gossip.it\/wp-content\/uploads\/2022\/09\/emma_padre_3-875x1024.jpg\" class=\"attachment-large size-large\" alt=\"\" srcset=\"https:\/\/www.gossip.it\/wp-content\/uploads\/2022\/09\/emma_padre_3-875x1024.jpg 875w, https:\/\/www.gossip.it\/wp-content\/uploads\/2022\/09\/emma_padre_3-256x300.jpg 256w, https:\/\/www.gossip.it\/wp-content\/uploads\/2022\/09\/emma_padre_3-768x899.jpg 768w, https:\/\/www.gossip.it\/wp-content\/uploads\/2022\/09\/emma_padre_3-750x878.jpg 750w, https:\/\/www.gossip.it\/wp-content\/uploads\/2022\/09\/emma_padre_3.jpg 1134w\" sizes=\"(max-width: 875px) 100vw, 875px\" \/><div class=\"gallery_caption\"> <b>7. Emma Marrone il pap\u00e0 Rosario<\/b><br> Pap\u00e0 Rosario \u00e8 stato il primo fan di Emma e con lei ha affrontato un viaggio in Giappone alcuni anni fa per alcuni impegni professionali di Emma. Proprio in quell\u2019occasione, la Marrone dedic\u00f2 un post bellissimo a pap\u00e0 Rosario che emozion\u00f2 tutti.<\/div>\n                        <\/div>\n                     <\/div><\/div><div class=\"gallery_image active center \" ><div class=\"gallery_box\"> \n                        <div class=\"gallery_image_inside\"><img decoding=\"async\" width=\"874\" height=\"1024\" src=\"https:\/\/www.gossip.it\/wp-content\/uploads\/2022\/09\/emma_padre_7-874x1024.jpg\" class=\"attachment-large size-large\" alt=\"\" srcset=\"https:\/\/www.gossip.it\/wp-content\/uploads\/2022\/09\/emma_padre_7-874x1024.jpg 874w, https:\/\/www.gossip.it\/wp-content\/uploads\/2022\/09\/emma_padre_7-256x300.jpg 256w, https:\/\/www.gossip.it\/wp-content\/uploads\/2022\/09\/emma_padre_7-768x900.jpg 768w, https:\/\/www.gossip.it\/wp-content\/uploads\/2022\/09\/emma_padre_7-750x879.jpg 750w, https:\/\/www.gossip.it\/wp-content\/uploads\/2022\/09\/emma_padre_7.jpg 1134w\" sizes=\"(max-width: 874px) 100vw, 874px\" \/><div class=\"gallery_caption\"><b>8. Emma Marrone il pap\u00e0 Rosario<\/b><br> Emma ha dedicato sempre parole stupende al suo pap\u00e0: \u2018\u2019Sei forte pap\u00e0. Sei il pi\u00f9 forte de mondo. E sei il viaggio pi\u00f9 bello della mia vita. Buon compleanno vecchio lupo.\u00a0Ti amo tanto e scusa se anche stavolta non sono a casa a soffiare le candeline insieme a te. Ma mi hai spinto a calci nel sedere tu sul primo palco. Mi hai insegnato tu a cantare davanti alle persone senza vergognarmi e come si dice a Roma \u201cmo ce devi st\u00e0\u201d Daje che presto dobbiamo ripartire, non so dove, non so perch\u00e9, ma di sicuro con te\u201d.<\/div>\n                        <\/div>\n                     <\/div><\/div><div class=\"gallery_image active center \" ><div class=\"gallery_box\"> \n                        <div class=\"gallery_image_inside\"><img decoding=\"async\" width=\"1024\" height=\"1024\" src=\"https:\/\/www.gossip.it\/wp-content\/uploads\/2022\/09\/emma_padre_4-1024x1024.jpg\" class=\"attachment-large size-large\" alt=\"\" srcset=\"https:\/\/www.gossip.it\/wp-content\/uploads\/2022\/09\/emma_padre_4-1024x1024.jpg 1024w, https:\/\/www.gossip.it\/wp-content\/uploads\/2022\/09\/emma_padre_4-300x300.jpg 300w, https:\/\/www.gossip.it\/wp-content\/uploads\/2022\/09\/emma_padre_4-150x150.jpg 150w, https:\/\/www.gossip.it\/wp-content\/uploads\/2022\/09\/emma_padre_4-768x768.jpg 768w, https:\/\/www.gossip.it\/wp-content\/uploads\/2022\/09\/emma_padre_4-75x75.jpg 75w, https:\/\/www.gossip.it\/wp-content\/uploads\/2022\/09\/emma_padre_4-750x750.jpg 750w, https:\/\/www.gossip.it\/wp-content\/uploads\/2022\/09\/emma_padre_4.jpg 1134w\" sizes=\"(max-width: 1024px) 100vw, 1024px\" \/><div class=\"gallery_caption\"><b>9. Emma Marrone il pap\u00e0 Rosario<\/b><br> La notizia della scomparsa di Rosario Marrone \u00e8 arrivata sulla pagina social del comune pugliese di Aradeo dove viveva e aveva ricoperto diversi ruoli. \u2018\u2019\u00c8 con profonda tristezza che ci stringiamo commossi alla Famiglia Marrone, alla Presidente del Consiglio Clarissa Quido per l'improvvisa perdita del caro Rosario. Ricordiamo Rosario per il suo impegno nella nostra comunit\u00e0, come uomo di politica, ex amministratore e Presidente del Consiglio nel nostro Comune. Un uomo eclettico, disponibile, forte e schietto che ricorderemo sempre con grande affetto. Ciao Rosario\u2019\u2019.<\/div>\n                        <\/div>\n                     <\/div><\/div><div class=\"gallery_image\"><div class=\"banner\"><!-- Banner #369 - START --><div class=\"gmp-repeat_pl banner\" style=\"display:block;min-height: 250px;\"><\/div><!-- Banner #369 - END --><\/div><\/div><div class=\"gallery_image active center \" ><div class=\"gallery_box\"> \n                        <div class=\"gallery_image_inside\"><img decoding=\"async\" width=\"819\" height=\"1024\" src=\"https:\/\/www.gossip.it\/wp-content\/uploads\/2022\/09\/emma_padre_5-819x1024.jpg\" class=\"attachment-large size-large\" alt=\"\" srcset=\"https:\/\/www.gossip.it\/wp-content\/uploads\/2022\/09\/emma_padre_5-819x1024.jpg 819w, https:\/\/www.gossip.it\/wp-content\/uploads\/2022\/09\/emma_padre_5-240x300.jpg 240w, https:\/\/www.gossip.it\/wp-content\/uploads\/2022\/09\/emma_padre_5-768x960.jpg 768w, https:\/\/www.gossip.it\/wp-content\/uploads\/2022\/09\/emma_padre_5-750x938.jpg 750w, https:\/\/www.gossip.it\/wp-content\/uploads\/2022\/09\/emma_padre_5.jpg 1134w\" sizes=\"(max-width: 819px) 100vw, 819px\" \/><div class=\"gallery_caption\"><b>10. Emma Marrone il pap\u00e0 Rosario<\/b><br> Su Instagram la cantante 38enne ha postato una bellissima foto del pap\u00e0 con la chitarra in mano e ha scritto:\u00a0\u2018\u2019Fai buon viaggio Pap\u00e0.Ti amo e ti amer\u00f2 per sempre. La tua Chicca\u2019\u2019.<\/div>\n                        <\/div>\n                     <\/div><\/div><\/div><div class=\"controls\"> <\/div><\/div><\/div>","protected":false},"excerpt":{"rendered":"<p>La cantante salentina ha perso il\u00a0pap\u00e0 Rosario,\u00a0scomparso improvvisamente\u00a0a 66 anni. L\u2019annuncio \u00e8 arrivato a sorpresa scatenando una valanga di commozione. Ecco le foto pi\u00f9 belle che Emma e il pap\u00e0 avevano condiviso...<\/p>\n","protected":false},"author":14,"featured_media":132804,"comment_status":"open","ping_status":"closed","sticky":false,"template":"","format":"gallery","meta":{"footnotes":""},"categories":[63169],"tags":[2350,64203,1981,64191,1905,2118,8629,1912,5335,38790,7110,1923],"vip":[669,64465],"class_list":["post-132800","post","type-post","status-publish","format-gallery","has-post-thumbnail","hentry","category-foto","tag-addio","tag-aradeo","tag-cantante","tag-emma-marrone","tag-figlia","tag-foto","tag-lecce","tag-padre","tag-ricordi","tag-rosario-marrone","tag-scomparsa","tag-social","post_format-post-format-gallery","vip-emma_marrone","vip-rosario-marrone"],"yoast_head":"<title>I 10 ricordi pi\u00f9 belli di Emma Marrone con il pap\u00e0 Rosario - Gossip.it | News sul Gossip e VIP<\/title>\n<meta name=\"description\" content=\"La cantante salentina ha perso il\u00a0pap\u00e0 Rosario,\u00a0scomparso improvvisamente\u00a0a 66 anni. L\u2019annuncio \u00e8 arrivato a sorpresa scatenando una valanga di\" \/>\n<meta name=\"robots\" content=\"index, follow, max-snippet:-1, max-image-preview:large, max-video-preview:-1\" \/>\n<link rel=\"canonical\" href=\"https:\/\/www.gossip.it\/foto\/i-10-ricordi-piu-belli-di-emma-marrone-con-il-papa-rosario\/\" \/>\n<meta property=\"og:locale\" content=\"it_IT\" \/>\n<meta property=\"og:type\" content=\"article\" \/>\n<meta property=\"og:title\" content=\"I 10 ricordi pi\u00f9 belli di Emma Marrone con il pap\u00e0 Rosario - Gossip.it | News sul Gossip e VIP\" \/>\n<meta property=\"og:description\" content=\"La cantante salentina ha perso il\u00a0pap\u00e0 Rosario,\u00a0scomparso improvvisamente\u00a0a 66 anni. L\u2019annuncio \u00e8 arrivato a sorpresa scatenando una valanga di\" \/>\n<meta property=\"og:url\" content=\"https:\/\/www.gossip.it\/foto\/i-10-ricordi-piu-belli-di-emma-marrone-con-il-papa-rosario\/\" \/>\n<meta property=\"og:site_name\" content=\"Gossip.it | News sul Gossip e VIP\" \/>\n<meta property=\"article:publisher\" content=\"https:\/\/www.facebook.com\/GossipIT\" \/>\n<meta property=\"article:published_time\" content=\"2022-09-06T08:07:02+00:00\" \/>\n<meta property=\"article:modified_time\" content=\"2022-09-06T08:07:55+00:00\" \/>\n<meta property=\"og:image\" content=\"https:\/\/www.gossip.it\/wp-content\/uploads\/2022\/09\/emma_padre_9.jpg\" \/>\n\t<meta property=\"og:image:width\" content=\"1134\" \/>\n\t<meta property=\"og:image:height\" content=\"1418\" \/>\n\t<meta property=\"og:image:type\" content=\"image\/jpeg\" \/>\n<meta name=\"author\" content=\"Veronica Langella\" \/>\n<meta name=\"twitter:card\" content=\"summary_large_image\" \/>\n<meta name=\"twitter:creator\" content=\"@gossinews_it\" \/>\n<meta name=\"twitter:site\" content=\"@gossinews_it\" \/>\n<meta name=\"twitter:label1\" content=\"Scritto da\" \/>\n\t<meta name=\"twitter:data1\" content=\"Veronica Langella\" \/>\n\t<meta name=\"twitter:label2\" content=\"Tempo di lettura stimato\" \/>\n\t<meta name=\"twitter:data2\" content=\"1 minuto\" \/>","yoast_head_json":{"title":"I 10 ricordi pi\u00f9 belli di Emma Marrone con il pap\u00e0 Rosario - Gossip.it | News sul Gossip e VIP","description":"La cantante salentina ha perso il\u00a0pap\u00e0 Rosario,\u00a0scomparso improvvisamente\u00a0a 66 anni. L\u2019annuncio \u00e8 arrivato a sorpresa scatenando una valanga di","robots":{"index":"index","follow":"follow","max-snippet":"max-snippet:-1","max-image-preview":"max-image-preview:large","max-video-preview":"max-video-preview:-1"},"canonical":"https:\/\/www.gossip.it\/foto\/i-10-ricordi-piu-belli-di-emma-marrone-con-il-papa-rosario\/","og_locale":"it_IT","og_type":"article","og_title":"I 10 ricordi pi\u00f9 belli di Emma Marrone con il pap\u00e0 Rosario - Gossip.it | News sul Gossip e VIP","og_description":"La cantante salentina ha perso il\u00a0pap\u00e0 Rosario,\u00a0scomparso improvvisamente\u00a0a 66 anni. L\u2019annuncio \u00e8 arrivato a sorpresa scatenando una valanga di","og_url":"https:\/\/www.gossip.it\/foto\/i-10-ricordi-piu-belli-di-emma-marrone-con-il-papa-rosario\/","og_site_name":"Gossip.it | News sul Gossip e VIP","article_publisher":"https:\/\/www.facebook.com\/GossipIT","article_published_time":"2022-09-06T08:07:02+00:00","article_modified_time":"2022-09-06T08:07:55+00:00","og_image":[{"width":1134,"height":1418,"url":"https:\/\/www.gossip.it\/wp-content\/uploads\/2022\/09\/emma_padre_9.jpg","type":"image\/jpeg"}],"author":"Veronica Langella","twitter_card":"summary_large_image","twitter_creator":"@gossinews_it","twitter_site":"@gossinews_it","twitter_misc":{"Scritto da":"Veronica Langella","Tempo di lettura stimato":"1 minuto"},"schema":{"@context":"https:\/\/schema.org","@graph":[{"@type":"Article","@id":"https:\/\/www.gossip.it\/foto\/i-10-ricordi-piu-belli-di-emma-marrone-con-il-papa-rosario\/#article","isPartOf":{"@id":"https:\/\/www.gossip.it\/foto\/i-10-ricordi-piu-belli-di-emma-marrone-con-il-papa-rosario\/"},"author":{"name":"Veronica Langella","@id":"https:\/\/www.gossip.it\/#\/schema\/person\/19e94c9df6df0cf45ae8d7881fbf4a73"},"headline":"I 10 ricordi pi\u00f9 belli di Emma Marrone con il pap\u00e0 Rosario","datePublished":"2022-09-06T08:07:02+00:00","dateModified":"2022-09-06T08:07:55+00:00","mainEntityOfPage":{"@id":"https:\/\/www.gossip.it\/foto\/i-10-ricordi-piu-belli-di-emma-marrone-con-il-papa-rosario\/"},"wordCount":45,"commentCount":0,"publisher":{"@id":"https:\/\/www.gossip.it\/#organization"},"image":{"@id":"https:\/\/www.gossip.it\/foto\/i-10-ricordi-piu-belli-di-emma-marrone-con-il-papa-rosario\/#primaryimage"},"thumbnailUrl":"https:\/\/www.gossip.it\/wp-content\/uploads\/2022\/09\/emma_padre_9.jpg","keywords":["addio","aradeo","cantante","emma marrone","figlia","foto","lecce","padre","ricordi","rosario marrone","scomparsa","social"],"articleSection":["Foto"],"inLanguage":"it-IT","potentialAction":[{"@type":"CommentAction","name":"Comment","target":["https:\/\/www.gossip.it\/foto\/i-10-ricordi-piu-belli-di-emma-marrone-con-il-papa-rosario\/#respond"]}]},{"@type":"WebPage","@id":"https:\/\/www.gossip.it\/foto\/i-10-ricordi-piu-belli-di-emma-marrone-con-il-papa-rosario\/","url":"https:\/\/www.gossip.it\/foto\/i-10-ricordi-piu-belli-di-emma-marrone-con-il-papa-rosario\/","name":"I 10 ricordi pi\u00f9 belli di Emma Marrone con il pap\u00e0 Rosario - Gossip.it | News sul Gossip e VIP","isPartOf":{"@id":"https:\/\/www.gossip.it\/#website"},"primaryImageOfPage":{"@id":"https:\/\/www.gossip.it\/foto\/i-10-ricordi-piu-belli-di-emma-marrone-con-il-papa-rosario\/#primaryimage"},"image":{"@id":"https:\/\/www.gossip.it\/foto\/i-10-ricordi-piu-belli-di-emma-marrone-con-il-papa-rosario\/#primaryimage"},"thumbnailUrl":"https:\/\/www.gossip.it\/wp-content\/uploads\/2022\/09\/emma_padre_9.jpg","datePublished":"2022-09-06T08:07:02+00:00","dateModified":"2022-09-06T08:07:55+00:00","description":"La cantante salentina ha perso il\u00a0pap\u00e0 Rosario,\u00a0scomparso improvvisamente\u00a0a 66 anni. L\u2019annuncio \u00e8 arrivato a sorpresa scatenando una valanga di","breadcrumb":{"@id":"https:\/\/www.gossip.it\/foto\/i-10-ricordi-piu-belli-di-emma-marrone-con-il-papa-rosario\/#breadcrumb"},"inLanguage":"it-IT","potentialAction":[{"@type":"ReadAction","target":["https:\/\/www.gossip.it\/foto\/i-10-ricordi-piu-belli-di-emma-marrone-con-il-papa-rosario\/"]}]},{"@type":"ImageObject","inLanguage":"it-IT","@id":"https:\/\/www.gossip.it\/foto\/i-10-ricordi-piu-belli-di-emma-marrone-con-il-papa-rosario\/#primaryimage","url":"https:\/\/www.gossip.it\/wp-content\/uploads\/2022\/09\/emma_padre_9.jpg","contentUrl":"https:\/\/www.gossip.it\/wp-content\/uploads\/2022\/09\/emma_padre_9.jpg","width":1134,"height":1418,"caption":"6. Emma Marrone il pap\u00e0 Rosario Emma e Rosario Marrone\u00a0erano legatissimi e avevano un rapporto davvero speciale."},{"@type":"BreadcrumbList","@id":"https:\/\/www.gossip.it\/foto\/i-10-ricordi-piu-belli-di-emma-marrone-con-il-papa-rosario\/#breadcrumb","itemListElement":[{"@type":"ListItem","position":1,"name":"Home","item":"https:\/\/www.gossip.it\/"},{"@type":"ListItem","position":2,"name":"I 10 ricordi pi\u00f9 belli di Emma Marrone con il pap\u00e0 Rosario"}]},{"@type":"WebSite","@id":"https:\/\/www.gossip.it\/#website","url":"https:\/\/www.gossip.it\/","name":"Gossip and VIP News","description":"Quotidiano di cronaca rosa, costume e societ\u00e0","publisher":{"@id":"https:\/\/www.gossip.it\/#organization"},"alternateName":"Gossip and VIP News","potentialAction":[{"@type":"SearchAction","target":{"@type":"EntryPoint","urlTemplate":"https:\/\/www.gossip.it\/?s={search_term_string}"},"query-input":{"@type":"PropertyValueSpecification","valueRequired":true,"valueName":"search_term_string"}}],"inLanguage":"it-IT"},{"@type":"Organization","@id":"https:\/\/www.gossip.it\/#organization","name":"Gossip and VIP News","alternateName":"Gossip News","url":"https:\/\/www.gossip.it\/","logo":{"@type":"ImageObject","inLanguage":"it-IT","@id":"https:\/\/www.gossip.it\/#\/schema\/logo\/image\/","url":"https:\/\/www.gossip.it\/wp-content\/uploads\/2022\/04\/cropped-corna-alta-tiny.png","contentUrl":"https:\/\/www.gossip.it\/wp-content\/uploads\/2022\/04\/cropped-corna-alta-tiny.png","width":512,"height":512,"caption":"Gossip and VIP News"},"image":{"@id":"https:\/\/www.gossip.it\/#\/schema\/logo\/image\/"},"sameAs":["https:\/\/www.facebook.com\/GossipIT","https:\/\/x.com\/gossinews_it","https:\/\/instagram.com\/gossip_it"]},{"@type":"Person","@id":"https:\/\/www.gossip.it\/#\/schema\/person\/19e94c9df6df0cf45ae8d7881fbf4a73","name":"Veronica Langella","image":{"@type":"ImageObject","inLanguage":"it-IT","@id":"https:\/\/www.gossip.it\/#\/schema\/person\/image\/","url":"https:\/\/secure.gravatar.com\/avatar\/81bb1822732cf2c4d48c8984dfd9a028436d12e0918afe1ff6d842f13193b173?s=96&d=mm&r=g","contentUrl":"https:\/\/secure.gravatar.com\/avatar\/81bb1822732cf2c4d48c8984dfd9a028436d12e0918afe1ff6d842f13193b173?s=96&d=mm&r=g","caption":"Veronica Langella"}}]}},"amp_enabled":false,"_links":{"self":[{"href":"https:\/\/www.gossip.it\/api\/wp\/v2\/posts\/132800","targetHints":{"allow":["GET"]}}],"collection":[{"href":"https:\/\/www.gossip.it\/api\/wp\/v2\/posts"}],"about":[{"href":"https:\/\/www.gossip.it\/api\/wp\/v2\/types\/post"}],"author":[{"embeddable":true,"href":"https:\/\/www.gossip.it\/api\/wp\/v2\/users\/14"}],"replies":[{"embeddable":true,"href":"https:\/\/www.gossip.it\/api\/wp\/v2\/comments?post=132800"}],"version-history":[{"count":0,"href":"https:\/\/www.gossip.it\/api\/wp\/v2\/posts\/132800\/revisions"}],"wp:featuredmedia":[{"embeddable":true,"href":"https:\/\/www.gossip.it\/api\/wp\/v2\/media\/132804"}],"wp:attachment":[{"href":"https:\/\/www.gossip.it\/api\/wp\/v2\/media?parent=132800"}],"wp:term":[{"taxonomy":"category","embeddable":true,"href":"https:\/\/www.gossip.it\/api\/wp\/v2\/categories?post=132800"},{"taxonomy":"post_tag","embeddable":true,"href":"https:\/\/www.gossip.it\/api\/wp\/v2\/tags?post=132800"},{"taxonomy":"vip","embeddable":true,"href":"https:\/\/www.gossip.it\/api\/wp\/v2\/vip?post=132800"}],"curies":[{"name":"wp","href":"https:\/\/api.w.org\/{rel}","templated":true}]}}