{"id":132882,"date":"2022-09-06T15:55:41","date_gmt":"2022-09-06T13:55:41","guid":{"rendered":"https:\/\/www.gossip.it\/?p=132882"},"modified":"2022-09-06T15:56:20","modified_gmt":"2022-09-06T13:56:20","slug":"ricomincia-la-scuola-ecco-i-bimbi-vip-gia-in-classe","status":"publish","type":"post","link":"https:\/\/www.gossip.it\/foto\/ricomincia-la-scuola-ecco-i-bimbi-vip-gia-in-classe\/","title":{"rendered":"Tutti in classe! I figli dei vip tornano a scuola"},"content":{"rendered":"\n<p>Per molti la scuola non \u00e8 ancora iniziata, ma per chi va al nido o per le scuole internazionali la campanella \u00e8 gi\u00e0 suonata. Ecco i bimbi vip gi\u00e0 in classe...<\/p>\n\n\n<div class=\"lazyblock-gossip-gallery-Z1tF15I align  wp-block-lazyblock-gossip-gallery\"><div class=\"carousel slide newCarouselGossip\" data-ride=\"carousel\" id=\"photoGalleryCarousel\"><div class=\"carousel-inner owl-carousel\"><div class=\"gallery_image active center \" ><div class=\"gallery_box\"> \n                        <div class=\"gallery_image_inside\"><img decoding=\"async\" width=\"1024\" height=\"1024\" src=\"https:\/\/www.gossip.it\/wp-content\/uploads\/2022\/09\/accorsi_scuola-1024x1024.jpg\" class=\"attachment-large size-large\" alt=\"\" srcset=\"https:\/\/www.gossip.it\/wp-content\/uploads\/2022\/09\/accorsi_scuola-1024x1024.jpg 1024w, https:\/\/www.gossip.it\/wp-content\/uploads\/2022\/09\/accorsi_scuola-300x300.jpg 300w, https:\/\/www.gossip.it\/wp-content\/uploads\/2022\/09\/accorsi_scuola-150x150.jpg 150w, https:\/\/www.gossip.it\/wp-content\/uploads\/2022\/09\/accorsi_scuola-768x768.jpg 768w, https:\/\/www.gossip.it\/wp-content\/uploads\/2022\/09\/accorsi_scuola-75x75.jpg 75w, https:\/\/www.gossip.it\/wp-content\/uploads\/2022\/09\/accorsi_scuola-750x750.jpg 750w, https:\/\/www.gossip.it\/wp-content\/uploads\/2022\/09\/accorsi_scuola.jpg 1134w\" sizes=\"(max-width: 1024px) 100vw, 1024px\" \/><div class=\"gallery_caption\"><b>1. Stefano Accorsi<\/b><br> L\u2019attore accompagna a scuola il primo dei due figli avuto dalla moglie Bianca Vitali. Eccolo con Lorenzo.<\/div>\n                        <\/div>\n                     <\/div><\/div><div class=\"gallery_image active center \" ><div class=\"gallery_box\"> \n                        <div class=\"gallery_image_inside\"><img decoding=\"async\" width=\"706\" height=\"1024\" src=\"https:\/\/www.gossip.it\/wp-content\/uploads\/2022\/09\/balivo_scuola-706x1024.jpg\" class=\"attachment-large size-large\" alt=\"\" srcset=\"https:\/\/www.gossip.it\/wp-content\/uploads\/2022\/09\/balivo_scuola-706x1024.jpg 706w, https:\/\/www.gossip.it\/wp-content\/uploads\/2022\/09\/balivo_scuola-207x300.jpg 207w, https:\/\/www.gossip.it\/wp-content\/uploads\/2022\/09\/balivo_scuola-768x1114.jpg 768w, https:\/\/www.gossip.it\/wp-content\/uploads\/2022\/09\/balivo_scuola-1059x1536.jpg 1059w, https:\/\/www.gossip.it\/wp-content\/uploads\/2022\/09\/balivo_scuola-750x1088.jpg 750w, https:\/\/www.gossip.it\/wp-content\/uploads\/2022\/09\/balivo_scuola.jpg 1134w\" sizes=\"(max-width: 706px) 100vw, 706px\" \/><div class=\"gallery_caption\"><b>2. Caterina Balivo<\/b><br>Primo giorno di scuola anche per Guido Alberto e Cora Brera. I figli della conduttrice hanno ricominciato la scuola a Roma.<\/div>\n                        <\/div>\n                     <\/div><\/div><div class=\"gallery_image active center \" ><div class=\"gallery_box\"> \n                        <div class=\"gallery_image_inside\"><img decoding=\"async\" width=\"786\" height=\"1024\" src=\"https:\/\/www.gossip.it\/wp-content\/uploads\/2022\/09\/nargi_scuola-786x1024.jpg\" class=\"attachment-large size-large\" alt=\"\" srcset=\"https:\/\/www.gossip.it\/wp-content\/uploads\/2022\/09\/nargi_scuola-786x1024.jpg 786w, https:\/\/www.gossip.it\/wp-content\/uploads\/2022\/09\/nargi_scuola-230x300.jpg 230w, https:\/\/www.gossip.it\/wp-content\/uploads\/2022\/09\/nargi_scuola-768x1000.jpg 768w, https:\/\/www.gossip.it\/wp-content\/uploads\/2022\/09\/nargi_scuola-750x977.jpg 750w, https:\/\/www.gossip.it\/wp-content\/uploads\/2022\/09\/nargi_scuola.jpg 1134w\" sizes=\"(max-width: 786px) 100vw, 786px\" \/><div class=\"gallery_caption\"> <b>3. Federica Nargi e Alessandro Matri<\/b><br>Primo giorno di materna per Beatrice, la piccola di casa Nargi e Matri.<\/div>\n                        <\/div>\n                     <\/div><\/div><div class=\"gallery_image\"><div class=\"banner\"><!-- Banner #369 - START --><div class=\"gmp-repeat_pl banner\" style=\"display:block;min-height: 250px;\"><\/div><!-- Banner #369 - END --><\/div><\/div><div class=\"gallery_image active center \" ><div class=\"gallery_box\"> \n                        <div class=\"gallery_image_inside\"><img decoding=\"async\" width=\"819\" height=\"1024\" src=\"https:\/\/www.gossip.it\/wp-content\/uploads\/2022\/09\/nargi_scuola2-819x1024.jpg\" class=\"attachment-large size-large\" alt=\"\" srcset=\"https:\/\/www.gossip.it\/wp-content\/uploads\/2022\/09\/nargi_scuola2-819x1024.jpg 819w, https:\/\/www.gossip.it\/wp-content\/uploads\/2022\/09\/nargi_scuola2-240x300.jpg 240w, https:\/\/www.gossip.it\/wp-content\/uploads\/2022\/09\/nargi_scuola2-768x960.jpg 768w, https:\/\/www.gossip.it\/wp-content\/uploads\/2022\/09\/nargi_scuola2-750x938.jpg 750w, https:\/\/www.gossip.it\/wp-content\/uploads\/2022\/09\/nargi_scuola2.jpg 1134w\" sizes=\"(max-width: 819px) 100vw, 819px\" \/><div class=\"gallery_caption\"> <b>4. Federica Nargi e Alessandro Matri<\/b><br> Nuova scuola e nuova citt\u00e0 anche per Sofia Matri che inizia le elementari a Milano. La primogenita di Federica Nargi \u00e8 bellissima in divisa.<\/div>\n                        <\/div>\n                     <\/div><\/div><div class=\"gallery_image active center \" ><div class=\"gallery_box\"> \n                        <div class=\"gallery_image_inside\"><img decoding=\"async\" width=\"1024\" height=\"1024\" src=\"https:\/\/www.gossip.it\/wp-content\/uploads\/2022\/09\/4ciocche_scuola-1024x1024.jpg\" class=\"attachment-large size-large\" alt=\"\" srcset=\"https:\/\/www.gossip.it\/wp-content\/uploads\/2022\/09\/4ciocche_scuola-1024x1024.jpg 1024w, https:\/\/www.gossip.it\/wp-content\/uploads\/2022\/09\/4ciocche_scuola-300x300.jpg 300w, https:\/\/www.gossip.it\/wp-content\/uploads\/2022\/09\/4ciocche_scuola-150x150.jpg 150w, https:\/\/www.gossip.it\/wp-content\/uploads\/2022\/09\/4ciocche_scuola-768x768.jpg 768w, https:\/\/www.gossip.it\/wp-content\/uploads\/2022\/09\/4ciocche_scuola-75x75.jpg 75w, https:\/\/www.gossip.it\/wp-content\/uploads\/2022\/09\/4ciocche_scuola-750x750.jpg 750w, https:\/\/www.gossip.it\/wp-content\/uploads\/2022\/09\/4ciocche_scuola.jpg 1134w\" sizes=\"(max-width: 1024px) 100vw, 1024px\" \/><div class=\"gallery_caption\"><b>4. Michela Quattrociocche<\/b><br>Il 31 agosto sono tornate a scuola anche Aurora e Diamante le figlie che Michela Quattrociocche ha avuto da Alberto Aquilani. Eccole bellissime con la loro mamma.<\/div>\n                        <\/div>\n                     <\/div><\/div><div class=\"gallery_image active center \" ><div class=\"gallery_box\"> \n                        <div class=\"gallery_image_inside\"><img decoding=\"async\" width=\"820\" height=\"1024\" src=\"https:\/\/www.gossip.it\/wp-content\/uploads\/2022\/09\/palmas_scuola-820x1024.jpg\" class=\"attachment-large size-large\" alt=\"\" srcset=\"https:\/\/www.gossip.it\/wp-content\/uploads\/2022\/09\/palmas_scuola-820x1024.jpg 820w, https:\/\/www.gossip.it\/wp-content\/uploads\/2022\/09\/palmas_scuola-240x300.jpg 240w, https:\/\/www.gossip.it\/wp-content\/uploads\/2022\/09\/palmas_scuola-768x959.jpg 768w, https:\/\/www.gossip.it\/wp-content\/uploads\/2022\/09\/palmas_scuola-750x937.jpg 750w, https:\/\/www.gossip.it\/wp-content\/uploads\/2022\/09\/palmas_scuola.jpg 1134w\" sizes=\"(max-width: 820px) 100vw, 820px\" \/><div class=\"gallery_caption\"> <b>6. Giorgia Palmas<\/b><br>Tempo di nido per Mia Magnini, la piccola di casa Palmas e Magnini \u00e8 tornata a scuola. Sofia, invece la primogenita di Giorgia si prepara per il liceo.<\/div>\n                        <\/div>\n                     <\/div><\/div><div class=\"gallery_image\"><div class=\"banner\"><!-- Banner #369 - START --><div class=\"gmp-repeat_pl banner\" style=\"display:block;min-height: 250px;\"><\/div><!-- Banner #369 - END --><\/div><\/div><div class=\"gallery_image active center \" ><div class=\"gallery_box\"> \n                        <div class=\"gallery_image_inside\"><img decoding=\"async\" width=\"1024\" height=\"1024\" src=\"https:\/\/www.gossip.it\/wp-content\/uploads\/2022\/09\/canessa_scuola-1024x1024.jpg\" class=\"attachment-large size-large\" alt=\"\" srcset=\"https:\/\/www.gossip.it\/wp-content\/uploads\/2022\/09\/canessa_scuola-1024x1024.jpg 1024w, https:\/\/www.gossip.it\/wp-content\/uploads\/2022\/09\/canessa_scuola-300x300.jpg 300w, https:\/\/www.gossip.it\/wp-content\/uploads\/2022\/09\/canessa_scuola-150x150.jpg 150w, https:\/\/www.gossip.it\/wp-content\/uploads\/2022\/09\/canessa_scuola-768x768.jpg 768w, https:\/\/www.gossip.it\/wp-content\/uploads\/2022\/09\/canessa_scuola-75x75.jpg 75w, https:\/\/www.gossip.it\/wp-content\/uploads\/2022\/09\/canessa_scuola-750x750.jpg 750w, https:\/\/www.gossip.it\/wp-content\/uploads\/2022\/09\/canessa_scuola.jpg 1134w\" sizes=\"(max-width: 1024px) 100vw, 1024px\" \/><div class=\"gallery_caption\"><b>7. Guendalina Canessa<\/b><br>Seconda media per Chloe Interrante. La figlia di Guendalina Canessa  \u00e8 tornata a scuola in divisa ed \u00e8 davvero bellissima.<\/div>\n                        <\/div>\n                     <\/div><\/div><div class=\"gallery_image active center \" ><div class=\"gallery_box\"> \n                        <div class=\"gallery_image_inside\"><img decoding=\"async\" width=\"945\" height=\"1024\" src=\"https:\/\/www.gossip.it\/wp-content\/uploads\/2022\/09\/gregoraci_scuola-945x1024.jpg\" class=\"attachment-large size-large\" alt=\"\" srcset=\"https:\/\/www.gossip.it\/wp-content\/uploads\/2022\/09\/gregoraci_scuola-945x1024.jpg 945w, https:\/\/www.gossip.it\/wp-content\/uploads\/2022\/09\/gregoraci_scuola-277x300.jpg 277w, https:\/\/www.gossip.it\/wp-content\/uploads\/2022\/09\/gregoraci_scuola-768x832.jpg 768w, https:\/\/www.gossip.it\/wp-content\/uploads\/2022\/09\/gregoraci_scuola-750x813.jpg 750w, https:\/\/www.gossip.it\/wp-content\/uploads\/2022\/09\/gregoraci_scuola.jpg 1134w\" sizes=\"(max-width: 945px) 100vw, 945px\" \/><div class=\"gallery_caption\"><b>8. Elisabetta Gregoraci<\/b><br>Nathan Falco Briatore \u00e8 tornato a scuola dopo le vacanze estive e ad accompagnarlo \u00e8 stata mamma Elisabetta Gregoraci. Lui in divisa, lei col completo arancione stile pigiama, ma griffatissimo.<\/div>\n                        <\/div>\n                     <\/div><\/div><div class=\"gallery_image active center \" ><div class=\"gallery_box\"> \n                        <div class=\"gallery_image_inside\"><img decoding=\"async\" width=\"819\" height=\"1024\" src=\"https:\/\/www.gossip.it\/wp-content\/uploads\/2022\/09\/blasi_scuola-819x1024.jpg\" class=\"attachment-large size-large\" alt=\"\" srcset=\"https:\/\/www.gossip.it\/wp-content\/uploads\/2022\/09\/blasi_scuola-819x1024.jpg 819w, https:\/\/www.gossip.it\/wp-content\/uploads\/2022\/09\/blasi_scuola-240x300.jpg 240w, https:\/\/www.gossip.it\/wp-content\/uploads\/2022\/09\/blasi_scuola-768x960.jpg 768w, https:\/\/www.gossip.it\/wp-content\/uploads\/2022\/09\/blasi_scuola-750x937.jpg 750w, https:\/\/www.gossip.it\/wp-content\/uploads\/2022\/09\/blasi_scuola.jpg 1134w\" sizes=\"(max-width: 819px) 100vw, 819px\" \/><div class=\"gallery_caption\"> <b>9. Ilary Blasi<\/b><br> Anche Isabel \u00e8 tornata a scuola. La pi\u00f9 piccola dei Totti ha iniziato le elementari ed \u00e8 stata proprio Ilary ad accompagnarla.<\/div>\n                        <\/div>\n                     <\/div><\/div><div class=\"gallery_image\"><div class=\"banner\"><!-- Banner #369 - START --><div class=\"gmp-repeat_pl banner\" style=\"display:block;min-height: 250px;\"><\/div><!-- Banner #369 - END --><\/div><\/div><div class=\"gallery_image active center \" ><div class=\"gallery_box\"> \n                        <div class=\"gallery_image_inside\"><img decoding=\"async\" width=\"768\" height=\"1024\" src=\"https:\/\/www.gossip.it\/wp-content\/uploads\/2022\/09\/monaco_scuola-768x1024.jpg\" class=\"attachment-large size-large\" alt=\"\" srcset=\"https:\/\/www.gossip.it\/wp-content\/uploads\/2022\/09\/monaco_scuola-768x1024.jpg 768w, https:\/\/www.gossip.it\/wp-content\/uploads\/2022\/09\/monaco_scuola-225x300.jpg 225w, https:\/\/www.gossip.it\/wp-content\/uploads\/2022\/09\/monaco_scuola-750x1000.jpg 750w, https:\/\/www.gossip.it\/wp-content\/uploads\/2022\/09\/monaco_scuola.jpg 1134w\" sizes=\"(max-width: 768px) 100vw, 768px\" \/><div class=\"gallery_caption\"><b>10. Alberto e Charlene di Monaco<\/b><br>Gli zainetti nuovi, le uniformi e le scarpe da ginnastica: anche per i principi di Monaco Jacques e Gabriella \u00e8 arrivato il momento di tornare sui banchi. L'account Instagram della famiglia reale monegasca ha condiviso le foto del rientro a scuola dei due gemelli figli del principe Alberto e di Charl\u00e8ne Wittstock.<\/div>\n                        <\/div>\n                     <\/div><\/div><\/div><div class=\"controls\"> <\/div><\/div><\/div>","protected":false},"excerpt":{"rendered":"<p>Per molti la scuola non \u00e8 ancora iniziata, ma per chi va al nido o per le scuole internazionali la campanella \u00e8 gi\u00e0 suonata. Ecco i bimbi vip gi\u00e0 in classe...<\/p>\n","protected":false},"author":14,"featured_media":132900,"comment_status":"open","ping_status":"closed","sticky":false,"template":"","format":"gallery","meta":{"footnotes":""},"categories":[63169],"tags":[64498,14036,12939,64070,63555,64496,63601,14139,64497,64265],"vip":[466,64499,651,730,866,952,1345,1728],"class_list":["post-132882","post","type-post","status-publish","format-gallery","has-post-thumbnail","hentry","category-foto","tag-caterina-balivo","tag-caterina-balivo-cora-brera","tag-charlene-di-monaco","tag-federica-nargi","tag-giorgia-palmas","tag-guendalina-canessa","tag-ilary-blasi","tag-primo-giorno","tag-scuola-vip","tag-stefano-accorsi","post_format-post-format-gallery","vip-caterina_balivo","vip-charlene-monaco","vip-elisabetta_gregoraci","vip-federica_nargi","vip-giorgia_palmas","vip-ilary_blasi","vip-michela_quattrociocche","vip-stefano_accorsi"],"yoast_head":"<title>Tutti in classe! I figli dei vip tornano a scuola - Gossip.it | News sul Gossip e VIP<\/title>\n<meta name=\"description\" content=\"Per molti la scuola non \u00e8 ancora iniziata, ma per chi va al nido o per le scuole internazionali la campanella \u00e8 gi\u00e0 suonata. Ecco i bimbi vip gi\u00e0 in\" \/>\n<meta name=\"robots\" content=\"index, follow, max-snippet:-1, max-image-preview:large, max-video-preview:-1\" \/>\n<link rel=\"canonical\" href=\"https:\/\/www.gossip.it\/foto\/ricomincia-la-scuola-ecco-i-bimbi-vip-gia-in-classe\/\" \/>\n<meta property=\"og:locale\" content=\"it_IT\" \/>\n<meta property=\"og:type\" content=\"article\" \/>\n<meta property=\"og:title\" content=\"Tutti in classe! I figli dei vip tornano a scuola - Gossip.it | News sul Gossip e VIP\" \/>\n<meta property=\"og:description\" content=\"Per molti la scuola non \u00e8 ancora iniziata, ma per chi va al nido o per le scuole internazionali la campanella \u00e8 gi\u00e0 suonata. Ecco i bimbi vip gi\u00e0 in\" \/>\n<meta property=\"og:url\" content=\"https:\/\/www.gossip.it\/foto\/ricomincia-la-scuola-ecco-i-bimbi-vip-gia-in-classe\/\" \/>\n<meta property=\"og:site_name\" content=\"Gossip.it | News sul Gossip e VIP\" \/>\n<meta property=\"article:publisher\" content=\"https:\/\/www.facebook.com\/GossipIT\" \/>\n<meta property=\"article:published_time\" content=\"2022-09-06T13:55:41+00:00\" \/>\n<meta property=\"article:modified_time\" content=\"2022-09-06T13:56:20+00:00\" \/>\n<meta property=\"og:image\" content=\"https:\/\/www.gossip.it\/wp-content\/uploads\/2022\/09\/balivo_scuola.jpg\" \/>\n\t<meta property=\"og:image:width\" content=\"1134\" \/>\n\t<meta property=\"og:image:height\" content=\"1645\" \/>\n\t<meta property=\"og:image:type\" content=\"image\/jpeg\" \/>\n<meta name=\"author\" content=\"Veronica Langella\" \/>\n<meta name=\"twitter:card\" content=\"summary_large_image\" \/>\n<meta name=\"twitter:creator\" content=\"@gossinews_it\" \/>\n<meta name=\"twitter:site\" content=\"@gossinews_it\" \/>\n<meta name=\"twitter:label1\" content=\"Scritto da\" \/>\n\t<meta name=\"twitter:data1\" content=\"Veronica Langella\" \/>\n\t<meta name=\"twitter:label2\" content=\"Tempo di lettura stimato\" \/>\n\t<meta name=\"twitter:data2\" content=\"1 minuto\" \/>","yoast_head_json":{"title":"Tutti in classe! I figli dei vip tornano a scuola - Gossip.it | News sul Gossip e VIP","description":"Per molti la scuola non \u00e8 ancora iniziata, ma per chi va al nido o per le scuole internazionali la campanella \u00e8 gi\u00e0 suonata. Ecco i bimbi vip gi\u00e0 in","robots":{"index":"index","follow":"follow","max-snippet":"max-snippet:-1","max-image-preview":"max-image-preview:large","max-video-preview":"max-video-preview:-1"},"canonical":"https:\/\/www.gossip.it\/foto\/ricomincia-la-scuola-ecco-i-bimbi-vip-gia-in-classe\/","og_locale":"it_IT","og_type":"article","og_title":"Tutti in classe! I figli dei vip tornano a scuola - Gossip.it | News sul Gossip e VIP","og_description":"Per molti la scuola non \u00e8 ancora iniziata, ma per chi va al nido o per le scuole internazionali la campanella \u00e8 gi\u00e0 suonata. Ecco i bimbi vip gi\u00e0 in","og_url":"https:\/\/www.gossip.it\/foto\/ricomincia-la-scuola-ecco-i-bimbi-vip-gia-in-classe\/","og_site_name":"Gossip.it | News sul Gossip e VIP","article_publisher":"https:\/\/www.facebook.com\/GossipIT","article_published_time":"2022-09-06T13:55:41+00:00","article_modified_time":"2022-09-06T13:56:20+00:00","og_image":[{"width":1134,"height":1645,"url":"https:\/\/www.gossip.it\/wp-content\/uploads\/2022\/09\/balivo_scuola.jpg","type":"image\/jpeg"}],"author":"Veronica Langella","twitter_card":"summary_large_image","twitter_creator":"@gossinews_it","twitter_site":"@gossinews_it","twitter_misc":{"Scritto da":"Veronica Langella","Tempo di lettura stimato":"1 minuto"},"schema":{"@context":"https:\/\/schema.org","@graph":[{"@type":"Article","@id":"https:\/\/www.gossip.it\/foto\/ricomincia-la-scuola-ecco-i-bimbi-vip-gia-in-classe\/#article","isPartOf":{"@id":"https:\/\/www.gossip.it\/foto\/ricomincia-la-scuola-ecco-i-bimbi-vip-gia-in-classe\/"},"author":{"name":"Veronica Langella","@id":"https:\/\/www.gossip.it\/#\/schema\/person\/19e94c9df6df0cf45ae8d7881fbf4a73"},"headline":"Tutti in classe! I figli dei vip tornano a scuola","datePublished":"2022-09-06T13:55:41+00:00","dateModified":"2022-09-06T13:56:20+00:00","mainEntityOfPage":{"@id":"https:\/\/www.gossip.it\/foto\/ricomincia-la-scuola-ecco-i-bimbi-vip-gia-in-classe\/"},"wordCount":39,"commentCount":0,"publisher":{"@id":"https:\/\/www.gossip.it\/#organization"},"image":{"@id":"https:\/\/www.gossip.it\/foto\/ricomincia-la-scuola-ecco-i-bimbi-vip-gia-in-classe\/#primaryimage"},"thumbnailUrl":"https:\/\/www.gossip.it\/wp-content\/uploads\/2022\/09\/balivo_scuola.jpg","keywords":["caterina balivo","caterina balivo. cora brera","charlene di monaco","federica nargi","giorgia palmas","guendalina canessa","ilary blasi","primo giorno","scuola vip","stefano accorsi"],"articleSection":["Foto"],"inLanguage":"it-IT","potentialAction":[{"@type":"CommentAction","name":"Comment","target":["https:\/\/www.gossip.it\/foto\/ricomincia-la-scuola-ecco-i-bimbi-vip-gia-in-classe\/#respond"]}]},{"@type":"WebPage","@id":"https:\/\/www.gossip.it\/foto\/ricomincia-la-scuola-ecco-i-bimbi-vip-gia-in-classe\/","url":"https:\/\/www.gossip.it\/foto\/ricomincia-la-scuola-ecco-i-bimbi-vip-gia-in-classe\/","name":"Tutti in classe! I figli dei vip tornano a scuola - Gossip.it | News sul Gossip e VIP","isPartOf":{"@id":"https:\/\/www.gossip.it\/#website"},"primaryImageOfPage":{"@id":"https:\/\/www.gossip.it\/foto\/ricomincia-la-scuola-ecco-i-bimbi-vip-gia-in-classe\/#primaryimage"},"image":{"@id":"https:\/\/www.gossip.it\/foto\/ricomincia-la-scuola-ecco-i-bimbi-vip-gia-in-classe\/#primaryimage"},"thumbnailUrl":"https:\/\/www.gossip.it\/wp-content\/uploads\/2022\/09\/balivo_scuola.jpg","datePublished":"2022-09-06T13:55:41+00:00","dateModified":"2022-09-06T13:56:20+00:00","description":"Per molti la scuola non \u00e8 ancora iniziata, ma per chi va al nido o per le scuole internazionali la campanella \u00e8 gi\u00e0 suonata. Ecco i bimbi vip gi\u00e0 in","breadcrumb":{"@id":"https:\/\/www.gossip.it\/foto\/ricomincia-la-scuola-ecco-i-bimbi-vip-gia-in-classe\/#breadcrumb"},"inLanguage":"it-IT","potentialAction":[{"@type":"ReadAction","target":["https:\/\/www.gossip.it\/foto\/ricomincia-la-scuola-ecco-i-bimbi-vip-gia-in-classe\/"]}]},{"@type":"ImageObject","inLanguage":"it-IT","@id":"https:\/\/www.gossip.it\/foto\/ricomincia-la-scuola-ecco-i-bimbi-vip-gia-in-classe\/#primaryimage","url":"https:\/\/www.gossip.it\/wp-content\/uploads\/2022\/09\/balivo_scuola.jpg","contentUrl":"https:\/\/www.gossip.it\/wp-content\/uploads\/2022\/09\/balivo_scuola.jpg","width":1134,"height":1645,"caption":"2. Caterina Balivo Primo giorno di scuola anche per Guido Alberto e Cora Brera. I figli della conduttrice hanno ricominciato la scuola a Roma."},{"@type":"BreadcrumbList","@id":"https:\/\/www.gossip.it\/foto\/ricomincia-la-scuola-ecco-i-bimbi-vip-gia-in-classe\/#breadcrumb","itemListElement":[{"@type":"ListItem","position":1,"name":"Home","item":"https:\/\/www.gossip.it\/"},{"@type":"ListItem","position":2,"name":"Tutti in classe! I figli dei vip tornano a scuola"}]},{"@type":"WebSite","@id":"https:\/\/www.gossip.it\/#website","url":"https:\/\/www.gossip.it\/","name":"Gossip and VIP News","description":"Quotidiano di cronaca rosa, costume e societ\u00e0","publisher":{"@id":"https:\/\/www.gossip.it\/#organization"},"alternateName":"Gossip and VIP News","potentialAction":[{"@type":"SearchAction","target":{"@type":"EntryPoint","urlTemplate":"https:\/\/www.gossip.it\/?s={search_term_string}"},"query-input":{"@type":"PropertyValueSpecification","valueRequired":true,"valueName":"search_term_string"}}],"inLanguage":"it-IT"},{"@type":"Organization","@id":"https:\/\/www.gossip.it\/#organization","name":"Gossip and VIP News","alternateName":"Gossip News","url":"https:\/\/www.gossip.it\/","logo":{"@type":"ImageObject","inLanguage":"it-IT","@id":"https:\/\/www.gossip.it\/#\/schema\/logo\/image\/","url":"https:\/\/www.gossip.it\/wp-content\/uploads\/2022\/04\/cropped-corna-alta-tiny.png","contentUrl":"https:\/\/www.gossip.it\/wp-content\/uploads\/2022\/04\/cropped-corna-alta-tiny.png","width":512,"height":512,"caption":"Gossip and VIP News"},"image":{"@id":"https:\/\/www.gossip.it\/#\/schema\/logo\/image\/"},"sameAs":["https:\/\/www.facebook.com\/GossipIT","https:\/\/x.com\/gossinews_it","https:\/\/instagram.com\/gossip_it"]},{"@type":"Person","@id":"https:\/\/www.gossip.it\/#\/schema\/person\/19e94c9df6df0cf45ae8d7881fbf4a73","name":"Veronica Langella","image":{"@type":"ImageObject","inLanguage":"it-IT","@id":"https:\/\/www.gossip.it\/#\/schema\/person\/image\/","url":"https:\/\/secure.gravatar.com\/avatar\/81bb1822732cf2c4d48c8984dfd9a028436d12e0918afe1ff6d842f13193b173?s=96&d=mm&r=g","contentUrl":"https:\/\/secure.gravatar.com\/avatar\/81bb1822732cf2c4d48c8984dfd9a028436d12e0918afe1ff6d842f13193b173?s=96&d=mm&r=g","caption":"Veronica Langella"}}]}},"amp_enabled":false,"_links":{"self":[{"href":"https:\/\/www.gossip.it\/api\/wp\/v2\/posts\/132882","targetHints":{"allow":["GET"]}}],"collection":[{"href":"https:\/\/www.gossip.it\/api\/wp\/v2\/posts"}],"about":[{"href":"https:\/\/www.gossip.it\/api\/wp\/v2\/types\/post"}],"author":[{"embeddable":true,"href":"https:\/\/www.gossip.it\/api\/wp\/v2\/users\/14"}],"replies":[{"embeddable":true,"href":"https:\/\/www.gossip.it\/api\/wp\/v2\/comments?post=132882"}],"version-history":[{"count":0,"href":"https:\/\/www.gossip.it\/api\/wp\/v2\/posts\/132882\/revisions"}],"wp:featuredmedia":[{"embeddable":true,"href":"https:\/\/www.gossip.it\/api\/wp\/v2\/media\/132900"}],"wp:attachment":[{"href":"https:\/\/www.gossip.it\/api\/wp\/v2\/media?parent=132882"}],"wp:term":[{"taxonomy":"category","embeddable":true,"href":"https:\/\/www.gossip.it\/api\/wp\/v2\/categories?post=132882"},{"taxonomy":"post_tag","embeddable":true,"href":"https:\/\/www.gossip.it\/api\/wp\/v2\/tags?post=132882"},{"taxonomy":"vip","embeddable":true,"href":"https:\/\/www.gossip.it\/api\/wp\/v2\/vip?post=132882"}],"curies":[{"name":"wp","href":"https:\/\/api.w.org\/{rel}","templated":true}]}}