{"id":133252,"date":"2022-09-13T14:53:47","date_gmt":"2022-09-13T12:53:47","guid":{"rendered":"https:\/\/www.gossip.it\/?p=133252"},"modified":"2022-09-14T11:54:38","modified_gmt":"2022-09-14T09:54:38","slug":"signorini-esclusione-adriana-volpe-opinionista-gf-vip","status":"publish","type":"post","link":"https:\/\/www.gossip.it\/news\/signorini-esclusione-adriana-volpe-opinionista-gf-vip\/","title":{"rendered":"Signorini parla dell'esclusione di Adriana Volpe come opinionista del GF Vip: le sue parole"},"content":{"rendered":"\n<ul class=\"wp-block-list\"><li>Il conduttore del reality rivela:<em> ''Sonia Bruganelli era gi\u00e0 convinta di suo, non ho dovuto forzare la mano''<\/em><\/li><li><em>''Orietta Berti? Non sar\u00e0 per niente buona, nasconde una sottile vena di perfidia''<\/em><\/li><\/ul>\n\n\n\n<p><a href=\"http:\/\/www.gossip.it\/vip\/alfonso-signorini\">Alfonso Signorini<\/a> scalda i motori, luned\u00ec 19 settembre parte il <strong><em>Grande Fratello Vip<\/em><\/strong>, giunto alla sua settima edizione. Il giornalista, conduttore e direttore di <em>Chi<\/em>, sulle pagine del giornale che dirige svela alcune novit\u00e0 del reality. <strong>Parla anche dell'esclusione di <a href=\"http:\/\/www.gossip.it\/vip\/adriana-volpe\">Adriana Volpe<\/a> come opinionista<\/strong>. <a href=\"http:\/\/www.gossip.it\/vip\/sonia-bruganelli\">Sonia Bruganelli<\/a>, invece, vestir\u00e0 per il secondo anno consecutivo il ruolo nello show e avr\u00e0 al suo fianco <a href=\"http:\/\/www.gossip.it\/vip\/orietta-berti\">Orietta Berti<\/a>. Sulla 49enne non riconfermata accanto alla moglie di <a href=\"http:\/\/www.gossip.it\/vip\/paolo-bonolis\">Paolo Bonolis<\/a>, il 58enne rivela: <em>\u201c<strong>Ho chiesto alla Volpe di fare il GF Vip da concorrente con la Bruganelli opinionista<\/strong>\u201d<\/em>. Lei non ne \u00e8 stata contenta\u2026<\/p>\n\n\n\n<figure class=\"wp-block-image size-large\"><img decoding=\"async\" width=\"1024\" height=\"509\" src=\"https:\/\/www.gossip.it\/wp-content\/uploads\/2022\/09\/signorini_1-1-1024x509.jpg\" alt=\"\" class=\"wp-image-133253\" srcset=\"https:\/\/www.gossip.it\/wp-content\/uploads\/2022\/09\/signorini_1-1-1024x509.jpg 1024w, https:\/\/www.gossip.it\/wp-content\/uploads\/2022\/09\/signorini_1-1-300x149.jpg 300w, https:\/\/www.gossip.it\/wp-content\/uploads\/2022\/09\/signorini_1-1-768x382.jpg 768w, https:\/\/www.gossip.it\/wp-content\/uploads\/2022\/09\/signorini_1-1-360x180.jpg 360w, https:\/\/www.gossip.it\/wp-content\/uploads\/2022\/09\/signorini_1-1-750x373.jpg 750w, https:\/\/www.gossip.it\/wp-content\/uploads\/2022\/09\/signorini_1-1.jpg 1134w\" sizes=\"(max-width: 1024px) 100vw, 1024px\" \/><figcaption>Signorini: <em>''Ho chiesto alla Volpe di fare GF Vip da concorrente con Bruganelli opinionista''<\/em>. Ecco come l'ha presa lei<\/figcaption><\/figure>\n\n\n\n<p><strong>Signorini<\/strong> sulla produttrice 48enne dice: <em>\u201cSonia era gi\u00e0 convinta di suo, <strong>non ho dovuto forzare la mano<\/strong>. Non posso dire di aver avuto lo stesso istinto con Adriana Volpe. L\u2019ho chiamata subito dopo per chiederle <strong>se le sarebbe piaciuto tornare nella Casa come concorrente, con la Bruganelli opinionista. Non l\u2019ha presa benissimo<\/strong>. Mi dispiace molto\u201d<\/em>.<\/p>\n\n\n\n<p>Alfonso \u00e8 convinto che la Berti stupir\u00e0 il pubblico:<em> \u201c<strong>Non sar\u00e0 per niente buona<\/strong>, nasconde una sottile vena di perfidia. Lei stessa mi ha detto: \u2018Non avrei resistito tutti questi anni nel mondo dello spettacolo se non avessi gli attributi\u2019. Non bisogna lasciarsi influenzare dal look colorato, dall\u2019aria paciosa\u201d.<\/em><\/p>\n\n\n\n<figure class=\"wp-block-image size-large\"><img decoding=\"async\" width=\"1024\" height=\"562\" src=\"https:\/\/www.gossip.it\/wp-content\/uploads\/2022\/09\/signorini_2-1-1024x562.jpg\" alt=\"\" class=\"wp-image-133254\" srcset=\"https:\/\/www.gossip.it\/wp-content\/uploads\/2022\/09\/signorini_2-1-1024x562.jpg 1024w, https:\/\/www.gossip.it\/wp-content\/uploads\/2022\/09\/signorini_2-1-300x165.jpg 300w, https:\/\/www.gossip.it\/wp-content\/uploads\/2022\/09\/signorini_2-1-768x421.jpg 768w, https:\/\/www.gossip.it\/wp-content\/uploads\/2022\/09\/signorini_2-1-750x411.jpg 750w, https:\/\/www.gossip.it\/wp-content\/uploads\/2022\/09\/signorini_2-1.jpg 1134w\" sizes=\"(max-width: 1024px) 100vw, 1024px\" \/><figcaption>Il conduttore del reality rivela:<em> ''Sonia era gi\u00e0 convinta di suo, non ho dovuto forzare la mano''<\/em><\/figcaption><\/figure>\n\n\n\n<p>Poi sul suo GF Vip spiega: <em>\u201cSar\u00e0 un\u2019edizione ancora pi\u00f9 social, sceglier\u00f2 ogni puntata gli spunti che mi segnaler\u00e0 <a href=\"http:\/\/www.gossip.it\/vip\/giulia-salemi\">Giulia Salemi<\/a>, il sentimento della rete espresso tramite commenti e gif e lo trasferir\u00f2 ai concorrenti. <a href=\"http:\/\/www.gossip.it\/vip\/pierpaolo-pretelli\">Pierpaolo Pretelli<\/a> e <a href=\"http:\/\/www.gossip.it\/vip\/soleil-sorge\">Soleil Sorge<\/a> condurranno GF Vip party, mentre <a href=\"http:\/\/www.gossip.it\/vip\/sophie-codegoni\">Sophie Codegoni<\/a> condurr\u00e0 Casa Chi\u201d.<\/em><\/p>\n\n\n\n<p>Arriva la domanda immancabile: gli piacerebbe se nella nella Casa entrasse <a href=\"http:\/\/www.gossip.it\/vip\/noemi-bocchi\">Noemi Bocchi<\/a>, la nuova compagna di <a href=\"http:\/\/www.gossip.it\/vip\/francesco-totti\">Totti<\/a>? <strong>Signorini<\/strong> \u00e8 lapidario e tagliente come al solito: <em>\u201cCredo che Noemi Bocchi non veda l\u2019ora di entrare nella casa, ma in un\u2019altra casa che, a questo punto, le spetta\u201d<\/em>.<\/p>\n","protected":false},"excerpt":{"rendered":"<p>Il conduttore del reality rivela: ''Sonia Bruganelli era gi\u00e0 convinta di suo, non ho dovuto forzare la mano'' ''Orietta Berti? Non sar\u00e0 per niente buona, nasconde una sottile vena di perfidia'' Alfonso Signorini scalda i motori, luned\u00ec 19 settembre parte il Grande Fratello Vip, giunto alla sua settima edizione. Il giornalista, conduttore e direttore di [&hellip;]<\/p>\n","protected":false},"author":4,"featured_media":133253,"comment_status":"open","ping_status":"closed","sticky":false,"template":"","format":"standard","meta":{"footnotes":""},"categories":[54],"tags":[64488,63538,2697,10713,63723,63536,63816,63722,1934,32240,2210,63720,2097],"vip":[220,286,1716],"class_list":["post-133252","post","type-post","status-publish","format-standard","has-post-thumbnail","hentry","category-news","tag-adrianavolpe","tag-alfonsosignorini","tag-canale5","tag-gfvip","tag-gfvip7","tag-grandefratellovip","tag-grandefratellovip7","tag-oriettaberti","tag-reality","tag-realityshow","tag-signorini","tag-soniabruganelli","tag-tv","vip-adriana_volpe","vip-alfonso_signorini","vip-sonia_bruganelli"],"yoast_head":"<title>Signorini parla dell&#039;esclusione di Adriana Volpe come opinionista del GF Vip: le sue parole - Gossip.it | News sul Gossip e VIP<\/title>\n<meta name=\"description\" content=\"Il conduttore del reality rivela: &#039;&#039;Sonia Bruganelli era gi\u00e0 convinta di suo, non ho dovuto forzare la mano&#039;&#039;&#039;&#039;Orietta Berti? Non sar\u00e0 per niente buona,\" \/>\n<meta name=\"robots\" content=\"index, follow, max-snippet:-1, max-image-preview:large, max-video-preview:-1\" \/>\n<link rel=\"canonical\" href=\"https:\/\/www.gossip.it\/news\/signorini-esclusione-adriana-volpe-opinionista-gf-vip\/\" \/>\n<meta property=\"og:locale\" content=\"it_IT\" \/>\n<meta property=\"og:type\" content=\"article\" \/>\n<meta property=\"og:title\" content=\"Signorini parla dell&#039;esclusione di Adriana Volpe come opinionista del GF Vip: le sue parole - Gossip.it | News sul Gossip e VIP\" \/>\n<meta property=\"og:description\" content=\"Il conduttore del reality rivela: &#039;&#039;Sonia Bruganelli era gi\u00e0 convinta di suo, non ho dovuto forzare la mano&#039;&#039;&#039;&#039;Orietta Berti? Non sar\u00e0 per niente buona,\" \/>\n<meta property=\"og:url\" content=\"https:\/\/www.gossip.it\/news\/signorini-esclusione-adriana-volpe-opinionista-gf-vip\/\" \/>\n<meta property=\"og:site_name\" content=\"Gossip.it | News sul Gossip e VIP\" \/>\n<meta property=\"article:publisher\" content=\"https:\/\/www.facebook.com\/GossipIT\" \/>\n<meta property=\"article:published_time\" content=\"2022-09-13T12:53:47+00:00\" \/>\n<meta property=\"article:modified_time\" content=\"2022-09-14T09:54:38+00:00\" \/>\n<meta property=\"og:image\" content=\"https:\/\/www.gossip.it\/wp-content\/uploads\/2022\/09\/signorini_1-1.jpg\" \/>\n\t<meta property=\"og:image:width\" content=\"1134\" \/>\n\t<meta property=\"og:image:height\" content=\"564\" \/>\n\t<meta property=\"og:image:type\" content=\"image\/jpeg\" \/>\n<meta name=\"author\" content=\"Annamaria Capozzi\" \/>\n<meta name=\"twitter:card\" content=\"summary_large_image\" \/>\n<meta name=\"twitter:creator\" content=\"@gossinews_it\" \/>\n<meta name=\"twitter:site\" content=\"@gossinews_it\" \/>\n<meta name=\"twitter:label1\" content=\"Scritto da\" \/>\n\t<meta name=\"twitter:data1\" content=\"Annamaria Capozzi\" \/>\n\t<meta name=\"twitter:label2\" content=\"Tempo di lettura stimato\" \/>\n\t<meta name=\"twitter:data2\" content=\"3 minuti\" \/>","yoast_head_json":{"title":"Signorini parla dell'esclusione di Adriana Volpe come opinionista del GF Vip: le sue parole - Gossip.it | News sul Gossip e VIP","description":"Il conduttore del reality rivela: ''Sonia Bruganelli era gi\u00e0 convinta di suo, non ho dovuto forzare la mano''''Orietta Berti? Non sar\u00e0 per niente buona,","robots":{"index":"index","follow":"follow","max-snippet":"max-snippet:-1","max-image-preview":"max-image-preview:large","max-video-preview":"max-video-preview:-1"},"canonical":"https:\/\/www.gossip.it\/news\/signorini-esclusione-adriana-volpe-opinionista-gf-vip\/","og_locale":"it_IT","og_type":"article","og_title":"Signorini parla dell'esclusione di Adriana Volpe come opinionista del GF Vip: le sue parole - Gossip.it | News sul Gossip e VIP","og_description":"Il conduttore del reality rivela: ''Sonia Bruganelli era gi\u00e0 convinta di suo, non ho dovuto forzare la mano''''Orietta Berti? Non sar\u00e0 per niente buona,","og_url":"https:\/\/www.gossip.it\/news\/signorini-esclusione-adriana-volpe-opinionista-gf-vip\/","og_site_name":"Gossip.it | News sul Gossip e VIP","article_publisher":"https:\/\/www.facebook.com\/GossipIT","article_published_time":"2022-09-13T12:53:47+00:00","article_modified_time":"2022-09-14T09:54:38+00:00","og_image":[{"width":1134,"height":564,"url":"https:\/\/www.gossip.it\/wp-content\/uploads\/2022\/09\/signorini_1-1.jpg","type":"image\/jpeg"}],"author":"Annamaria Capozzi","twitter_card":"summary_large_image","twitter_creator":"@gossinews_it","twitter_site":"@gossinews_it","twitter_misc":{"Scritto da":"Annamaria Capozzi","Tempo di lettura stimato":"3 minuti"},"schema":{"@context":"https:\/\/schema.org","@graph":[{"@type":"Article","@id":"https:\/\/www.gossip.it\/news\/signorini-esclusione-adriana-volpe-opinionista-gf-vip\/#article","isPartOf":{"@id":"https:\/\/www.gossip.it\/news\/signorini-esclusione-adriana-volpe-opinionista-gf-vip\/"},"author":{"name":"Annamaria Capozzi","@id":"https:\/\/www.gossip.it\/#\/schema\/person\/4f99be5acc78d3f1b07a146d4fe8256b"},"headline":"Signorini parla dell'esclusione di Adriana Volpe come opinionista del GF Vip: le sue parole","datePublished":"2022-09-13T12:53:47+00:00","dateModified":"2022-09-14T09:54:38+00:00","mainEntityOfPage":{"@id":"https:\/\/www.gossip.it\/news\/signorini-esclusione-adriana-volpe-opinionista-gf-vip\/"},"wordCount":385,"commentCount":0,"publisher":{"@id":"https:\/\/www.gossip.it\/#organization"},"image":{"@id":"https:\/\/www.gossip.it\/news\/signorini-esclusione-adriana-volpe-opinionista-gf-vip\/#primaryimage"},"thumbnailUrl":"https:\/\/www.gossip.it\/wp-content\/uploads\/2022\/09\/signorini_1-1.jpg","keywords":["adrianavolpe","alfonsosignorini","canale5","gfvip","gfvip7","grandefratellovip","grandefratellovip7","oriettaberti","reality","realityshow","signorini","soniabruganelli","tv"],"articleSection":["News"],"inLanguage":"it-IT","potentialAction":[{"@type":"CommentAction","name":"Comment","target":["https:\/\/www.gossip.it\/news\/signorini-esclusione-adriana-volpe-opinionista-gf-vip\/#respond"]}]},{"@type":"WebPage","@id":"https:\/\/www.gossip.it\/news\/signorini-esclusione-adriana-volpe-opinionista-gf-vip\/","url":"https:\/\/www.gossip.it\/news\/signorini-esclusione-adriana-volpe-opinionista-gf-vip\/","name":"Signorini parla dell'esclusione di Adriana Volpe come opinionista del GF Vip: le sue parole - Gossip.it | News sul Gossip e VIP","isPartOf":{"@id":"https:\/\/www.gossip.it\/#website"},"primaryImageOfPage":{"@id":"https:\/\/www.gossip.it\/news\/signorini-esclusione-adriana-volpe-opinionista-gf-vip\/#primaryimage"},"image":{"@id":"https:\/\/www.gossip.it\/news\/signorini-esclusione-adriana-volpe-opinionista-gf-vip\/#primaryimage"},"thumbnailUrl":"https:\/\/www.gossip.it\/wp-content\/uploads\/2022\/09\/signorini_1-1.jpg","datePublished":"2022-09-13T12:53:47+00:00","dateModified":"2022-09-14T09:54:38+00:00","description":"Il conduttore del reality rivela: ''Sonia Bruganelli era gi\u00e0 convinta di suo, non ho dovuto forzare la mano''''Orietta Berti? Non sar\u00e0 per niente buona,","breadcrumb":{"@id":"https:\/\/www.gossip.it\/news\/signorini-esclusione-adriana-volpe-opinionista-gf-vip\/#breadcrumb"},"inLanguage":"it-IT","potentialAction":[{"@type":"ReadAction","target":["https:\/\/www.gossip.it\/news\/signorini-esclusione-adriana-volpe-opinionista-gf-vip\/"]}]},{"@type":"ImageObject","inLanguage":"it-IT","@id":"https:\/\/www.gossip.it\/news\/signorini-esclusione-adriana-volpe-opinionista-gf-vip\/#primaryimage","url":"https:\/\/www.gossip.it\/wp-content\/uploads\/2022\/09\/signorini_1-1.jpg","contentUrl":"https:\/\/www.gossip.it\/wp-content\/uploads\/2022\/09\/signorini_1-1.jpg","width":1134,"height":564},{"@type":"BreadcrumbList","@id":"https:\/\/www.gossip.it\/news\/signorini-esclusione-adriana-volpe-opinionista-gf-vip\/#breadcrumb","itemListElement":[{"@type":"ListItem","position":1,"name":"Home","item":"https:\/\/www.gossip.it\/"},{"@type":"ListItem","position":2,"name":"Signorini parla dell'esclusione di Adriana Volpe come opinionista del GF Vip: le sue parole"}]},{"@type":"WebSite","@id":"https:\/\/www.gossip.it\/#website","url":"https:\/\/www.gossip.it\/","name":"Gossip and VIP News","description":"Quotidiano di cronaca rosa, costume e societ\u00e0","publisher":{"@id":"https:\/\/www.gossip.it\/#organization"},"alternateName":"Gossip and VIP News","potentialAction":[{"@type":"SearchAction","target":{"@type":"EntryPoint","urlTemplate":"https:\/\/www.gossip.it\/?s={search_term_string}"},"query-input":{"@type":"PropertyValueSpecification","valueRequired":true,"valueName":"search_term_string"}}],"inLanguage":"it-IT"},{"@type":"Organization","@id":"https:\/\/www.gossip.it\/#organization","name":"Gossip and VIP News","alternateName":"Gossip News","url":"https:\/\/www.gossip.it\/","logo":{"@type":"ImageObject","inLanguage":"it-IT","@id":"https:\/\/www.gossip.it\/#\/schema\/logo\/image\/","url":"https:\/\/www.gossip.it\/wp-content\/uploads\/2022\/04\/cropped-corna-alta-tiny.png","contentUrl":"https:\/\/www.gossip.it\/wp-content\/uploads\/2022\/04\/cropped-corna-alta-tiny.png","width":512,"height":512,"caption":"Gossip and VIP News"},"image":{"@id":"https:\/\/www.gossip.it\/#\/schema\/logo\/image\/"},"sameAs":["https:\/\/www.facebook.com\/GossipIT","https:\/\/x.com\/gossinews_it","https:\/\/instagram.com\/gossip_it"]},{"@type":"Person","@id":"https:\/\/www.gossip.it\/#\/schema\/person\/4f99be5acc78d3f1b07a146d4fe8256b","name":"Annamaria Capozzi","image":{"@type":"ImageObject","inLanguage":"it-IT","@id":"https:\/\/www.gossip.it\/#\/schema\/person\/image\/","url":"https:\/\/secure.gravatar.com\/avatar\/a8f8ec0362739e51683bf764949dfb9f8d2539eecc144f2dd938d6381b053468?s=96&d=mm&r=g","contentUrl":"https:\/\/secure.gravatar.com\/avatar\/a8f8ec0362739e51683bf764949dfb9f8d2539eecc144f2dd938d6381b053468?s=96&d=mm&r=g","caption":"Annamaria Capozzi"}}]}},"amp_enabled":true,"_links":{"self":[{"href":"https:\/\/www.gossip.it\/api\/wp\/v2\/posts\/133252","targetHints":{"allow":["GET"]}}],"collection":[{"href":"https:\/\/www.gossip.it\/api\/wp\/v2\/posts"}],"about":[{"href":"https:\/\/www.gossip.it\/api\/wp\/v2\/types\/post"}],"author":[{"embeddable":true,"href":"https:\/\/www.gossip.it\/api\/wp\/v2\/users\/4"}],"replies":[{"embeddable":true,"href":"https:\/\/www.gossip.it\/api\/wp\/v2\/comments?post=133252"}],"version-history":[{"count":0,"href":"https:\/\/www.gossip.it\/api\/wp\/v2\/posts\/133252\/revisions"}],"wp:featuredmedia":[{"embeddable":true,"href":"https:\/\/www.gossip.it\/api\/wp\/v2\/media\/133253"}],"wp:attachment":[{"href":"https:\/\/www.gossip.it\/api\/wp\/v2\/media?parent=133252"}],"wp:term":[{"taxonomy":"category","embeddable":true,"href":"https:\/\/www.gossip.it\/api\/wp\/v2\/categories?post=133252"},{"taxonomy":"post_tag","embeddable":true,"href":"https:\/\/www.gossip.it\/api\/wp\/v2\/tags?post=133252"},{"taxonomy":"vip","embeddable":true,"href":"https:\/\/www.gossip.it\/api\/wp\/v2\/vip?post=133252"}],"curies":[{"name":"wp","href":"https:\/\/api.w.org\/{rel}","templated":true}]}}