{"id":133271,"date":"2022-09-14T11:29:04","date_gmt":"2022-09-14T09:29:04","guid":{"rendered":"https:\/\/www.gossip.it\/?p=133271"},"modified":"2022-09-15T13:37:34","modified_gmt":"2022-09-15T11:37:34","slug":"elodie-esce-allo-scoperto-con-andrea-iannone","status":"publish","type":"post","link":"https:\/\/www.gossip.it\/news\/elodie-esce-allo-scoperto-con-andrea-iannone\/","title":{"rendered":"Elodie esce allo scoperto con Andrea Iannone: i due non si nascondono pi\u00f9"},"content":{"rendered":"\n<ul class=\"wp-block-list\"><li>La cantante e il pilota a Milano abbracciati l\u2019una all\u2019altro<\/li><li>La 32enne e il 33enne vivono la loro relazione alla luce del sole: \u00e8 passione<\/li><\/ul>\n\n\n\n<p><a href=\"http:\/\/www.gossip.it\/vip\/elodie\">Elodie<\/a> e <a href=\"http:\/\/www.gossip.it\/vip\/andrea-iannone\">Andrea Iannone<\/a> vivono la loro passione alla luce del sole, quello che pareva solo un flirt estivo si \u00e8 trasformato in qualcosa di pi\u00f9. <strong>La cantante e il pilota escono allo scoperto e per le vie di Milano si lasciano fotografare abbracciati l\u2019una all\u2019altro<\/strong>. Le foto le pubblica <em>Chi<\/em>.<\/p>\n\n\n\n<figure class=\"wp-block-image size-large\"><img decoding=\"async\" width=\"792\" height=\"1024\" src=\"https:\/\/www.gossip.it\/wp-content\/uploads\/2022\/09\/elodie_iannone_2-792x1024.jpg\" alt=\"\" class=\"wp-image-133272\" srcset=\"https:\/\/www.gossip.it\/wp-content\/uploads\/2022\/09\/elodie_iannone_2-792x1024.jpg 792w, https:\/\/www.gossip.it\/wp-content\/uploads\/2022\/09\/elodie_iannone_2-232x300.jpg 232w, https:\/\/www.gossip.it\/wp-content\/uploads\/2022\/09\/elodie_iannone_2-768x994.jpg 768w, https:\/\/www.gossip.it\/wp-content\/uploads\/2022\/09\/elodie_iannone_2-750x970.jpg 750w, https:\/\/www.gossip.it\/wp-content\/uploads\/2022\/09\/elodie_iannone_2.jpg 1134w\" sizes=\"(max-width: 792px) 100vw, 792px\" \/><figcaption>Elodie esce allo scoperto con Andrea Iannone: i due non si nascondono pi\u00f9<\/figcaption><\/figure>\n\n\n\n<p>Ad agosto hanno trascorso giorni indimenticabili prima in Puglia e poi in Costa Smeralda, la 32enne e il 33enne, una volta tornati dalle vacanze, hanno avuto forte il desiderio di <em>\u201capprofondire\u201d<\/em> e il legame ha cominciato a crescere. E cos\u00ec <strong>Elodie<\/strong> e <strong>Iannone<\/strong>, ex fidanzato di <a href=\"http:\/\/www.gossip.it\/vip\/belen-rodriguez\">Belen Rodriguez<\/a> e <a href=\"http:\/\/www.gossip.it\/vip\/giulia-de-lellis\">Giulia De Lellis<\/a>, <strong>hanno cominciato a fare sul serio e a vedersi con continuit\u00e0<\/strong> tra Lugano, dove vive lui, e Milano, dove ormai abita la romana.<\/p>\n\n\n\n<figure class=\"wp-block-image size-large is-resized\"><img decoding=\"async\" src=\"https:\/\/www.gossip.it\/wp-content\/uploads\/2022\/09\/elodie_iannone_3-819x1024.jpg\" alt=\"\" class=\"wp-image-133273\" width=\"768\" height=\"960\" srcset=\"https:\/\/www.gossip.it\/wp-content\/uploads\/2022\/09\/elodie_iannone_3-819x1024.jpg 819w, https:\/\/www.gossip.it\/wp-content\/uploads\/2022\/09\/elodie_iannone_3-240x300.jpg 240w, https:\/\/www.gossip.it\/wp-content\/uploads\/2022\/09\/elodie_iannone_3-768x960.jpg 768w, https:\/\/www.gossip.it\/wp-content\/uploads\/2022\/09\/elodie_iannone_3-750x938.jpg 750w, https:\/\/www.gossip.it\/wp-content\/uploads\/2022\/09\/elodie_iannone_3.jpg 1134w\" sizes=\"(max-width: 768px) 100vw, 768px\" \/><figcaption>La cantante 32enne si fa fotografare a Milano con il pilota 33enne<\/figcaption><\/figure>\n\n\n\n<p>I paparazzi li pizzicano avvinghiati in strada: Andrea ha passato la notte dalla Di Patrizi, cos\u00ec scrive il settimanale. Secondo il giornale, per il centauro si tratterebbe di una storia importante: era dal 2019 che lo sportivo non viveva una relazione da batticuore, quando \u00e8 stato legato per poco meno di un anno con la De Lellis. <strong>A fare il tifo per i fidanzatini ci sarebbe anche la Rodriguez<\/strong>, molto amica di <strong>Elodie<\/strong> e rimasta in ottimi rapporti con Iannone, con cui \u00e8 stata insieme dal 2016 al 2018.<\/p>\n\n\n\n<figure class=\"wp-block-image size-large\"><img decoding=\"async\" width=\"819\" height=\"1024\" src=\"https:\/\/www.gossip.it\/wp-content\/uploads\/2022\/09\/elodie_iannone_4-819x1024.jpg\" alt=\"\" class=\"wp-image-133274\" srcset=\"https:\/\/www.gossip.it\/wp-content\/uploads\/2022\/09\/elodie_iannone_4-819x1024.jpg 819w, https:\/\/www.gossip.it\/wp-content\/uploads\/2022\/09\/elodie_iannone_4-240x300.jpg 240w, https:\/\/www.gossip.it\/wp-content\/uploads\/2022\/09\/elodie_iannone_4-768x960.jpg 768w, https:\/\/www.gossip.it\/wp-content\/uploads\/2022\/09\/elodie_iannone_4-750x938.jpg 750w, https:\/\/www.gossip.it\/wp-content\/uploads\/2022\/09\/elodie_iannone_4.jpg 1134w\" sizes=\"(max-width: 819px) 100vw, 819px\" \/><figcaption>Andrea non ha una relazione importante dal 2019: secondo i ben informati sarebbe <em>'cotto' <\/em>della romana<\/figcaption><\/figure>\n\n\n\n<p><strong>Elodie<\/strong> ci va coi piedi di piombo, <strong>\u00e8 ancora provata per la rottura con <a href=\"http:\/\/www.gossip.it\/vip\/marracash\">Marracash<\/a><\/strong>. Di Andrea Iannone recentemente a <em>Vanity Fair<\/em> ha detto:<em> \u201cE\u2019 una persona che mi piace, ma in questa fase non credo ci siano aspettative n\u00e9 da una parte n\u00e9 dall\u2019altra. Se dovesse fiorire, fiorir\u00e0. Ma non \u00e8 il momento di parlarne\u201d.<\/em> Ha poi aggiunto: <em>\u201cE\u2019 un ragazzo divertente, che mi fa ridere. E s\u00ec, \u00e8 coatto\u201d.<\/em><\/p>\n","protected":false},"excerpt":{"rendered":"<p>La cantante e il pilota a Milano abbracciati l\u2019una all\u2019altro La 32enne e il 33enne vivono la loro relazione alla luce del sole: \u00e8 passione Elodie e Andrea Iannone vivono la loro passione alla luce del sole, quello che pareva solo un flirt estivo si \u00e8 trasformato in qualcosa di pi\u00f9. La cantante e il [&hellip;]<\/p>\n","protected":false},"author":4,"featured_media":133275,"comment_status":"open","ping_status":"closed","sticky":false,"template":"","format":"standard","meta":{"footnotes":""},"categories":[54],"tags":[1909,64512,1918,64511,2140,11456,11016,1979],"vip":[64513,63402],"class_list":["post-133271","post","type-post","status-publish","format-standard","has-post-thumbnail","hentry","category-news","tag-amici","tag-andreaiannone","tag-elodie","tag-elodiedipatrizi","tag-flirt","tag-iannone","tag-lugano","tag-milano","vip-andrea-iannone","vip-elodie"],"yoast_head":"<title>Elodie esce allo scoperto con Andrea Iannone: i due non si nascondono pi\u00f9 - Gossip.it | News sul Gossip e VIP<\/title>\n<meta name=\"description\" content=\"La cantante e il pilota a Milano abbracciati l\u2019una all\u2019altroLa 32enne e il 33enne vivono la loro relazione alla luce del sole: \u00e8 passione Elodie e Andrea\" \/>\n<meta name=\"robots\" content=\"index, follow, max-snippet:-1, max-image-preview:large, max-video-preview:-1\" \/>\n<link rel=\"canonical\" href=\"https:\/\/www.gossip.it\/news\/elodie-esce-allo-scoperto-con-andrea-iannone\/\" \/>\n<meta property=\"og:locale\" content=\"it_IT\" \/>\n<meta property=\"og:type\" content=\"article\" \/>\n<meta property=\"og:title\" content=\"Elodie esce allo scoperto con Andrea Iannone: i due non si nascondono pi\u00f9 - Gossip.it | News sul Gossip e VIP\" \/>\n<meta property=\"og:description\" content=\"La cantante e il pilota a Milano abbracciati l\u2019una all\u2019altroLa 32enne e il 33enne vivono la loro relazione alla luce del sole: \u00e8 passione Elodie e Andrea\" \/>\n<meta property=\"og:url\" content=\"https:\/\/www.gossip.it\/news\/elodie-esce-allo-scoperto-con-andrea-iannone\/\" \/>\n<meta property=\"og:site_name\" content=\"Gossip.it | News sul Gossip e VIP\" \/>\n<meta property=\"article:publisher\" content=\"https:\/\/www.facebook.com\/GossipIT\" \/>\n<meta property=\"article:published_time\" content=\"2022-09-14T09:29:04+00:00\" \/>\n<meta property=\"article:modified_time\" content=\"2022-09-15T11:37:34+00:00\" \/>\n<meta property=\"og:image\" content=\"https:\/\/www.gossip.it\/wp-content\/uploads\/2022\/09\/lancio-ELODIE-1.jpg\" \/>\n\t<meta property=\"og:image:width\" content=\"1134\" \/>\n\t<meta property=\"og:image:height\" content=\"773\" \/>\n\t<meta property=\"og:image:type\" content=\"image\/jpeg\" \/>\n<meta name=\"author\" content=\"Annamaria Capozzi\" \/>\n<meta name=\"twitter:card\" content=\"summary_large_image\" \/>\n<meta name=\"twitter:creator\" content=\"@gossinews_it\" \/>\n<meta name=\"twitter:site\" content=\"@gossinews_it\" \/>\n<meta name=\"twitter:label1\" content=\"Scritto da\" \/>\n\t<meta name=\"twitter:data1\" content=\"Annamaria Capozzi\" \/>\n\t<meta name=\"twitter:label2\" content=\"Tempo di lettura stimato\" \/>\n\t<meta name=\"twitter:data2\" content=\"3 minuti\" \/>","yoast_head_json":{"title":"Elodie esce allo scoperto con Andrea Iannone: i due non si nascondono pi\u00f9 - Gossip.it | News sul Gossip e VIP","description":"La cantante e il pilota a Milano abbracciati l\u2019una all\u2019altroLa 32enne e il 33enne vivono la loro relazione alla luce del sole: \u00e8 passione Elodie e Andrea","robots":{"index":"index","follow":"follow","max-snippet":"max-snippet:-1","max-image-preview":"max-image-preview:large","max-video-preview":"max-video-preview:-1"},"canonical":"https:\/\/www.gossip.it\/news\/elodie-esce-allo-scoperto-con-andrea-iannone\/","og_locale":"it_IT","og_type":"article","og_title":"Elodie esce allo scoperto con Andrea Iannone: i due non si nascondono pi\u00f9 - Gossip.it | News sul Gossip e VIP","og_description":"La cantante e il pilota a Milano abbracciati l\u2019una all\u2019altroLa 32enne e il 33enne vivono la loro relazione alla luce del sole: \u00e8 passione Elodie e Andrea","og_url":"https:\/\/www.gossip.it\/news\/elodie-esce-allo-scoperto-con-andrea-iannone\/","og_site_name":"Gossip.it | News sul Gossip e VIP","article_publisher":"https:\/\/www.facebook.com\/GossipIT","article_published_time":"2022-09-14T09:29:04+00:00","article_modified_time":"2022-09-15T11:37:34+00:00","og_image":[{"width":1134,"height":773,"url":"https:\/\/www.gossip.it\/wp-content\/uploads\/2022\/09\/lancio-ELODIE-1.jpg","type":"image\/jpeg"}],"author":"Annamaria Capozzi","twitter_card":"summary_large_image","twitter_creator":"@gossinews_it","twitter_site":"@gossinews_it","twitter_misc":{"Scritto da":"Annamaria Capozzi","Tempo di lettura stimato":"3 minuti"},"schema":{"@context":"https:\/\/schema.org","@graph":[{"@type":"Article","@id":"https:\/\/www.gossip.it\/news\/elodie-esce-allo-scoperto-con-andrea-iannone\/#article","isPartOf":{"@id":"https:\/\/www.gossip.it\/news\/elodie-esce-allo-scoperto-con-andrea-iannone\/"},"author":{"name":"Annamaria Capozzi","@id":"https:\/\/www.gossip.it\/#\/schema\/person\/4f99be5acc78d3f1b07a146d4fe8256b"},"headline":"Elodie esce allo scoperto con Andrea Iannone: i due non si nascondono pi\u00f9","datePublished":"2022-09-14T09:29:04+00:00","dateModified":"2022-09-15T11:37:34+00:00","mainEntityOfPage":{"@id":"https:\/\/www.gossip.it\/news\/elodie-esce-allo-scoperto-con-andrea-iannone\/"},"wordCount":359,"commentCount":0,"publisher":{"@id":"https:\/\/www.gossip.it\/#organization"},"image":{"@id":"https:\/\/www.gossip.it\/news\/elodie-esce-allo-scoperto-con-andrea-iannone\/#primaryimage"},"thumbnailUrl":"https:\/\/www.gossip.it\/wp-content\/uploads\/2022\/09\/lancio-ELODIE-1.jpg","keywords":["amici","andreaiannone","elodie","elodiedipatrizi","flirt","iannone","lugano","milano"],"articleSection":["News"],"inLanguage":"it-IT","potentialAction":[{"@type":"CommentAction","name":"Comment","target":["https:\/\/www.gossip.it\/news\/elodie-esce-allo-scoperto-con-andrea-iannone\/#respond"]}]},{"@type":"WebPage","@id":"https:\/\/www.gossip.it\/news\/elodie-esce-allo-scoperto-con-andrea-iannone\/","url":"https:\/\/www.gossip.it\/news\/elodie-esce-allo-scoperto-con-andrea-iannone\/","name":"Elodie esce allo scoperto con Andrea Iannone: i due non si nascondono pi\u00f9 - Gossip.it | News sul Gossip e VIP","isPartOf":{"@id":"https:\/\/www.gossip.it\/#website"},"primaryImageOfPage":{"@id":"https:\/\/www.gossip.it\/news\/elodie-esce-allo-scoperto-con-andrea-iannone\/#primaryimage"},"image":{"@id":"https:\/\/www.gossip.it\/news\/elodie-esce-allo-scoperto-con-andrea-iannone\/#primaryimage"},"thumbnailUrl":"https:\/\/www.gossip.it\/wp-content\/uploads\/2022\/09\/lancio-ELODIE-1.jpg","datePublished":"2022-09-14T09:29:04+00:00","dateModified":"2022-09-15T11:37:34+00:00","description":"La cantante e il pilota a Milano abbracciati l\u2019una all\u2019altroLa 32enne e il 33enne vivono la loro relazione alla luce del sole: \u00e8 passione Elodie e Andrea","breadcrumb":{"@id":"https:\/\/www.gossip.it\/news\/elodie-esce-allo-scoperto-con-andrea-iannone\/#breadcrumb"},"inLanguage":"it-IT","potentialAction":[{"@type":"ReadAction","target":["https:\/\/www.gossip.it\/news\/elodie-esce-allo-scoperto-con-andrea-iannone\/"]}]},{"@type":"ImageObject","inLanguage":"it-IT","@id":"https:\/\/www.gossip.it\/news\/elodie-esce-allo-scoperto-con-andrea-iannone\/#primaryimage","url":"https:\/\/www.gossip.it\/wp-content\/uploads\/2022\/09\/lancio-ELODIE-1.jpg","contentUrl":"https:\/\/www.gossip.it\/wp-content\/uploads\/2022\/09\/lancio-ELODIE-1.jpg","width":1134,"height":773},{"@type":"BreadcrumbList","@id":"https:\/\/www.gossip.it\/news\/elodie-esce-allo-scoperto-con-andrea-iannone\/#breadcrumb","itemListElement":[{"@type":"ListItem","position":1,"name":"Home","item":"https:\/\/www.gossip.it\/"},{"@type":"ListItem","position":2,"name":"Elodie esce allo scoperto con Andrea Iannone: i due non si nascondono pi\u00f9"}]},{"@type":"WebSite","@id":"https:\/\/www.gossip.it\/#website","url":"https:\/\/www.gossip.it\/","name":"Gossip and VIP News","description":"Quotidiano di cronaca rosa, costume e societ\u00e0","publisher":{"@id":"https:\/\/www.gossip.it\/#organization"},"alternateName":"Gossip and VIP News","potentialAction":[{"@type":"SearchAction","target":{"@type":"EntryPoint","urlTemplate":"https:\/\/www.gossip.it\/?s={search_term_string}"},"query-input":{"@type":"PropertyValueSpecification","valueRequired":true,"valueName":"search_term_string"}}],"inLanguage":"it-IT"},{"@type":"Organization","@id":"https:\/\/www.gossip.it\/#organization","name":"Gossip and VIP News","alternateName":"Gossip News","url":"https:\/\/www.gossip.it\/","logo":{"@type":"ImageObject","inLanguage":"it-IT","@id":"https:\/\/www.gossip.it\/#\/schema\/logo\/image\/","url":"https:\/\/www.gossip.it\/wp-content\/uploads\/2022\/04\/cropped-corna-alta-tiny.png","contentUrl":"https:\/\/www.gossip.it\/wp-content\/uploads\/2022\/04\/cropped-corna-alta-tiny.png","width":512,"height":512,"caption":"Gossip and VIP News"},"image":{"@id":"https:\/\/www.gossip.it\/#\/schema\/logo\/image\/"},"sameAs":["https:\/\/www.facebook.com\/GossipIT","https:\/\/x.com\/gossinews_it","https:\/\/instagram.com\/gossip_it"]},{"@type":"Person","@id":"https:\/\/www.gossip.it\/#\/schema\/person\/4f99be5acc78d3f1b07a146d4fe8256b","name":"Annamaria Capozzi","image":{"@type":"ImageObject","inLanguage":"it-IT","@id":"https:\/\/www.gossip.it\/#\/schema\/person\/image\/","url":"https:\/\/secure.gravatar.com\/avatar\/a8f8ec0362739e51683bf764949dfb9f8d2539eecc144f2dd938d6381b053468?s=96&d=mm&r=g","contentUrl":"https:\/\/secure.gravatar.com\/avatar\/a8f8ec0362739e51683bf764949dfb9f8d2539eecc144f2dd938d6381b053468?s=96&d=mm&r=g","caption":"Annamaria Capozzi"}}]}},"amp_enabled":true,"_links":{"self":[{"href":"https:\/\/www.gossip.it\/api\/wp\/v2\/posts\/133271","targetHints":{"allow":["GET"]}}],"collection":[{"href":"https:\/\/www.gossip.it\/api\/wp\/v2\/posts"}],"about":[{"href":"https:\/\/www.gossip.it\/api\/wp\/v2\/types\/post"}],"author":[{"embeddable":true,"href":"https:\/\/www.gossip.it\/api\/wp\/v2\/users\/4"}],"replies":[{"embeddable":true,"href":"https:\/\/www.gossip.it\/api\/wp\/v2\/comments?post=133271"}],"version-history":[{"count":0,"href":"https:\/\/www.gossip.it\/api\/wp\/v2\/posts\/133271\/revisions"}],"wp:featuredmedia":[{"embeddable":true,"href":"https:\/\/www.gossip.it\/api\/wp\/v2\/media\/133275"}],"wp:attachment":[{"href":"https:\/\/www.gossip.it\/api\/wp\/v2\/media?parent=133271"}],"wp:term":[{"taxonomy":"category","embeddable":true,"href":"https:\/\/www.gossip.it\/api\/wp\/v2\/categories?post=133271"},{"taxonomy":"post_tag","embeddable":true,"href":"https:\/\/www.gossip.it\/api\/wp\/v2\/tags?post=133271"},{"taxonomy":"vip","embeddable":true,"href":"https:\/\/www.gossip.it\/api\/wp\/v2\/vip?post=133271"}],"curies":[{"name":"wp","href":"https:\/\/api.w.org\/{rel}","templated":true}]}}