{"id":133809,"date":"2022-09-22T12:27:27","date_gmt":"2022-09-22T10:27:27","guid":{"rendered":"https:\/\/www.gossip.it\/?p=133809"},"modified":"2022-09-23T10:11:24","modified_gmt":"2022-09-23T08:11:24","slug":"antonino-spinalbese-rivela-quando-stavo-belen-scappavo-casa","status":"publish","type":"post","link":"https:\/\/www.gossip.it\/news\/antonino-spinalbese-rivela-quando-stavo-belen-scappavo-casa\/","title":{"rendered":"Antonino Spinalbese rivela: ''Quando stavo con Belen scappavo di casa''"},"content":{"rendered":"\n<ul class=\"wp-block-list\"><li>Il 27enne, concorrente del Grande Fratello Vip, racconta dettagli della relazione con la showgirl<\/li><li>Ha confessato che quando litigava con la 38enne, scappava di casa: il motivo<\/li><\/ul>\n\n\n\n<p><strong>Antonino Spinalbese<\/strong> ha raccontato che quando litigava con <strong>Belen<\/strong> durante la loro relazione, <strong>scappava<\/strong> di casa. Non ama infatti gli scontri diretti e per questo fuggiva davanti alle tensioni familiari. Parlando con alcuni coinquilini della storia vissuta con la madre di sua figlia Luna Mar\u00ec, ha dichiarato: <em>\u201cC\u2019erano i fotografi, i gossip, il suo mondo. C\u2019erano poi tanti problemi che si sono creati. Eravamo due cose troppo diverse, due <strong>mondi distanti<\/strong>\u201d<\/em>. <em>\u201cSe uno si vuole bene dici che basta? Oddio non lo so se basta il bene in una storia. Adesso penso che doveva andare cos\u00ec\u201d<\/em>, ha aggiunto.<\/p>\n\n\n\n<figure class=\"wp-block-image size-large\"><img decoding=\"async\" width=\"1024\" height=\"564\" src=\"https:\/\/www.gossip.it\/wp-content\/uploads\/2022\/09\/antonino_spinalbese-1024x564.jpg\" alt=\"\" class=\"wp-image-133811\" srcset=\"https:\/\/www.gossip.it\/wp-content\/uploads\/2022\/09\/antonino_spinalbese-1024x564.jpg 1024w, https:\/\/www.gossip.it\/wp-content\/uploads\/2022\/09\/antonino_spinalbese-300x165.jpg 300w, https:\/\/www.gossip.it\/wp-content\/uploads\/2022\/09\/antonino_spinalbese-768x423.jpg 768w, https:\/\/www.gossip.it\/wp-content\/uploads\/2022\/09\/antonino_spinalbese-750x413.jpg 750w, https:\/\/www.gossip.it\/wp-content\/uploads\/2022\/09\/antonino_spinalbese.jpg 1134w\" sizes=\"(max-width: 1024px) 100vw, 1024px\" \/><figcaption>Antonino Spinalbese, 27 anni, ha spiegato che quando litigava con Belen durante la loro relazione finiva sempre per scappare di casa<\/figcaption><\/figure>\n\n\n\n<p><em>\u201cPoi io <strong>me ne andavo sempre di casa<\/strong>. Litigavamo e me ne andavo, scappavo. Io odio i litigi e quindi reagivo scappando\u201d<\/em>, ha proseguito il 27enne. <em>\u201cDopo quello che \u00e8 successo, se non fossi diventato padre sarei andato via all\u2019estero\u201d<\/em>, ha spiegato.<\/p>\n\n\n\n<p>Parlando della figlia di un anno ha poi detto: <em>\u201cLa mia bambina per me \u00e8 tutto. Mi manca ma so che fuori ha tutto l\u2019amore. Ha la madre e anche tutti i nonni. S\u00ec ha mia madre e poi i genitori di lei che sono entrambi in Italia\u201d<\/em>. Sulla nascita di Luna ha affermato:<em> \u201cLa piccola \u00e8 nata a <strong>Padova<\/strong>, perch\u00e9 c\u2019\u00e8 un reparto super specializzato nel far nascere i bambini. S\u00ec c\u2019\u00e8 un team molto rinomato per questo\u201d<\/em>.<\/p>\n\n\n\n<p><em>\u201cAvere un figlio ti cambia totalmente la <strong>vita<\/strong>. Pensa che io da giovane volevo sposarmi e non volevo figli. Dicevo sempre che non mi vedevo pap\u00e0 e invece poi la vita ti mette davanti a cose inaspettate. Per\u00f2 non rinnego nulla con la mia ex, anche perch\u00e9 poi abbiamo avuto una bimba splendida\u201d<\/em>, ha quindi concluso.<\/p>\n","protected":false},"excerpt":{"rendered":"<p>Il 27enne, concorrente del Grande Fratello Vip, racconta dettagli della relazione con la showgirl Ha confessato che quando litigava con la 38enne, scappava di casa: il motivo Antonino Spinalbese ha raccontato che quando litigava con Belen durante la loro relazione, scappava di casa. Non ama infatti gli scontri diretti e per questo fuggiva davanti alle [&hellip;]<\/p>\n","protected":false},"author":1,"featured_media":133811,"comment_status":"open","ping_status":"closed","sticky":false,"template":"","format":"standard","meta":{"footnotes":""},"categories":[54],"tags":[],"vip":[63469,396],"class_list":["post-133809","post","type-post","status-publish","format-standard","has-post-thumbnail","hentry","category-news","vip-antonino-spinalbese","vip-belen_rodriguez"],"yoast_head":"<title>Antonino Spinalbese rivela: &#039;&#039;Quando stavo con Belen scappavo di casa&#039;&#039; - Gossip.it | News sul Gossip e VIP<\/title>\n<meta name=\"description\" content=\"Il 27enne, concorrente del Grande Fratello Vip, racconta dettagli della relazione con la showgirl...\" \/>\n<meta name=\"robots\" content=\"index, follow, max-snippet:-1, max-image-preview:large, max-video-preview:-1\" \/>\n<link rel=\"canonical\" href=\"https:\/\/www.gossip.it\/news\/antonino-spinalbese-rivela-quando-stavo-belen-scappavo-casa\/\" \/>\n<meta property=\"og:locale\" content=\"it_IT\" \/>\n<meta property=\"og:type\" content=\"article\" \/>\n<meta property=\"og:title\" content=\"Antonino Spinalbese rivela: &#039;&#039;Quando stavo con Belen scappavo di casa&#039;&#039; - Gossip.it | News sul Gossip e VIP\" \/>\n<meta property=\"og:description\" content=\"Il 27enne, concorrente del Grande Fratello Vip, racconta dettagli della relazione con la showgirl...\" \/>\n<meta property=\"og:url\" content=\"https:\/\/www.gossip.it\/news\/antonino-spinalbese-rivela-quando-stavo-belen-scappavo-casa\/\" \/>\n<meta property=\"og:site_name\" content=\"Gossip.it | News sul Gossip e VIP\" \/>\n<meta property=\"article:publisher\" content=\"https:\/\/www.facebook.com\/GossipIT\" \/>\n<meta property=\"article:published_time\" content=\"2022-09-22T10:27:27+00:00\" \/>\n<meta property=\"article:modified_time\" content=\"2022-09-23T08:11:24+00:00\" \/>\n<meta property=\"og:image\" content=\"https:\/\/www.gossip.it\/wp-content\/uploads\/2022\/09\/antonino_spinalbese.jpg\" \/>\n\t<meta property=\"og:image:width\" content=\"1134\" \/>\n\t<meta property=\"og:image:height\" content=\"625\" \/>\n\t<meta property=\"og:image:type\" content=\"image\/jpeg\" \/>\n<meta name=\"author\" content=\"La Redazione\" \/>\n<meta name=\"twitter:card\" content=\"summary_large_image\" \/>\n<meta name=\"twitter:creator\" content=\"@gossinews_it\" \/>\n<meta name=\"twitter:site\" content=\"@gossinews_it\" \/>\n<meta name=\"twitter:label1\" content=\"Scritto da\" \/>\n\t<meta name=\"twitter:data1\" content=\"La Redazione\" \/>\n\t<meta name=\"twitter:label2\" content=\"Tempo di lettura stimato\" \/>\n\t<meta name=\"twitter:data2\" content=\"2 minuti\" \/>","yoast_head_json":{"title":"Antonino Spinalbese rivela: ''Quando stavo con Belen scappavo di casa'' - Gossip.it | News sul Gossip e VIP","description":"Il 27enne, concorrente del Grande Fratello Vip, racconta dettagli della relazione con la showgirl...","robots":{"index":"index","follow":"follow","max-snippet":"max-snippet:-1","max-image-preview":"max-image-preview:large","max-video-preview":"max-video-preview:-1"},"canonical":"https:\/\/www.gossip.it\/news\/antonino-spinalbese-rivela-quando-stavo-belen-scappavo-casa\/","og_locale":"it_IT","og_type":"article","og_title":"Antonino Spinalbese rivela: ''Quando stavo con Belen scappavo di casa'' - Gossip.it | News sul Gossip e VIP","og_description":"Il 27enne, concorrente del Grande Fratello Vip, racconta dettagli della relazione con la showgirl...","og_url":"https:\/\/www.gossip.it\/news\/antonino-spinalbese-rivela-quando-stavo-belen-scappavo-casa\/","og_site_name":"Gossip.it | News sul Gossip e VIP","article_publisher":"https:\/\/www.facebook.com\/GossipIT","article_published_time":"2022-09-22T10:27:27+00:00","article_modified_time":"2022-09-23T08:11:24+00:00","og_image":[{"width":1134,"height":625,"url":"https:\/\/www.gossip.it\/wp-content\/uploads\/2022\/09\/antonino_spinalbese.jpg","type":"image\/jpeg"}],"author":"La Redazione","twitter_card":"summary_large_image","twitter_creator":"@gossinews_it","twitter_site":"@gossinews_it","twitter_misc":{"Scritto da":"La Redazione","Tempo di lettura stimato":"2 minuti"},"schema":{"@context":"https:\/\/schema.org","@graph":[{"@type":"Article","@id":"https:\/\/www.gossip.it\/news\/antonino-spinalbese-rivela-quando-stavo-belen-scappavo-casa\/#article","isPartOf":{"@id":"https:\/\/www.gossip.it\/news\/antonino-spinalbese-rivela-quando-stavo-belen-scappavo-casa\/"},"author":{"name":"La Redazione","@id":"https:\/\/www.gossip.it\/#\/schema\/person\/488896f75158bff1cc83c6c39d141110"},"headline":"Antonino Spinalbese rivela: ''Quando stavo con Belen scappavo di casa''","datePublished":"2022-09-22T10:27:27+00:00","dateModified":"2022-09-23T08:11:24+00:00","mainEntityOfPage":{"@id":"https:\/\/www.gossip.it\/news\/antonino-spinalbese-rivela-quando-stavo-belen-scappavo-casa\/"},"wordCount":333,"commentCount":0,"publisher":{"@id":"https:\/\/www.gossip.it\/#organization"},"image":{"@id":"https:\/\/www.gossip.it\/news\/antonino-spinalbese-rivela-quando-stavo-belen-scappavo-casa\/#primaryimage"},"thumbnailUrl":"https:\/\/www.gossip.it\/wp-content\/uploads\/2022\/09\/antonino_spinalbese.jpg","articleSection":["News"],"inLanguage":"it-IT","potentialAction":[{"@type":"CommentAction","name":"Comment","target":["https:\/\/www.gossip.it\/news\/antonino-spinalbese-rivela-quando-stavo-belen-scappavo-casa\/#respond"]}]},{"@type":"WebPage","@id":"https:\/\/www.gossip.it\/news\/antonino-spinalbese-rivela-quando-stavo-belen-scappavo-casa\/","url":"https:\/\/www.gossip.it\/news\/antonino-spinalbese-rivela-quando-stavo-belen-scappavo-casa\/","name":"Antonino Spinalbese rivela: ''Quando stavo con Belen scappavo di casa'' - Gossip.it | News sul Gossip e VIP","isPartOf":{"@id":"https:\/\/www.gossip.it\/#website"},"primaryImageOfPage":{"@id":"https:\/\/www.gossip.it\/news\/antonino-spinalbese-rivela-quando-stavo-belen-scappavo-casa\/#primaryimage"},"image":{"@id":"https:\/\/www.gossip.it\/news\/antonino-spinalbese-rivela-quando-stavo-belen-scappavo-casa\/#primaryimage"},"thumbnailUrl":"https:\/\/www.gossip.it\/wp-content\/uploads\/2022\/09\/antonino_spinalbese.jpg","datePublished":"2022-09-22T10:27:27+00:00","dateModified":"2022-09-23T08:11:24+00:00","description":"Il 27enne, concorrente del Grande Fratello Vip, racconta dettagli della relazione con la showgirl...","breadcrumb":{"@id":"https:\/\/www.gossip.it\/news\/antonino-spinalbese-rivela-quando-stavo-belen-scappavo-casa\/#breadcrumb"},"inLanguage":"it-IT","potentialAction":[{"@type":"ReadAction","target":["https:\/\/www.gossip.it\/news\/antonino-spinalbese-rivela-quando-stavo-belen-scappavo-casa\/"]}]},{"@type":"ImageObject","inLanguage":"it-IT","@id":"https:\/\/www.gossip.it\/news\/antonino-spinalbese-rivela-quando-stavo-belen-scappavo-casa\/#primaryimage","url":"https:\/\/www.gossip.it\/wp-content\/uploads\/2022\/09\/antonino_spinalbese.jpg","contentUrl":"https:\/\/www.gossip.it\/wp-content\/uploads\/2022\/09\/antonino_spinalbese.jpg","width":1134,"height":625},{"@type":"BreadcrumbList","@id":"https:\/\/www.gossip.it\/news\/antonino-spinalbese-rivela-quando-stavo-belen-scappavo-casa\/#breadcrumb","itemListElement":[{"@type":"ListItem","position":1,"name":"Home","item":"https:\/\/www.gossip.it\/"},{"@type":"ListItem","position":2,"name":"Antonino Spinalbese rivela: ''Quando stavo con Belen scappavo di casa''"}]},{"@type":"WebSite","@id":"https:\/\/www.gossip.it\/#website","url":"https:\/\/www.gossip.it\/","name":"Gossip and VIP News","description":"Quotidiano di cronaca rosa, costume e societ\u00e0","publisher":{"@id":"https:\/\/www.gossip.it\/#organization"},"alternateName":"Gossip and VIP News","potentialAction":[{"@type":"SearchAction","target":{"@type":"EntryPoint","urlTemplate":"https:\/\/www.gossip.it\/?s={search_term_string}"},"query-input":{"@type":"PropertyValueSpecification","valueRequired":true,"valueName":"search_term_string"}}],"inLanguage":"it-IT"},{"@type":"Organization","@id":"https:\/\/www.gossip.it\/#organization","name":"Gossip and VIP News","alternateName":"Gossip News","url":"https:\/\/www.gossip.it\/","logo":{"@type":"ImageObject","inLanguage":"it-IT","@id":"https:\/\/www.gossip.it\/#\/schema\/logo\/image\/","url":"https:\/\/www.gossip.it\/wp-content\/uploads\/2022\/04\/cropped-corna-alta-tiny.png","contentUrl":"https:\/\/www.gossip.it\/wp-content\/uploads\/2022\/04\/cropped-corna-alta-tiny.png","width":512,"height":512,"caption":"Gossip and VIP News"},"image":{"@id":"https:\/\/www.gossip.it\/#\/schema\/logo\/image\/"},"sameAs":["https:\/\/www.facebook.com\/GossipIT","https:\/\/x.com\/gossinews_it","https:\/\/instagram.com\/gossip_it"]},{"@type":"Person","@id":"https:\/\/www.gossip.it\/#\/schema\/person\/488896f75158bff1cc83c6c39d141110","name":"La Redazione","image":{"@type":"ImageObject","inLanguage":"it-IT","@id":"https:\/\/www.gossip.it\/#\/schema\/person\/image\/","url":"https:\/\/secure.gravatar.com\/avatar\/5a5f5c6fa3e6700e4249abdad0263a1e94e927d9e0499b1cb09c1cd29c044d80?s=96&d=mm&r=g","contentUrl":"https:\/\/secure.gravatar.com\/avatar\/5a5f5c6fa3e6700e4249abdad0263a1e94e927d9e0499b1cb09c1cd29c044d80?s=96&d=mm&r=g","caption":"La Redazione"},"sameAs":["https:\/\/www.gossip.it"]}]}},"amp_enabled":true,"_links":{"self":[{"href":"https:\/\/www.gossip.it\/api\/wp\/v2\/posts\/133809","targetHints":{"allow":["GET"]}}],"collection":[{"href":"https:\/\/www.gossip.it\/api\/wp\/v2\/posts"}],"about":[{"href":"https:\/\/www.gossip.it\/api\/wp\/v2\/types\/post"}],"author":[{"embeddable":true,"href":"https:\/\/www.gossip.it\/api\/wp\/v2\/users\/1"}],"replies":[{"embeddable":true,"href":"https:\/\/www.gossip.it\/api\/wp\/v2\/comments?post=133809"}],"version-history":[{"count":0,"href":"https:\/\/www.gossip.it\/api\/wp\/v2\/posts\/133809\/revisions"}],"wp:featuredmedia":[{"embeddable":true,"href":"https:\/\/www.gossip.it\/api\/wp\/v2\/media\/133811"}],"wp:attachment":[{"href":"https:\/\/www.gossip.it\/api\/wp\/v2\/media?parent=133809"}],"wp:term":[{"taxonomy":"category","embeddable":true,"href":"https:\/\/www.gossip.it\/api\/wp\/v2\/categories?post=133809"},{"taxonomy":"post_tag","embeddable":true,"href":"https:\/\/www.gossip.it\/api\/wp\/v2\/tags?post=133809"},{"taxonomy":"vip","embeddable":true,"href":"https:\/\/www.gossip.it\/api\/wp\/v2\/vip?post=133809"}],"curies":[{"name":"wp","href":"https:\/\/api.w.org\/{rel}","templated":true}]}}