{"id":136353,"date":"2022-11-04T12:34:18","date_gmt":"2022-11-04T11:34:18","guid":{"rendered":"https:\/\/www.gossip.it\/?p=136353"},"modified":"2022-11-04T14:30:38","modified_gmt":"2022-11-04T13:30:38","slug":"aurora-ramazzotti-notti-insonni-incubi","status":"publish","type":"post","link":"https:\/\/www.gossip.it\/news\/aurora-ramazzotti-notti-insonni-incubi\/","title":{"rendered":"Aurora Ramazzotti preoccupata per le notti insonni: ''Da quando sono incinta faccio sempre incubi''"},"content":{"rendered":"\n<ul class=\"wp-block-list\">\n<li>La 25enne chiede ai follower se sia normale che accada<\/li>\n\n\n\n<li>L\u2019influencer e conduttrice si sveglia anche spesso per andare in bagno<\/li>\n<\/ul>\n\n\n\n<p><a href=\"http:\/\/www.gossip.it\/vip\/aurora-ramazzotti\">Aurora Ramazzotti<\/a>, nonostante si stia godendo una rilassante vacanza in montagna con il fidanzato <a href=\"http:\/\/www.gossip.it\/vip\/goffredo-cerza\">Goffredo Cerza<\/a>, <strong>\u00e8 preoccupata per le sue notti insonni<\/strong>. Ai follower nelle sue <em>IG Stories<\/em> confessa: <em>\u201c<strong>Da quando sono incinta faccio sempre incubi<\/strong>\u201d.<\/em> Chiede se sia normale.<\/p>\n\n\n\n<figure class=\"wp-block-image size-large\"><img decoding=\"async\" width=\"704\" height=\"1024\" src=\"https:\/\/www.gossip.it\/wp-content\/uploads\/2022\/11\/aurora_1-1-704x1024.jpg\" alt=\"\" class=\"wp-image-136354\" srcset=\"https:\/\/www.gossip.it\/wp-content\/uploads\/2022\/11\/aurora_1-1-704x1024.jpg 704w, https:\/\/www.gossip.it\/wp-content\/uploads\/2022\/11\/aurora_1-1-206x300.jpg 206w, https:\/\/www.gossip.it\/wp-content\/uploads\/2022\/11\/aurora_1-1-768x1117.jpg 768w, https:\/\/www.gossip.it\/wp-content\/uploads\/2022\/11\/aurora_1-1-1056x1536.jpg 1056w, https:\/\/www.gossip.it\/wp-content\/uploads\/2022\/11\/aurora_1-1-750x1091.jpg 750w, https:\/\/www.gossip.it\/wp-content\/uploads\/2022\/11\/aurora_1-1.jpg 1134w\" sizes=\"(max-width: 704px) 100vw, 704px\" \/><figcaption class=\"wp-element-caption\">Aurora Ramazzotti preoccupata per le notti insonni: <em>''Da quando sono incinta faccio sempre incubi''<\/em><\/figcaption><\/figure>\n\n\n\n<p><em>\"<strong>Da quando sono incinta faccio incubi tutte le notti <\/strong><\/em>- rivela la 25enne - <em><strong>Tutte le paure che non si manifestano di giorno me le ricorda il mio inconscio di notte<\/strong>\". \"Poi svegliandomi tre, quattro, volte per andare in bagno o ne ricomincio uno nuovo oppure faccio il sequel di quello appena finito. E' normale?\u201d<\/em>, domanda Aury.<\/p>\n\n\n\n<p>Le fan la rassicurano. Aurora condivide alcuni commenti che le sono arrivati e scrive: <em>\u201cA quanto pare \u00e8 cosa comune\u201d<\/em>. <em>\u201cLa tua ansia viene fuori cos\u00ec\u2026non \u00e8 facile quando \u00e8 tutto nuovo e una nuova vita dipende da te\u201d,<\/em> le scrive una.<\/p>\n\n\n\n<figure class=\"wp-block-image size-large is-resized\"><img decoding=\"async\" src=\"https:\/\/www.gossip.it\/wp-content\/uploads\/2022\/11\/aurora_2-1-576x1024.jpg\" alt=\"\" class=\"wp-image-136355\" width=\"766\" height=\"1362\" srcset=\"https:\/\/www.gossip.it\/wp-content\/uploads\/2022\/11\/aurora_2-1-576x1024.jpg 576w, https:\/\/www.gossip.it\/wp-content\/uploads\/2022\/11\/aurora_2-1-169x300.jpg 169w, https:\/\/www.gossip.it\/wp-content\/uploads\/2022\/11\/aurora_2-1-768x1365.jpg 768w, https:\/\/www.gossip.it\/wp-content\/uploads\/2022\/11\/aurora_2-1-864x1536.jpg 864w, https:\/\/www.gossip.it\/wp-content\/uploads\/2022\/11\/aurora_2-1-750x1333.jpg 750w, https:\/\/www.gossip.it\/wp-content\/uploads\/2022\/11\/aurora_2-1.jpg 1134w\" sizes=\"(max-width: 766px) 100vw, 766px\" \/><figcaption class=\"wp-element-caption\">La 25enne chiede ai follower se sia normale che accada: la rassicurano<\/figcaption><\/figure>\n\n\n\n<p>Un\u2019altra le fa sapere: <em>\u201cE\u2019 normalissimo, o quanto meno per me lo \u00e8 stato, idem dopo la nascita. Dopo aver partorito non ho pi\u00f9 potuto guardare un film minimamente violento, ancor meno Thriller o horror. La sensibilit\u00e0 conscia ed inconscia cambia e non ti riconosci pi\u00f9, in compenso sviluppi un altro tipo di forza che non saprei spiegare, quella della mamma, che solitamente attribuiamo alla nostra madre\u201d.<\/em><\/p>\n","protected":false},"excerpt":{"rendered":"<p>Aurora Ramazzotti, nonostante si stia godendo una rilassante vacanza in montagna con il fidanzato Goffredo Cerza, \u00e8 preoccupata per le sue notti insonni. Ai follower nelle sue IG Stories confessa: \u201cDa quando sono incinta faccio sempre incubi\u201d. Chiede se sia normale. \"Da quando sono incinta faccio incubi tutte le notti - rivela la 25enne - [&hellip;]<\/p>\n","protected":false},"author":4,"featured_media":136356,"comment_status":"open","ping_status":"closed","sticky":false,"template":"","format":"standard","meta":{"footnotes":""},"categories":[54],"tags":[4668,63521,2181,2094,63987],"vip":[63423],"class_list":["post-136353","post","type-post","status-publish","format-standard","has-post-thumbnail","hentry","category-news","tag-aurora","tag-auroraramazzotti","tag-gravidanza","tag-incinta","tag-pregnant","vip-aurora-ramazzotti"],"yoast_head":"<title>Aurora Ramazzotti preoccupata per le notti insonni: &#039;&#039;Da quando sono incinta faccio sempre incubi&#039;&#039; - Gossip.it | News sul Gossip e VIP<\/title>\n<meta name=\"description\" content=\"La 25enne chiede ai follower se sia normale che accada L\u2019influencer e conduttrice si sveglia anche spesso per andare in bagno Aurora Ramazzotti,\" \/>\n<meta name=\"robots\" content=\"index, follow, max-snippet:-1, max-image-preview:large, max-video-preview:-1\" \/>\n<link rel=\"canonical\" href=\"https:\/\/www.gossip.it\/news\/aurora-ramazzotti-notti-insonni-incubi\/\" \/>\n<meta property=\"og:locale\" content=\"it_IT\" \/>\n<meta property=\"og:type\" content=\"article\" \/>\n<meta property=\"og:title\" content=\"Aurora Ramazzotti preoccupata per le notti insonni: &#039;&#039;Da quando sono incinta faccio sempre incubi&#039;&#039; - Gossip.it | News sul Gossip e VIP\" \/>\n<meta property=\"og:description\" content=\"La 25enne chiede ai follower se sia normale che accada L\u2019influencer e conduttrice si sveglia anche spesso per andare in bagno Aurora Ramazzotti,\" \/>\n<meta property=\"og:url\" content=\"https:\/\/www.gossip.it\/news\/aurora-ramazzotti-notti-insonni-incubi\/\" \/>\n<meta property=\"og:site_name\" content=\"Gossip.it | News sul Gossip e VIP\" \/>\n<meta property=\"article:publisher\" content=\"https:\/\/www.facebook.com\/GossipIT\" \/>\n<meta property=\"article:published_time\" content=\"2022-11-04T11:34:18+00:00\" \/>\n<meta property=\"article:modified_time\" content=\"2022-11-04T13:30:38+00:00\" \/>\n<meta property=\"og:image\" content=\"https:\/\/www.gossip.it\/wp-content\/uploads\/2022\/11\/lancio-AURORA-1.jpg\" \/>\n\t<meta property=\"og:image:width\" content=\"1134\" \/>\n\t<meta property=\"og:image:height\" content=\"809\" \/>\n\t<meta property=\"og:image:type\" content=\"image\/jpeg\" \/>\n<meta name=\"author\" content=\"Annamaria Capozzi\" \/>\n<meta name=\"twitter:card\" content=\"summary_large_image\" \/>\n<meta name=\"twitter:creator\" content=\"@gossinews_it\" \/>\n<meta name=\"twitter:site\" content=\"@gossinews_it\" \/>\n<meta name=\"twitter:label1\" content=\"Scritto da\" \/>\n\t<meta name=\"twitter:data1\" content=\"Annamaria Capozzi\" \/>\n\t<meta name=\"twitter:label2\" content=\"Tempo di lettura stimato\" \/>\n\t<meta name=\"twitter:data2\" content=\"2 minuti\" \/>","yoast_head_json":{"title":"Aurora Ramazzotti preoccupata per le notti insonni: ''Da quando sono incinta faccio sempre incubi'' - Gossip.it | News sul Gossip e VIP","description":"La 25enne chiede ai follower se sia normale che accada L\u2019influencer e conduttrice si sveglia anche spesso per andare in bagno Aurora Ramazzotti,","robots":{"index":"index","follow":"follow","max-snippet":"max-snippet:-1","max-image-preview":"max-image-preview:large","max-video-preview":"max-video-preview:-1"},"canonical":"https:\/\/www.gossip.it\/news\/aurora-ramazzotti-notti-insonni-incubi\/","og_locale":"it_IT","og_type":"article","og_title":"Aurora Ramazzotti preoccupata per le notti insonni: ''Da quando sono incinta faccio sempre incubi'' - Gossip.it | News sul Gossip e VIP","og_description":"La 25enne chiede ai follower se sia normale che accada L\u2019influencer e conduttrice si sveglia anche spesso per andare in bagno Aurora Ramazzotti,","og_url":"https:\/\/www.gossip.it\/news\/aurora-ramazzotti-notti-insonni-incubi\/","og_site_name":"Gossip.it | News sul Gossip e VIP","article_publisher":"https:\/\/www.facebook.com\/GossipIT","article_published_time":"2022-11-04T11:34:18+00:00","article_modified_time":"2022-11-04T13:30:38+00:00","og_image":[{"width":1134,"height":809,"url":"https:\/\/www.gossip.it\/wp-content\/uploads\/2022\/11\/lancio-AURORA-1.jpg","type":"image\/jpeg"}],"author":"Annamaria Capozzi","twitter_card":"summary_large_image","twitter_creator":"@gossinews_it","twitter_site":"@gossinews_it","twitter_misc":{"Scritto da":"Annamaria Capozzi","Tempo di lettura stimato":"2 minuti"},"schema":{"@context":"https:\/\/schema.org","@graph":[{"@type":"Article","@id":"https:\/\/www.gossip.it\/news\/aurora-ramazzotti-notti-insonni-incubi\/#article","isPartOf":{"@id":"https:\/\/www.gossip.it\/news\/aurora-ramazzotti-notti-insonni-incubi\/"},"author":{"name":"Annamaria Capozzi","@id":"https:\/\/www.gossip.it\/#\/schema\/person\/4f99be5acc78d3f1b07a146d4fe8256b"},"headline":"Aurora Ramazzotti preoccupata per le notti insonni: ''Da quando sono incinta faccio sempre incubi''","datePublished":"2022-11-04T11:34:18+00:00","dateModified":"2022-11-04T13:30:38+00:00","mainEntityOfPage":{"@id":"https:\/\/www.gossip.it\/news\/aurora-ramazzotti-notti-insonni-incubi\/"},"wordCount":266,"commentCount":0,"publisher":{"@id":"https:\/\/www.gossip.it\/#organization"},"image":{"@id":"https:\/\/www.gossip.it\/news\/aurora-ramazzotti-notti-insonni-incubi\/#primaryimage"},"thumbnailUrl":"https:\/\/www.gossip.it\/wp-content\/uploads\/2022\/11\/lancio-AURORA-1.jpg","keywords":["aurora","auroraramazzotti","gravidanza","incinta","pregnant"],"articleSection":["News"],"inLanguage":"it-IT","potentialAction":[{"@type":"CommentAction","name":"Comment","target":["https:\/\/www.gossip.it\/news\/aurora-ramazzotti-notti-insonni-incubi\/#respond"]}]},{"@type":"WebPage","@id":"https:\/\/www.gossip.it\/news\/aurora-ramazzotti-notti-insonni-incubi\/","url":"https:\/\/www.gossip.it\/news\/aurora-ramazzotti-notti-insonni-incubi\/","name":"Aurora Ramazzotti preoccupata per le notti insonni: ''Da quando sono incinta faccio sempre incubi'' - Gossip.it | News sul Gossip e VIP","isPartOf":{"@id":"https:\/\/www.gossip.it\/#website"},"primaryImageOfPage":{"@id":"https:\/\/www.gossip.it\/news\/aurora-ramazzotti-notti-insonni-incubi\/#primaryimage"},"image":{"@id":"https:\/\/www.gossip.it\/news\/aurora-ramazzotti-notti-insonni-incubi\/#primaryimage"},"thumbnailUrl":"https:\/\/www.gossip.it\/wp-content\/uploads\/2022\/11\/lancio-AURORA-1.jpg","datePublished":"2022-11-04T11:34:18+00:00","dateModified":"2022-11-04T13:30:38+00:00","description":"La 25enne chiede ai follower se sia normale che accada L\u2019influencer e conduttrice si sveglia anche spesso per andare in bagno Aurora Ramazzotti,","breadcrumb":{"@id":"https:\/\/www.gossip.it\/news\/aurora-ramazzotti-notti-insonni-incubi\/#breadcrumb"},"inLanguage":"it-IT","potentialAction":[{"@type":"ReadAction","target":["https:\/\/www.gossip.it\/news\/aurora-ramazzotti-notti-insonni-incubi\/"]}]},{"@type":"ImageObject","inLanguage":"it-IT","@id":"https:\/\/www.gossip.it\/news\/aurora-ramazzotti-notti-insonni-incubi\/#primaryimage","url":"https:\/\/www.gossip.it\/wp-content\/uploads\/2022\/11\/lancio-AURORA-1.jpg","contentUrl":"https:\/\/www.gossip.it\/wp-content\/uploads\/2022\/11\/lancio-AURORA-1.jpg","width":1134,"height":809},{"@type":"BreadcrumbList","@id":"https:\/\/www.gossip.it\/news\/aurora-ramazzotti-notti-insonni-incubi\/#breadcrumb","itemListElement":[{"@type":"ListItem","position":1,"name":"Home","item":"https:\/\/www.gossip.it\/"},{"@type":"ListItem","position":2,"name":"Aurora Ramazzotti preoccupata per le notti insonni: ''Da quando sono incinta faccio sempre incubi''"}]},{"@type":"WebSite","@id":"https:\/\/www.gossip.it\/#website","url":"https:\/\/www.gossip.it\/","name":"Gossip and VIP News","description":"Quotidiano di cronaca rosa, costume e societ\u00e0","publisher":{"@id":"https:\/\/www.gossip.it\/#organization"},"alternateName":"Gossip and VIP News","potentialAction":[{"@type":"SearchAction","target":{"@type":"EntryPoint","urlTemplate":"https:\/\/www.gossip.it\/?s={search_term_string}"},"query-input":{"@type":"PropertyValueSpecification","valueRequired":true,"valueName":"search_term_string"}}],"inLanguage":"it-IT"},{"@type":"Organization","@id":"https:\/\/www.gossip.it\/#organization","name":"Gossip and VIP News","alternateName":"Gossip News","url":"https:\/\/www.gossip.it\/","logo":{"@type":"ImageObject","inLanguage":"it-IT","@id":"https:\/\/www.gossip.it\/#\/schema\/logo\/image\/","url":"https:\/\/www.gossip.it\/wp-content\/uploads\/2022\/04\/cropped-corna-alta-tiny.png","contentUrl":"https:\/\/www.gossip.it\/wp-content\/uploads\/2022\/04\/cropped-corna-alta-tiny.png","width":512,"height":512,"caption":"Gossip and VIP News"},"image":{"@id":"https:\/\/www.gossip.it\/#\/schema\/logo\/image\/"},"sameAs":["https:\/\/www.facebook.com\/GossipIT","https:\/\/x.com\/gossinews_it","https:\/\/instagram.com\/gossip_it"]},{"@type":"Person","@id":"https:\/\/www.gossip.it\/#\/schema\/person\/4f99be5acc78d3f1b07a146d4fe8256b","name":"Annamaria Capozzi","image":{"@type":"ImageObject","inLanguage":"it-IT","@id":"https:\/\/www.gossip.it\/#\/schema\/person\/image\/","url":"https:\/\/secure.gravatar.com\/avatar\/a8f8ec0362739e51683bf764949dfb9f8d2539eecc144f2dd938d6381b053468?s=96&d=mm&r=g","contentUrl":"https:\/\/secure.gravatar.com\/avatar\/a8f8ec0362739e51683bf764949dfb9f8d2539eecc144f2dd938d6381b053468?s=96&d=mm&r=g","caption":"Annamaria Capozzi"}}]}},"amp_enabled":true,"_links":{"self":[{"href":"https:\/\/www.gossip.it\/api\/wp\/v2\/posts\/136353","targetHints":{"allow":["GET"]}}],"collection":[{"href":"https:\/\/www.gossip.it\/api\/wp\/v2\/posts"}],"about":[{"href":"https:\/\/www.gossip.it\/api\/wp\/v2\/types\/post"}],"author":[{"embeddable":true,"href":"https:\/\/www.gossip.it\/api\/wp\/v2\/users\/4"}],"replies":[{"embeddable":true,"href":"https:\/\/www.gossip.it\/api\/wp\/v2\/comments?post=136353"}],"version-history":[{"count":0,"href":"https:\/\/www.gossip.it\/api\/wp\/v2\/posts\/136353\/revisions"}],"wp:featuredmedia":[{"embeddable":true,"href":"https:\/\/www.gossip.it\/api\/wp\/v2\/media\/136356"}],"wp:attachment":[{"href":"https:\/\/www.gossip.it\/api\/wp\/v2\/media?parent=136353"}],"wp:term":[{"taxonomy":"category","embeddable":true,"href":"https:\/\/www.gossip.it\/api\/wp\/v2\/categories?post=136353"},{"taxonomy":"post_tag","embeddable":true,"href":"https:\/\/www.gossip.it\/api\/wp\/v2\/tags?post=136353"},{"taxonomy":"vip","embeddable":true,"href":"https:\/\/www.gossip.it\/api\/wp\/v2\/vip?post=136353"}],"curies":[{"name":"wp","href":"https:\/\/api.w.org\/{rel}","templated":true}]}}