{"id":136396,"date":"2022-11-04T15:12:53","date_gmt":"2022-11-04T14:12:53","guid":{"rendered":"https:\/\/www.gossip.it\/?p=136396"},"modified":"2022-11-05T21:52:09","modified_gmt":"2022-11-05T20:52:09","slug":"giulia-salemi-seno-piu-piccolo-dell-altro","status":"publish","type":"post","link":"https:\/\/www.gossip.it\/news\/giulia-salemi-seno-piu-piccolo-dell-altro\/","title":{"rendered":"Ecco perch\u00e9 Giulia Salemi ha un seno pi\u00f9 piccolo dell'altro: le parole della madre"},"content":{"rendered":"\n<ul class=\"wp-block-list\">\n<li>E\u2019  Fariba a svelare un problema avuto dalla 29enne quando era bambina<\/li>\n\n\n\n<li>L\u2019influencer, modella e conduttrice, non ha mai nascosto di avere una vistosa cicatrice<\/li>\n<\/ul>\n\n\n\n<p><a href=\"http:\/\/www.gossip.it\/vip\/giulia-salemi\">Giulia Salemi<\/a> non ha mai nascosto di avere una <strong>vistosa cicatrice sul d\u00e9collet\u00e9<\/strong>, la madre, <a href=\"http:\/\/www.gossip.it7vip\/fariba-tehrani\">Fariba<\/a>, a <em>Di Pi\u00f9<\/em> rivela il motivo e confida pure il <strong>perch\u00e9 la 29enne ha un seno pi\u00f9 piccolo dell\u2019altro<\/strong>. Tutta colpa di un grave problema che la figlia ha avuto quando era solo una bambina:<strong> le \u00e8 stata rimossa una massa tumorale<\/strong>.<\/p>\n\n\n\n<figure class=\"wp-block-image size-large\"><img decoding=\"async\" width=\"819\" height=\"1024\" src=\"https:\/\/www.gossip.it\/wp-content\/uploads\/2022\/11\/salemi_1-819x1024.jpg\" alt=\"\" class=\"wp-image-136397\" srcset=\"https:\/\/www.gossip.it\/wp-content\/uploads\/2022\/11\/salemi_1-819x1024.jpg 819w, https:\/\/www.gossip.it\/wp-content\/uploads\/2022\/11\/salemi_1-240x300.jpg 240w, https:\/\/www.gossip.it\/wp-content\/uploads\/2022\/11\/salemi_1-768x960.jpg 768w, https:\/\/www.gossip.it\/wp-content\/uploads\/2022\/11\/salemi_1-750x938.jpg 750w, https:\/\/www.gossip.it\/wp-content\/uploads\/2022\/11\/salemi_1.jpg 1134w\" sizes=\"(max-width: 819px) 100vw, 819px\" \/><figcaption class=\"wp-element-caption\">Ecco perch\u00e9 Giulia Salemi ha un seno pi\u00f9 piccolo dell'altro: le parole della madre<\/figcaption><\/figure>\n\n\n\n<p>Giulia non ha mai voluto far modificare il suo seno. Fariba Tehrani al settimanale racconta di quando lei e il marito si accorsero che qualcosa in Giulia non andasse. Aveva solo pochi mesi di vita. La piccola di notte tossiva e <em>\u201c<strong>sembrava soffocasse<\/strong>\u201d.<\/em><\/p>\n\n\n\n<p>Dopo molte visite, arriv\u00f2 la diagnosi: Fariba e Mario si preoccuparono moltissimo. <em>\u201cMi dissero che andava immediatamente operata. <strong>Nel petto mia figlia aveva una massa che, con il tempo, era diventata enorme e l'avrebbe presto soffocata<\/strong>\".\u00a0<\/em><\/p>\n\n\n\n<p>Giulia fu ricoverata in ospedale. <em>\"Mi tagliai i capelli come un uomo perch\u00e9 non avevo pi\u00f9 tempo per curarmi e pensare a me, dedicavo\u00a0 tutto il mio tempo a Giulia. Staccai con il mondo per rimanere con lei, dormivo su una sedia. <strong>Ero in mezzo al dolore pi\u00f9 atroce<\/strong>, in un reparto pieno di bambini malati di tumore\u201d<\/em>, svela Fariba.<\/p>\n\n\n\n<figure class=\"wp-block-image size-large\"><img decoding=\"async\" width=\"819\" height=\"1024\" src=\"https:\/\/www.gossip.it\/wp-content\/uploads\/2022\/11\/salemi_2-819x1024.jpg\" alt=\"\" class=\"wp-image-136398\" srcset=\"https:\/\/www.gossip.it\/wp-content\/uploads\/2022\/11\/salemi_2-819x1024.jpg 819w, https:\/\/www.gossip.it\/wp-content\/uploads\/2022\/11\/salemi_2-240x300.jpg 240w, https:\/\/www.gossip.it\/wp-content\/uploads\/2022\/11\/salemi_2-768x960.jpg 768w, https:\/\/www.gossip.it\/wp-content\/uploads\/2022\/11\/salemi_2-750x938.jpg 750w, https:\/\/www.gossip.it\/wp-content\/uploads\/2022\/11\/salemi_2.jpg 1134w\" sizes=\"(max-width: 819px) 100vw, 819px\" \/><figcaption class=\"wp-element-caption\">Alla 29enne, quando era in fasce, \u00e8 stata rimossa una massa tumorale<\/figcaption><\/figure>\n\n\n\n<p>Finalmente la bimba fu operata: <em>\u201cChiesi a tutti una preghiera per Giulia, chiamai i miei amici ebrei, cristiani, musulmani. Dopo un'ora e mezza ricordo che usc\u00ec uno dei chirurghi, mi disse che<strong> a prima vista il tumore poteva considerarsi di tipo benigno<\/strong>. Scoppiai a piangere\".<\/em><\/p>\n\n\n\n<p>La madre dell\u2019ex gieffina vip conclude: <em>\u201cUno dei rischi era che quella massa potesse tornare, per fortuna non si ricre\u00f2 mai pi\u00f9. <strong>A Giulia, per\u00f2, rimase una grande cicatrice e tuttora ha un seno pi\u00f9 piccolo dell\u2019altro<\/strong>. Non ha mai voluto operarsi al seno. Ha voluto tenersi addosso quel ricordo della sua infanzia\u201d<\/em><\/p>\n","protected":false},"excerpt":{"rendered":"<p>Giulia Salemi non ha mai nascosto di avere una vistosa cicatrice sul d\u00e9collet\u00e9, la madre, Fariba, a Di Pi\u00f9 rivela il motivo e confida pure il perch\u00e9 la 29enne ha un seno pi\u00f9 piccolo dell\u2019altro. Tutta colpa di un grave problema che la figlia ha avuto quando era solo una bambina: le \u00e8 stata rimossa [&hellip;]<\/p>\n","protected":false},"author":4,"featured_media":136399,"comment_status":"open","ping_status":"closed","sticky":false,"template":"","format":"standard","meta":{"footnotes":""},"categories":[54],"tags":[65323,10713,63723,64020,63536,63816,2313],"vip":[63415],"class_list":["post-136396","post","type-post","status-publish","format-standard","has-post-thumbnail","hentry","category-news","tag-faribatehrani","tag-gfvip","tag-gfvip7","tag-giuliasalemi","tag-grandefratellovip","tag-grandefratellovip7","tag-tumore","vip-giulia-salemi"],"yoast_head":"<title>Ecco perch\u00e9 Giulia Salemi ha un seno pi\u00f9 piccolo dell&#039;altro: le parole della madre - Gossip.it | News sul Gossip e VIP<\/title>\n<meta name=\"description\" content=\"E\u2019 Fariba a svelare un problema avuto dalla 29enne quando era bambina L\u2019influencer, modella e conduttrice, non ha mai nascosto di avere una vistosa\" \/>\n<meta name=\"robots\" content=\"index, follow, max-snippet:-1, max-image-preview:large, max-video-preview:-1\" \/>\n<link rel=\"canonical\" href=\"https:\/\/www.gossip.it\/news\/giulia-salemi-seno-piu-piccolo-dell-altro\/\" \/>\n<meta property=\"og:locale\" content=\"it_IT\" \/>\n<meta property=\"og:type\" content=\"article\" \/>\n<meta property=\"og:title\" content=\"Ecco perch\u00e9 Giulia Salemi ha un seno pi\u00f9 piccolo dell&#039;altro: le parole della madre - Gossip.it | News sul Gossip e VIP\" \/>\n<meta property=\"og:description\" content=\"E\u2019 Fariba a svelare un problema avuto dalla 29enne quando era bambina L\u2019influencer, modella e conduttrice, non ha mai nascosto di avere una vistosa\" \/>\n<meta property=\"og:url\" content=\"https:\/\/www.gossip.it\/news\/giulia-salemi-seno-piu-piccolo-dell-altro\/\" \/>\n<meta property=\"og:site_name\" content=\"Gossip.it | News sul Gossip e VIP\" \/>\n<meta property=\"article:publisher\" content=\"https:\/\/www.facebook.com\/GossipIT\" \/>\n<meta property=\"article:published_time\" content=\"2022-11-04T14:12:53+00:00\" \/>\n<meta property=\"article:modified_time\" content=\"2022-11-05T20:52:09+00:00\" \/>\n<meta property=\"og:image\" content=\"https:\/\/www.gossip.it\/wp-content\/uploads\/2022\/11\/lancio-SALEMI.jpg\" \/>\n\t<meta property=\"og:image:width\" content=\"1134\" \/>\n\t<meta property=\"og:image:height\" content=\"809\" \/>\n\t<meta property=\"og:image:type\" content=\"image\/jpeg\" \/>\n<meta name=\"author\" content=\"Annamaria Capozzi\" \/>\n<meta name=\"twitter:card\" content=\"summary_large_image\" \/>\n<meta name=\"twitter:creator\" content=\"@gossinews_it\" \/>\n<meta name=\"twitter:site\" content=\"@gossinews_it\" \/>\n<meta name=\"twitter:label1\" content=\"Scritto da\" \/>\n\t<meta name=\"twitter:data1\" content=\"Annamaria Capozzi\" \/>\n\t<meta name=\"twitter:label2\" content=\"Tempo di lettura stimato\" \/>\n\t<meta name=\"twitter:data2\" content=\"3 minuti\" \/>","yoast_head_json":{"title":"Ecco perch\u00e9 Giulia Salemi ha un seno pi\u00f9 piccolo dell'altro: le parole della madre - Gossip.it | News sul Gossip e VIP","description":"E\u2019 Fariba a svelare un problema avuto dalla 29enne quando era bambina L\u2019influencer, modella e conduttrice, non ha mai nascosto di avere una vistosa","robots":{"index":"index","follow":"follow","max-snippet":"max-snippet:-1","max-image-preview":"max-image-preview:large","max-video-preview":"max-video-preview:-1"},"canonical":"https:\/\/www.gossip.it\/news\/giulia-salemi-seno-piu-piccolo-dell-altro\/","og_locale":"it_IT","og_type":"article","og_title":"Ecco perch\u00e9 Giulia Salemi ha un seno pi\u00f9 piccolo dell'altro: le parole della madre - Gossip.it | News sul Gossip e VIP","og_description":"E\u2019 Fariba a svelare un problema avuto dalla 29enne quando era bambina L\u2019influencer, modella e conduttrice, non ha mai nascosto di avere una vistosa","og_url":"https:\/\/www.gossip.it\/news\/giulia-salemi-seno-piu-piccolo-dell-altro\/","og_site_name":"Gossip.it | News sul Gossip e VIP","article_publisher":"https:\/\/www.facebook.com\/GossipIT","article_published_time":"2022-11-04T14:12:53+00:00","article_modified_time":"2022-11-05T20:52:09+00:00","og_image":[{"width":1134,"height":809,"url":"https:\/\/www.gossip.it\/wp-content\/uploads\/2022\/11\/lancio-SALEMI.jpg","type":"image\/jpeg"}],"author":"Annamaria Capozzi","twitter_card":"summary_large_image","twitter_creator":"@gossinews_it","twitter_site":"@gossinews_it","twitter_misc":{"Scritto da":"Annamaria Capozzi","Tempo di lettura stimato":"3 minuti"},"schema":{"@context":"https:\/\/schema.org","@graph":[{"@type":"Article","@id":"https:\/\/www.gossip.it\/news\/giulia-salemi-seno-piu-piccolo-dell-altro\/#article","isPartOf":{"@id":"https:\/\/www.gossip.it\/news\/giulia-salemi-seno-piu-piccolo-dell-altro\/"},"author":{"name":"Annamaria Capozzi","@id":"https:\/\/www.gossip.it\/#\/schema\/person\/4f99be5acc78d3f1b07a146d4fe8256b"},"headline":"Ecco perch\u00e9 Giulia Salemi ha un seno pi\u00f9 piccolo dell'altro: le parole della madre","datePublished":"2022-11-04T14:12:53+00:00","dateModified":"2022-11-05T20:52:09+00:00","mainEntityOfPage":{"@id":"https:\/\/www.gossip.it\/news\/giulia-salemi-seno-piu-piccolo-dell-altro\/"},"wordCount":367,"commentCount":0,"publisher":{"@id":"https:\/\/www.gossip.it\/#organization"},"image":{"@id":"https:\/\/www.gossip.it\/news\/giulia-salemi-seno-piu-piccolo-dell-altro\/#primaryimage"},"thumbnailUrl":"https:\/\/www.gossip.it\/wp-content\/uploads\/2022\/11\/lancio-SALEMI.jpg","keywords":["faribatehrani","gfvip","gfvip7","giuliasalemi","grandefratellovip","grandefratellovip7","tumore"],"articleSection":["News"],"inLanguage":"it-IT","potentialAction":[{"@type":"CommentAction","name":"Comment","target":["https:\/\/www.gossip.it\/news\/giulia-salemi-seno-piu-piccolo-dell-altro\/#respond"]}]},{"@type":"WebPage","@id":"https:\/\/www.gossip.it\/news\/giulia-salemi-seno-piu-piccolo-dell-altro\/","url":"https:\/\/www.gossip.it\/news\/giulia-salemi-seno-piu-piccolo-dell-altro\/","name":"Ecco perch\u00e9 Giulia Salemi ha un seno pi\u00f9 piccolo dell'altro: le parole della madre - Gossip.it | News sul Gossip e VIP","isPartOf":{"@id":"https:\/\/www.gossip.it\/#website"},"primaryImageOfPage":{"@id":"https:\/\/www.gossip.it\/news\/giulia-salemi-seno-piu-piccolo-dell-altro\/#primaryimage"},"image":{"@id":"https:\/\/www.gossip.it\/news\/giulia-salemi-seno-piu-piccolo-dell-altro\/#primaryimage"},"thumbnailUrl":"https:\/\/www.gossip.it\/wp-content\/uploads\/2022\/11\/lancio-SALEMI.jpg","datePublished":"2022-11-04T14:12:53+00:00","dateModified":"2022-11-05T20:52:09+00:00","description":"E\u2019 Fariba a svelare un problema avuto dalla 29enne quando era bambina L\u2019influencer, modella e conduttrice, non ha mai nascosto di avere una vistosa","breadcrumb":{"@id":"https:\/\/www.gossip.it\/news\/giulia-salemi-seno-piu-piccolo-dell-altro\/#breadcrumb"},"inLanguage":"it-IT","potentialAction":[{"@type":"ReadAction","target":["https:\/\/www.gossip.it\/news\/giulia-salemi-seno-piu-piccolo-dell-altro\/"]}]},{"@type":"ImageObject","inLanguage":"it-IT","@id":"https:\/\/www.gossip.it\/news\/giulia-salemi-seno-piu-piccolo-dell-altro\/#primaryimage","url":"https:\/\/www.gossip.it\/wp-content\/uploads\/2022\/11\/lancio-SALEMI.jpg","contentUrl":"https:\/\/www.gossip.it\/wp-content\/uploads\/2022\/11\/lancio-SALEMI.jpg","width":1134,"height":809},{"@type":"BreadcrumbList","@id":"https:\/\/www.gossip.it\/news\/giulia-salemi-seno-piu-piccolo-dell-altro\/#breadcrumb","itemListElement":[{"@type":"ListItem","position":1,"name":"Home","item":"https:\/\/www.gossip.it\/"},{"@type":"ListItem","position":2,"name":"Ecco perch\u00e9 Giulia Salemi ha un seno pi\u00f9 piccolo dell'altro: le parole della madre"}]},{"@type":"WebSite","@id":"https:\/\/www.gossip.it\/#website","url":"https:\/\/www.gossip.it\/","name":"Gossip and VIP News","description":"Quotidiano di cronaca rosa, costume e societ\u00e0","publisher":{"@id":"https:\/\/www.gossip.it\/#organization"},"alternateName":"Gossip and VIP News","potentialAction":[{"@type":"SearchAction","target":{"@type":"EntryPoint","urlTemplate":"https:\/\/www.gossip.it\/?s={search_term_string}"},"query-input":{"@type":"PropertyValueSpecification","valueRequired":true,"valueName":"search_term_string"}}],"inLanguage":"it-IT"},{"@type":"Organization","@id":"https:\/\/www.gossip.it\/#organization","name":"Gossip and VIP News","alternateName":"Gossip News","url":"https:\/\/www.gossip.it\/","logo":{"@type":"ImageObject","inLanguage":"it-IT","@id":"https:\/\/www.gossip.it\/#\/schema\/logo\/image\/","url":"https:\/\/www.gossip.it\/wp-content\/uploads\/2022\/04\/cropped-corna-alta-tiny.png","contentUrl":"https:\/\/www.gossip.it\/wp-content\/uploads\/2022\/04\/cropped-corna-alta-tiny.png","width":512,"height":512,"caption":"Gossip and VIP News"},"image":{"@id":"https:\/\/www.gossip.it\/#\/schema\/logo\/image\/"},"sameAs":["https:\/\/www.facebook.com\/GossipIT","https:\/\/x.com\/gossinews_it","https:\/\/instagram.com\/gossip_it"]},{"@type":"Person","@id":"https:\/\/www.gossip.it\/#\/schema\/person\/4f99be5acc78d3f1b07a146d4fe8256b","name":"Annamaria Capozzi","image":{"@type":"ImageObject","inLanguage":"it-IT","@id":"https:\/\/www.gossip.it\/#\/schema\/person\/image\/","url":"https:\/\/secure.gravatar.com\/avatar\/a8f8ec0362739e51683bf764949dfb9f8d2539eecc144f2dd938d6381b053468?s=96&d=mm&r=g","contentUrl":"https:\/\/secure.gravatar.com\/avatar\/a8f8ec0362739e51683bf764949dfb9f8d2539eecc144f2dd938d6381b053468?s=96&d=mm&r=g","caption":"Annamaria Capozzi"}}]}},"amp_enabled":true,"_links":{"self":[{"href":"https:\/\/www.gossip.it\/api\/wp\/v2\/posts\/136396","targetHints":{"allow":["GET"]}}],"collection":[{"href":"https:\/\/www.gossip.it\/api\/wp\/v2\/posts"}],"about":[{"href":"https:\/\/www.gossip.it\/api\/wp\/v2\/types\/post"}],"author":[{"embeddable":true,"href":"https:\/\/www.gossip.it\/api\/wp\/v2\/users\/4"}],"replies":[{"embeddable":true,"href":"https:\/\/www.gossip.it\/api\/wp\/v2\/comments?post=136396"}],"version-history":[{"count":0,"href":"https:\/\/www.gossip.it\/api\/wp\/v2\/posts\/136396\/revisions"}],"wp:featuredmedia":[{"embeddable":true,"href":"https:\/\/www.gossip.it\/api\/wp\/v2\/media\/136399"}],"wp:attachment":[{"href":"https:\/\/www.gossip.it\/api\/wp\/v2\/media?parent=136396"}],"wp:term":[{"taxonomy":"category","embeddable":true,"href":"https:\/\/www.gossip.it\/api\/wp\/v2\/categories?post=136396"},{"taxonomy":"post_tag","embeddable":true,"href":"https:\/\/www.gossip.it\/api\/wp\/v2\/tags?post=136396"},{"taxonomy":"vip","embeddable":true,"href":"https:\/\/www.gossip.it\/api\/wp\/v2\/vip?post=136396"}],"curies":[{"name":"wp","href":"https:\/\/api.w.org\/{rel}","templated":true}]}}