{"id":136458,"date":"2022-11-07T13:04:33","date_gmt":"2022-11-07T12:04:33","guid":{"rendered":"https:\/\/www.gossip.it\/?p=136458"},"modified":"2022-11-08T11:51:19","modified_gmt":"2022-11-08T10:51:19","slug":"paolo-bonolis-mara-venier-domanda-crisi-sonia-bruganelli","status":"publish","type":"post","link":"https:\/\/www.gossip.it\/news\/paolo-bonolis-mara-venier-domanda-crisi-sonia-bruganelli\/","title":{"rendered":"Paolo Bonolis sbotta da Mara Venier alla domanda sulla crisi con Sonia Bruganelli: ''Fatevi i caz*i vostri''"},"content":{"rendered":"\n<ul class=\"wp-block-list\">\n<li>Il conduttore 61enne lascia la \u2018zia\u2019 di stucco in tv<\/li>\n\n\n\n<li>Sulla moglie: <em>\u201cE\u2019 una splendida madre, sono stato fortunato ad avere figli con lei\u201d<\/em>\n<ul class=\"wp-block-list\"><\/ul>\n<\/li>\n<\/ul>\n\n\n\n<p><a href=\"http:\/\/www.gossip.it\/vip\/paolo-bonolis\">Paolo Bonolis<\/a> in tv lascia la<em> \u2018zia\u2019 <\/em>di stucco. Il conduttore 61enne a <em>Domenica In<\/em>, ospite di <a href=\"http:\/\/www.gossip.it\/vip\/mara-venier\">Mara Venier<\/a> per lanciare il suo libro, il romanzo <em>\u201cNotte Fonda\u201d<\/em>, <strong>sbotta all\u2019ennesima domanda sulla presunta crisi con <a href=\"http:\/\/www.gossip.it\/vip\/sonia-bruganelli\">Sonia Bruganelli<\/a><\/strong>. La sua risposta \u00e8 sorprendente. \"<strong><em>Fatevi i caz*i vostri!<\/em><\/strong>\u201d, esclama.<\/p>\n\n\n\n<figure class=\"wp-block-image size-large\"><img decoding=\"async\" width=\"1024\" height=\"569\" src=\"https:\/\/www.gossip.it\/wp-content\/uploads\/2022\/11\/bonolis_1-1-1024x569.jpg\" alt=\"\" class=\"wp-image-136459\" srcset=\"https:\/\/www.gossip.it\/wp-content\/uploads\/2022\/11\/bonolis_1-1-1024x569.jpg 1024w, https:\/\/www.gossip.it\/wp-content\/uploads\/2022\/11\/bonolis_1-1-300x167.jpg 300w, https:\/\/www.gossip.it\/wp-content\/uploads\/2022\/11\/bonolis_1-1-768x427.jpg 768w, https:\/\/www.gossip.it\/wp-content\/uploads\/2022\/11\/bonolis_1-1-750x417.jpg 750w, https:\/\/www.gossip.it\/wp-content\/uploads\/2022\/11\/bonolis_1-1.jpg 1134w\" sizes=\"(max-width: 1024px) 100vw, 1024px\" \/><figcaption class=\"wp-element-caption\">Paolo Bonolis sbotta da Mara Venier alla domanda sulla crisi con Sonia Bruganelli: <em>''Fatevi i caz*i vostri''<\/em><\/figcaption><\/figure>\n\n\n\n<p>Il presentatore di <em>Avanti un altro<\/em>, evidentemente, dopo le tante voci sul suo matrimonio, causate dalla scelta della produttrice 48enne di prendersi i suoi spazi dopo i lavori di allargamento dell\u2019appartamento romano in cui vive con Bonolis, decidendo addirittura di dormire in una stanza tutta sua, <strong>\u00e8 stanco di dover chiarire<\/strong>.<\/p>\n\n\n\n<p><em>\u201cSi \u00e8 parlato di crisi, separazioni, vuoi chiarire, dire qualcosa?\u201d<\/em>, lo punzecchia Mara. <em>\u201cLa verit\u00e0 \u00e8 che mia moglie non si tiene un sorcio in bocca. Non ho niente da chiarire, le cose sono molto pi\u00f9 semplici di cos\u00ec\u201d<\/em>, replica Paolo.\u00a0<\/p>\n\n\n\n<figure class=\"wp-block-image size-large\"><img decoding=\"async\" width=\"1024\" height=\"571\" src=\"https:\/\/www.gossip.it\/wp-content\/uploads\/2022\/11\/bonolis_2-1-1024x571.jpg\" alt=\"\" class=\"wp-image-136460\" srcset=\"https:\/\/www.gossip.it\/wp-content\/uploads\/2022\/11\/bonolis_2-1-1024x571.jpg 1024w, https:\/\/www.gossip.it\/wp-content\/uploads\/2022\/11\/bonolis_2-1-300x167.jpg 300w, https:\/\/www.gossip.it\/wp-content\/uploads\/2022\/11\/bonolis_2-1-768x428.jpg 768w, https:\/\/www.gossip.it\/wp-content\/uploads\/2022\/11\/bonolis_2-1-750x418.jpg 750w, https:\/\/www.gossip.it\/wp-content\/uploads\/2022\/11\/bonolis_2-1.jpg 1134w\" sizes=\"(max-width: 1024px) 100vw, 1024px\" \/><figcaption class=\"wp-element-caption\">Il conduttore 61enne lascia la <em>\u2018zia\u2019<\/em> di stucco in tv<\/figcaption><\/figure>\n\n\n\n<p>La Venier non lascia stare: gli domanda se i tanti gossip sulla crisi non gli diano noia. \u201c<em>Lasciali parlare, se una cosa \u00e8 interessante la ascolto se \u00e8 una fesseria\u2026<\/em> - ribatte il conduttore - A<em>bbiamo preso un appartamento a parte, abbiamo fatto una porta, perch\u00e9 <strong>lei ha piacere ad avere una camera da letto con il bagno suo, lei sta con Adele <\/strong>e io sto di l\u00e0 con Davide. <strong>La gente vuole sapere se abbiamo rapporti e io gli dico\u2026 \u2018fatevi i caz*i vostri\u2019<\/strong>\u201d.<\/em><\/p>\n\n\n\n<p>Mara rimane sorpresa, scoppia a ridere, smorzando l\u2019imbarazzo. <strong>Paolo Bonolis<\/strong> sornione parla di Sonia in termini entusiastici.<em> \u201c<strong>E\u2019 una splendida madre<\/strong>, si dedica tantissimo ai figli, sono stato fortunato ad avere figli con lei\u201d<\/em>, ammette dopo un filmato che vede la moglie protagonista. La Venier emozionata commenta:<em> \u201cE\u2019 una bellissima dichiarazione d\u2019amore\u201d.<\/em><\/p>\n","protected":false},"excerpt":{"rendered":"<p>Paolo Bonolis in tv lascia la \u2018zia\u2019 di stucco. Il conduttore 61enne a Domenica In, ospite di Mara Venier per lanciare il suo libro, il romanzo \u201cNotte Fonda\u201d, sbotta all\u2019ennesima domanda sulla presunta crisi con Sonia Bruganelli. La sua risposta \u00e8 sorprendente. \"Fatevi i caz*i vostri!\u201d, esclama. Il presentatore di Avanti un altro, evidentemente, dopo [&hellip;]<\/p>\n","protected":false},"author":4,"featured_media":136461,"comment_status":"open","ping_status":"closed","sticky":false,"template":"","format":"standard","meta":{"footnotes":""},"categories":[54],"tags":[63820,2188,64581,10713,63536,64893,64979,63721,4938,63720,2097],"vip":[1466],"class_list":["post-136458","post","type-post","status-publish","format-standard","has-post-thumbnail","hentry","category-news","tag-avantiunaltro","tag-crisi","tag-domenicain","tag-gfvip","tag-grandefratellovip","tag-maravenier","tag-nottefonda","tag-paolobonolis","tag-raiuno","tag-soniabruganelli","tag-tv","vip-paolo_bonolis"],"yoast_head":"<title>Paolo Bonolis sbotta da Mara Venier alla domanda sulla crisi con Sonia Bruganelli: &#039;&#039;Fatevi i caz*i vostri&#039;&#039; - Gossip.it | News sul Gossip e VIP<\/title>\n<meta name=\"description\" content=\"Il conduttore 61enne lascia la \u2018zia\u2019 di stucco in tv Sulla moglie: \u201cE\u2019 una splendida madre, sono stato fortunato ad avere figli con lei\u201d Paolo Bonolis in\" \/>\n<meta name=\"robots\" content=\"index, follow, max-snippet:-1, max-image-preview:large, max-video-preview:-1\" \/>\n<link rel=\"canonical\" href=\"https:\/\/www.gossip.it\/news\/paolo-bonolis-mara-venier-domanda-crisi-sonia-bruganelli\/\" \/>\n<meta property=\"og:locale\" content=\"it_IT\" \/>\n<meta property=\"og:type\" content=\"article\" \/>\n<meta property=\"og:title\" content=\"Paolo Bonolis sbotta da Mara Venier alla domanda sulla crisi con Sonia Bruganelli: &#039;&#039;Fatevi i caz*i vostri&#039;&#039; - Gossip.it | News sul Gossip e VIP\" \/>\n<meta property=\"og:description\" content=\"Il conduttore 61enne lascia la \u2018zia\u2019 di stucco in tv Sulla moglie: \u201cE\u2019 una splendida madre, sono stato fortunato ad avere figli con lei\u201d Paolo Bonolis in\" \/>\n<meta property=\"og:url\" content=\"https:\/\/www.gossip.it\/news\/paolo-bonolis-mara-venier-domanda-crisi-sonia-bruganelli\/\" \/>\n<meta property=\"og:site_name\" content=\"Gossip.it | News sul Gossip e VIP\" \/>\n<meta property=\"article:publisher\" content=\"https:\/\/www.facebook.com\/GossipIT\" \/>\n<meta property=\"article:published_time\" content=\"2022-11-07T12:04:33+00:00\" \/>\n<meta property=\"article:modified_time\" content=\"2022-11-08T10:51:19+00:00\" \/>\n<meta property=\"og:image\" content=\"https:\/\/www.gossip.it\/wp-content\/uploads\/2022\/11\/lancio-BONOLIS-1.jpg\" \/>\n\t<meta property=\"og:image:width\" content=\"1134\" \/>\n\t<meta property=\"og:image:height\" content=\"792\" \/>\n\t<meta property=\"og:image:type\" content=\"image\/jpeg\" \/>\n<meta name=\"author\" content=\"Annamaria Capozzi\" \/>\n<meta name=\"twitter:card\" content=\"summary_large_image\" \/>\n<meta name=\"twitter:creator\" content=\"@gossinews_it\" \/>\n<meta name=\"twitter:site\" content=\"@gossinews_it\" \/>\n<meta name=\"twitter:label1\" content=\"Scritto da\" \/>\n\t<meta name=\"twitter:data1\" content=\"Annamaria Capozzi\" \/>\n\t<meta name=\"twitter:label2\" content=\"Tempo di lettura stimato\" \/>\n\t<meta name=\"twitter:data2\" content=\"3 minuti\" \/>","yoast_head_json":{"title":"Paolo Bonolis sbotta da Mara Venier alla domanda sulla crisi con Sonia Bruganelli: ''Fatevi i caz*i vostri'' - Gossip.it | News sul Gossip e VIP","description":"Il conduttore 61enne lascia la \u2018zia\u2019 di stucco in tv Sulla moglie: \u201cE\u2019 una splendida madre, sono stato fortunato ad avere figli con lei\u201d Paolo Bonolis in","robots":{"index":"index","follow":"follow","max-snippet":"max-snippet:-1","max-image-preview":"max-image-preview:large","max-video-preview":"max-video-preview:-1"},"canonical":"https:\/\/www.gossip.it\/news\/paolo-bonolis-mara-venier-domanda-crisi-sonia-bruganelli\/","og_locale":"it_IT","og_type":"article","og_title":"Paolo Bonolis sbotta da Mara Venier alla domanda sulla crisi con Sonia Bruganelli: ''Fatevi i caz*i vostri'' - Gossip.it | News sul Gossip e VIP","og_description":"Il conduttore 61enne lascia la \u2018zia\u2019 di stucco in tv Sulla moglie: \u201cE\u2019 una splendida madre, sono stato fortunato ad avere figli con lei\u201d Paolo Bonolis in","og_url":"https:\/\/www.gossip.it\/news\/paolo-bonolis-mara-venier-domanda-crisi-sonia-bruganelli\/","og_site_name":"Gossip.it | News sul Gossip e VIP","article_publisher":"https:\/\/www.facebook.com\/GossipIT","article_published_time":"2022-11-07T12:04:33+00:00","article_modified_time":"2022-11-08T10:51:19+00:00","og_image":[{"width":1134,"height":792,"url":"https:\/\/www.gossip.it\/wp-content\/uploads\/2022\/11\/lancio-BONOLIS-1.jpg","type":"image\/jpeg"}],"author":"Annamaria Capozzi","twitter_card":"summary_large_image","twitter_creator":"@gossinews_it","twitter_site":"@gossinews_it","twitter_misc":{"Scritto da":"Annamaria Capozzi","Tempo di lettura stimato":"3 minuti"},"schema":{"@context":"https:\/\/schema.org","@graph":[{"@type":"Article","@id":"https:\/\/www.gossip.it\/news\/paolo-bonolis-mara-venier-domanda-crisi-sonia-bruganelli\/#article","isPartOf":{"@id":"https:\/\/www.gossip.it\/news\/paolo-bonolis-mara-venier-domanda-crisi-sonia-bruganelli\/"},"author":{"name":"Annamaria Capozzi","@id":"https:\/\/www.gossip.it\/#\/schema\/person\/4f99be5acc78d3f1b07a146d4fe8256b"},"headline":"Paolo Bonolis sbotta da Mara Venier alla domanda sulla crisi con Sonia Bruganelli: ''Fatevi i caz*i vostri''","datePublished":"2022-11-07T12:04:33+00:00","dateModified":"2022-11-08T10:51:19+00:00","mainEntityOfPage":{"@id":"https:\/\/www.gossip.it\/news\/paolo-bonolis-mara-venier-domanda-crisi-sonia-bruganelli\/"},"wordCount":346,"commentCount":0,"publisher":{"@id":"https:\/\/www.gossip.it\/#organization"},"image":{"@id":"https:\/\/www.gossip.it\/news\/paolo-bonolis-mara-venier-domanda-crisi-sonia-bruganelli\/#primaryimage"},"thumbnailUrl":"https:\/\/www.gossip.it\/wp-content\/uploads\/2022\/11\/lancio-BONOLIS-1.jpg","keywords":["avantiunaltro","crisi","domenicain","gfvip","grandefratellovip","maravenier","nottefonda","paolobonolis","raiuno","soniabruganelli","tv"],"articleSection":["News"],"inLanguage":"it-IT","potentialAction":[{"@type":"CommentAction","name":"Comment","target":["https:\/\/www.gossip.it\/news\/paolo-bonolis-mara-venier-domanda-crisi-sonia-bruganelli\/#respond"]}]},{"@type":"WebPage","@id":"https:\/\/www.gossip.it\/news\/paolo-bonolis-mara-venier-domanda-crisi-sonia-bruganelli\/","url":"https:\/\/www.gossip.it\/news\/paolo-bonolis-mara-venier-domanda-crisi-sonia-bruganelli\/","name":"Paolo Bonolis sbotta da Mara Venier alla domanda sulla crisi con Sonia Bruganelli: ''Fatevi i caz*i vostri'' - Gossip.it | News sul Gossip e VIP","isPartOf":{"@id":"https:\/\/www.gossip.it\/#website"},"primaryImageOfPage":{"@id":"https:\/\/www.gossip.it\/news\/paolo-bonolis-mara-venier-domanda-crisi-sonia-bruganelli\/#primaryimage"},"image":{"@id":"https:\/\/www.gossip.it\/news\/paolo-bonolis-mara-venier-domanda-crisi-sonia-bruganelli\/#primaryimage"},"thumbnailUrl":"https:\/\/www.gossip.it\/wp-content\/uploads\/2022\/11\/lancio-BONOLIS-1.jpg","datePublished":"2022-11-07T12:04:33+00:00","dateModified":"2022-11-08T10:51:19+00:00","description":"Il conduttore 61enne lascia la \u2018zia\u2019 di stucco in tv Sulla moglie: \u201cE\u2019 una splendida madre, sono stato fortunato ad avere figli con lei\u201d Paolo Bonolis in","breadcrumb":{"@id":"https:\/\/www.gossip.it\/news\/paolo-bonolis-mara-venier-domanda-crisi-sonia-bruganelli\/#breadcrumb"},"inLanguage":"it-IT","potentialAction":[{"@type":"ReadAction","target":["https:\/\/www.gossip.it\/news\/paolo-bonolis-mara-venier-domanda-crisi-sonia-bruganelli\/"]}]},{"@type":"ImageObject","inLanguage":"it-IT","@id":"https:\/\/www.gossip.it\/news\/paolo-bonolis-mara-venier-domanda-crisi-sonia-bruganelli\/#primaryimage","url":"https:\/\/www.gossip.it\/wp-content\/uploads\/2022\/11\/lancio-BONOLIS-1.jpg","contentUrl":"https:\/\/www.gossip.it\/wp-content\/uploads\/2022\/11\/lancio-BONOLIS-1.jpg","width":1134,"height":792},{"@type":"BreadcrumbList","@id":"https:\/\/www.gossip.it\/news\/paolo-bonolis-mara-venier-domanda-crisi-sonia-bruganelli\/#breadcrumb","itemListElement":[{"@type":"ListItem","position":1,"name":"Home","item":"https:\/\/www.gossip.it\/"},{"@type":"ListItem","position":2,"name":"Paolo Bonolis sbotta da Mara Venier alla domanda sulla crisi con Sonia Bruganelli: ''Fatevi i caz*i vostri''"}]},{"@type":"WebSite","@id":"https:\/\/www.gossip.it\/#website","url":"https:\/\/www.gossip.it\/","name":"Gossip and VIP News","description":"Quotidiano di cronaca rosa, costume e societ\u00e0","publisher":{"@id":"https:\/\/www.gossip.it\/#organization"},"alternateName":"Gossip and VIP News","potentialAction":[{"@type":"SearchAction","target":{"@type":"EntryPoint","urlTemplate":"https:\/\/www.gossip.it\/?s={search_term_string}"},"query-input":{"@type":"PropertyValueSpecification","valueRequired":true,"valueName":"search_term_string"}}],"inLanguage":"it-IT"},{"@type":"Organization","@id":"https:\/\/www.gossip.it\/#organization","name":"Gossip and VIP News","alternateName":"Gossip News","url":"https:\/\/www.gossip.it\/","logo":{"@type":"ImageObject","inLanguage":"it-IT","@id":"https:\/\/www.gossip.it\/#\/schema\/logo\/image\/","url":"https:\/\/www.gossip.it\/wp-content\/uploads\/2022\/04\/cropped-corna-alta-tiny.png","contentUrl":"https:\/\/www.gossip.it\/wp-content\/uploads\/2022\/04\/cropped-corna-alta-tiny.png","width":512,"height":512,"caption":"Gossip and VIP News"},"image":{"@id":"https:\/\/www.gossip.it\/#\/schema\/logo\/image\/"},"sameAs":["https:\/\/www.facebook.com\/GossipIT","https:\/\/x.com\/gossinews_it","https:\/\/instagram.com\/gossip_it"]},{"@type":"Person","@id":"https:\/\/www.gossip.it\/#\/schema\/person\/4f99be5acc78d3f1b07a146d4fe8256b","name":"Annamaria Capozzi","image":{"@type":"ImageObject","inLanguage":"it-IT","@id":"https:\/\/www.gossip.it\/#\/schema\/person\/image\/","url":"https:\/\/secure.gravatar.com\/avatar\/a8f8ec0362739e51683bf764949dfb9f8d2539eecc144f2dd938d6381b053468?s=96&d=mm&r=g","contentUrl":"https:\/\/secure.gravatar.com\/avatar\/a8f8ec0362739e51683bf764949dfb9f8d2539eecc144f2dd938d6381b053468?s=96&d=mm&r=g","caption":"Annamaria Capozzi"}}]}},"amp_enabled":true,"_links":{"self":[{"href":"https:\/\/www.gossip.it\/api\/wp\/v2\/posts\/136458","targetHints":{"allow":["GET"]}}],"collection":[{"href":"https:\/\/www.gossip.it\/api\/wp\/v2\/posts"}],"about":[{"href":"https:\/\/www.gossip.it\/api\/wp\/v2\/types\/post"}],"author":[{"embeddable":true,"href":"https:\/\/www.gossip.it\/api\/wp\/v2\/users\/4"}],"replies":[{"embeddable":true,"href":"https:\/\/www.gossip.it\/api\/wp\/v2\/comments?post=136458"}],"version-history":[{"count":0,"href":"https:\/\/www.gossip.it\/api\/wp\/v2\/posts\/136458\/revisions"}],"wp:featuredmedia":[{"embeddable":true,"href":"https:\/\/www.gossip.it\/api\/wp\/v2\/media\/136461"}],"wp:attachment":[{"href":"https:\/\/www.gossip.it\/api\/wp\/v2\/media?parent=136458"}],"wp:term":[{"taxonomy":"category","embeddable":true,"href":"https:\/\/www.gossip.it\/api\/wp\/v2\/categories?post=136458"},{"taxonomy":"post_tag","embeddable":true,"href":"https:\/\/www.gossip.it\/api\/wp\/v2\/tags?post=136458"},{"taxonomy":"vip","embeddable":true,"href":"https:\/\/www.gossip.it\/api\/wp\/v2\/vip?post=136458"}],"curies":[{"name":"wp","href":"https:\/\/api.w.org\/{rel}","templated":true}]}}