{"id":138946,"date":"2022-12-16T10:44:04","date_gmt":"2022-12-16T09:44:04","guid":{"rendered":"https:\/\/www.gossip.it\/?p=138946"},"modified":"2022-12-19T12:37:43","modified_gmt":"2022-12-19T11:37:43","slug":"figlia-ambra-angiolini-francesco-renga-brutta","status":"publish","type":"post","link":"https:\/\/www.gossip.it\/news\/figlia-ambra-angiolini-francesco-renga-brutta\/","title":{"rendered":"La primogenita di Ambra Angiolini e Francesco Renga si sfoga: ''Dicono che sono la figlia brutta''"},"content":{"rendered":"\n<ul class=\"wp-block-list\">\n<li>Jolanda, 18 anni, replica agli hater con un video molto toccante e amaro su TikTok<\/li>\n\n\n\n<li>Paragonata alla madre e al padre, additata, risponde con grande dolcezza e consapevolezza<\/li>\n<\/ul>\n\n\n\n<p><a href=\"http:\/\/www.gossip.it\/vip\/jolanda-renga\">Jolanda<\/a>, <strong>la figlia di <a href=\"http:\/\/www.gossip.it\/vip\/ambra-angiolini\">Ambra Angiolini<\/a> e <a href=\"http:\/\/www.gossip.it\/vip\/francesco-renga\">Francesco Renga<\/a>, replica agli hater<\/strong>, tutti quelli che continuamente la paragonano ai due genitori famosi insultandola. La 18enne in un video molto toccante e amaro su TikTok si sfoga: <em>\u201c<strong>Dicono che sono la figlia brutta\u2026<\/strong>\u201d.<\/em><\/p>\n\n\n\n<figure class=\"wp-block-image size-large is-resized\"><img decoding=\"async\" src=\"https:\/\/www.gossip.it\/wp-content\/uploads\/2022\/12\/Screenshot-2022-12-16-at-10.24.45-576x1024.png\" alt=\"\" class=\"wp-image-138947\" width=\"767\" height=\"1364\" srcset=\"https:\/\/www.gossip.it\/wp-content\/uploads\/2022\/12\/Screenshot-2022-12-16-at-10.24.45-576x1024.png 576w, https:\/\/www.gossip.it\/wp-content\/uploads\/2022\/12\/Screenshot-2022-12-16-at-10.24.45-169x300.png 169w, https:\/\/www.gossip.it\/wp-content\/uploads\/2022\/12\/Screenshot-2022-12-16-at-10.24.45-768x1366.png 768w, https:\/\/www.gossip.it\/wp-content\/uploads\/2022\/12\/Screenshot-2022-12-16-at-10.24.45-864x1536.png 864w, https:\/\/www.gossip.it\/wp-content\/uploads\/2022\/12\/Screenshot-2022-12-16-at-10.24.45-750x1334.png 750w, https:\/\/www.gossip.it\/wp-content\/uploads\/2022\/12\/Screenshot-2022-12-16-at-10.24.45.png 1012w\" sizes=\"(max-width: 767px) 100vw, 767px\" \/><figcaption class=\"wp-element-caption\">La figlia di Ambra Angiolini e Francesco Renga si sfoga: <em>''Dicono che sono la figlia brutta''<\/em><\/figcaption><\/figure>\n\n\n\n<p>Jolanda prima mostra la miriade di commenti negativi sul suo aspetto fisico che le arrivano senza tregua, poi si fa vedere ed esordisce: <em>\u201cCiao, <strong>sono Jolanda, la figlia brutta<\/strong>\u201d.<\/em> \u201c<em>A parte gli scherzi\u2026<\/em> - continua - <em><strong>'Sei brutta' \u00e8 una cosa che mi dico sempre<\/strong>, da quando sono piccola e mi vedo allo specchio, da quando mi vedo nelle foto. 'Sei brutta, hai il naso brutto, il sorriso brutto, il neo brutto, le gambe brutte, tutto brutto\". <\/em><\/p>\n\n\n<div class=\"lazyblock-gossipvideo-Z1Rb8NT align wp-block-lazyblock-gossipvideo\"><script>window.azrnVideoPlaylist=\"https:\/\/www.gossip.it\/api\/gossip\/video\/playlist_v2\/latest\/138974\/gossip.it\"<\/script><div id=\"gmp-intext-video\"><\/div><\/div>\n\n\n<figure class=\"wp-block-image size-full\"><img decoding=\"async\" width=\"983\" height=\"983\" src=\"https:\/\/www.gossip.it\/wp-content\/uploads\/2022\/12\/ambra-jolanda.jpeg\" alt=\"\" class=\"wp-image-138948\" srcset=\"https:\/\/www.gossip.it\/wp-content\/uploads\/2022\/12\/ambra-jolanda.jpeg 983w, https:\/\/www.gossip.it\/wp-content\/uploads\/2022\/12\/ambra-jolanda-300x300.jpeg 300w, https:\/\/www.gossip.it\/wp-content\/uploads\/2022\/12\/ambra-jolanda-150x150.jpeg 150w, https:\/\/www.gossip.it\/wp-content\/uploads\/2022\/12\/ambra-jolanda-768x768.jpeg 768w, https:\/\/www.gossip.it\/wp-content\/uploads\/2022\/12\/ambra-jolanda-75x75.jpeg 75w, https:\/\/www.gossip.it\/wp-content\/uploads\/2022\/12\/ambra-jolanda-750x750.jpeg 750w\" sizes=\"(max-width: 983px) 100vw, 983px\" \/><figcaption class=\"wp-element-caption\">Jolanda, 18 anni, la primogenita dell'attrice e il cantante, replica agli hater con un video molto toccante e amaro su TikTok<\/figcaption><\/figure>\n\n\n\n<figure class=\"wp-block-image size-large is-resized\"><img decoding=\"async\" src=\"https:\/\/www.gossip.it\/wp-content\/uploads\/2022\/12\/Screenshot-2022-12-16-alle-10.11.47-623x1024.png\" alt=\"\" class=\"wp-image-138949\" width=\"766\" height=\"1259\" srcset=\"https:\/\/www.gossip.it\/wp-content\/uploads\/2022\/12\/Screenshot-2022-12-16-alle-10.11.47-623x1024.png 623w, https:\/\/www.gossip.it\/wp-content\/uploads\/2022\/12\/Screenshot-2022-12-16-alle-10.11.47-182x300.png 182w, https:\/\/www.gossip.it\/wp-content\/uploads\/2022\/12\/Screenshot-2022-12-16-alle-10.11.47-768x1263.png 768w, https:\/\/www.gossip.it\/wp-content\/uploads\/2022\/12\/Screenshot-2022-12-16-alle-10.11.47-934x1536.png 934w, https:\/\/www.gossip.it\/wp-content\/uploads\/2022\/12\/Screenshot-2022-12-16-alle-10.11.47-750x1234.png 750w, https:\/\/www.gossip.it\/wp-content\/uploads\/2022\/12\/Screenshot-2022-12-16-alle-10.11.47.png 946w\" sizes=\"(max-width: 766px) 100vw, 766px\" \/><figcaption class=\"wp-element-caption\">Paragonata alla madre e al padre, additata, decide di rispondere<\/figcaption><\/figure>\n\n\n\n<p><em>\u201c<strong>Devo dire che all'inizio ci sono rimasta male, molto male<\/strong>, quindi oggi, al posto di dirmi cos\u00ec, <strong>ho deciso di chiedermi scusa<\/strong>\"<\/em>, prosegue Jolanda. <\/p>\n\n\n\n<figure class=\"wp-block-image size-large is-resized\"><img decoding=\"async\" src=\"https:\/\/www.gossip.it\/wp-content\/uploads\/2022\/12\/Screenshot-2022-12-16-at-10.23.54-613x1024.png\" alt=\"\" class=\"wp-image-138950\" width=\"767\" height=\"1281\" srcset=\"https:\/\/www.gossip.it\/wp-content\/uploads\/2022\/12\/Screenshot-2022-12-16-at-10.23.54-613x1024.png 613w, https:\/\/www.gossip.it\/wp-content\/uploads\/2022\/12\/Screenshot-2022-12-16-at-10.23.54-180x300.png 180w, https:\/\/www.gossip.it\/wp-content\/uploads\/2022\/12\/Screenshot-2022-12-16-at-10.23.54-768x1283.png 768w, https:\/\/www.gossip.it\/wp-content\/uploads\/2022\/12\/Screenshot-2022-12-16-at-10.23.54-920x1536.png 920w, https:\/\/www.gossip.it\/wp-content\/uploads\/2022\/12\/Screenshot-2022-12-16-at-10.23.54-750x1252.png 750w, https:\/\/www.gossip.it\/wp-content\/uploads\/2022\/12\/Screenshot-2022-12-16-at-10.23.54.png 1012w\" sizes=\"(max-width: 767px) 100vw, 767px\" \/><figcaption class=\"wp-element-caption\">Lo fa con grande consapevolezza<\/figcaption><\/figure>\n\n\n\n<p><em>\"Scusa perch\u00e9 ho dato importanza alle parole di queste persone. <strong>Il mio sogno per fortuna non \u00e8 essere bella e neanche essere la sosia dei miei genitori<\/strong>. Il mio desiderio nella vita \u00e8 fare cose che contano. Mi piacerebbe migliorare il mondo, quindi sono felice di me stessa perch\u00e9 ogni giorno cerco di fare qualcosa, dando il massimo. Ho sempre pensato che le cose pi\u00f9 importanti sono quelle che non si possono vedere, quindi <strong>tengo molto di pi\u00f9 alla mia anima anzich\u00e9 alla mia faccia, perch\u00e9 non rester\u00e0 per sempre, invece il mio cuore e la mia anima s\u00ec<\/strong> e dovranno restare belli e puliti\u201d<\/em>, sottolinea con sorriso sul volto e la voce dolce.<\/p>\n\n\n\n<figure class=\"wp-block-image size-large is-resized\"><img decoding=\"async\" src=\"https:\/\/www.gossip.it\/wp-content\/uploads\/2022\/12\/Screenshot-2022-12-16-at-10.24.54-576x1024.png\" alt=\"\" class=\"wp-image-138951\" width=\"767\" height=\"1364\" srcset=\"https:\/\/www.gossip.it\/wp-content\/uploads\/2022\/12\/Screenshot-2022-12-16-at-10.24.54-576x1024.png 576w, https:\/\/www.gossip.it\/wp-content\/uploads\/2022\/12\/Screenshot-2022-12-16-at-10.24.54-169x300.png 169w, https:\/\/www.gossip.it\/wp-content\/uploads\/2022\/12\/Screenshot-2022-12-16-at-10.24.54-768x1366.png 768w, https:\/\/www.gossip.it\/wp-content\/uploads\/2022\/12\/Screenshot-2022-12-16-at-10.24.54-864x1536.png 864w, https:\/\/www.gossip.it\/wp-content\/uploads\/2022\/12\/Screenshot-2022-12-16-at-10.24.54-750x1334.png 750w, https:\/\/www.gossip.it\/wp-content\/uploads\/2022\/12\/Screenshot-2022-12-16-at-10.24.54.png 1012w\" sizes=\"(max-width: 767px) 100vw, 767px\" \/><figcaption class=\"wp-element-caption\">Jolanda non si arrabbia, con dolcezza dice la sua<\/figcaption><\/figure>\n\n\n\n<p>La sorella maggiore di Leonardo, nato nel 2006, aggiunge: <em>\u201cPenso che se la cosa peggiore che si dice di me \u00e8 che sono brutta, allora posso stare tranquilla\u201d<\/em>. <\/p>\n\n\n\n<figure class=\"wp-block-image size-large is-resized\"><img decoding=\"async\" src=\"https:\/\/www.gossip.it\/wp-content\/uploads\/2022\/12\/Screenshot-2022-12-16-at-10.25.10-576x1024.png\" alt=\"\" class=\"wp-image-138952\" width=\"767\" height=\"1364\" srcset=\"https:\/\/www.gossip.it\/wp-content\/uploads\/2022\/12\/Screenshot-2022-12-16-at-10.25.10-576x1024.png 576w, https:\/\/www.gossip.it\/wp-content\/uploads\/2022\/12\/Screenshot-2022-12-16-at-10.25.10-169x300.png 169w, https:\/\/www.gossip.it\/wp-content\/uploads\/2022\/12\/Screenshot-2022-12-16-at-10.25.10-768x1366.png 768w, https:\/\/www.gossip.it\/wp-content\/uploads\/2022\/12\/Screenshot-2022-12-16-at-10.25.10-864x1536.png 864w, https:\/\/www.gossip.it\/wp-content\/uploads\/2022\/12\/Screenshot-2022-12-16-at-10.25.10-750x1334.png 750w, https:\/\/www.gossip.it\/wp-content\/uploads\/2022\/12\/Screenshot-2022-12-16-at-10.25.10.png 1012w\" sizes=\"(max-width: 767px) 100vw, 767px\" \/><figcaption class=\"wp-element-caption\">Parole forti che lasciano il segno: la ragazza sa come farsi rispettare<\/figcaption><\/figure>\n\n\n\n<p>Jolanda conclude: <em>\u201c<strong>Di certo non si pu\u00f2 dire di me che sono cattiva o egoista<\/strong>. Io vorrei dire a tutti quelli che si sentono come me che, finch\u00e9 avranno cura e rispetto di se stessi e degli altri, brilleranno sempre di una luce diversa. <strong>Le persone gentili sono belle per davvero<\/strong>. Non permettete agli altri di cambiare questa parte speciale e unica di voi, anzi rendetela un punto di forza\".&nbsp;<\/em><\/p>\n","protected":false},"excerpt":{"rendered":"<p>Jolanda, la figlia di Ambra Angiolini e Francesco Renga, replica agli hater, tutti quelli che continuamente la paragonano ai due genitori famosi insultandola. La 18enne in un video molto toccante e amaro su TikTok si sfoga: \u201cDicono che sono la figlia brutta\u2026\u201d. Jolanda prima mostra la miriade di commenti negativi sul suo aspetto fisico che [&hellip;]<\/p>\n","protected":false},"author":4,"featured_media":138953,"comment_status":"open","ping_status":"closed","sticky":false,"template":"","format":"standard","meta":{"footnotes":""},"categories":[54],"tags":[63787,3403,64378,64379,62523],"vip":[296,795,64380],"class_list":["post-138946","post","type-post","status-publish","format-standard","has-post-thumbnail","hentry","category-news","tag-ambraangiolini","tag-brutta","tag-francescorenga","tag-jolandarenga","tag-tiktok","vip-ambra_angiolini","vip-francesco_renga","vip-jolanda-renga"],"yoast_head":"<title>La primogenita di Ambra Angiolini e Francesco Renga si sfoga: &#039;&#039;Dicono che sono la figlia brutta&#039;&#039; - Gossip.it | News sul Gossip e VIP<\/title>\n<meta name=\"description\" content=\"La figlia di Ambra Angiolini e Francesco Renga replica a chi la indulta sui social, paragonandola ai genitori: &quot;Sono la figlia brutta...&quot;\" \/>\n<meta name=\"robots\" content=\"index, follow, max-snippet:-1, max-image-preview:large, max-video-preview:-1\" \/>\n<link rel=\"canonical\" href=\"https:\/\/www.gossip.it\/news\/figlia-ambra-angiolini-francesco-renga-brutta\/\" \/>\n<meta property=\"og:locale\" content=\"it_IT\" \/>\n<meta property=\"og:type\" content=\"article\" \/>\n<meta property=\"og:title\" content=\"La primogenita di Ambra Angiolini e Francesco Renga si sfoga: &#039;&#039;Dicono che sono la figlia brutta&#039;&#039; - Gossip.it | News sul Gossip e VIP\" \/>\n<meta property=\"og:description\" content=\"La figlia di Ambra Angiolini e Francesco Renga replica a chi la indulta sui social, paragonandola ai genitori: &quot;Sono la figlia brutta...&quot;\" \/>\n<meta property=\"og:url\" content=\"https:\/\/www.gossip.it\/news\/figlia-ambra-angiolini-francesco-renga-brutta\/\" \/>\n<meta property=\"og:site_name\" content=\"Gossip.it | News sul Gossip e VIP\" \/>\n<meta property=\"article:publisher\" content=\"https:\/\/www.facebook.com\/GossipIT\" \/>\n<meta property=\"article:published_time\" content=\"2022-12-16T09:44:04+00:00\" \/>\n<meta property=\"article:modified_time\" content=\"2022-12-19T11:37:43+00:00\" \/>\n<meta property=\"og:image\" content=\"https:\/\/www.gossip.it\/wp-content\/uploads\/2022\/12\/pp-jolanda.jpg\" \/>\n\t<meta property=\"og:image:width\" content=\"2000\" \/>\n\t<meta property=\"og:image:height\" content=\"1000\" \/>\n\t<meta property=\"og:image:type\" content=\"image\/jpeg\" \/>\n<meta name=\"author\" content=\"Annamaria Capozzi\" \/>\n<meta name=\"twitter:card\" content=\"summary_large_image\" \/>\n<meta name=\"twitter:creator\" content=\"@gossinews_it\" \/>\n<meta name=\"twitter:site\" content=\"@gossinews_it\" \/>\n<meta name=\"twitter:label1\" content=\"Scritto da\" \/>\n\t<meta name=\"twitter:data1\" content=\"Annamaria Capozzi\" \/>\n\t<meta name=\"twitter:label2\" content=\"Tempo di lettura stimato\" \/>\n\t<meta name=\"twitter:data2\" content=\"4 minuti\" \/>","yoast_head_json":{"title":"La primogenita di Ambra Angiolini e Francesco Renga si sfoga: ''Dicono che sono la figlia brutta'' - Gossip.it | News sul Gossip e VIP","description":"La figlia di Ambra Angiolini e Francesco Renga replica a chi la indulta sui social, paragonandola ai genitori: \"Sono la figlia brutta...\"","robots":{"index":"index","follow":"follow","max-snippet":"max-snippet:-1","max-image-preview":"max-image-preview:large","max-video-preview":"max-video-preview:-1"},"canonical":"https:\/\/www.gossip.it\/news\/figlia-ambra-angiolini-francesco-renga-brutta\/","og_locale":"it_IT","og_type":"article","og_title":"La primogenita di Ambra Angiolini e Francesco Renga si sfoga: ''Dicono che sono la figlia brutta'' - Gossip.it | News sul Gossip e VIP","og_description":"La figlia di Ambra Angiolini e Francesco Renga replica a chi la indulta sui social, paragonandola ai genitori: \"Sono la figlia brutta...\"","og_url":"https:\/\/www.gossip.it\/news\/figlia-ambra-angiolini-francesco-renga-brutta\/","og_site_name":"Gossip.it | News sul Gossip e VIP","article_publisher":"https:\/\/www.facebook.com\/GossipIT","article_published_time":"2022-12-16T09:44:04+00:00","article_modified_time":"2022-12-19T11:37:43+00:00","og_image":[{"width":2000,"height":1000,"url":"https:\/\/www.gossip.it\/wp-content\/uploads\/2022\/12\/pp-jolanda.jpg","type":"image\/jpeg"}],"author":"Annamaria Capozzi","twitter_card":"summary_large_image","twitter_creator":"@gossinews_it","twitter_site":"@gossinews_it","twitter_misc":{"Scritto da":"Annamaria Capozzi","Tempo di lettura stimato":"4 minuti"},"schema":{"@context":"https:\/\/schema.org","@graph":[{"@type":"Article","@id":"https:\/\/www.gossip.it\/news\/figlia-ambra-angiolini-francesco-renga-brutta\/#article","isPartOf":{"@id":"https:\/\/www.gossip.it\/news\/figlia-ambra-angiolini-francesco-renga-brutta\/"},"author":{"name":"Annamaria Capozzi","@id":"https:\/\/www.gossip.it\/#\/schema\/person\/4f99be5acc78d3f1b07a146d4fe8256b"},"headline":"La primogenita di Ambra Angiolini e Francesco Renga si sfoga: ''Dicono che sono la figlia brutta''","datePublished":"2022-12-16T09:44:04+00:00","dateModified":"2022-12-19T11:37:43+00:00","mainEntityOfPage":{"@id":"https:\/\/www.gossip.it\/news\/figlia-ambra-angiolini-francesco-renga-brutta\/"},"wordCount":468,"commentCount":0,"publisher":{"@id":"https:\/\/www.gossip.it\/#organization"},"image":{"@id":"https:\/\/www.gossip.it\/news\/figlia-ambra-angiolini-francesco-renga-brutta\/#primaryimage"},"thumbnailUrl":"https:\/\/www.gossip.it\/wp-content\/uploads\/2022\/12\/pp-jolanda.jpg","keywords":["ambraangiolini","brutta","francescorenga","jolandarenga","tiktok"],"articleSection":["News"],"inLanguage":"it-IT","potentialAction":[{"@type":"CommentAction","name":"Comment","target":["https:\/\/www.gossip.it\/news\/figlia-ambra-angiolini-francesco-renga-brutta\/#respond"]}]},{"@type":"WebPage","@id":"https:\/\/www.gossip.it\/news\/figlia-ambra-angiolini-francesco-renga-brutta\/","url":"https:\/\/www.gossip.it\/news\/figlia-ambra-angiolini-francesco-renga-brutta\/","name":"La primogenita di Ambra Angiolini e Francesco Renga si sfoga: ''Dicono che sono la figlia brutta'' - Gossip.it | News sul Gossip e VIP","isPartOf":{"@id":"https:\/\/www.gossip.it\/#website"},"primaryImageOfPage":{"@id":"https:\/\/www.gossip.it\/news\/figlia-ambra-angiolini-francesco-renga-brutta\/#primaryimage"},"image":{"@id":"https:\/\/www.gossip.it\/news\/figlia-ambra-angiolini-francesco-renga-brutta\/#primaryimage"},"thumbnailUrl":"https:\/\/www.gossip.it\/wp-content\/uploads\/2022\/12\/pp-jolanda.jpg","datePublished":"2022-12-16T09:44:04+00:00","dateModified":"2022-12-19T11:37:43+00:00","description":"La figlia di Ambra Angiolini e Francesco Renga replica a chi la indulta sui social, paragonandola ai genitori: \"Sono la figlia brutta...\"","breadcrumb":{"@id":"https:\/\/www.gossip.it\/news\/figlia-ambra-angiolini-francesco-renga-brutta\/#breadcrumb"},"inLanguage":"it-IT","potentialAction":[{"@type":"ReadAction","target":["https:\/\/www.gossip.it\/news\/figlia-ambra-angiolini-francesco-renga-brutta\/"]}]},{"@type":"ImageObject","inLanguage":"it-IT","@id":"https:\/\/www.gossip.it\/news\/figlia-ambra-angiolini-francesco-renga-brutta\/#primaryimage","url":"https:\/\/www.gossip.it\/wp-content\/uploads\/2022\/12\/pp-jolanda.jpg","contentUrl":"https:\/\/www.gossip.it\/wp-content\/uploads\/2022\/12\/pp-jolanda.jpg","width":2000,"height":1000},{"@type":"BreadcrumbList","@id":"https:\/\/www.gossip.it\/news\/figlia-ambra-angiolini-francesco-renga-brutta\/#breadcrumb","itemListElement":[{"@type":"ListItem","position":1,"name":"Home","item":"https:\/\/www.gossip.it\/"},{"@type":"ListItem","position":2,"name":"La primogenita di Ambra Angiolini e Francesco Renga si sfoga: ''Dicono che sono la figlia brutta''"}]},{"@type":"WebSite","@id":"https:\/\/www.gossip.it\/#website","url":"https:\/\/www.gossip.it\/","name":"Gossip and VIP News","description":"Quotidiano di cronaca rosa, costume e societ\u00e0","publisher":{"@id":"https:\/\/www.gossip.it\/#organization"},"alternateName":"Gossip and VIP News","potentialAction":[{"@type":"SearchAction","target":{"@type":"EntryPoint","urlTemplate":"https:\/\/www.gossip.it\/?s={search_term_string}"},"query-input":{"@type":"PropertyValueSpecification","valueRequired":true,"valueName":"search_term_string"}}],"inLanguage":"it-IT"},{"@type":"Organization","@id":"https:\/\/www.gossip.it\/#organization","name":"Gossip and VIP News","alternateName":"Gossip News","url":"https:\/\/www.gossip.it\/","logo":{"@type":"ImageObject","inLanguage":"it-IT","@id":"https:\/\/www.gossip.it\/#\/schema\/logo\/image\/","url":"https:\/\/www.gossip.it\/wp-content\/uploads\/2022\/04\/cropped-corna-alta-tiny.png","contentUrl":"https:\/\/www.gossip.it\/wp-content\/uploads\/2022\/04\/cropped-corna-alta-tiny.png","width":512,"height":512,"caption":"Gossip and VIP News"},"image":{"@id":"https:\/\/www.gossip.it\/#\/schema\/logo\/image\/"},"sameAs":["https:\/\/www.facebook.com\/GossipIT","https:\/\/x.com\/gossinews_it","https:\/\/instagram.com\/gossip_it"]},{"@type":"Person","@id":"https:\/\/www.gossip.it\/#\/schema\/person\/4f99be5acc78d3f1b07a146d4fe8256b","name":"Annamaria Capozzi","image":{"@type":"ImageObject","inLanguage":"it-IT","@id":"https:\/\/www.gossip.it\/#\/schema\/person\/image\/","url":"https:\/\/secure.gravatar.com\/avatar\/a8f8ec0362739e51683bf764949dfb9f8d2539eecc144f2dd938d6381b053468?s=96&d=mm&r=g","contentUrl":"https:\/\/secure.gravatar.com\/avatar\/a8f8ec0362739e51683bf764949dfb9f8d2539eecc144f2dd938d6381b053468?s=96&d=mm&r=g","caption":"Annamaria Capozzi"}}]}},"amp_enabled":true,"_links":{"self":[{"href":"https:\/\/www.gossip.it\/api\/wp\/v2\/posts\/138946","targetHints":{"allow":["GET"]}}],"collection":[{"href":"https:\/\/www.gossip.it\/api\/wp\/v2\/posts"}],"about":[{"href":"https:\/\/www.gossip.it\/api\/wp\/v2\/types\/post"}],"author":[{"embeddable":true,"href":"https:\/\/www.gossip.it\/api\/wp\/v2\/users\/4"}],"replies":[{"embeddable":true,"href":"https:\/\/www.gossip.it\/api\/wp\/v2\/comments?post=138946"}],"version-history":[{"count":0,"href":"https:\/\/www.gossip.it\/api\/wp\/v2\/posts\/138946\/revisions"}],"wp:featuredmedia":[{"embeddable":true,"href":"https:\/\/www.gossip.it\/api\/wp\/v2\/media\/138953"}],"wp:attachment":[{"href":"https:\/\/www.gossip.it\/api\/wp\/v2\/media?parent=138946"}],"wp:term":[{"taxonomy":"category","embeddable":true,"href":"https:\/\/www.gossip.it\/api\/wp\/v2\/categories?post=138946"},{"taxonomy":"post_tag","embeddable":true,"href":"https:\/\/www.gossip.it\/api\/wp\/v2\/tags?post=138946"},{"taxonomy":"vip","embeddable":true,"href":"https:\/\/www.gossip.it\/api\/wp\/v2\/vip?post=138946"}],"curies":[{"name":"wp","href":"https:\/\/api.w.org\/{rel}","templated":true}]}}