{"id":140478,"date":"2023-01-17T15:41:38","date_gmt":"2023-01-17T14:41:38","guid":{"rendered":"https:\/\/www.gossip.it\/?p=140478"},"modified":"2023-01-18T12:00:39","modified_gmt":"2023-01-18T11:00:39","slug":"sei-stata-unamica-adorabile-i-vip-italiani-ricordano-gina-lollobrigida-sul-social-le-foto","status":"publish","type":"post","link":"https:\/\/www.gossip.it\/foto\/sei-stata-unamica-adorabile-i-vip-italiani-ricordano-gina-lollobrigida-sul-social-le-foto\/","title":{"rendered":"\u00a0''Sei stata un'amica adorabile'': i vip italiani ricordano Gina Lollobrigida sul social, le foto"},"content":{"rendered":"\n<p>Dopo la scomparsa della grande attrice sui social sono stati pubblicati tanti ricordi e pensieri in suo onore. Ecco i pi\u00f9 belli...<\/p>\n\n\n\n<p><\/p>\n\n\n<div class=\"lazyblock-gossip-gallery-FHqkz align  wp-block-lazyblock-gossip-gallery\"><div class=\"carousel slide newCarouselGossip\" data-ride=\"carousel\" id=\"photoGalleryCarousel\"><div class=\"carousel-inner owl-carousel\"><div class=\"gallery_image active center \" ><div class=\"gallery_box\"> \n                        <div class=\"gallery_image_inside\"><img decoding=\"async\" width=\"834\" height=\"1024\" src=\"https:\/\/www.gossip.it\/wp-content\/uploads\/2023\/01\/lollo_5-834x1024.jpg\" class=\"attachment-large size-large\" alt=\"\" srcset=\"https:\/\/www.gossip.it\/wp-content\/uploads\/2023\/01\/lollo_5-834x1024.jpg 834w, https:\/\/www.gossip.it\/wp-content\/uploads\/2023\/01\/lollo_5-244x300.jpg 244w, https:\/\/www.gossip.it\/wp-content\/uploads\/2023\/01\/lollo_5-768x943.jpg 768w, https:\/\/www.gossip.it\/wp-content\/uploads\/2023\/01\/lollo_5-750x921.jpg 750w, https:\/\/www.gossip.it\/wp-content\/uploads\/2023\/01\/lollo_5.jpg 1134w\" sizes=\"(max-width: 834px) 100vw, 834px\" \/><div class=\"gallery_caption\"><b>1.Vladimir Luxuria <\/b><br> La conduttrice e opinionista ha pubblicato uno scatto bellissimo con l\u2019attrice: \u2018\u2019Cara Gina, bersagliera nel cinema e guerriera nella vita, icona di bellezza e purezza di animo, mi avevi appassionata con la tua mente lucida a tanti racconti su Hollywood, mi avevi affascinata con la tua mano a disegnare ritratti, a fare foto e a scolpire opere d\u2019arte. Mi avevi illusa che una come te, seppur scalfita da tante polemiche, resta una roccia immortale. Mi hai onorata di essere stata la madrina del mio primo Lovers Film Festival. Ti ricorder\u00f2 sempre in una nicchia del mio cuore\u2019\u2019.<\/div>\n                        <\/div>\n                     <\/div><\/div><div class=\"gallery_image active center \" ><div class=\"gallery_box\"> \n                        <div class=\"gallery_image_inside\"><img decoding=\"async\" width=\"1024\" height=\"768\" src=\"https:\/\/www.gossip.it\/wp-content\/uploads\/2023\/01\/lollo_2-2-1024x768.jpg\" class=\"attachment-large size-large\" alt=\"\" srcset=\"https:\/\/www.gossip.it\/wp-content\/uploads\/2023\/01\/lollo_2-2-1024x768.jpg 1024w, https:\/\/www.gossip.it\/wp-content\/uploads\/2023\/01\/lollo_2-2-300x225.jpg 300w, https:\/\/www.gossip.it\/wp-content\/uploads\/2023\/01\/lollo_2-2-768x576.jpg 768w, https:\/\/www.gossip.it\/wp-content\/uploads\/2023\/01\/lollo_2-2-750x563.jpg 750w, https:\/\/www.gossip.it\/wp-content\/uploads\/2023\/01\/lollo_2-2.jpg 1134w\" sizes=\"(max-width: 1024px) 100vw, 1024px\" \/><div class=\"gallery_caption\"><b>2. Alberto Angela<\/b><br> Anche il divulgatore scientifico ha postato una scatto con la grande attrice.<\/div>\n                        <\/div>\n                     <\/div><\/div><div class=\"gallery_image active center \" ><div class=\"gallery_box\"> \n                        <div class=\"gallery_image_inside\"><img decoding=\"async\" width=\"971\" height=\"1024\" src=\"https:\/\/www.gossip.it\/wp-content\/uploads\/2023\/01\/lollo_8-971x1024.jpg\" class=\"attachment-large size-large\" alt=\"\" srcset=\"https:\/\/www.gossip.it\/wp-content\/uploads\/2023\/01\/lollo_8-971x1024.jpg 971w, https:\/\/www.gossip.it\/wp-content\/uploads\/2023\/01\/lollo_8-284x300.jpg 284w, https:\/\/www.gossip.it\/wp-content\/uploads\/2023\/01\/lollo_8-768x810.jpg 768w, https:\/\/www.gossip.it\/wp-content\/uploads\/2023\/01\/lollo_8-750x791.jpg 750w, https:\/\/www.gossip.it\/wp-content\/uploads\/2023\/01\/lollo_8.jpg 1134w\" sizes=\"(max-width: 971px) 100vw, 971px\" \/><div class=\"gallery_caption\"><b>3. Barbara Bouchet <\/b><br> L\u2019attrice era molto legata alla Lollobrigida come rivela nella didascalia del loro scatto insieme: \u2018\u2019Sei stata un'amica adorabile e una grande professionista. Sempre sorridere e con un cuore grande. Abbiamo fatto tante cose insieme. Mi hai consegnato personalmente il premio cinematografico \"Gina Lollobrigida\". Orgogliosa e onorata di essere stata al tuo fianco quel giorno a Subiaco. Vola alto e splendi come sai fare tu\u2019\u2019.<\/div>\n                        <\/div>\n                     <\/div><\/div><div class=\"gallery_image\"><div class=\"banner\"><!-- Banner #369 - START --><div class=\"gmp-repeat_pl banner\" style=\"display:block;min-height: 250px;\"><\/div><!-- Banner #369 - END --><\/div><\/div><div class=\"gallery_image active center \" ><div class=\"gallery_box\"> \n                        <div class=\"gallery_image_inside\"><img decoding=\"async\" width=\"1024\" height=\"764\" src=\"https:\/\/www.gossip.it\/wp-content\/uploads\/2023\/01\/lollo_9-1024x764.jpg\" class=\"attachment-large size-large\" alt=\"\" srcset=\"https:\/\/www.gossip.it\/wp-content\/uploads\/2023\/01\/lollo_9-1024x764.jpg 1024w, https:\/\/www.gossip.it\/wp-content\/uploads\/2023\/01\/lollo_9-300x224.jpg 300w, https:\/\/www.gossip.it\/wp-content\/uploads\/2023\/01\/lollo_9-768x573.jpg 768w, https:\/\/www.gossip.it\/wp-content\/uploads\/2023\/01\/lollo_9-750x560.jpg 750w, https:\/\/www.gossip.it\/wp-content\/uploads\/2023\/01\/lollo_9.jpg 1134w\" sizes=\"(max-width: 1024px) 100vw, 1024px\" \/><div class=\"gallery_caption\"><b>4. Giovanni Ciacci, Milly Carlucci e Samuel Peron<\/b><br> I tre hanno ricordato la partecipazione della\u2019ttarice a Ballando con le stelle. \u2018\u2019Che giornata meravigliosa , che serata magica . Era molto felice di essere circondata da ballerini e di doversi esibire circondata dal grande affetto del pubblico. Grazie Gina per quel regalo meraviglioso che hai voluto farmi partecipando a quella puntata.\u2019\u2019 ha scritto Ciacci. Anche la Carlucci ha scritto: \u2018\u2019Indimenticabile Gina. Regina di charme, talento e simpatia. Per sempre nei nostri cuori.\u2019\u2019<\/div>\n                        <\/div>\n                     <\/div><\/div><div class=\"gallery_image active center \" ><div class=\"gallery_box\"> \n                        <div class=\"gallery_image_inside\"><img decoding=\"async\" width=\"1024\" height=\"1024\" src=\"https:\/\/www.gossip.it\/wp-content\/uploads\/2023\/01\/lollo_10-1024x1024.jpg\" class=\"attachment-large size-large\" alt=\"\" srcset=\"https:\/\/www.gossip.it\/wp-content\/uploads\/2023\/01\/lollo_10-1024x1024.jpg 1024w, https:\/\/www.gossip.it\/wp-content\/uploads\/2023\/01\/lollo_10-300x300.jpg 300w, https:\/\/www.gossip.it\/wp-content\/uploads\/2023\/01\/lollo_10-150x150.jpg 150w, https:\/\/www.gossip.it\/wp-content\/uploads\/2023\/01\/lollo_10-768x768.jpg 768w, https:\/\/www.gossip.it\/wp-content\/uploads\/2023\/01\/lollo_10-75x75.jpg 75w, https:\/\/www.gossip.it\/wp-content\/uploads\/2023\/01\/lollo_10-750x750.jpg 750w, https:\/\/www.gossip.it\/wp-content\/uploads\/2023\/01\/lollo_10.jpg 1134w\" sizes=\"(max-width: 1024px) 100vw, 1024px\" \/><div class=\"gallery_caption\"><b>5. Cristiano Malgioglio<\/b><br> Il cantante ha condiviso un ricordo: \u2019'Viaggio in treno Roma Milano con la meravigliosa Gina Lollobrigida.  Devo finire di scrivere tre libri, nella mia carriera non sono mai stata raccomandata....era il mondo che mi cercava. Alcuni ricordi della nostra conversazione. Gina doveva essere la prima ospite nel mio programma Mi casa es tu casa .Ero molto emozionato del suo si......e invece poi? Ricordiamo la sua Arte, la sua bellezza, ma soprattutto la sua fama mondiale. Ciao, ti ricorderemo sempre.\u2019\u2019<\/div>\n                        <\/div>\n                     <\/div><\/div><div class=\"gallery_image active center \" ><div class=\"gallery_box\"> \n                        <div class=\"gallery_image_inside\"><img decoding=\"async\" width=\"1024\" height=\"608\" src=\"https:\/\/www.gossip.it\/wp-content\/uploads\/2023\/01\/lollo_14-1024x608.jpg\" class=\"attachment-large size-large\" alt=\"\" srcset=\"https:\/\/www.gossip.it\/wp-content\/uploads\/2023\/01\/lollo_14-1024x608.jpg 1024w, https:\/\/www.gossip.it\/wp-content\/uploads\/2023\/01\/lollo_14-300x178.jpg 300w, https:\/\/www.gossip.it\/wp-content\/uploads\/2023\/01\/lollo_14-768x456.jpg 768w, https:\/\/www.gossip.it\/wp-content\/uploads\/2023\/01\/lollo_14-750x445.jpg 750w, https:\/\/www.gossip.it\/wp-content\/uploads\/2023\/01\/lollo_14.jpg 1134w\" sizes=\"(max-width: 1024px) 100vw, 1024px\" \/><div class=\"gallery_caption\"><b>6. Caterina Balivo<\/b><br> La conduttrice ha voluto condividere le foto di un\u2019avventura speciale, quella in giuria a Miss Italia: \u2018\u2019\u00c8 stato un piacere conoscerla e un onore sedere accanto a lei, una delle pi\u00f9 grandi dive del nostro cinema.Un\u2019attrice eccezionale che \u00e8 arrivata l\u00e0 dove poche altre sono riuscite. Oggi se ne va un pezzo di storia del cinema, addio Gina mi piace salutarti cos\u00ec, sorridente come quella sera insieme in giuria a Miss Italia.\u2019\u2019<\/div>\n                        <\/div>\n                     <\/div><\/div><div class=\"gallery_image\"><div class=\"banner\"><!-- Banner #369 - START --><div class=\"gmp-repeat_pl banner\" style=\"display:block;min-height: 250px;\"><\/div><!-- Banner #369 - END --><\/div><\/div><div class=\"gallery_image active center \" ><div class=\"gallery_box\"> \n                        <div class=\"gallery_image_inside\"><img decoding=\"async\" width=\"1024\" height=\"683\" src=\"https:\/\/www.gossip.it\/wp-content\/uploads\/2023\/01\/lollo_11-1024x683.jpg\" class=\"attachment-large size-large\" alt=\"\" srcset=\"https:\/\/www.gossip.it\/wp-content\/uploads\/2023\/01\/lollo_11-1024x683.jpg 1024w, https:\/\/www.gossip.it\/wp-content\/uploads\/2023\/01\/lollo_11-300x200.jpg 300w, https:\/\/www.gossip.it\/wp-content\/uploads\/2023\/01\/lollo_11-768x512.jpg 768w, https:\/\/www.gossip.it\/wp-content\/uploads\/2023\/01\/lollo_11-750x500.jpg 750w, https:\/\/www.gossip.it\/wp-content\/uploads\/2023\/01\/lollo_11.jpg 1134w\" sizes=\"(max-width: 1024px) 100vw, 1024px\" \/><div class=\"gallery_caption\"><b>7. Simone Coccia Colaiuta <\/b><br> L\u2019ex gieffino ha conosciuto la grande diva proprio durante il Grande Fratello e ha ricordato quella serata cos\u00ec: \u2018\u2019Ebbi l\u2019onore di accompagnarla all\u2019interno della casa del grande fratello per poi farci un divertente confessionale. Uno dei momenti pi\u00f9 belli, indelebile e indimenticabile che ho vissuto all\u2019interno della casa pi\u00f9 spiata d\u2019Italia. Che la terra ti sia lieve. Una profonda preghiera per te.\u2019\u2019<\/div>\n                        <\/div>\n                     <\/div><\/div><div class=\"gallery_image active center \" ><div class=\"gallery_box\"> \n                        <div class=\"gallery_image_inside\"><img decoding=\"async\" width=\"819\" height=\"1024\" src=\"https:\/\/www.gossip.it\/wp-content\/uploads\/2023\/01\/lollo_1-1-819x1024.jpg\" class=\"attachment-large size-large\" alt=\"\" srcset=\"https:\/\/www.gossip.it\/wp-content\/uploads\/2023\/01\/lollo_1-1-819x1024.jpg 819w, https:\/\/www.gossip.it\/wp-content\/uploads\/2023\/01\/lollo_1-1-240x300.jpg 240w, https:\/\/www.gossip.it\/wp-content\/uploads\/2023\/01\/lollo_1-1-768x960.jpg 768w, https:\/\/www.gossip.it\/wp-content\/uploads\/2023\/01\/lollo_1-1-750x938.jpg 750w, https:\/\/www.gossip.it\/wp-content\/uploads\/2023\/01\/lollo_1-1.jpg 1134w\" sizes=\"(max-width: 819px) 100vw, 819px\" \/><div class=\"gallery_caption\"><b>8. Ronn Moss<\/b><br> Il divo di Beautiful ha voluto salutare cos\u00ec la grande attrice: \u2018\u2019Addio mia adorata, hai vissuto la vita al massimo ed era sempre una gioia averti accanto. Far\u00f2 tesoro dei nostri ricordi.\u2019\u2019<\/div>\n                        <\/div>\n                     <\/div><\/div><div class=\"gallery_image active center \" ><div class=\"gallery_box\"> \n                        <div class=\"gallery_image_inside\"><img decoding=\"async\" width=\"1024\" height=\"610\" src=\"https:\/\/www.gossip.it\/wp-content\/uploads\/2023\/01\/lollo_7-1-1024x610.jpg\" class=\"attachment-large size-large\" alt=\"\" srcset=\"https:\/\/www.gossip.it\/wp-content\/uploads\/2023\/01\/lollo_7-1-1024x610.jpg 1024w, https:\/\/www.gossip.it\/wp-content\/uploads\/2023\/01\/lollo_7-1-300x179.jpg 300w, https:\/\/www.gossip.it\/wp-content\/uploads\/2023\/01\/lollo_7-1-768x457.jpg 768w, https:\/\/www.gossip.it\/wp-content\/uploads\/2023\/01\/lollo_7-1-750x446.jpg 750w, https:\/\/www.gossip.it\/wp-content\/uploads\/2023\/01\/lollo_7-1.jpg 1134w\" sizes=\"(max-width: 1024px) 100vw, 1024px\" \/><div class=\"gallery_caption\"><b>9. Caterina Murino <\/b><br> \u2018\u2019Arrivederci meravigliosa Artista e Grazie\u2019\u2019. Cos\u00ec la Murino ha ricordato Gina.<\/div>\n                        <\/div>\n                     <\/div><\/div><div class=\"gallery_image\"><div class=\"banner\"><!-- Banner #369 - START --><div class=\"gmp-repeat_pl banner\" style=\"display:block;min-height: 250px;\"><\/div><!-- Banner #369 - END --><\/div><\/div><div class=\"gallery_image active center \" ><div class=\"gallery_box\"> \n                        <div class=\"gallery_image_inside\"><img decoding=\"async\" width=\"1024\" height=\"628\" src=\"https:\/\/www.gossip.it\/wp-content\/uploads\/2023\/01\/lollo_6-1-1024x628.jpg\" class=\"attachment-large size-large\" alt=\"\" srcset=\"https:\/\/www.gossip.it\/wp-content\/uploads\/2023\/01\/lollo_6-1-1024x628.jpg 1024w, https:\/\/www.gossip.it\/wp-content\/uploads\/2023\/01\/lollo_6-1-300x184.jpg 300w, https:\/\/www.gossip.it\/wp-content\/uploads\/2023\/01\/lollo_6-1-768x471.jpg 768w, https:\/\/www.gossip.it\/wp-content\/uploads\/2023\/01\/lollo_6-1-750x460.jpg 750w, https:\/\/www.gossip.it\/wp-content\/uploads\/2023\/01\/lollo_6-1.jpg 1134w\" sizes=\"(max-width: 1024px) 100vw, 1024px\" \/><div class=\"gallery_caption\"><b>10.Valeria Marini<\/b><br>\u2019\u2019 Come le stelle brillerai per sempre\u2019\u2019 questo invece il pensiero di Valeria Marini.<\/div>\n                        <\/div>\n                     <\/div><\/div><div class=\"gallery_image active center \" ><div class=\"gallery_box\"> \n                        <div class=\"gallery_image_inside\"><img decoding=\"async\" width=\"923\" height=\"1024\" src=\"https:\/\/www.gossip.it\/wp-content\/uploads\/2023\/01\/lollo_3-923x1024.jpg\" class=\"attachment-large size-large\" alt=\"\" srcset=\"https:\/\/www.gossip.it\/wp-content\/uploads\/2023\/01\/lollo_3-923x1024.jpg 923w, https:\/\/www.gossip.it\/wp-content\/uploads\/2023\/01\/lollo_3-270x300.jpg 270w, https:\/\/www.gossip.it\/wp-content\/uploads\/2023\/01\/lollo_3-768x852.jpg 768w, https:\/\/www.gossip.it\/wp-content\/uploads\/2023\/01\/lollo_3-750x832.jpg 750w, https:\/\/www.gossip.it\/wp-content\/uploads\/2023\/01\/lollo_3.jpg 1134w\" sizes=\"(max-width: 923px) 100vw, 923px\" \/><div class=\"gallery_caption\"><b>11. Barbara D\u2019Urso<\/b><br> La conduttrice ha intervistato spesso la grande attrice e il suo ricordo non poteva mancare: \u2018\u2019Cara Gina, per me \u00e8 stato un onore averti molte volte ospite nei miei programmi e soprattutto poterti conoscere anche fuori dalle telecamere. Tu, diva immensa, che nel privato eri cos\u00ec gentile, umile, semplice\u2026.Ricordo la leggerezza dei tuoi passi quando ti appoggiavi a me, ricordo che mi raccontavi che amavi cucire i tuoi vestiti, che il pomeriggio amavi disegnare\u2026 Mi guardavi in tv e ci tenevi a dirmelo al telefono quando ci sentivamo\u2026 Solo una diva fuori dagli schemi come te poteva accettare di entrare nella casa del mio Grande Fratello! Una tigre sul palco ma una donna anche fragile\u2026 So quanto hai sofferto per la serenit\u00e0 che ti \u00e8 mancata\u2026 Grazie Gina per il tuo affetto e per aver portato l\u2019Italia nel mondo con la tua bellezza e la tua arte. Buon viaggio!\u2019\u2019<\/div>\n                        <\/div>\n                     <\/div><\/div><div class=\"gallery_image active center \" ><div class=\"gallery_box\"> \n                        <div class=\"gallery_image_inside\"><img decoding=\"async\" width=\"1024\" height=\"998\" src=\"https:\/\/www.gossip.it\/wp-content\/uploads\/2023\/01\/lollo_4-1024x998.jpg\" class=\"attachment-large size-large\" alt=\"\" srcset=\"https:\/\/www.gossip.it\/wp-content\/uploads\/2023\/01\/lollo_4-1024x998.jpg 1024w, https:\/\/www.gossip.it\/wp-content\/uploads\/2023\/01\/lollo_4-300x292.jpg 300w, https:\/\/www.gossip.it\/wp-content\/uploads\/2023\/01\/lollo_4-768x748.jpg 768w, https:\/\/www.gossip.it\/wp-content\/uploads\/2023\/01\/lollo_4-750x731.jpg 750w, https:\/\/www.gossip.it\/wp-content\/uploads\/2023\/01\/lollo_4.jpg 1134w\" sizes=\"(max-width: 1024px) 100vw, 1024px\" \/><div class=\"gallery_caption\"><b>12. Orietta Berti<\/b><br> La cantante ha postato una bellissima foto insieme all\u2019attrice: \u2018\u2019Ci ha lasciato una grande Donna e una grande Diva che ha portato l'Italia e la sua arte in tutto il mondo. Un esempio per tante donne di forza, talento, bravura, eclettismo e charme che l'hanno resa una stella internazionale ed una icona mondiale.\u2019\u2019<\/div>\n                        <\/div>\n                     <\/div><\/div><div class=\"gallery_image\"><div class=\"banner\"><!-- Banner #369 - START --><div class=\"gmp-repeat_pl banner\" style=\"display:block;min-height: 250px;\"><\/div><!-- Banner #369 - END --><\/div><\/div><div class=\"gallery_image active center \" ><div class=\"gallery_box\"> \n                        <div class=\"gallery_image_inside\"><img decoding=\"async\" width=\"1024\" height=\"1024\" src=\"https:\/\/www.gossip.it\/wp-content\/uploads\/2023\/01\/lollo_13-1-1024x1024.jpg\" class=\"attachment-large size-large\" alt=\"\" srcset=\"https:\/\/www.gossip.it\/wp-content\/uploads\/2023\/01\/lollo_13-1-1024x1024.jpg 1024w, https:\/\/www.gossip.it\/wp-content\/uploads\/2023\/01\/lollo_13-1-300x300.jpg 300w, https:\/\/www.gossip.it\/wp-content\/uploads\/2023\/01\/lollo_13-1-150x150.jpg 150w, https:\/\/www.gossip.it\/wp-content\/uploads\/2023\/01\/lollo_13-1-768x768.jpg 768w, https:\/\/www.gossip.it\/wp-content\/uploads\/2023\/01\/lollo_13-1-75x75.jpg 75w, https:\/\/www.gossip.it\/wp-content\/uploads\/2023\/01\/lollo_13-1-750x750.jpg 750w, https:\/\/www.gossip.it\/wp-content\/uploads\/2023\/01\/lollo_13-1.jpg 1134w\" sizes=\"(max-width: 1024px) 100vw, 1024px\" \/><div class=\"gallery_caption\"> <b>13. Beppe Convertini<\/b><br> Anche l\u2019attore e conduttore ha voluto condividere un ricordo con Gina: \u2018\u2019La Bersagliera seducente e la fata turchina materna e dolcissima dei film di Luigi Comencini..Gina donna straordinaria e vera star internazionale!\u2019\u2019<\/div>\n                        <\/div>\n                     <\/div><\/div><div class=\"gallery_image active center \" ><div class=\"gallery_box\"> \n                        <div class=\"gallery_image_inside\"><img decoding=\"async\" width=\"1024\" height=\"682\" src=\"https:\/\/www.gossip.it\/wp-content\/uploads\/2023\/01\/lollo_12-1024x682.jpg\" class=\"attachment-large size-large\" alt=\"\" srcset=\"https:\/\/www.gossip.it\/wp-content\/uploads\/2023\/01\/lollo_12-1024x682.jpg 1024w, https:\/\/www.gossip.it\/wp-content\/uploads\/2023\/01\/lollo_12-300x200.jpg 300w, https:\/\/www.gossip.it\/wp-content\/uploads\/2023\/01\/lollo_12-768x511.jpg 768w, https:\/\/www.gossip.it\/wp-content\/uploads\/2023\/01\/lollo_12-750x499.jpg 750w, https:\/\/www.gossip.it\/wp-content\/uploads\/2023\/01\/lollo_12.jpg 1134w\" sizes=\"(max-width: 1024px) 100vw, 1024px\" \/><div class=\"gallery_caption\"><b>14. Mara Venier <\/b><br> Semplice e diretta la conduttrice di Domenica In: \u2018\u2019Cara Gina ti ho voluto tanto bene.\u2019\u2019<\/div>\n                        <\/div>\n                     <\/div><\/div><\/div><div class=\"controls\"> <\/div><\/div><\/div>","protected":false},"excerpt":{"rendered":"<p>Dopo la scomparsa della grande attrice sui social sono stati pubblicati tanti ricordi e pensieri in suo onore. Ecco i pi\u00f9 belli...<\/p>\n","protected":false},"author":14,"featured_media":140523,"comment_status":"open","ping_status":"closed","sticky":false,"template":"","format":"gallery","meta":{"footnotes":""},"categories":[63169],"tags":[56340,1983,66418,66420,66422,64498,23342,11265,63371,8754,66419,8687,13557,11303,66417,66421,11811,214,2232],"vip":[64245,381,66425,406,466,468,64140,1195,64815,1364,66424,1607,1652,66423,1807,63568],"class_list":["post-140478","post","type-post","status-publish","format-gallery","has-post-thumbnail","hentry","category-foto","tag-alberto-angela","tag-attrice","tag-barbara-bouchet","tag-barbara-durso","tag-beppe-convertini","tag-caterina-balivo","tag-gina-lollobrigida","tag-giovanni-ciacci","tag-mara-venier","tag-marica-pellegrinelli","tag-milly-carlucci","tag-morte","tag-orietta-berti","tag-ricordo","tag-ronn-moss","tag-samuel-peron","tag-simone-coccia-colaiuta","tag-vip","tag-vladimir-luxuria","post_format-post-format-gallery","vip-alberto-angela","vip-barbara_bouchet","vip-barbara-durso-2","vip-beppe_convertini","vip-caterina_balivo","vip-caterina_murino","vip-giovanni-ciacci","vip-mara_venier","vip-marica-pellegrinelli","vip-milly_carlucci","vip-orietta-berti","vip-ronn_moss","vip-samuel_peron","vip-simone-coccia-colaiuta","vip-valeria_marini","vip-vladimir-luxuria"],"yoast_head":"<title>\u00a0&#039;&#039;Sei stata un&#039;amica adorabile&#039;&#039;: i vip italiani ricordano Gina Lollobrigida sul social, le foto - Gossip.it | News sul Gossip e VIP<\/title>\n<meta name=\"description\" content=\"Gina Lollobrigida: i ricordi commossi dei vip\" \/>\n<meta name=\"robots\" content=\"index, follow, max-snippet:-1, max-image-preview:large, max-video-preview:-1\" \/>\n<link rel=\"canonical\" href=\"https:\/\/www.gossip.it\/foto\/sei-stata-unamica-adorabile-i-vip-italiani-ricordano-gina-lollobrigida-sul-social-le-foto\/\" \/>\n<meta property=\"og:locale\" content=\"it_IT\" \/>\n<meta property=\"og:type\" content=\"article\" \/>\n<meta property=\"og:title\" content=\"\u00a0&#039;&#039;Sei stata un&#039;amica adorabile&#039;&#039;: i vip italiani ricordano Gina Lollobrigida sul social, le foto - Gossip.it | News sul Gossip e VIP\" \/>\n<meta property=\"og:description\" content=\"Gina Lollobrigida: i ricordi commossi dei vip\" \/>\n<meta property=\"og:url\" content=\"https:\/\/www.gossip.it\/foto\/sei-stata-unamica-adorabile-i-vip-italiani-ricordano-gina-lollobrigida-sul-social-le-foto\/\" \/>\n<meta property=\"og:site_name\" content=\"Gossip.it | News sul Gossip e VIP\" \/>\n<meta property=\"article:publisher\" content=\"https:\/\/www.facebook.com\/GossipIT\" \/>\n<meta property=\"article:published_time\" content=\"2023-01-17T14:41:38+00:00\" \/>\n<meta property=\"article:modified_time\" content=\"2023-01-18T11:00:39+00:00\" \/>\n<meta property=\"og:image\" content=\"https:\/\/www.gossip.it\/wp-content\/uploads\/2023\/01\/lancio-LOLLO.jpg\" \/>\n\t<meta property=\"og:image:width\" content=\"1134\" \/>\n\t<meta property=\"og:image:height\" content=\"808\" \/>\n\t<meta property=\"og:image:type\" content=\"image\/jpeg\" \/>\n<meta name=\"author\" content=\"Veronica Langella\" \/>\n<meta name=\"twitter:card\" content=\"summary_large_image\" \/>\n<meta name=\"twitter:creator\" content=\"@gossinews_it\" \/>\n<meta name=\"twitter:site\" content=\"@gossinews_it\" \/>\n<meta name=\"twitter:label1\" content=\"Scritto da\" \/>\n\t<meta name=\"twitter:data1\" content=\"Veronica Langella\" \/>\n\t<meta name=\"twitter:label2\" content=\"Tempo di lettura stimato\" \/>\n\t<meta name=\"twitter:data2\" content=\"1 minuto\" \/>","yoast_head_json":{"title":"\u00a0''Sei stata un'amica adorabile'': i vip italiani ricordano Gina Lollobrigida sul social, le foto - Gossip.it | News sul Gossip e VIP","description":"Gina Lollobrigida: i ricordi commossi dei vip","robots":{"index":"index","follow":"follow","max-snippet":"max-snippet:-1","max-image-preview":"max-image-preview:large","max-video-preview":"max-video-preview:-1"},"canonical":"https:\/\/www.gossip.it\/foto\/sei-stata-unamica-adorabile-i-vip-italiani-ricordano-gina-lollobrigida-sul-social-le-foto\/","og_locale":"it_IT","og_type":"article","og_title":"\u00a0''Sei stata un'amica adorabile'': i vip italiani ricordano Gina Lollobrigida sul social, le foto - Gossip.it | News sul Gossip e VIP","og_description":"Gina Lollobrigida: i ricordi commossi dei vip","og_url":"https:\/\/www.gossip.it\/foto\/sei-stata-unamica-adorabile-i-vip-italiani-ricordano-gina-lollobrigida-sul-social-le-foto\/","og_site_name":"Gossip.it | News sul Gossip e VIP","article_publisher":"https:\/\/www.facebook.com\/GossipIT","article_published_time":"2023-01-17T14:41:38+00:00","article_modified_time":"2023-01-18T11:00:39+00:00","og_image":[{"width":1134,"height":808,"url":"https:\/\/www.gossip.it\/wp-content\/uploads\/2023\/01\/lancio-LOLLO.jpg","type":"image\/jpeg"}],"author":"Veronica Langella","twitter_card":"summary_large_image","twitter_creator":"@gossinews_it","twitter_site":"@gossinews_it","twitter_misc":{"Scritto da":"Veronica Langella","Tempo di lettura stimato":"1 minuto"},"schema":{"@context":"https:\/\/schema.org","@graph":[{"@type":"Article","@id":"https:\/\/www.gossip.it\/foto\/sei-stata-unamica-adorabile-i-vip-italiani-ricordano-gina-lollobrigida-sul-social-le-foto\/#article","isPartOf":{"@id":"https:\/\/www.gossip.it\/foto\/sei-stata-unamica-adorabile-i-vip-italiani-ricordano-gina-lollobrigida-sul-social-le-foto\/"},"author":{"name":"Veronica Langella","@id":"https:\/\/www.gossip.it\/#\/schema\/person\/19e94c9df6df0cf45ae8d7881fbf4a73"},"headline":"\u00a0''Sei stata un'amica adorabile'': i vip italiani ricordano Gina Lollobrigida sul social, le foto","datePublished":"2023-01-17T14:41:38+00:00","dateModified":"2023-01-18T11:00:39+00:00","mainEntityOfPage":{"@id":"https:\/\/www.gossip.it\/foto\/sei-stata-unamica-adorabile-i-vip-italiani-ricordano-gina-lollobrigida-sul-social-le-foto\/"},"wordCount":37,"commentCount":0,"publisher":{"@id":"https:\/\/www.gossip.it\/#organization"},"image":{"@id":"https:\/\/www.gossip.it\/foto\/sei-stata-unamica-adorabile-i-vip-italiani-ricordano-gina-lollobrigida-sul-social-le-foto\/#primaryimage"},"thumbnailUrl":"https:\/\/www.gossip.it\/wp-content\/uploads\/2023\/01\/lancio-LOLLO.jpg","keywords":["alberto angela","attrice","Barbara Bouchet","Barbara D\u2019Urso","Beppe Convertini","caterina balivo","gina lollobrigida","giovanni ciacci","mara venier","marica pellegrinelli","Milly Carlucci","morte","orietta berti","ricordo","Ronn Moss","Samuel Peron","simone coccia colaiuta","Vip","vladimir luxuria"],"articleSection":["Foto"],"inLanguage":"it-IT","potentialAction":[{"@type":"CommentAction","name":"Comment","target":["https:\/\/www.gossip.it\/foto\/sei-stata-unamica-adorabile-i-vip-italiani-ricordano-gina-lollobrigida-sul-social-le-foto\/#respond"]}]},{"@type":"WebPage","@id":"https:\/\/www.gossip.it\/foto\/sei-stata-unamica-adorabile-i-vip-italiani-ricordano-gina-lollobrigida-sul-social-le-foto\/","url":"https:\/\/www.gossip.it\/foto\/sei-stata-unamica-adorabile-i-vip-italiani-ricordano-gina-lollobrigida-sul-social-le-foto\/","name":"\u00a0''Sei stata un'amica adorabile'': i vip italiani ricordano Gina Lollobrigida sul social, le foto - Gossip.it | News sul Gossip e VIP","isPartOf":{"@id":"https:\/\/www.gossip.it\/#website"},"primaryImageOfPage":{"@id":"https:\/\/www.gossip.it\/foto\/sei-stata-unamica-adorabile-i-vip-italiani-ricordano-gina-lollobrigida-sul-social-le-foto\/#primaryimage"},"image":{"@id":"https:\/\/www.gossip.it\/foto\/sei-stata-unamica-adorabile-i-vip-italiani-ricordano-gina-lollobrigida-sul-social-le-foto\/#primaryimage"},"thumbnailUrl":"https:\/\/www.gossip.it\/wp-content\/uploads\/2023\/01\/lancio-LOLLO.jpg","datePublished":"2023-01-17T14:41:38+00:00","dateModified":"2023-01-18T11:00:39+00:00","description":"Gina Lollobrigida: i ricordi commossi dei vip","breadcrumb":{"@id":"https:\/\/www.gossip.it\/foto\/sei-stata-unamica-adorabile-i-vip-italiani-ricordano-gina-lollobrigida-sul-social-le-foto\/#breadcrumb"},"inLanguage":"it-IT","potentialAction":[{"@type":"ReadAction","target":["https:\/\/www.gossip.it\/foto\/sei-stata-unamica-adorabile-i-vip-italiani-ricordano-gina-lollobrigida-sul-social-le-foto\/"]}]},{"@type":"ImageObject","inLanguage":"it-IT","@id":"https:\/\/www.gossip.it\/foto\/sei-stata-unamica-adorabile-i-vip-italiani-ricordano-gina-lollobrigida-sul-social-le-foto\/#primaryimage","url":"https:\/\/www.gossip.it\/wp-content\/uploads\/2023\/01\/lancio-LOLLO.jpg","contentUrl":"https:\/\/www.gossip.it\/wp-content\/uploads\/2023\/01\/lancio-LOLLO.jpg","width":1134,"height":808},{"@type":"BreadcrumbList","@id":"https:\/\/www.gossip.it\/foto\/sei-stata-unamica-adorabile-i-vip-italiani-ricordano-gina-lollobrigida-sul-social-le-foto\/#breadcrumb","itemListElement":[{"@type":"ListItem","position":1,"name":"Home","item":"https:\/\/www.gossip.it\/"},{"@type":"ListItem","position":2,"name":"\u00a0''Sei stata un'amica adorabile'': i vip italiani ricordano Gina Lollobrigida sul social, le foto"}]},{"@type":"WebSite","@id":"https:\/\/www.gossip.it\/#website","url":"https:\/\/www.gossip.it\/","name":"Gossip and VIP News","description":"Quotidiano di cronaca rosa, costume e societ\u00e0","publisher":{"@id":"https:\/\/www.gossip.it\/#organization"},"alternateName":"Gossip and VIP News","potentialAction":[{"@type":"SearchAction","target":{"@type":"EntryPoint","urlTemplate":"https:\/\/www.gossip.it\/?s={search_term_string}"},"query-input":{"@type":"PropertyValueSpecification","valueRequired":true,"valueName":"search_term_string"}}],"inLanguage":"it-IT"},{"@type":"Organization","@id":"https:\/\/www.gossip.it\/#organization","name":"Gossip and VIP News","alternateName":"Gossip News","url":"https:\/\/www.gossip.it\/","logo":{"@type":"ImageObject","inLanguage":"it-IT","@id":"https:\/\/www.gossip.it\/#\/schema\/logo\/image\/","url":"https:\/\/www.gossip.it\/wp-content\/uploads\/2022\/04\/cropped-corna-alta-tiny.png","contentUrl":"https:\/\/www.gossip.it\/wp-content\/uploads\/2022\/04\/cropped-corna-alta-tiny.png","width":512,"height":512,"caption":"Gossip and VIP News"},"image":{"@id":"https:\/\/www.gossip.it\/#\/schema\/logo\/image\/"},"sameAs":["https:\/\/www.facebook.com\/GossipIT","https:\/\/x.com\/gossinews_it","https:\/\/instagram.com\/gossip_it"]},{"@type":"Person","@id":"https:\/\/www.gossip.it\/#\/schema\/person\/19e94c9df6df0cf45ae8d7881fbf4a73","name":"Veronica Langella","image":{"@type":"ImageObject","inLanguage":"it-IT","@id":"https:\/\/www.gossip.it\/#\/schema\/person\/image\/","url":"https:\/\/secure.gravatar.com\/avatar\/81bb1822732cf2c4d48c8984dfd9a028436d12e0918afe1ff6d842f13193b173?s=96&d=mm&r=g","contentUrl":"https:\/\/secure.gravatar.com\/avatar\/81bb1822732cf2c4d48c8984dfd9a028436d12e0918afe1ff6d842f13193b173?s=96&d=mm&r=g","caption":"Veronica Langella"}}]}},"amp_enabled":false,"_links":{"self":[{"href":"https:\/\/www.gossip.it\/api\/wp\/v2\/posts\/140478","targetHints":{"allow":["GET"]}}],"collection":[{"href":"https:\/\/www.gossip.it\/api\/wp\/v2\/posts"}],"about":[{"href":"https:\/\/www.gossip.it\/api\/wp\/v2\/types\/post"}],"author":[{"embeddable":true,"href":"https:\/\/www.gossip.it\/api\/wp\/v2\/users\/14"}],"replies":[{"embeddable":true,"href":"https:\/\/www.gossip.it\/api\/wp\/v2\/comments?post=140478"}],"version-history":[{"count":0,"href":"https:\/\/www.gossip.it\/api\/wp\/v2\/posts\/140478\/revisions"}],"wp:featuredmedia":[{"embeddable":true,"href":"https:\/\/www.gossip.it\/api\/wp\/v2\/media\/140523"}],"wp:attachment":[{"href":"https:\/\/www.gossip.it\/api\/wp\/v2\/media?parent=140478"}],"wp:term":[{"taxonomy":"category","embeddable":true,"href":"https:\/\/www.gossip.it\/api\/wp\/v2\/categories?post=140478"},{"taxonomy":"post_tag","embeddable":true,"href":"https:\/\/www.gossip.it\/api\/wp\/v2\/tags?post=140478"},{"taxonomy":"vip","embeddable":true,"href":"https:\/\/www.gossip.it\/api\/wp\/v2\/vip?post=140478"}],"curies":[{"name":"wp","href":"https:\/\/api.w.org\/{rel}","templated":true}]}}