{"id":140922,"date":"2023-01-23T13:37:56","date_gmt":"2023-01-23T12:37:56","guid":{"rendered":"https:\/\/www.gossip.it\/?p=140922"},"modified":"2023-01-23T17:50:37","modified_gmt":"2023-01-23T16:50:37","slug":"federico-fashion-style-coming-out-tv-soldi","status":"publish","type":"post","link":"https:\/\/www.gossip.it\/news\/federico-fashion-style-coming-out-tv-soldi\/","title":{"rendered":"Federico Fashion Style: ''Sono stato costretto a fare coming out''. E parla del compenso preso in tv..."},"content":{"rendered":"\n<ul class=\"wp-block-list\">\n<li>Il parrucchiere spiega il motivo per cui ha ammesso di essere omosessuale solo ora<\/li>\n\n\n\n<li><em>\u201cMi sono trovato nella condizione di doverlo dirlo pubblicamente perch\u00e9\u2026\u201d<\/em><\/li>\n<\/ul>\n\n\n\n<p><a href=\"http:\/\/www.gossip.it\/vip\/federico-fashion-style\">Federico Fashion Style<\/a> <strong>dopo il coming out in tv<\/strong>, a <em>Verissimo<\/em>, <strong>respinge al mittente le accuse di chi dice che avrebbe finalmente ammesso apertamente di essere gay per denaro<\/strong>. Secondo alcuni <em>\u2018maligni\u2019<\/em> avrebbe preso un cachet altissimo per rivelare il suo orientamento sessuale davanti la telecamera. Il parrucchiere 33enne, che a Milano ha appena inaugurato il suo nuovo negozio, proprio nel corso della festa, davanti all\u2019obiettivo del suo smartphone, dice la sua: <em>\u201c<strong>Se l\u2019ho fatto per una miriade di soldi? Non \u00e8 assolutamente vero!<\/strong>\u201d.<\/em><\/p>\n\n\n\n<figure class=\"wp-block-image size-large is-resized\"><img decoding=\"async\" src=\"https:\/\/www.gossip.it\/wp-content\/uploads\/2023\/01\/ffs_1-1-573x1024.jpg\" alt=\"\" class=\"wp-image-140923\" width=\"767\" height=\"1371\" srcset=\"https:\/\/www.gossip.it\/wp-content\/uploads\/2023\/01\/ffs_1-1-573x1024.jpg 573w, https:\/\/www.gossip.it\/wp-content\/uploads\/2023\/01\/ffs_1-1-168x300.jpg 168w, https:\/\/www.gossip.it\/wp-content\/uploads\/2023\/01\/ffs_1-1-768x1373.jpg 768w, https:\/\/www.gossip.it\/wp-content\/uploads\/2023\/01\/ffs_1-1-859x1536.jpg 859w, https:\/\/www.gossip.it\/wp-content\/uploads\/2023\/01\/ffs_1-1-750x1341.jpg 750w, https:\/\/www.gossip.it\/wp-content\/uploads\/2023\/01\/ffs_1-1.jpg 1134w\" sizes=\"(max-width: 767px) 100vw, 767px\" \/><figcaption class=\"wp-element-caption\">Federico Fashion Style e il coming out in tv: <em>''Se l'ho fatto per soldi? Non \u00e8 assolutamente vero!''<\/em><\/figcaption><\/figure>\n\n\n\n<p>L\u2019hair stylist puntualizza: <em>\u201c<strong>Mi sono trovato nella condizione di doverlo dire pubblicamente perch\u00e9&nbsp;terze persone hanno rivelato, senza il mio consenso, dichiarazioni molto riservate<\/strong>\u201d<\/em>. E affonda, tirando stilettate a chi ha parlato, ma senza fare nomi: <em>\u201cTengo a sottolineare che queste persone stavano con me, mi conoscevano. La vita del resto continua e&nbsp;io non ho nulla da dire a parassiti inutili che continuano a parlare di me in maniera stupida per avere qualche \u2018like\u2019 in pi\u00f9\u201d.<\/em><\/p>\n\n\n\n<figure class=\"wp-block-image size-large is-resized\"><img decoding=\"async\" src=\"https:\/\/www.gossip.it\/wp-content\/uploads\/2023\/01\/ffs_2-1-568x1024.jpg\" alt=\"\" class=\"wp-image-140924\" width=\"766\" height=\"1381\" srcset=\"https:\/\/www.gossip.it\/wp-content\/uploads\/2023\/01\/ffs_2-1-568x1024.jpg 568w, https:\/\/www.gossip.it\/wp-content\/uploads\/2023\/01\/ffs_2-1-166x300.jpg 166w, https:\/\/www.gossip.it\/wp-content\/uploads\/2023\/01\/ffs_2-1-768x1386.jpg 768w, https:\/\/www.gossip.it\/wp-content\/uploads\/2023\/01\/ffs_2-1-750x1353.jpg 750w, https:\/\/www.gossip.it\/wp-content\/uploads\/2023\/01\/ffs_2-1.jpg 1134w\" sizes=\"(max-width: 766px) 100vw, 766px\" \/><figcaption class=\"wp-element-caption\">Il parrucchiere spiega il motivo per cui ha ammesso di essere omosessuale solo ora<\/figcaption><\/figure>\n\n\n\n<p>Sull\u2019accusa di essere stato pagato per dire che \u00e8 gay Lauri sottolinea: <em>\u201c<strong>A chi mi accusa di essere andato in tv per miriadi di soldi o visibilit\u00e0, tengo a precisare che non \u00e8 assolutamente vero, anzi<\/strong>\u201d<\/em>. E ribadisce ancora una volta: <em>\u201cSono stato costretto a dirlo, quindi volevo dirlo prima alle persone che dovevano sapere\u201d.<\/em> Poi conclude: <em>\u201cLa vita va avanti, io voglio chiudere questo capitolo mettendo un punto\u201d.<\/em><\/p>\n\n\n\n<figure class=\"wp-block-image size-large\"><img decoding=\"async\" width=\"1024\" height=\"576\" src=\"https:\/\/www.gossip.it\/wp-content\/uploads\/2023\/01\/ffs_3-1-1024x576.jpg\" alt=\"\" class=\"wp-image-140925\" srcset=\"https:\/\/www.gossip.it\/wp-content\/uploads\/2023\/01\/ffs_3-1-1024x576.jpg 1024w, https:\/\/www.gossip.it\/wp-content\/uploads\/2023\/01\/ffs_3-1-300x169.jpg 300w, https:\/\/www.gossip.it\/wp-content\/uploads\/2023\/01\/ffs_3-1-768x432.jpg 768w, https:\/\/www.gossip.it\/wp-content\/uploads\/2023\/01\/ffs_3-1-750x422.jpg 750w, https:\/\/www.gossip.it\/wp-content\/uploads\/2023\/01\/ffs_3-1-730x410.jpg 730w, https:\/\/www.gossip.it\/wp-content\/uploads\/2023\/01\/ffs_3-1.jpg 1134w\" sizes=\"(max-width: 1024px) 100vw, 1024px\" \/><figcaption class=\"wp-element-caption\">Ha parlato del suo orientamento sessuale sabato 21 gennaio a <em>Verissimo<\/em><\/figcaption><\/figure>\n\n\n\n<p>Federico in tv ha rivelato che <a href=\"http:\/\/www.gossip.it\/vip\/letizia-porcu\">Letizia Porcu<\/a>, da cui ha avuto tramite fecondazione assistita Sophie Maelle nel 2017,<strong> sapeva da tre anni che lui \u00e8 omosessuale<\/strong>. Poi, sbottando, ha precisato: <em>\u201cOra per\u00f2 ci penso e mi faccio i miei calcoli:\u00a0se tu sei rimasta con me per tre anni dopo che te l\u2019ho detto e alle mie spalle hai tramato delle cose, beh faccio due pi\u00f9 due. E dico: perch\u00e9 sei rimasta con me? Forse ti faceva comodo la situazione? Ha tramato cose che non posso dirti, ma mi fa male perch\u00e9 non pensavo che potesse farmi questo. Dopo un mese dalla nostra separazione\u00a0lei ha pure pubblicato su Instagram che \u00e8 fidanzata con un altro e spensierata\u201d.<\/em><\/p>\n","protected":false},"excerpt":{"rendered":"<p>Federico Fashion Style dopo il coming out in tv, a Verissimo, respinge al mittente le accuse di chi dice che avrebbe finalmente ammesso apertamente di essere gay per denaro. Secondo alcuni \u2018maligni\u2019 avrebbe preso un cachet altissimo per rivelare il suo orientamento sessuale davanti la telecamera. Il parrucchiere 33enne, che a Milano ha appena inaugurato [&hellip;]<\/p>\n","protected":false},"author":4,"featured_media":140926,"comment_status":"open","ping_status":"closed","sticky":false,"template":"","format":"standard","meta":{"footnotes":""},"categories":[54],"tags":[61616,64064,66591,66592,64386,64063,3140,65087,3139,2097,2208],"vip":[63891],"class_list":["post-140922","post","type-post","status-publish","format-standard","has-post-thumbnail","hentry","category-news","tag-comingout","tag-federicofashionstyle","tag-federicofashionstylecomingout","tag-federicofashionstylegay","tag-federicolauri","tag-ffs","tag-gay","tag-letiziaporcu","tag-omosessuale","tag-tv","tag-verissimo","vip-federico-fashion-style"],"yoast_head":"<title>Federico Fashion Style: &#039;&#039;Sono stato costretto a fare coming out&#039;&#039;. E parla del compenso preso in tv... - Gossip.it | News sul Gossip e VIP<\/title>\n<meta name=\"description\" content=\"Federico Fashion Style nega di aver fatto il coming out in tv per soldi e precisa: &quot;Non \u00e8 assolutamente vero&quot;.\" \/>\n<meta name=\"robots\" content=\"index, follow, max-snippet:-1, max-image-preview:large, max-video-preview:-1\" \/>\n<link rel=\"canonical\" href=\"https:\/\/www.gossip.it\/news\/federico-fashion-style-coming-out-tv-soldi\/\" \/>\n<meta property=\"og:locale\" content=\"it_IT\" \/>\n<meta property=\"og:type\" content=\"article\" \/>\n<meta property=\"og:title\" content=\"Federico Fashion Style: &#039;&#039;Sono stato costretto a fare coming out&#039;&#039;. E parla del compenso preso in tv... - Gossip.it | News sul Gossip e VIP\" \/>\n<meta property=\"og:description\" content=\"Federico Fashion Style nega di aver fatto il coming out in tv per soldi e precisa: &quot;Non \u00e8 assolutamente vero&quot;.\" \/>\n<meta property=\"og:url\" content=\"https:\/\/www.gossip.it\/news\/federico-fashion-style-coming-out-tv-soldi\/\" \/>\n<meta property=\"og:site_name\" content=\"Gossip.it | News sul Gossip e VIP\" \/>\n<meta property=\"article:publisher\" content=\"https:\/\/www.facebook.com\/GossipIT\" \/>\n<meta property=\"article:published_time\" content=\"2023-01-23T12:37:56+00:00\" \/>\n<meta property=\"article:modified_time\" content=\"2023-01-23T16:50:37+00:00\" \/>\n<meta property=\"og:image\" content=\"https:\/\/www.gossip.it\/wp-content\/uploads\/2023\/01\/lancio-FFS-FB.jpg\" \/>\n\t<meta property=\"og:image:width\" content=\"1134\" \/>\n\t<meta property=\"og:image:height\" content=\"565\" \/>\n\t<meta property=\"og:image:type\" content=\"image\/jpeg\" \/>\n<meta name=\"author\" content=\"Annamaria Capozzi\" \/>\n<meta name=\"twitter:card\" content=\"summary_large_image\" \/>\n<meta name=\"twitter:creator\" content=\"@gossinews_it\" \/>\n<meta name=\"twitter:site\" content=\"@gossinews_it\" \/>\n<meta name=\"twitter:label1\" content=\"Scritto da\" \/>\n\t<meta name=\"twitter:data1\" content=\"Annamaria Capozzi\" \/>\n\t<meta name=\"twitter:label2\" content=\"Tempo di lettura stimato\" \/>\n\t<meta name=\"twitter:data2\" content=\"3 minuti\" \/>","yoast_head_json":{"title":"Federico Fashion Style: ''Sono stato costretto a fare coming out''. E parla del compenso preso in tv... - Gossip.it | News sul Gossip e VIP","description":"Federico Fashion Style nega di aver fatto il coming out in tv per soldi e precisa: \"Non \u00e8 assolutamente vero\".","robots":{"index":"index","follow":"follow","max-snippet":"max-snippet:-1","max-image-preview":"max-image-preview:large","max-video-preview":"max-video-preview:-1"},"canonical":"https:\/\/www.gossip.it\/news\/federico-fashion-style-coming-out-tv-soldi\/","og_locale":"it_IT","og_type":"article","og_title":"Federico Fashion Style: ''Sono stato costretto a fare coming out''. E parla del compenso preso in tv... - Gossip.it | News sul Gossip e VIP","og_description":"Federico Fashion Style nega di aver fatto il coming out in tv per soldi e precisa: \"Non \u00e8 assolutamente vero\".","og_url":"https:\/\/www.gossip.it\/news\/federico-fashion-style-coming-out-tv-soldi\/","og_site_name":"Gossip.it | News sul Gossip e VIP","article_publisher":"https:\/\/www.facebook.com\/GossipIT","article_published_time":"2023-01-23T12:37:56+00:00","article_modified_time":"2023-01-23T16:50:37+00:00","og_image":[{"width":1134,"height":565,"url":"https:\/\/www.gossip.it\/wp-content\/uploads\/2023\/01\/lancio-FFS-FB.jpg","type":"image\/jpeg"}],"author":"Annamaria Capozzi","twitter_card":"summary_large_image","twitter_creator":"@gossinews_it","twitter_site":"@gossinews_it","twitter_misc":{"Scritto da":"Annamaria Capozzi","Tempo di lettura stimato":"3 minuti"},"schema":{"@context":"https:\/\/schema.org","@graph":[{"@type":"Article","@id":"https:\/\/www.gossip.it\/news\/federico-fashion-style-coming-out-tv-soldi\/#article","isPartOf":{"@id":"https:\/\/www.gossip.it\/news\/federico-fashion-style-coming-out-tv-soldi\/"},"author":{"name":"Annamaria Capozzi","@id":"https:\/\/www.gossip.it\/#\/schema\/person\/4f99be5acc78d3f1b07a146d4fe8256b"},"headline":"Federico Fashion Style: ''Sono stato costretto a fare coming out''. E parla del compenso preso in tv...","datePublished":"2023-01-23T12:37:56+00:00","dateModified":"2023-01-23T16:50:37+00:00","mainEntityOfPage":{"@id":"https:\/\/www.gossip.it\/news\/federico-fashion-style-coming-out-tv-soldi\/"},"wordCount":433,"commentCount":0,"publisher":{"@id":"https:\/\/www.gossip.it\/#organization"},"image":{"@id":"https:\/\/www.gossip.it\/news\/federico-fashion-style-coming-out-tv-soldi\/#primaryimage"},"thumbnailUrl":"https:\/\/www.gossip.it\/wp-content\/uploads\/2023\/01\/lancio-FFS-1.jpg","keywords":["comingout","Federicofashionstyle","federicofashionstylecomingout","federicofashionstylegay","federicolauri","FFS","gay","letiziaporcu","omosessuale","tv","verissimo"],"articleSection":["News"],"inLanguage":"it-IT","potentialAction":[{"@type":"CommentAction","name":"Comment","target":["https:\/\/www.gossip.it\/news\/federico-fashion-style-coming-out-tv-soldi\/#respond"]}]},{"@type":"WebPage","@id":"https:\/\/www.gossip.it\/news\/federico-fashion-style-coming-out-tv-soldi\/","url":"https:\/\/www.gossip.it\/news\/federico-fashion-style-coming-out-tv-soldi\/","name":"Federico Fashion Style: ''Sono stato costretto a fare coming out''. E parla del compenso preso in tv... - Gossip.it | News sul Gossip e VIP","isPartOf":{"@id":"https:\/\/www.gossip.it\/#website"},"primaryImageOfPage":{"@id":"https:\/\/www.gossip.it\/news\/federico-fashion-style-coming-out-tv-soldi\/#primaryimage"},"image":{"@id":"https:\/\/www.gossip.it\/news\/federico-fashion-style-coming-out-tv-soldi\/#primaryimage"},"thumbnailUrl":"https:\/\/www.gossip.it\/wp-content\/uploads\/2023\/01\/lancio-FFS-1.jpg","datePublished":"2023-01-23T12:37:56+00:00","dateModified":"2023-01-23T16:50:37+00:00","description":"Federico Fashion Style nega di aver fatto il coming out in tv per soldi e precisa: \"Non \u00e8 assolutamente vero\".","breadcrumb":{"@id":"https:\/\/www.gossip.it\/news\/federico-fashion-style-coming-out-tv-soldi\/#breadcrumb"},"inLanguage":"it-IT","potentialAction":[{"@type":"ReadAction","target":["https:\/\/www.gossip.it\/news\/federico-fashion-style-coming-out-tv-soldi\/"]}]},{"@type":"ImageObject","inLanguage":"it-IT","@id":"https:\/\/www.gossip.it\/news\/federico-fashion-style-coming-out-tv-soldi\/#primaryimage","url":"https:\/\/www.gossip.it\/wp-content\/uploads\/2023\/01\/lancio-FFS-1.jpg","contentUrl":"https:\/\/www.gossip.it\/wp-content\/uploads\/2023\/01\/lancio-FFS-1.jpg","width":1134,"height":808},{"@type":"BreadcrumbList","@id":"https:\/\/www.gossip.it\/news\/federico-fashion-style-coming-out-tv-soldi\/#breadcrumb","itemListElement":[{"@type":"ListItem","position":1,"name":"Home","item":"https:\/\/www.gossip.it\/"},{"@type":"ListItem","position":2,"name":"Federico Fashion Style: ''Sono stato costretto a fare coming out''. E parla del compenso preso in tv..."}]},{"@type":"WebSite","@id":"https:\/\/www.gossip.it\/#website","url":"https:\/\/www.gossip.it\/","name":"Gossip and VIP News","description":"Quotidiano di cronaca rosa, costume e societ\u00e0","publisher":{"@id":"https:\/\/www.gossip.it\/#organization"},"alternateName":"Gossip and VIP News","potentialAction":[{"@type":"SearchAction","target":{"@type":"EntryPoint","urlTemplate":"https:\/\/www.gossip.it\/?s={search_term_string}"},"query-input":{"@type":"PropertyValueSpecification","valueRequired":true,"valueName":"search_term_string"}}],"inLanguage":"it-IT"},{"@type":"Organization","@id":"https:\/\/www.gossip.it\/#organization","name":"Gossip and VIP News","alternateName":"Gossip News","url":"https:\/\/www.gossip.it\/","logo":{"@type":"ImageObject","inLanguage":"it-IT","@id":"https:\/\/www.gossip.it\/#\/schema\/logo\/image\/","url":"https:\/\/www.gossip.it\/wp-content\/uploads\/2022\/04\/cropped-corna-alta-tiny.png","contentUrl":"https:\/\/www.gossip.it\/wp-content\/uploads\/2022\/04\/cropped-corna-alta-tiny.png","width":512,"height":512,"caption":"Gossip and VIP News"},"image":{"@id":"https:\/\/www.gossip.it\/#\/schema\/logo\/image\/"},"sameAs":["https:\/\/www.facebook.com\/GossipIT","https:\/\/x.com\/gossinews_it","https:\/\/instagram.com\/gossip_it"]},{"@type":"Person","@id":"https:\/\/www.gossip.it\/#\/schema\/person\/4f99be5acc78d3f1b07a146d4fe8256b","name":"Annamaria Capozzi","image":{"@type":"ImageObject","inLanguage":"it-IT","@id":"https:\/\/www.gossip.it\/#\/schema\/person\/image\/","url":"https:\/\/secure.gravatar.com\/avatar\/a8f8ec0362739e51683bf764949dfb9f8d2539eecc144f2dd938d6381b053468?s=96&d=mm&r=g","contentUrl":"https:\/\/secure.gravatar.com\/avatar\/a8f8ec0362739e51683bf764949dfb9f8d2539eecc144f2dd938d6381b053468?s=96&d=mm&r=g","caption":"Annamaria Capozzi"}}]}},"amp_enabled":true,"_links":{"self":[{"href":"https:\/\/www.gossip.it\/api\/wp\/v2\/posts\/140922","targetHints":{"allow":["GET"]}}],"collection":[{"href":"https:\/\/www.gossip.it\/api\/wp\/v2\/posts"}],"about":[{"href":"https:\/\/www.gossip.it\/api\/wp\/v2\/types\/post"}],"author":[{"embeddable":true,"href":"https:\/\/www.gossip.it\/api\/wp\/v2\/users\/4"}],"replies":[{"embeddable":true,"href":"https:\/\/www.gossip.it\/api\/wp\/v2\/comments?post=140922"}],"version-history":[{"count":0,"href":"https:\/\/www.gossip.it\/api\/wp\/v2\/posts\/140922\/revisions"}],"wp:featuredmedia":[{"embeddable":true,"href":"https:\/\/www.gossip.it\/api\/wp\/v2\/media\/140926"}],"wp:attachment":[{"href":"https:\/\/www.gossip.it\/api\/wp\/v2\/media?parent=140922"}],"wp:term":[{"taxonomy":"category","embeddable":true,"href":"https:\/\/www.gossip.it\/api\/wp\/v2\/categories?post=140922"},{"taxonomy":"post_tag","embeddable":true,"href":"https:\/\/www.gossip.it\/api\/wp\/v2\/tags?post=140922"},{"taxonomy":"vip","embeddable":true,"href":"https:\/\/www.gossip.it\/api\/wp\/v2\/vip?post=140922"}],"curies":[{"name":"wp","href":"https:\/\/api.w.org\/{rel}","templated":true}]}}