{"id":140968,"date":"2023-01-23T14:35:26","date_gmt":"2023-01-23T13:35:26","guid":{"rendered":"https:\/\/www.gossip.it\/?p=140968"},"modified":"2023-01-23T14:35:28","modified_gmt":"2023-01-23T13:35:28","slug":"francesca-fagnani-non-cattiva-tradito","status":"publish","type":"post","link":"https:\/\/www.gossip.it\/news\/francesca-fagnani-non-cattiva-tradito\/","title":{"rendered":"Francesca Fagnani dice di non essere 'cattiva', ma ammette: ''Ho tradito''"},"content":{"rendered":"\n<ul class=\"wp-block-list\">\n<li>La compagna di Enrico Mentana si confessa prima di salire sul palco di <em>Sanremo 2023<\/em><\/li>\n\n\n\n<li>Sulla maternit\u00e0 mancata:<em> \u201cPenso si possa essere felici anche senza figli\u201d<\/em><\/li>\n<\/ul>\n\n\n\n<p><a href=\"http:\/\/www.gossip.it\/vip\/francesca-fagnani\">Francesca Fagnani<\/a> si confessa sulle pagine de<em> Il Messaggero<\/em>. La compagna di <a href=\"http:\/\/www.gossip.it\/vip\/enrico-mentana\">Enrico Mentana<\/a>, conduttrice di <em>Belve<\/em> su Rai Due, sar\u00e0 una delle co-conduttrici di <em>Sanremo 2023<\/em>: scelta da <a href=\"http:\/\/www.gossip.it\/vip\/amadeus\">Amadeus<\/a>, salir\u00e0 sul palco dell\u2019Ariston mercoled\u00ec 7 febbraio, la seconda serata del festival. Sul compenso preso per la kermesse ammette: <em>\u201cSarei andata anche gratis\u201d<\/em>. Poi sfata un luogo comune su se stessa: <strong>non \u00e8 affatto<em> \u201ccattiva\u201d<\/em><\/strong><em> <\/em>come alcuni la dipingono. La giornalista 44enne svela:<em> \u201c<strong>Ho tradito<\/strong>\u201d.<\/em><\/p>\n\n\n\n<figure class=\"wp-block-image size-large\"><img decoding=\"async\" width=\"824\" height=\"1024\" src=\"https:\/\/www.gossip.it\/wp-content\/uploads\/2023\/01\/fagnani_1-824x1024.jpg\" alt=\"\" class=\"wp-image-140969\" srcset=\"https:\/\/www.gossip.it\/wp-content\/uploads\/2023\/01\/fagnani_1-824x1024.jpg 824w, https:\/\/www.gossip.it\/wp-content\/uploads\/2023\/01\/fagnani_1-241x300.jpg 241w, https:\/\/www.gossip.it\/wp-content\/uploads\/2023\/01\/fagnani_1-768x955.jpg 768w, https:\/\/www.gossip.it\/wp-content\/uploads\/2023\/01\/fagnani_1-750x933.jpg 750w, https:\/\/www.gossip.it\/wp-content\/uploads\/2023\/01\/fagnani_1.jpg 1134w\" sizes=\"(max-width: 824px) 100vw, 824px\" \/><figcaption class=\"wp-element-caption\">Francesca Fagnani dice di non essere<em> 'cattiva',<\/em> ma ammette:<em> ''Ho tradito''<\/em><\/figcaption><\/figure>\n\n\n\n<p>Francesca si descrive: <em>\u201cSono una perfezionista. Tignosissima\u201d<\/em>. Dice grazie ai genitori: <em>\u201cMi hanno sempre sostenuta\u201d.<\/em> Sulla sua partecipazione al Festival confida: <em>\u201cOnestamente, <strong>non credo che Sanremo mi cambier\u00e0 la vita<\/strong>. Lo vivo come un riconoscimento, e subito dopo torner\u00f2 alla vita di sempre. <strong>Ci sarei andata anche gratis<\/strong>\u201d.<\/em><\/p>\n\n\n\n<figure class=\"wp-block-image size-large\"><img decoding=\"async\" width=\"1024\" height=\"1024\" src=\"https:\/\/www.gossip.it\/wp-content\/uploads\/2023\/01\/fagnani_2-1024x1024.jpg\" alt=\"\" class=\"wp-image-140970\" srcset=\"https:\/\/www.gossip.it\/wp-content\/uploads\/2023\/01\/fagnani_2-1024x1024.jpg 1024w, https:\/\/www.gossip.it\/wp-content\/uploads\/2023\/01\/fagnani_2-300x300.jpg 300w, https:\/\/www.gossip.it\/wp-content\/uploads\/2023\/01\/fagnani_2-150x150.jpg 150w, https:\/\/www.gossip.it\/wp-content\/uploads\/2023\/01\/fagnani_2-768x768.jpg 768w, https:\/\/www.gossip.it\/wp-content\/uploads\/2023\/01\/fagnani_2-75x75.jpg 75w, https:\/\/www.gossip.it\/wp-content\/uploads\/2023\/01\/fagnani_2-750x750.jpg 750w, https:\/\/www.gossip.it\/wp-content\/uploads\/2023\/01\/fagnani_2.jpg 1134w\" sizes=\"(max-width: 1024px) 100vw, 1024px\" \/><figcaption class=\"wp-element-caption\">La compagna di Enrico Mentana si confessa prima di salire sul palco di <em>Sanremo 2023<\/em><\/figcaption><\/figure>\n\n\n\n<p>Quando le si chiede di citare l\u2019equivoco pi\u00f9 fastidioso sul suo conto, la Fagnani risponde: <em>\u201c<strong>Quando si dice che io sia cattiva. Non \u00e8 vero. Odio i pregiudizi<\/strong>\u201d<\/em>. E\u2019 consapevole del suo pi\u00f9 grande errore: <strong><em>\u201cEssermi privata di un rapporto disteso con mia madre<\/em><\/strong> (scomparsa nel 2015, ndr) <em>e averla un po\u2019 trascurata. Vale anche per mio padre. Lavorando cos\u00ec tanto, le giornate volano\u201d.\u00a0<\/em><\/p>\n\n\n\n<figure class=\"wp-block-image size-large\"><img decoding=\"async\" width=\"818\" height=\"1024\" src=\"https:\/\/www.gossip.it\/wp-content\/uploads\/2023\/01\/fagnani_3-818x1024.jpg\" alt=\"\" class=\"wp-image-140971\" srcset=\"https:\/\/www.gossip.it\/wp-content\/uploads\/2023\/01\/fagnani_3-818x1024.jpg 818w, https:\/\/www.gossip.it\/wp-content\/uploads\/2023\/01\/fagnani_3-240x300.jpg 240w, https:\/\/www.gossip.it\/wp-content\/uploads\/2023\/01\/fagnani_3-768x961.jpg 768w, https:\/\/www.gossip.it\/wp-content\/uploads\/2023\/01\/fagnani_3-750x938.jpg 750w, https:\/\/www.gossip.it\/wp-content\/uploads\/2023\/01\/fagnani_3.jpg 1134w\" sizes=\"(max-width: 818px) 100vw, 818px\" \/><figcaption class=\"wp-element-caption\">La 44enne sulla maternit\u00e0 mancata dice:<em> \u201cPenso si possa essere felici anche senza figli\u201d<\/em><\/figcaption><\/figure>\n\n\n\n<p>Non parla di Mentana, <strong>Francesca Fagnani rivela, per\u00f2, che fino a ora \u00e8 stata pi\u00f9 lei a lasciare i partner<\/strong>:<em> \u201cHo mollato di pi\u00f9 io\u201d.<\/em> Se le si chiede se abbia tradito, replica: <em>\u201cNon sono una traditrice seriale, ma non posso dire di non averlo mai fatto. <strong>Non sono una santa<\/strong>\u201d<\/em>. Ha ricevuto in passato proposte di nozze, ma ha detto di no: <em>\u201cUn paio di volte, per\u00f2 mi sono data alla fuga. <strong>Non ci credo all\u2019amore per sempre<\/strong>\u201d<\/em>. La 44enne ha anche scelto di non avere figli, sulla maternit\u00e0 mancata precisa di non avere rimpianti:<em> \"Nessuno. Non \u00e8 successo, non mi manca e <strong>penso che si possa essere felici anche senza figli<\/strong>\"<\/em>. In questi giorni \u00e8 concentrata su come gestire l\u2019emozione all\u2019Ariston. La cosa che la spaventa di pi\u00f9?: <em>\u201cCome tutti, cadere dalle scale\u201d.<\/em><\/p>\n","protected":false},"excerpt":{"rendered":"<p>Francesca Fagnani si confessa sulle pagine de Il Messaggero. La compagna di Enrico Mentana, conduttrice di Belve su Rai Due, sar\u00e0 una delle co-conduttrici di Sanremo 2023: scelta da Amadeus, salir\u00e0 sul palco dell\u2019Ariston mercoled\u00ec 7 febbraio, la seconda serata del festival. Sul compenso preso per la kermesse ammette: \u201cSarei andata anche gratis\u201d. Poi sfata [&hellip;]<\/p>\n","protected":false},"author":4,"featured_media":140977,"comment_status":"open","ping_status":"closed","sticky":false,"template":"","format":"standard","meta":{"footnotes":""},"categories":[54],"tags":[57520,65805,63680,65261,66608,6208,4938,2582,63683,63681,2097],"vip":[65248],"class_list":["post-140968","post","type-post","status-publish","format-standard","has-post-thumbnail","hentry","category-news","tag-belve","tag-enricomentana","tag-festivaldisanremo","tag-francescafagnani","tag-francescafagnanimentana","tag-raidue","tag-raiuno","tag-sanremo","tag-sanremo2023","tag-sanremorai","tag-tv","vip-francesca-fagnani"],"yoast_head":"<title>Francesca Fagnani dice di non essere &#039;cattiva&#039;, ma ammette: &#039;&#039;Ho tradito&#039;&#039; - Gossip.it | News sul Gossip e VIP<\/title>\n<meta name=\"description\" content=\"Francesca Fagnani sfata un luogo comune su di lei: non \u00e8 &#039;cattiva&#039; come a volte la dipingono. Poi ammette: &quot;Ho tradito&quot;.\" \/>\n<meta name=\"robots\" content=\"index, follow, max-snippet:-1, max-image-preview:large, max-video-preview:-1\" \/>\n<link rel=\"canonical\" href=\"https:\/\/www.gossip.it\/news\/francesca-fagnani-non-cattiva-tradito\/\" \/>\n<meta property=\"og:locale\" content=\"it_IT\" \/>\n<meta property=\"og:type\" content=\"article\" \/>\n<meta property=\"og:title\" content=\"Francesca Fagnani dice di non essere &#039;cattiva&#039;, ma ammette: &#039;&#039;Ho tradito&#039;&#039; - Gossip.it | News sul Gossip e VIP\" \/>\n<meta property=\"og:description\" content=\"Francesca Fagnani sfata un luogo comune su di lei: non \u00e8 &#039;cattiva&#039; come a volte la dipingono. Poi ammette: &quot;Ho tradito&quot;.\" \/>\n<meta property=\"og:url\" content=\"https:\/\/www.gossip.it\/news\/francesca-fagnani-non-cattiva-tradito\/\" \/>\n<meta property=\"og:site_name\" content=\"Gossip.it | News sul Gossip e VIP\" \/>\n<meta property=\"article:publisher\" content=\"https:\/\/www.facebook.com\/GossipIT\" \/>\n<meta property=\"article:published_time\" content=\"2023-01-23T13:35:26+00:00\" \/>\n<meta property=\"article:modified_time\" content=\"2023-01-23T13:35:28+00:00\" \/>\n<meta property=\"og:image\" content=\"https:\/\/www.gossip.it\/wp-content\/uploads\/2023\/01\/lancio-FAGNANI-FB.jpg\" \/>\n\t<meta property=\"og:image:width\" content=\"1134\" \/>\n\t<meta property=\"og:image:height\" content=\"617\" \/>\n\t<meta property=\"og:image:type\" content=\"image\/jpeg\" \/>\n<meta name=\"author\" content=\"Annamaria Capozzi\" \/>\n<meta name=\"twitter:card\" content=\"summary_large_image\" \/>\n<meta name=\"twitter:creator\" content=\"@gossinews_it\" \/>\n<meta name=\"twitter:site\" content=\"@gossinews_it\" \/>\n<meta name=\"twitter:label1\" content=\"Scritto da\" \/>\n\t<meta name=\"twitter:data1\" content=\"Annamaria Capozzi\" \/>\n\t<meta name=\"twitter:label2\" content=\"Tempo di lettura stimato\" \/>\n\t<meta name=\"twitter:data2\" content=\"3 minuti\" \/>","yoast_head_json":{"title":"Francesca Fagnani dice di non essere 'cattiva', ma ammette: ''Ho tradito'' - Gossip.it | News sul Gossip e VIP","description":"Francesca Fagnani sfata un luogo comune su di lei: non \u00e8 'cattiva' come a volte la dipingono. Poi ammette: \"Ho tradito\".","robots":{"index":"index","follow":"follow","max-snippet":"max-snippet:-1","max-image-preview":"max-image-preview:large","max-video-preview":"max-video-preview:-1"},"canonical":"https:\/\/www.gossip.it\/news\/francesca-fagnani-non-cattiva-tradito\/","og_locale":"it_IT","og_type":"article","og_title":"Francesca Fagnani dice di non essere 'cattiva', ma ammette: ''Ho tradito'' - Gossip.it | News sul Gossip e VIP","og_description":"Francesca Fagnani sfata un luogo comune su di lei: non \u00e8 'cattiva' come a volte la dipingono. Poi ammette: \"Ho tradito\".","og_url":"https:\/\/www.gossip.it\/news\/francesca-fagnani-non-cattiva-tradito\/","og_site_name":"Gossip.it | News sul Gossip e VIP","article_publisher":"https:\/\/www.facebook.com\/GossipIT","article_published_time":"2023-01-23T13:35:26+00:00","article_modified_time":"2023-01-23T13:35:28+00:00","og_image":[{"width":1134,"height":617,"url":"https:\/\/www.gossip.it\/wp-content\/uploads\/2023\/01\/lancio-FAGNANI-FB.jpg","type":"image\/jpeg"}],"author":"Annamaria Capozzi","twitter_card":"summary_large_image","twitter_creator":"@gossinews_it","twitter_site":"@gossinews_it","twitter_misc":{"Scritto da":"Annamaria Capozzi","Tempo di lettura stimato":"3 minuti"},"schema":{"@context":"https:\/\/schema.org","@graph":[{"@type":"Article","@id":"https:\/\/www.gossip.it\/news\/francesca-fagnani-non-cattiva-tradito\/#article","isPartOf":{"@id":"https:\/\/www.gossip.it\/news\/francesca-fagnani-non-cattiva-tradito\/"},"author":{"name":"Annamaria Capozzi","@id":"https:\/\/www.gossip.it\/#\/schema\/person\/4f99be5acc78d3f1b07a146d4fe8256b"},"headline":"Francesca Fagnani dice di non essere 'cattiva', ma ammette: ''Ho tradito''","datePublished":"2023-01-23T13:35:26+00:00","dateModified":"2023-01-23T13:35:28+00:00","mainEntityOfPage":{"@id":"https:\/\/www.gossip.it\/news\/francesca-fagnani-non-cattiva-tradito\/"},"wordCount":394,"commentCount":0,"publisher":{"@id":"https:\/\/www.gossip.it\/#organization"},"image":{"@id":"https:\/\/www.gossip.it\/news\/francesca-fagnani-non-cattiva-tradito\/#primaryimage"},"thumbnailUrl":"https:\/\/www.gossip.it\/wp-content\/uploads\/2023\/01\/lancio-FAGNANI.jpg","keywords":["belve","enricomentana","festivaldisanremo","francescafagnani","francescafagnanimentana","raidue","raiuno","sanremo","sanremo2023","sanremorai","tv"],"articleSection":["News"],"inLanguage":"it-IT","potentialAction":[{"@type":"CommentAction","name":"Comment","target":["https:\/\/www.gossip.it\/news\/francesca-fagnani-non-cattiva-tradito\/#respond"]}]},{"@type":"WebPage","@id":"https:\/\/www.gossip.it\/news\/francesca-fagnani-non-cattiva-tradito\/","url":"https:\/\/www.gossip.it\/news\/francesca-fagnani-non-cattiva-tradito\/","name":"Francesca Fagnani dice di non essere 'cattiva', ma ammette: ''Ho tradito'' - Gossip.it | News sul Gossip e VIP","isPartOf":{"@id":"https:\/\/www.gossip.it\/#website"},"primaryImageOfPage":{"@id":"https:\/\/www.gossip.it\/news\/francesca-fagnani-non-cattiva-tradito\/#primaryimage"},"image":{"@id":"https:\/\/www.gossip.it\/news\/francesca-fagnani-non-cattiva-tradito\/#primaryimage"},"thumbnailUrl":"https:\/\/www.gossip.it\/wp-content\/uploads\/2023\/01\/lancio-FAGNANI.jpg","datePublished":"2023-01-23T13:35:26+00:00","dateModified":"2023-01-23T13:35:28+00:00","description":"Francesca Fagnani sfata un luogo comune su di lei: non \u00e8 'cattiva' come a volte la dipingono. Poi ammette: \"Ho tradito\".","breadcrumb":{"@id":"https:\/\/www.gossip.it\/news\/francesca-fagnani-non-cattiva-tradito\/#breadcrumb"},"inLanguage":"it-IT","potentialAction":[{"@type":"ReadAction","target":["https:\/\/www.gossip.it\/news\/francesca-fagnani-non-cattiva-tradito\/"]}]},{"@type":"ImageObject","inLanguage":"it-IT","@id":"https:\/\/www.gossip.it\/news\/francesca-fagnani-non-cattiva-tradito\/#primaryimage","url":"https:\/\/www.gossip.it\/wp-content\/uploads\/2023\/01\/lancio-FAGNANI.jpg","contentUrl":"https:\/\/www.gossip.it\/wp-content\/uploads\/2023\/01\/lancio-FAGNANI.jpg","width":1134,"height":808},{"@type":"BreadcrumbList","@id":"https:\/\/www.gossip.it\/news\/francesca-fagnani-non-cattiva-tradito\/#breadcrumb","itemListElement":[{"@type":"ListItem","position":1,"name":"Home","item":"https:\/\/www.gossip.it\/"},{"@type":"ListItem","position":2,"name":"Francesca Fagnani dice di non essere 'cattiva', ma ammette: ''Ho tradito''"}]},{"@type":"WebSite","@id":"https:\/\/www.gossip.it\/#website","url":"https:\/\/www.gossip.it\/","name":"Gossip and VIP News","description":"Quotidiano di cronaca rosa, costume e societ\u00e0","publisher":{"@id":"https:\/\/www.gossip.it\/#organization"},"alternateName":"Gossip and VIP News","potentialAction":[{"@type":"SearchAction","target":{"@type":"EntryPoint","urlTemplate":"https:\/\/www.gossip.it\/?s={search_term_string}"},"query-input":{"@type":"PropertyValueSpecification","valueRequired":true,"valueName":"search_term_string"}}],"inLanguage":"it-IT"},{"@type":"Organization","@id":"https:\/\/www.gossip.it\/#organization","name":"Gossip and VIP News","alternateName":"Gossip News","url":"https:\/\/www.gossip.it\/","logo":{"@type":"ImageObject","inLanguage":"it-IT","@id":"https:\/\/www.gossip.it\/#\/schema\/logo\/image\/","url":"https:\/\/www.gossip.it\/wp-content\/uploads\/2022\/04\/cropped-corna-alta-tiny.png","contentUrl":"https:\/\/www.gossip.it\/wp-content\/uploads\/2022\/04\/cropped-corna-alta-tiny.png","width":512,"height":512,"caption":"Gossip and VIP News"},"image":{"@id":"https:\/\/www.gossip.it\/#\/schema\/logo\/image\/"},"sameAs":["https:\/\/www.facebook.com\/GossipIT","https:\/\/x.com\/gossinews_it","https:\/\/instagram.com\/gossip_it"]},{"@type":"Person","@id":"https:\/\/www.gossip.it\/#\/schema\/person\/4f99be5acc78d3f1b07a146d4fe8256b","name":"Annamaria Capozzi","image":{"@type":"ImageObject","inLanguage":"it-IT","@id":"https:\/\/www.gossip.it\/#\/schema\/person\/image\/","url":"https:\/\/secure.gravatar.com\/avatar\/a8f8ec0362739e51683bf764949dfb9f8d2539eecc144f2dd938d6381b053468?s=96&d=mm&r=g","contentUrl":"https:\/\/secure.gravatar.com\/avatar\/a8f8ec0362739e51683bf764949dfb9f8d2539eecc144f2dd938d6381b053468?s=96&d=mm&r=g","caption":"Annamaria Capozzi"}}]}},"amp_enabled":true,"_links":{"self":[{"href":"https:\/\/www.gossip.it\/api\/wp\/v2\/posts\/140968","targetHints":{"allow":["GET"]}}],"collection":[{"href":"https:\/\/www.gossip.it\/api\/wp\/v2\/posts"}],"about":[{"href":"https:\/\/www.gossip.it\/api\/wp\/v2\/types\/post"}],"author":[{"embeddable":true,"href":"https:\/\/www.gossip.it\/api\/wp\/v2\/users\/4"}],"replies":[{"embeddable":true,"href":"https:\/\/www.gossip.it\/api\/wp\/v2\/comments?post=140968"}],"version-history":[{"count":0,"href":"https:\/\/www.gossip.it\/api\/wp\/v2\/posts\/140968\/revisions"}],"wp:featuredmedia":[{"embeddable":true,"href":"https:\/\/www.gossip.it\/api\/wp\/v2\/media\/140977"}],"wp:attachment":[{"href":"https:\/\/www.gossip.it\/api\/wp\/v2\/media?parent=140968"}],"wp:term":[{"taxonomy":"category","embeddable":true,"href":"https:\/\/www.gossip.it\/api\/wp\/v2\/categories?post=140968"},{"taxonomy":"post_tag","embeddable":true,"href":"https:\/\/www.gossip.it\/api\/wp\/v2\/tags?post=140968"},{"taxonomy":"vip","embeddable":true,"href":"https:\/\/www.gossip.it\/api\/wp\/v2\/vip?post=140968"}],"curies":[{"name":"wp","href":"https:\/\/api.w.org\/{rel}","templated":true}]}}