{"id":142065,"date":"2023-02-06T12:05:37","date_gmt":"2023-02-06T11:05:37","guid":{"rendered":"https:\/\/www.gossip.it\/?p=142065"},"modified":"2023-02-07T10:50:32","modified_gmt":"2023-02-07T09:50:32","slug":"ilary-blasi-cena-michelle-hunziker-roma-bastian-muller","status":"publish","type":"post","link":"https:\/\/www.gossip.it\/news\/ilary-blasi-cena-michelle-hunziker-roma-bastian-muller\/","title":{"rendered":"Ilary Blasi a cena con Michelle Hunziker a Roma: con loro c'\u00e8 anche Bastian Muller"},"content":{"rendered":"\n<ul class=\"wp-block-list\">\n<li>La conduttrice 41enne annuncia che il nuovo compagno \u00e8 nella Capitale con una storia <em>\u2018repostata\u2019<\/em><\/li>\n\n\n\n<li>L\u2019amica svizzera 46enne da Rinaldi al Quirinale al tavolo parla tedesco\u2026<\/li>\n<\/ul>\n\n\n\n<p><a href=\"http:\/\/www.gossip.it\/vip\/ilary-blasi\">Ilary Blasi<\/a> ha trovato l\u2019amore e non fa pi\u00f9 nulla per nascondere il sentimento che prova. Con una storia<em> \u2018repostata\u2019<\/em> la 41enne annuncia a tutti i follower che <a href=\"http:\/\/www.gossip.it\/vip\/bastian-muller\">Bastian Muller<\/a> <strong>\u00e8 atterrato a Roma<\/strong>. Ma non \u00e8 tutto. Venerd\u00ec sera, 3 febbraio, <strong>va a cena con <a href=\"http:\/\/www.gossip.it\/vip\/michelle-hunziker\">Michelle Hunziker<\/a> e altri amici: al tavolo con loro c\u2019\u00e8 pure il suo nuovo compagno<\/strong>.<\/p>\n\n\n\n<figure class=\"wp-block-image size-large\"><img decoding=\"async\" width=\"819\" height=\"1024\" src=\"https:\/\/www.gossip.it\/wp-content\/uploads\/2023\/02\/hunziker_1-819x1024.jpg\" alt=\"\" class=\"wp-image-142068\" srcset=\"https:\/\/www.gossip.it\/wp-content\/uploads\/2023\/02\/hunziker_1-819x1024.jpg 819w, https:\/\/www.gossip.it\/wp-content\/uploads\/2023\/02\/hunziker_1-240x300.jpg 240w, https:\/\/www.gossip.it\/wp-content\/uploads\/2023\/02\/hunziker_1-768x960.jpg 768w, https:\/\/www.gossip.it\/wp-content\/uploads\/2023\/02\/hunziker_1-750x938.jpg 750w, https:\/\/www.gossip.it\/wp-content\/uploads\/2023\/02\/hunziker_1.jpg 1134w\" sizes=\"(max-width: 819px) 100vw, 819px\" \/><figcaption class=\"wp-element-caption\">Ilary Blasi a cena con Michelle Hunziker a Roma: con loro c'\u00e8 anche Bastian Muller<\/figcaption><\/figure>\n\n\n\n<p>La Hunziker \u00e8 a Roma, impegnata con le prove del suo one women show, <em>Michelle Impossible<\/em>. Esce con Ilary per una serata tra prelibatezze: le due vanno da Rinaldi al Quirinale, ristorante molto amato anche da <a href=\"http:\/\/www.gossip.it\/vip\/francescotitti\">Francesco Totti<\/a>. Spesso lo sportivo ci andava proprio insieme alla moglie.<\/p>\n\n\n\n<figure class=\"wp-block-image size-large is-resized\"><img decoding=\"async\" src=\"https:\/\/www.gossip.it\/wp-content\/uploads\/2023\/02\/Screenshot-2023-02-06-alle-09.30.20-596x1024.png\" alt=\"\" class=\"wp-image-142069\" width=\"768\" height=\"1320\" srcset=\"https:\/\/www.gossip.it\/wp-content\/uploads\/2023\/02\/Screenshot-2023-02-06-alle-09.30.20-596x1024.png 596w, https:\/\/www.gossip.it\/wp-content\/uploads\/2023\/02\/Screenshot-2023-02-06-alle-09.30.20-175x300.png 175w, https:\/\/www.gossip.it\/wp-content\/uploads\/2023\/02\/Screenshot-2023-02-06-alle-09.30.20-768x1320.png 768w, https:\/\/www.gossip.it\/wp-content\/uploads\/2023\/02\/Screenshot-2023-02-06-alle-09.30.20-894x1536.png 894w, https:\/\/www.gossip.it\/wp-content\/uploads\/2023\/02\/Screenshot-2023-02-06-alle-09.30.20-750x1289.png 750w, https:\/\/www.gossip.it\/wp-content\/uploads\/2023\/02\/Screenshot-2023-02-06-alle-09.30.20.png 954w\" sizes=\"(max-width: 768px) 100vw, 768px\" \/><figcaption class=\"wp-element-caption\">La conduttrice 41enne annuncia che il nuovo compagno \u00e8 nella Capitale con una storia <em>\u2018repostata\u2019<\/em><\/figcaption><\/figure>\n\n\n\n<figure class=\"wp-block-image size-large\"><img decoding=\"async\" width=\"1024\" height=\"1010\" src=\"https:\/\/www.gossip.it\/wp-content\/uploads\/2023\/02\/hunziker_3-1024x1010.jpg\" alt=\"\" class=\"wp-image-142070\" srcset=\"https:\/\/www.gossip.it\/wp-content\/uploads\/2023\/02\/hunziker_3-1024x1010.jpg 1024w, https:\/\/www.gossip.it\/wp-content\/uploads\/2023\/02\/hunziker_3-300x296.jpg 300w, https:\/\/www.gossip.it\/wp-content\/uploads\/2023\/02\/hunziker_3-768x757.jpg 768w, https:\/\/www.gossip.it\/wp-content\/uploads\/2023\/02\/hunziker_3-75x75.jpg 75w, https:\/\/www.gossip.it\/wp-content\/uploads\/2023\/02\/hunziker_3-750x739.jpg 750w, https:\/\/www.gossip.it\/wp-content\/uploads\/2023\/02\/hunziker_3.jpg 1134w\" sizes=\"(max-width: 1024px) 100vw, 1024px\" \/><figcaption class=\"wp-element-caption\">Da Rinaldi a Quirinale posa insieme all'amica con le fan<\/figcaption><\/figure>\n\n\n\n<p>Al tavolo, seduti insieme a loro, ci sono <a href=\"http:\/\/www.gossip.it\/vip\/alessandro-simeone\">Alessandro Simeone<\/a>, legale a cui la Blasi si \u00e8 rivolta perch\u00e9 curasse la sua separazione, <a href=\"http:\/\/www.gossip.it\/vip\/graziella-lopedota\">Graziella Lopedota<\/a>, manager sia della svizzera 46enne che della romana, <a href=\"http:\/\/www.gossip.it\/vip\/alessia-solidani\">Alessia Solidani<\/a>, hair stylist che cura i capelli di entrambe le donne della tv. <strong>Bastian non compare, ma parrebbe evidente che sia l\u00ec con loro<\/strong>.<\/p>\n\n\n\n<figure class=\"wp-block-image size-large is-resized\"><img decoding=\"async\" src=\"https:\/\/www.gossip.it\/wp-content\/uploads\/2023\/02\/hunziker_4-570x1024.jpg\" alt=\"\" class=\"wp-image-142071\" width=\"767\" height=\"1378\" srcset=\"https:\/\/www.gossip.it\/wp-content\/uploads\/2023\/02\/hunziker_4-570x1024.jpg 570w, https:\/\/www.gossip.it\/wp-content\/uploads\/2023\/02\/hunziker_4-167x300.jpg 167w, https:\/\/www.gossip.it\/wp-content\/uploads\/2023\/02\/hunziker_4-768x1380.jpg 768w, https:\/\/www.gossip.it\/wp-content\/uploads\/2023\/02\/hunziker_4-855x1536.jpg 855w, https:\/\/www.gossip.it\/wp-content\/uploads\/2023\/02\/hunziker_4-750x1347.jpg 750w, https:\/\/www.gossip.it\/wp-content\/uploads\/2023\/02\/hunziker_4.jpg 1134w\" sizes=\"(max-width: 767px) 100vw, 767px\" \/><figcaption class=\"wp-element-caption\">La presenza di Bastian, per\u00f2, non viene svelata, anche se la svizzera 46enne al tavolo parla tedesco...<\/figcaption><\/figure>\n\n\n\n<figure class=\"wp-block-image size-large is-resized\"><img decoding=\"async\" src=\"https:\/\/www.gossip.it\/wp-content\/uploads\/2023\/02\/hunziker_5-593x1024.jpg\" alt=\"\" class=\"wp-image-142072\" width=\"768\" height=\"1327\" srcset=\"https:\/\/www.gossip.it\/wp-content\/uploads\/2023\/02\/hunziker_5-593x1024.jpg 593w, https:\/\/www.gossip.it\/wp-content\/uploads\/2023\/02\/hunziker_5-174x300.jpg 174w, https:\/\/www.gossip.it\/wp-content\/uploads\/2023\/02\/hunziker_5-768x1327.jpg 768w, https:\/\/www.gossip.it\/wp-content\/uploads\/2023\/02\/hunziker_5-889x1536.jpg 889w, https:\/\/www.gossip.it\/wp-content\/uploads\/2023\/02\/hunziker_5-750x1296.jpg 750w, https:\/\/www.gossip.it\/wp-content\/uploads\/2023\/02\/hunziker_5.jpg 1134w\" sizes=\"(max-width: 768px) 100vw, 768px\" \/><figcaption class=\"wp-element-caption\">Al tavolo ci sono anche il legale di Ilary, Alessandro Simeone, l'hair stylist della Blasi e la Hunziker, Alessia Solidani, e Graziella Lopedota, manager di entrambe le donne della tv<\/figcaption><\/figure>\n\n\n\n<p><strong>Michelle, durante la cena, parla tedesco, la lingua dell\u2019imprenditore<\/strong>, che vive a Francoforte. Ci pensa poi la Blasi a<em> \u2018ufficializzare\u2019<\/em> <strong>la presenza di Bastian nella citt\u00e0 eterna<\/strong>. Nelle sue storie <em>\u2018reposta\u2019<\/em> direttamente dal profilo del fidanzato, rigorosamente rimasto privato, una foto che immortala Fontana di Trevi. La relazione tra i due si fa sempre pi\u00f9 seria, a quanto pare.<\/p>\n\n\n\n<figure class=\"wp-block-image size-large is-resized\"><img decoding=\"async\" src=\"https:\/\/www.gossip.it\/wp-content\/uploads\/2023\/02\/hunziker_2-628x1024.jpg\" alt=\"\" class=\"wp-image-142073\" width=\"768\" height=\"1252\" srcset=\"https:\/\/www.gossip.it\/wp-content\/uploads\/2023\/02\/hunziker_2-628x1024.jpg 628w, https:\/\/www.gossip.it\/wp-content\/uploads\/2023\/02\/hunziker_2-184x300.jpg 184w, https:\/\/www.gossip.it\/wp-content\/uploads\/2023\/02\/hunziker_2-768x1253.jpg 768w, https:\/\/www.gossip.it\/wp-content\/uploads\/2023\/02\/hunziker_2-942x1536.jpg 942w, https:\/\/www.gossip.it\/wp-content\/uploads\/2023\/02\/hunziker_2-750x1224.jpg 750w, https:\/\/www.gossip.it\/wp-content\/uploads\/2023\/02\/hunziker_2.jpg 1134w\" sizes=\"(max-width: 768px) 100vw, 768px\" \/><figcaption class=\"wp-element-caption\">Per tutti portate gustose e una sorpresa per i dolci<\/figcaption><\/figure>\n\n\n\n<p>Ilary ha gi\u00e0 presentato Muller in famiglia, durante i giorni trascorsi in montagna a sciare con la sorella <a href=\"http:\/\/www.gossip.it\/vip\/silvia-blasi\">Silvia Blasi<\/a>, il marito <a href=\"http:\/\/www.gossip.it\/vip\/ivan-peruch\">Ivan Peruch<\/a> e altri amici.\u00a0<\/p>\n","protected":false},"excerpt":{"rendered":"<p>Ilary Blasi ha trovato l\u2019amore e non fa pi\u00f9 nulla per nascondere il sentimento che prova. Con una storia \u2018repostata\u2019 la 41enne annuncia a tutti i follower che Bastian Muller \u00e8 atterrato a Roma. Ma non \u00e8 tutto. Venerd\u00ec sera, 3 febbraio, va a cena con Michelle Hunziker e altri amici: al tavolo con loro [&hellip;]<\/p>\n","protected":false},"author":4,"featured_media":142066,"comment_status":"open","ping_status":"closed","sticky":false,"template":"","format":"standard","meta":{"footnotes":""},"categories":[54],"tags":[64880,64561,65763,66011,11949,66980,25636,66979,63563,66563,66803,63523,61738,1879],"vip":[66981,952,1351],"class_list":["post-142065","post","type-post","status-publish","format-standard","has-post-thumbnail","hentry","category-news","tag-alessandrosimeone","tag-alessiasolidani","tag-bastian","tag-bastianmuller","tag-blasi","tag-graziellalopedota","tag-hunziker","tag-ilarublasinuovofidanzato","tag-ilaryblasi","tag-ilaryblasifidanzato","tag-ilaryblasinuovocompagno","tag-michellehunziker","tag-rinaldi-al-quirinale","tag-roma","vip-bastian-muller","vip-ilary_blasi","vip-michelle_hunziker"],"yoast_head":"<title>Ilary Blasi a cena con Michelle Hunziker a Roma: con loro c&#039;\u00e8 anche Bastian Muller - Gossip.it | News sul Gossip e VIP<\/title>\n<meta name=\"description\" content=\"Ilary Blasi a cena con Michelle Hunziker a Roma: con loro e altri amici da Rinaldi al Quirinale c&#039;\u00e8 anche Bastian Muller.\" \/>\n<meta name=\"robots\" content=\"index, follow, max-snippet:-1, max-image-preview:large, max-video-preview:-1\" \/>\n<link rel=\"canonical\" href=\"https:\/\/www.gossip.it\/news\/ilary-blasi-cena-michelle-hunziker-roma-bastian-muller\/\" \/>\n<meta property=\"og:locale\" content=\"it_IT\" \/>\n<meta property=\"og:type\" content=\"article\" \/>\n<meta property=\"og:title\" content=\"Ilary Blasi a cena con Michelle Hunziker a Roma: con loro c&#039;\u00e8 anche Bastian Muller - Gossip.it | News sul Gossip e VIP\" \/>\n<meta property=\"og:description\" content=\"Ilary Blasi a cena con Michelle Hunziker a Roma: con loro e altri amici da Rinaldi al Quirinale c&#039;\u00e8 anche Bastian Muller.\" \/>\n<meta property=\"og:url\" content=\"https:\/\/www.gossip.it\/news\/ilary-blasi-cena-michelle-hunziker-roma-bastian-muller\/\" \/>\n<meta property=\"og:site_name\" content=\"Gossip.it | News sul Gossip e VIP\" \/>\n<meta property=\"article:publisher\" content=\"https:\/\/www.facebook.com\/GossipIT\" \/>\n<meta property=\"article:published_time\" content=\"2023-02-06T11:05:37+00:00\" \/>\n<meta property=\"article:modified_time\" content=\"2023-02-07T09:50:32+00:00\" \/>\n<meta property=\"og:image\" content=\"https:\/\/www.gossip.it\/wp-content\/uploads\/2023\/02\/lancio-HUNZIKER-FB.jpg\" \/>\n\t<meta property=\"og:image:width\" content=\"1134\" \/>\n\t<meta property=\"og:image:height\" content=\"574\" \/>\n\t<meta property=\"og:image:type\" content=\"image\/jpeg\" \/>\n<meta name=\"author\" content=\"Annamaria Capozzi\" \/>\n<meta name=\"twitter:card\" content=\"summary_large_image\" \/>\n<meta name=\"twitter:creator\" content=\"@gossinews_it\" \/>\n<meta name=\"twitter:site\" content=\"@gossinews_it\" \/>\n<meta name=\"twitter:label1\" content=\"Scritto da\" \/>\n\t<meta name=\"twitter:data1\" content=\"Annamaria Capozzi\" \/>\n\t<meta name=\"twitter:label2\" content=\"Tempo di lettura stimato\" \/>\n\t<meta name=\"twitter:data2\" content=\"4 minuti\" \/>","yoast_head_json":{"title":"Ilary Blasi a cena con Michelle Hunziker a Roma: con loro c'\u00e8 anche Bastian Muller - Gossip.it | News sul Gossip e VIP","description":"Ilary Blasi a cena con Michelle Hunziker a Roma: con loro e altri amici da Rinaldi al Quirinale c'\u00e8 anche Bastian Muller.","robots":{"index":"index","follow":"follow","max-snippet":"max-snippet:-1","max-image-preview":"max-image-preview:large","max-video-preview":"max-video-preview:-1"},"canonical":"https:\/\/www.gossip.it\/news\/ilary-blasi-cena-michelle-hunziker-roma-bastian-muller\/","og_locale":"it_IT","og_type":"article","og_title":"Ilary Blasi a cena con Michelle Hunziker a Roma: con loro c'\u00e8 anche Bastian Muller - Gossip.it | News sul Gossip e VIP","og_description":"Ilary Blasi a cena con Michelle Hunziker a Roma: con loro e altri amici da Rinaldi al Quirinale c'\u00e8 anche Bastian Muller.","og_url":"https:\/\/www.gossip.it\/news\/ilary-blasi-cena-michelle-hunziker-roma-bastian-muller\/","og_site_name":"Gossip.it | News sul Gossip e VIP","article_publisher":"https:\/\/www.facebook.com\/GossipIT","article_published_time":"2023-02-06T11:05:37+00:00","article_modified_time":"2023-02-07T09:50:32+00:00","og_image":[{"width":1134,"height":574,"url":"https:\/\/www.gossip.it\/wp-content\/uploads\/2023\/02\/lancio-HUNZIKER-FB.jpg","type":"image\/jpeg"}],"author":"Annamaria Capozzi","twitter_card":"summary_large_image","twitter_creator":"@gossinews_it","twitter_site":"@gossinews_it","twitter_misc":{"Scritto da":"Annamaria Capozzi","Tempo di lettura stimato":"4 minuti"},"schema":{"@context":"https:\/\/schema.org","@graph":[{"@type":"Article","@id":"https:\/\/www.gossip.it\/news\/ilary-blasi-cena-michelle-hunziker-roma-bastian-muller\/#article","isPartOf":{"@id":"https:\/\/www.gossip.it\/news\/ilary-blasi-cena-michelle-hunziker-roma-bastian-muller\/"},"author":{"name":"Annamaria Capozzi","@id":"https:\/\/www.gossip.it\/#\/schema\/person\/4f99be5acc78d3f1b07a146d4fe8256b"},"headline":"Ilary Blasi a cena con Michelle Hunziker a Roma: con loro c'\u00e8 anche Bastian Muller","datePublished":"2023-02-06T11:05:37+00:00","dateModified":"2023-02-07T09:50:32+00:00","mainEntityOfPage":{"@id":"https:\/\/www.gossip.it\/news\/ilary-blasi-cena-michelle-hunziker-roma-bastian-muller\/"},"wordCount":388,"commentCount":0,"publisher":{"@id":"https:\/\/www.gossip.it\/#organization"},"image":{"@id":"https:\/\/www.gossip.it\/news\/ilary-blasi-cena-michelle-hunziker-roma-bastian-muller\/#primaryimage"},"thumbnailUrl":"https:\/\/www.gossip.it\/wp-content\/uploads\/2023\/02\/lancio-HUNZIKER.jpg","keywords":["alessandrosimeone","alessiasolidani","bastian","bastianmuller","blasi","graziellalopedota","hunziker","ilarublasinuovofidanzato","ilaryblasi","ilaryblasifidanzato","ilaryblasinuovocompagno","michellehunziker","rinaldi al quirinale","roma"],"articleSection":["News"],"inLanguage":"it-IT","potentialAction":[{"@type":"CommentAction","name":"Comment","target":["https:\/\/www.gossip.it\/news\/ilary-blasi-cena-michelle-hunziker-roma-bastian-muller\/#respond"]}]},{"@type":"WebPage","@id":"https:\/\/www.gossip.it\/news\/ilary-blasi-cena-michelle-hunziker-roma-bastian-muller\/","url":"https:\/\/www.gossip.it\/news\/ilary-blasi-cena-michelle-hunziker-roma-bastian-muller\/","name":"Ilary Blasi a cena con Michelle Hunziker a Roma: con loro c'\u00e8 anche Bastian Muller - Gossip.it | News sul Gossip e VIP","isPartOf":{"@id":"https:\/\/www.gossip.it\/#website"},"primaryImageOfPage":{"@id":"https:\/\/www.gossip.it\/news\/ilary-blasi-cena-michelle-hunziker-roma-bastian-muller\/#primaryimage"},"image":{"@id":"https:\/\/www.gossip.it\/news\/ilary-blasi-cena-michelle-hunziker-roma-bastian-muller\/#primaryimage"},"thumbnailUrl":"https:\/\/www.gossip.it\/wp-content\/uploads\/2023\/02\/lancio-HUNZIKER.jpg","datePublished":"2023-02-06T11:05:37+00:00","dateModified":"2023-02-07T09:50:32+00:00","description":"Ilary Blasi a cena con Michelle Hunziker a Roma: con loro e altri amici da Rinaldi al Quirinale c'\u00e8 anche Bastian Muller.","breadcrumb":{"@id":"https:\/\/www.gossip.it\/news\/ilary-blasi-cena-michelle-hunziker-roma-bastian-muller\/#breadcrumb"},"inLanguage":"it-IT","potentialAction":[{"@type":"ReadAction","target":["https:\/\/www.gossip.it\/news\/ilary-blasi-cena-michelle-hunziker-roma-bastian-muller\/"]}]},{"@type":"ImageObject","inLanguage":"it-IT","@id":"https:\/\/www.gossip.it\/news\/ilary-blasi-cena-michelle-hunziker-roma-bastian-muller\/#primaryimage","url":"https:\/\/www.gossip.it\/wp-content\/uploads\/2023\/02\/lancio-HUNZIKER.jpg","contentUrl":"https:\/\/www.gossip.it\/wp-content\/uploads\/2023\/02\/lancio-HUNZIKER.jpg","width":1134,"height":808},{"@type":"BreadcrumbList","@id":"https:\/\/www.gossip.it\/news\/ilary-blasi-cena-michelle-hunziker-roma-bastian-muller\/#breadcrumb","itemListElement":[{"@type":"ListItem","position":1,"name":"Home","item":"https:\/\/www.gossip.it\/"},{"@type":"ListItem","position":2,"name":"Ilary Blasi a cena con Michelle Hunziker a Roma: con loro c'\u00e8 anche Bastian Muller"}]},{"@type":"WebSite","@id":"https:\/\/www.gossip.it\/#website","url":"https:\/\/www.gossip.it\/","name":"Gossip and VIP News","description":"Quotidiano di cronaca rosa, costume e societ\u00e0","publisher":{"@id":"https:\/\/www.gossip.it\/#organization"},"alternateName":"Gossip and VIP News","potentialAction":[{"@type":"SearchAction","target":{"@type":"EntryPoint","urlTemplate":"https:\/\/www.gossip.it\/?s={search_term_string}"},"query-input":{"@type":"PropertyValueSpecification","valueRequired":true,"valueName":"search_term_string"}}],"inLanguage":"it-IT"},{"@type":"Organization","@id":"https:\/\/www.gossip.it\/#organization","name":"Gossip and VIP News","alternateName":"Gossip News","url":"https:\/\/www.gossip.it\/","logo":{"@type":"ImageObject","inLanguage":"it-IT","@id":"https:\/\/www.gossip.it\/#\/schema\/logo\/image\/","url":"https:\/\/www.gossip.it\/wp-content\/uploads\/2022\/04\/cropped-corna-alta-tiny.png","contentUrl":"https:\/\/www.gossip.it\/wp-content\/uploads\/2022\/04\/cropped-corna-alta-tiny.png","width":512,"height":512,"caption":"Gossip and VIP News"},"image":{"@id":"https:\/\/www.gossip.it\/#\/schema\/logo\/image\/"},"sameAs":["https:\/\/www.facebook.com\/GossipIT","https:\/\/x.com\/gossinews_it","https:\/\/instagram.com\/gossip_it"]},{"@type":"Person","@id":"https:\/\/www.gossip.it\/#\/schema\/person\/4f99be5acc78d3f1b07a146d4fe8256b","name":"Annamaria Capozzi","image":{"@type":"ImageObject","inLanguage":"it-IT","@id":"https:\/\/www.gossip.it\/#\/schema\/person\/image\/","url":"https:\/\/secure.gravatar.com\/avatar\/a8f8ec0362739e51683bf764949dfb9f8d2539eecc144f2dd938d6381b053468?s=96&d=mm&r=g","contentUrl":"https:\/\/secure.gravatar.com\/avatar\/a8f8ec0362739e51683bf764949dfb9f8d2539eecc144f2dd938d6381b053468?s=96&d=mm&r=g","caption":"Annamaria Capozzi"}}]}},"amp_enabled":true,"_links":{"self":[{"href":"https:\/\/www.gossip.it\/api\/wp\/v2\/posts\/142065","targetHints":{"allow":["GET"]}}],"collection":[{"href":"https:\/\/www.gossip.it\/api\/wp\/v2\/posts"}],"about":[{"href":"https:\/\/www.gossip.it\/api\/wp\/v2\/types\/post"}],"author":[{"embeddable":true,"href":"https:\/\/www.gossip.it\/api\/wp\/v2\/users\/4"}],"replies":[{"embeddable":true,"href":"https:\/\/www.gossip.it\/api\/wp\/v2\/comments?post=142065"}],"version-history":[{"count":1,"href":"https:\/\/www.gossip.it\/api\/wp\/v2\/posts\/142065\/revisions"}],"predecessor-version":[{"id":142074,"href":"https:\/\/www.gossip.it\/api\/wp\/v2\/posts\/142065\/revisions\/142074"}],"wp:featuredmedia":[{"embeddable":true,"href":"https:\/\/www.gossip.it\/api\/wp\/v2\/media\/142066"}],"wp:attachment":[{"href":"https:\/\/www.gossip.it\/api\/wp\/v2\/media?parent=142065"}],"wp:term":[{"taxonomy":"category","embeddable":true,"href":"https:\/\/www.gossip.it\/api\/wp\/v2\/categories?post=142065"},{"taxonomy":"post_tag","embeddable":true,"href":"https:\/\/www.gossip.it\/api\/wp\/v2\/tags?post=142065"},{"taxonomy":"vip","embeddable":true,"href":"https:\/\/www.gossip.it\/api\/wp\/v2\/vip?post=142065"}],"curies":[{"name":"wp","href":"https:\/\/api.w.org\/{rel}","templated":true}]}}