{"id":142112,"date":"2023-02-06T13:36:17","date_gmt":"2023-02-06T12:36:17","guid":{"rendered":"https:\/\/www.gossip.it\/?p=142112"},"modified":"2023-02-06T13:42:29","modified_gmt":"2023-02-06T12:42:29","slug":"barbara-d-ruso-esco-con-flavio-briatore","status":"publish","type":"post","link":"https:\/\/www.gossip.it\/news\/barbara-d-ruso-esco-con-flavio-briatore\/","title":{"rendered":"Barbara d'Urso: ''Esco con Flavio Briatore, avevo un pregiudizio invece \u00e8 un uomo interessante''"},"content":{"rendered":"\n<ul class=\"wp-block-list\">\n<li>La conduttrice 65enne ammette di frequentare l\u2019imprenditore 72enne<\/li>\n\n\n\n<li>Si sono visti con altri amici:<em> \u201cE\u2019 un ottimo padre che segue tantissimo Nathan\u201d<\/em><\/li>\n<\/ul>\n\n\n\n<p><a href=\"http:\/\/www.gossip.it\/vip\/barbara-d-urso\">Barbara d\u2019Urso<\/a> non ha problemi ad ammetterlo.<em> \u201c<strong>Esco con <a href=\"http:\/\/www.gossip.it\/vip\/flavio-briatore\">Flavio Briatore<\/a><\/strong>\u201d<\/em>, svela al <em>Corriere della Sera<\/em>. La conduttrice 65enne, finita nel vortice del gossip perch\u00e9 avvistata con l\u2019imprenditore 72enne, confida: <em>\u201c<strong>Avevo un pregiudizio su di lui, invece \u00e8 un uomo interessante<\/strong>\u201d<\/em>. Da quel che emerge, per\u00f2, i due sarebbero soltanto buoni amici, anche se mai dire mai.<\/p>\n\n\n\n<figure class=\"wp-block-image size-large\"><img decoding=\"async\" width=\"819\" height=\"1024\" src=\"https:\/\/www.gossip.it\/wp-content\/uploads\/2023\/02\/barbara_1-819x1024.jpg\" alt=\"\" class=\"wp-image-142113\" srcset=\"https:\/\/www.gossip.it\/wp-content\/uploads\/2023\/02\/barbara_1-819x1024.jpg 819w, https:\/\/www.gossip.it\/wp-content\/uploads\/2023\/02\/barbara_1-240x300.jpg 240w, https:\/\/www.gossip.it\/wp-content\/uploads\/2023\/02\/barbara_1-768x960.jpg 768w, https:\/\/www.gossip.it\/wp-content\/uploads\/2023\/02\/barbara_1-750x938.jpg 750w, https:\/\/www.gossip.it\/wp-content\/uploads\/2023\/02\/barbara_1.jpg 1134w\" sizes=\"(max-width: 819px) 100vw, 819px\" \/><figcaption class=\"wp-element-caption\">Barbara d'Urso: <em>''Esco con Flavio Briatore, avevo un pregiudizio invece \u00e8 un uomo interessante''<\/em><\/figcaption><\/figure>\n\n\n\n<p>I rumor su <em>Carmelita<\/em> e l\u2019ex marito di <a href=\"http:\/\/www.gossip.it\/vip\/elisabetta-gregoraci\">Elisabetta Gregoraci<\/a> si erano fatti insistenti ultimamente, la d\u2019Urso prova a mettere un punto. Quando le si domanda se sia vero che stia uscendo con Briatore, conferma: <em>\u201c<strong>Siamo usciti un po\u2019 di volte con altri amici<\/strong>. Da soli? Non me lo ricordo. L\u2019ho conosciuto. <strong>Avevo un pregiudizio, non credevo mi stesse simpatico. Invece, ho scoperto un uomo interessante<\/strong>, un ottimo padre, che segue tantissimo <a href=\"http:\/\/www.gossip.it\/vip\/nathan-falco-briatore\">Nathan<\/a>. Ma sto dicendo questo, non altro\u201d.<\/em><\/p>\n\n\n\n<p>Se nascesse una relazione, sarebbero senz\u2019altro <em>\u201cla coppia dell\u2019anno\u201d<\/em>. Barbara commenta:<em> \u201cIo ho detrattori a prescindere che detraggono anche se dico che c\u2019\u00e8 il sole; <strong>ho detrattori che detraggono perch\u00e9 gli sto antipatica ed \u00e8 giusto cos\u00ec<\/strong>; e ho detrattori che detraggono inutilmente e che, quando l\u2019anno scorso \u00e8 uscita la notizia del teatro, hanno scritto: \u2018cacciata a calci da Mediaset\u2019. E, invece, come vedete, sono a Mediaset\u201d.<\/em><\/p>\n\n\n\n<figure class=\"wp-block-image size-large\"><img decoding=\"async\" width=\"1024\" height=\"1024\" src=\"https:\/\/www.gossip.it\/wp-content\/uploads\/2023\/02\/barbara_2-1024x1024.jpg\" alt=\"\" class=\"wp-image-142114\" srcset=\"https:\/\/www.gossip.it\/wp-content\/uploads\/2023\/02\/barbara_2-1024x1024.jpg 1024w, https:\/\/www.gossip.it\/wp-content\/uploads\/2023\/02\/barbara_2-300x300.jpg 300w, https:\/\/www.gossip.it\/wp-content\/uploads\/2023\/02\/barbara_2-150x150.jpg 150w, https:\/\/www.gossip.it\/wp-content\/uploads\/2023\/02\/barbara_2-768x768.jpg 768w, https:\/\/www.gossip.it\/wp-content\/uploads\/2023\/02\/barbara_2-75x75.jpg 75w, https:\/\/www.gossip.it\/wp-content\/uploads\/2023\/02\/barbara_2-750x750.jpg 750w, https:\/\/www.gossip.it\/wp-content\/uploads\/2023\/02\/barbara_2.jpg 1134w\" sizes=\"(max-width: 1024px) 100vw, 1024px\" \/><figcaption class=\"wp-element-caption\">La conduttrice 65enne ammette di frequentare l\u2019imprenditore 72enne<\/figcaption><\/figure>\n\n\n\n<p>Gi\u00e0, il teatro: la presentatrice dal 14 febbraio in poi sar\u00e0 impegnata in una tourn\u00e9e con<em> \u201cTaxi a due piazze\u201d<\/em>. Ha voluto fortemente anche la direzione artistica dello spettacolo in cui sar\u00e0 protagonista, diretta da Chiara Noschese. <em>\u201cPerch\u00e9?<\/em> - spiega Barbara - <em>Semplice: perch\u00e9 sono una pazza. E perch\u00e9 ho liberi il sabato e la domenica, oltre che le sere per provare. A dire il vero, la sera esco sempre a cena o vado in balera. Da Natale, per\u00f2, non esco: la mattina, fino alle 13,30 provo con il cast, poi entro nel loop della diretta, dell\u2019informazione e, dopo, vado a casa e recupero, da sola, le prove che mi sono persa nel pomeriggio. Mi muove la passione: quella di stupire gli altri e me stessa. Ogni giorno, io mi devo sfidare\u201d.<\/em><\/p>\n","protected":false},"excerpt":{"rendered":"<p>Barbara d\u2019Urso non ha problemi ad ammetterlo. \u201cEsco con Flavio Briatore\u201d, svela al Corriere della Sera. La conduttrice 65enne, finita nel vortice del gossip perch\u00e9 avvistata con l\u2019imprenditore 72enne, confida: \u201cAvevo un pregiudizio su di lui, invece \u00e8 un uomo interessante\u201d. Da quel che emerge, per\u00f2, i due sarebbero soltanto buoni amici, anche se mai [&hellip;]<\/p>\n","protected":false},"author":4,"featured_media":142115,"comment_status":"open","ping_status":"closed","sticky":false,"template":"","format":"standard","meta":{"footnotes":""},"categories":[54],"tags":[63692,6221,38545,31554,63693,66293,2097],"vip":[383,762],"class_list":["post-142112","post","type-post","status-publish","format-standard","has-post-thumbnail","hentry","category-news","tag-barbaradurso","tag-briatore","tag-carmelita","tag-flaviobriatore","tag-pomeriggio5","tag-pomeriggiocinque","tag-tv","vip-barbara_durso","vip-flavio_briatore"],"yoast_head":"<title>Barbara d&#039;Urso: &#039;&#039;Esco con Flavio Briatore, avevo un pregiudizio invece \u00e8 un uomo interessante&#039;&#039; - Gossip.it | News sul Gossip e VIP<\/title>\n<meta name=\"description\" content=\"Barbara d&#039;Urso confessa: &#039;&#039;Esco con Flavio Briatore, avevo un pregiudizio su di lui invece \u00e8 un uomo interessante&#039;&#039;.\" \/>\n<meta name=\"robots\" content=\"index, follow, max-snippet:-1, max-image-preview:large, max-video-preview:-1\" \/>\n<link rel=\"canonical\" href=\"https:\/\/www.gossip.it\/news\/barbara-d-ruso-esco-con-flavio-briatore\/\" \/>\n<meta property=\"og:locale\" content=\"it_IT\" \/>\n<meta property=\"og:type\" content=\"article\" \/>\n<meta property=\"og:title\" content=\"Barbara d&#039;Urso: &#039;&#039;Esco con Flavio Briatore, avevo un pregiudizio invece \u00e8 un uomo interessante&#039;&#039; - Gossip.it | News sul Gossip e VIP\" \/>\n<meta property=\"og:description\" content=\"Barbara d&#039;Urso confessa: &#039;&#039;Esco con Flavio Briatore, avevo un pregiudizio su di lui invece \u00e8 un uomo interessante&#039;&#039;.\" \/>\n<meta property=\"og:url\" content=\"https:\/\/www.gossip.it\/news\/barbara-d-ruso-esco-con-flavio-briatore\/\" \/>\n<meta property=\"og:site_name\" content=\"Gossip.it | News sul Gossip e VIP\" \/>\n<meta property=\"article:publisher\" content=\"https:\/\/www.facebook.com\/GossipIT\" \/>\n<meta property=\"article:published_time\" content=\"2023-02-06T12:36:17+00:00\" \/>\n<meta property=\"article:modified_time\" content=\"2023-02-06T12:42:29+00:00\" \/>\n<meta property=\"og:image\" content=\"https:\/\/www.gossip.it\/wp-content\/uploads\/2023\/02\/lancio-BARBARA-FB.jpg\" \/>\n\t<meta property=\"og:image:width\" content=\"1134\" \/>\n\t<meta property=\"og:image:height\" content=\"572\" \/>\n\t<meta property=\"og:image:type\" content=\"image\/jpeg\" \/>\n<meta name=\"author\" content=\"Annamaria Capozzi\" \/>\n<meta name=\"twitter:card\" content=\"summary_large_image\" \/>\n<meta name=\"twitter:creator\" content=\"@gossinews_it\" \/>\n<meta name=\"twitter:site\" content=\"@gossinews_it\" \/>\n<meta name=\"twitter:label1\" content=\"Scritto da\" \/>\n\t<meta name=\"twitter:data1\" content=\"Annamaria Capozzi\" \/>\n\t<meta name=\"twitter:label2\" content=\"Tempo di lettura stimato\" \/>\n\t<meta name=\"twitter:data2\" content=\"3 minuti\" \/>","yoast_head_json":{"title":"Barbara d'Urso: ''Esco con Flavio Briatore, avevo un pregiudizio invece \u00e8 un uomo interessante'' - Gossip.it | News sul Gossip e VIP","description":"Barbara d'Urso confessa: ''Esco con Flavio Briatore, avevo un pregiudizio su di lui invece \u00e8 un uomo interessante''.","robots":{"index":"index","follow":"follow","max-snippet":"max-snippet:-1","max-image-preview":"max-image-preview:large","max-video-preview":"max-video-preview:-1"},"canonical":"https:\/\/www.gossip.it\/news\/barbara-d-ruso-esco-con-flavio-briatore\/","og_locale":"it_IT","og_type":"article","og_title":"Barbara d'Urso: ''Esco con Flavio Briatore, avevo un pregiudizio invece \u00e8 un uomo interessante'' - Gossip.it | News sul Gossip e VIP","og_description":"Barbara d'Urso confessa: ''Esco con Flavio Briatore, avevo un pregiudizio su di lui invece \u00e8 un uomo interessante''.","og_url":"https:\/\/www.gossip.it\/news\/barbara-d-ruso-esco-con-flavio-briatore\/","og_site_name":"Gossip.it | News sul Gossip e VIP","article_publisher":"https:\/\/www.facebook.com\/GossipIT","article_published_time":"2023-02-06T12:36:17+00:00","article_modified_time":"2023-02-06T12:42:29+00:00","og_image":[{"width":1134,"height":572,"url":"https:\/\/www.gossip.it\/wp-content\/uploads\/2023\/02\/lancio-BARBARA-FB.jpg","type":"image\/jpeg"}],"author":"Annamaria Capozzi","twitter_card":"summary_large_image","twitter_creator":"@gossinews_it","twitter_site":"@gossinews_it","twitter_misc":{"Scritto da":"Annamaria Capozzi","Tempo di lettura stimato":"3 minuti"},"schema":{"@context":"https:\/\/schema.org","@graph":[{"@type":"Article","@id":"https:\/\/www.gossip.it\/news\/barbara-d-ruso-esco-con-flavio-briatore\/#article","isPartOf":{"@id":"https:\/\/www.gossip.it\/news\/barbara-d-ruso-esco-con-flavio-briatore\/"},"author":{"name":"Annamaria Capozzi","@id":"https:\/\/www.gossip.it\/#\/schema\/person\/4f99be5acc78d3f1b07a146d4fe8256b"},"headline":"Barbara d'Urso: ''Esco con Flavio Briatore, avevo un pregiudizio invece \u00e8 un uomo interessante''","datePublished":"2023-02-06T12:36:17+00:00","dateModified":"2023-02-06T12:42:29+00:00","mainEntityOfPage":{"@id":"https:\/\/www.gossip.it\/news\/barbara-d-ruso-esco-con-flavio-briatore\/"},"wordCount":401,"commentCount":0,"publisher":{"@id":"https:\/\/www.gossip.it\/#organization"},"image":{"@id":"https:\/\/www.gossip.it\/news\/barbara-d-ruso-esco-con-flavio-briatore\/#primaryimage"},"thumbnailUrl":"https:\/\/www.gossip.it\/wp-content\/uploads\/2023\/02\/lancio-BARBARA.jpg","keywords":["barbaradurso","briatore","carmelita","flaviobriatore","pomeriggio5","pomeriggiocinque","tv"],"articleSection":["News"],"inLanguage":"it-IT","potentialAction":[{"@type":"CommentAction","name":"Comment","target":["https:\/\/www.gossip.it\/news\/barbara-d-ruso-esco-con-flavio-briatore\/#respond"]}]},{"@type":"WebPage","@id":"https:\/\/www.gossip.it\/news\/barbara-d-ruso-esco-con-flavio-briatore\/","url":"https:\/\/www.gossip.it\/news\/barbara-d-ruso-esco-con-flavio-briatore\/","name":"Barbara d'Urso: ''Esco con Flavio Briatore, avevo un pregiudizio invece \u00e8 un uomo interessante'' - Gossip.it | News sul Gossip e VIP","isPartOf":{"@id":"https:\/\/www.gossip.it\/#website"},"primaryImageOfPage":{"@id":"https:\/\/www.gossip.it\/news\/barbara-d-ruso-esco-con-flavio-briatore\/#primaryimage"},"image":{"@id":"https:\/\/www.gossip.it\/news\/barbara-d-ruso-esco-con-flavio-briatore\/#primaryimage"},"thumbnailUrl":"https:\/\/www.gossip.it\/wp-content\/uploads\/2023\/02\/lancio-BARBARA.jpg","datePublished":"2023-02-06T12:36:17+00:00","dateModified":"2023-02-06T12:42:29+00:00","description":"Barbara d'Urso confessa: ''Esco con Flavio Briatore, avevo un pregiudizio su di lui invece \u00e8 un uomo interessante''.","breadcrumb":{"@id":"https:\/\/www.gossip.it\/news\/barbara-d-ruso-esco-con-flavio-briatore\/#breadcrumb"},"inLanguage":"it-IT","potentialAction":[{"@type":"ReadAction","target":["https:\/\/www.gossip.it\/news\/barbara-d-ruso-esco-con-flavio-briatore\/"]}]},{"@type":"ImageObject","inLanguage":"it-IT","@id":"https:\/\/www.gossip.it\/news\/barbara-d-ruso-esco-con-flavio-briatore\/#primaryimage","url":"https:\/\/www.gossip.it\/wp-content\/uploads\/2023\/02\/lancio-BARBARA.jpg","contentUrl":"https:\/\/www.gossip.it\/wp-content\/uploads\/2023\/02\/lancio-BARBARA.jpg","width":1134,"height":808},{"@type":"BreadcrumbList","@id":"https:\/\/www.gossip.it\/news\/barbara-d-ruso-esco-con-flavio-briatore\/#breadcrumb","itemListElement":[{"@type":"ListItem","position":1,"name":"Home","item":"https:\/\/www.gossip.it\/"},{"@type":"ListItem","position":2,"name":"Barbara d'Urso: ''Esco con Flavio Briatore, avevo un pregiudizio invece \u00e8 un uomo interessante''"}]},{"@type":"WebSite","@id":"https:\/\/www.gossip.it\/#website","url":"https:\/\/www.gossip.it\/","name":"Gossip and VIP News","description":"Quotidiano di cronaca rosa, costume e societ\u00e0","publisher":{"@id":"https:\/\/www.gossip.it\/#organization"},"alternateName":"Gossip and VIP News","potentialAction":[{"@type":"SearchAction","target":{"@type":"EntryPoint","urlTemplate":"https:\/\/www.gossip.it\/?s={search_term_string}"},"query-input":{"@type":"PropertyValueSpecification","valueRequired":true,"valueName":"search_term_string"}}],"inLanguage":"it-IT"},{"@type":"Organization","@id":"https:\/\/www.gossip.it\/#organization","name":"Gossip and VIP News","alternateName":"Gossip News","url":"https:\/\/www.gossip.it\/","logo":{"@type":"ImageObject","inLanguage":"it-IT","@id":"https:\/\/www.gossip.it\/#\/schema\/logo\/image\/","url":"https:\/\/www.gossip.it\/wp-content\/uploads\/2022\/04\/cropped-corna-alta-tiny.png","contentUrl":"https:\/\/www.gossip.it\/wp-content\/uploads\/2022\/04\/cropped-corna-alta-tiny.png","width":512,"height":512,"caption":"Gossip and VIP News"},"image":{"@id":"https:\/\/www.gossip.it\/#\/schema\/logo\/image\/"},"sameAs":["https:\/\/www.facebook.com\/GossipIT","https:\/\/x.com\/gossinews_it","https:\/\/instagram.com\/gossip_it"]},{"@type":"Person","@id":"https:\/\/www.gossip.it\/#\/schema\/person\/4f99be5acc78d3f1b07a146d4fe8256b","name":"Annamaria Capozzi","image":{"@type":"ImageObject","inLanguage":"it-IT","@id":"https:\/\/www.gossip.it\/#\/schema\/person\/image\/","url":"https:\/\/secure.gravatar.com\/avatar\/a8f8ec0362739e51683bf764949dfb9f8d2539eecc144f2dd938d6381b053468?s=96&d=mm&r=g","contentUrl":"https:\/\/secure.gravatar.com\/avatar\/a8f8ec0362739e51683bf764949dfb9f8d2539eecc144f2dd938d6381b053468?s=96&d=mm&r=g","caption":"Annamaria Capozzi"}}]}},"amp_enabled":true,"_links":{"self":[{"href":"https:\/\/www.gossip.it\/api\/wp\/v2\/posts\/142112","targetHints":{"allow":["GET"]}}],"collection":[{"href":"https:\/\/www.gossip.it\/api\/wp\/v2\/posts"}],"about":[{"href":"https:\/\/www.gossip.it\/api\/wp\/v2\/types\/post"}],"author":[{"embeddable":true,"href":"https:\/\/www.gossip.it\/api\/wp\/v2\/users\/4"}],"replies":[{"embeddable":true,"href":"https:\/\/www.gossip.it\/api\/wp\/v2\/comments?post=142112"}],"version-history":[{"count":1,"href":"https:\/\/www.gossip.it\/api\/wp\/v2\/posts\/142112\/revisions"}],"predecessor-version":[{"id":142118,"href":"https:\/\/www.gossip.it\/api\/wp\/v2\/posts\/142112\/revisions\/142118"}],"wp:featuredmedia":[{"embeddable":true,"href":"https:\/\/www.gossip.it\/api\/wp\/v2\/media\/142115"}],"wp:attachment":[{"href":"https:\/\/www.gossip.it\/api\/wp\/v2\/media?parent=142112"}],"wp:term":[{"taxonomy":"category","embeddable":true,"href":"https:\/\/www.gossip.it\/api\/wp\/v2\/categories?post=142112"},{"taxonomy":"post_tag","embeddable":true,"href":"https:\/\/www.gossip.it\/api\/wp\/v2\/tags?post=142112"},{"taxonomy":"vip","embeddable":true,"href":"https:\/\/www.gossip.it\/api\/wp\/v2\/vip?post=142112"}],"curies":[{"name":"wp","href":"https:\/\/api.w.org\/{rel}","templated":true}]}}