{"id":142556,"date":"2023-02-10T12:43:18","date_gmt":"2023-02-10T11:43:18","guid":{"rendered":"https:\/\/www.gossip.it\/?p=142556"},"modified":"2023-02-12T23:18:46","modified_gmt":"2023-02-12T22:18:46","slug":"gf-vip-contro-sanremo","status":"publish","type":"post","link":"https:\/\/www.gossip.it\/news\/gf-vip-contro-sanremo\/","title":{"rendered":"Per la prima volta il GF Vip va contro Sanremo: ascolti crollati, lacrime in diretta. Ecco i dati Auditel\u00a0"},"content":{"rendered":"\n<ul class=\"wp-block-list\">\n<li>Lo share \u00e8 <em>\u2018quasi\u2019<\/em> dimezzato, ma il reality show non <em>\u2018soccombe\u2019 <\/em>davanti al Festival<\/li>\n\n\n\n<li>Alfonso Signorini<em> \u2018scarica\u2019<\/em> Antonella Fiordelisi in diretta tv, Amadeus fa meglio di sempre <\/li>\n<\/ul>\n\n\n\n<p>Il <strong><em>GF Vip<\/em><\/strong> non soccombe davanti al Festival. <strong>Per la prima volta il reality show va in onda contro <em>Sanremo<\/em>. Gli ascolti crollano, quasi dimezzati rispetto alla media<\/strong>, ma <strong>i dati Auditel non fanno disperare Mediaset<\/strong>. Le vicende dei<em> \u2018vipponi\u2019<\/em> nella Casa catturano <strong>1 milione 790mila spettatori e il 10,88% di share<\/strong>. Niente a che vedere, ovviamente, con <a href=\"http:\/\/www.gossip.it\/vip\/amadeus\">Amadeus<\/a>, che \u00e8 <em>\u2018stellare\u2019.<\/em> <strong>La terza serata della kermesse conquista 9 milioni 240mila spettatori e il 57,4% di share su Rai Uno<\/strong>. Il conduttore 61enne fa meglio di sempre e conquista un altro record.<\/p>\n\n\n\n<figure class=\"wp-block-image size-large\"><img decoding=\"async\" width=\"1024\" height=\"576\" src=\"https:\/\/www.gossip.it\/wp-content\/uploads\/2023\/02\/gf_1-1024x576.jpg\" alt=\"\" class=\"wp-image-142557\" srcset=\"https:\/\/www.gossip.it\/wp-content\/uploads\/2023\/02\/gf_1-1024x576.jpg 1024w, https:\/\/www.gossip.it\/wp-content\/uploads\/2023\/02\/gf_1-300x169.jpg 300w, https:\/\/www.gossip.it\/wp-content\/uploads\/2023\/02\/gf_1-768x432.jpg 768w, https:\/\/www.gossip.it\/wp-content\/uploads\/2023\/02\/gf_1-750x422.jpg 750w, https:\/\/www.gossip.it\/wp-content\/uploads\/2023\/02\/gf_1-730x410.jpg 730w, https:\/\/www.gossip.it\/wp-content\/uploads\/2023\/02\/gf_1.jpg 1134w\" sizes=\"(max-width: 1024px) 100vw, 1024px\" \/><figcaption class=\"wp-element-caption\">Per la prima volta il GF Vip va contro Sanremo: ascolti crollati, lacrime in diretta. Ecco i dati Auditel&nbsp;<\/figcaption><\/figure>\n\n\n\n<p><a href=\"http:\/\/www.gossip.it\/vip\/alfonso-signorini\">Alfonso Signorini<\/a> rimane sereno: <strong>sapeva che andare contro <em>Sanremo 2023<\/em> non sarebbe stata certo una passeggiata<\/strong>. Il conduttore 58enne porta avanti il suo programma coinvolgendo il pubblico con le solite liti e le lacrime. Copiose, ancora una volta, quelle di <a href=\"http:\/\/www.gossip.it\/vip\/antonella-fiordelisi\">Antonella Fiordelisi<\/a>, ormai tra le protagoniste assolute della settima edizione del programma.&nbsp;<\/p>\n\n\n\n<p>La 24enne <strong>piange e accusa di bullismo gli altri inquilini<\/strong>. Il direttore di <em>Chi<\/em>, stavolta, la scarica. L\u2019ex schermitrice, fidanzata con <a href=\"http:\/\/www.gossip.it\/vip\/edoardo-donnamaria\">Edoardo Donnamaria<\/a>, tra infiniti tira e molla e scontri con romano e non solo, <strong>si \u00e8 inimicata la maggior parte dei concorrenti<\/strong>. Da giorni li accusa di avere fatto <em>\u2018branco\u2019 <\/em>contro di lei. Signorini la chiama in Confessionale per saperne di pi\u00f9.<\/p>\n\n\n\n<figure class=\"wp-block-image size-large\"><img decoding=\"async\" width=\"1024\" height=\"576\" src=\"https:\/\/www.gossip.it\/wp-content\/uploads\/2023\/02\/gf_3-1024x576.jpg\" alt=\"\" class=\"wp-image-142558\" srcset=\"https:\/\/www.gossip.it\/wp-content\/uploads\/2023\/02\/gf_3-1024x576.jpg 1024w, https:\/\/www.gossip.it\/wp-content\/uploads\/2023\/02\/gf_3-300x169.jpg 300w, https:\/\/www.gossip.it\/wp-content\/uploads\/2023\/02\/gf_3-768x432.jpg 768w, https:\/\/www.gossip.it\/wp-content\/uploads\/2023\/02\/gf_3-750x422.jpg 750w, https:\/\/www.gossip.it\/wp-content\/uploads\/2023\/02\/gf_3-730x410.jpg 730w, https:\/\/www.gossip.it\/wp-content\/uploads\/2023\/02\/gf_3.jpg 1134w\" sizes=\"(max-width: 1024px) 100vw, 1024px\" \/><figcaption class=\"wp-element-caption\">Lo share \u00e8 <em>\u2018quasi\u2019<\/em> dimezzato, ma il reality show non <em>\u2018soccombe\u2019 <\/em>davanti al Festival<\/figcaption><\/figure>\n\n\n\n<p><em>\u201c<strong>Non sto bene qua adesso<\/strong>. Forse non sono partita benissimo, ho detto troppo la mia inizialmente ma non ho mai fatto male a nessuno\u201d<\/em>, si giustifica la salernitana. \"<em>Se mi dici che non hai mai attaccato nessuno, ti dico che non \u00e8 vero<\/em> - replica il presentatore - <em>Questa tua schiettezza ha dato fastidio e non ti ha procurato amici. Io non vorrei vedere le tue lacrime. Nascondono un tuo disagio ma questa \u00e8 una gara che non esclude colpi bassi. Quando se ne parla, si tirano in ballo parole pesanti, <strong>si parla di bullismo e violenza psicologica<\/strong>. Senti ci sia bullismo nei tuoi confronti?\".&nbsp;<\/em><\/p>\n\n\n\n<p>Antonella recede dalle accuse fatte nella Casa: <em>\"Non dico bullismo, per\u00f2 sicuramente non sono carini. Ci sono persone che fanno cose in gruppo e adesso non riesco pi\u00f9 a sopportarlo\u201d.<\/em><\/p>\n\n\n\n<figure class=\"wp-block-image size-large\"><img decoding=\"async\" width=\"1024\" height=\"576\" src=\"https:\/\/www.gossip.it\/wp-content\/uploads\/2023\/02\/gf_2-1024x576.jpg\" alt=\"\" class=\"wp-image-142559\" srcset=\"https:\/\/www.gossip.it\/wp-content\/uploads\/2023\/02\/gf_2-1024x576.jpg 1024w, https:\/\/www.gossip.it\/wp-content\/uploads\/2023\/02\/gf_2-300x169.jpg 300w, https:\/\/www.gossip.it\/wp-content\/uploads\/2023\/02\/gf_2-768x432.jpg 768w, https:\/\/www.gossip.it\/wp-content\/uploads\/2023\/02\/gf_2-750x422.jpg 750w, https:\/\/www.gossip.it\/wp-content\/uploads\/2023\/02\/gf_2-730x410.jpg 730w, https:\/\/www.gossip.it\/wp-content\/uploads\/2023\/02\/gf_2.jpg 1134w\" sizes=\"(max-width: 1024px) 100vw, 1024px\" \/><figcaption class=\"wp-element-caption\">Alfonso Signorini<em> \u2018scarica\u2019<\/em> Antonella Fiordelisi in diretta tv<\/figcaption><\/figure>\n\n\n\n<p>Signorini prende la palla al balzo per <em>\u2018liberarla\u2019<\/em>: <em>\u201cIn nome di questo disagio che tu senti, se vivi una situazione di vera pressione psicologica, di vero disagio, ti dico di non rimanere nel gioco. Non voglio che tu stia male.<strong>Se ritieni ci sia bullismo nei tuoi confronti, non restare l\u00ec<\/strong>. In caso ci fosse davvero bullismo, sono disposto a fare un'intera puntata su questo. <strong>Se stai male, esci dal gioco<\/strong>. Te lo dico con la consapevolezza di perdere una grande concorrente\u201d.<\/em><\/p>\n\n\n\n<p><em>\"Questo mio disagio \u00e8 aumentato quando ho visto che Edoardo non era dalla mia parte\"<\/em>, aggiunge Antonella, che per\u00f2 ad uscire non pensa proprio. Il giornalista non \u00e8 convinto, anche per quel che \u00e8 accaduto sui social in queste settimane: il padre della Fiordelisi ne ha dette di tutti i colori contro chi accusa la figlia. Ha minacciato persino denunce. Cos\u00ec a lei ribadisce:<em> \u201cTe lo dico perch\u00e9 la tua famiglia, dall'esterno, \u00e8 preoccupata. Li capisco perch\u00e9 vedono te che reagisci in questa maniera. Voglio che sia fatta chiarezza per evitare strumentalizzazioni. Se questo tuo disagio \u00e8 legato a un gioco che pensi di poter affrontare, continuiamo. <strong>Ma se \u00e8 legato ad atti di bullismo, ti dico di uscire<\/strong>\u201d.<\/em><\/p>\n","protected":false},"excerpt":{"rendered":"<p>Il GF Vip non soccombe davanti al Festival. Per la prima volta il reality show va in onda contro Sanremo. Gli ascolti crollano, quasi dimezzati rispetto alla media, ma i dati Auditel non fanno disperare Mediaset. Le vicende dei \u2018vipponi\u2019 nella Casa catturano 1 milione 790mila spettatori e il 10,88% di share. Niente a che [&hellip;]<\/p>\n","protected":false},"author":4,"featured_media":142560,"comment_status":"open","ping_status":"closed","sticky":false,"template":"","format":"standard","meta":{"footnotes":""},"categories":[54],"tags":[63538,63684,12602,64887,2697,67141,66274,10713,63723,1875,67140,63536,4938,63031,2097],"vip":[286,292,64701],"class_list":["post-142556","post","type-post","status-publish","format-standard","has-post-thumbnail","hentry","category-news","tag-alfonsosignorini","tag-amadeus","tag-antonella-fiordelisi","tag-antonellafiordelisi","tag-canale5","tag-gf-vip-7","tag-gf-vip7","tag-gfvip","tag-gfvip7","tag-grande-fratello-vip","tag-grande-fratello-vip-7","tag-grandefratellovip","tag-raiuno","tag-sanremo-2023","tag-tv","vip-alfonso_signorini","vip-amadeus","vip-antonella-fiordelisi"],"yoast_head":"<title>Per la prima volta il GF Vip va contro Sanremo: ascolti crollati, lacrime in diretta. Ecco i dati Auditel\u00a0 - Gossip.it | News sul Gossip e VIP<\/title>\n<meta name=\"description\" content=\"Per la prima volta il GF Vip va contro Sanremo: ascolti crollati, lacrime in diretta tv. Ecco i dati Auditel.\" \/>\n<meta name=\"robots\" content=\"index, follow, max-snippet:-1, max-image-preview:large, max-video-preview:-1\" \/>\n<link rel=\"canonical\" href=\"https:\/\/www.gossip.it\/news\/gf-vip-contro-sanremo\/\" \/>\n<meta property=\"og:locale\" content=\"it_IT\" \/>\n<meta property=\"og:type\" content=\"article\" \/>\n<meta property=\"og:title\" content=\"Per la prima volta il GF Vip va contro Sanremo: ascolti crollati, lacrime in diretta. Ecco i dati Auditel\u00a0 - Gossip.it | News sul Gossip e VIP\" \/>\n<meta property=\"og:description\" content=\"Per la prima volta il GF Vip va contro Sanremo: ascolti crollati, lacrime in diretta tv. Ecco i dati Auditel.\" \/>\n<meta property=\"og:url\" content=\"https:\/\/www.gossip.it\/news\/gf-vip-contro-sanremo\/\" \/>\n<meta property=\"og:site_name\" content=\"Gossip.it | News sul Gossip e VIP\" \/>\n<meta property=\"article:publisher\" content=\"https:\/\/www.facebook.com\/GossipIT\" \/>\n<meta property=\"article:published_time\" content=\"2023-02-10T11:43:18+00:00\" \/>\n<meta property=\"article:modified_time\" content=\"2023-02-12T22:18:46+00:00\" \/>\n<meta property=\"og:image\" content=\"https:\/\/www.gossip.it\/wp-content\/uploads\/2023\/02\/lancio-GF-FB.jpg\" \/>\n\t<meta property=\"og:image:width\" content=\"1134\" \/>\n\t<meta property=\"og:image:height\" content=\"571\" \/>\n\t<meta property=\"og:image:type\" content=\"image\/jpeg\" \/>\n<meta name=\"author\" content=\"Annamaria Capozzi\" \/>\n<meta name=\"twitter:card\" content=\"summary_large_image\" \/>\n<meta name=\"twitter:creator\" content=\"@gossinews_it\" \/>\n<meta name=\"twitter:site\" content=\"@gossinews_it\" \/>\n<meta name=\"twitter:label1\" content=\"Scritto da\" \/>\n\t<meta name=\"twitter:data1\" content=\"Annamaria Capozzi\" \/>\n\t<meta name=\"twitter:label2\" content=\"Tempo di lettura stimato\" \/>\n\t<meta name=\"twitter:data2\" content=\"4 minuti\" \/>","yoast_head_json":{"title":"Per la prima volta il GF Vip va contro Sanremo: ascolti crollati, lacrime in diretta. Ecco i dati Auditel\u00a0 - Gossip.it | News sul Gossip e VIP","description":"Per la prima volta il GF Vip va contro Sanremo: ascolti crollati, lacrime in diretta tv. Ecco i dati Auditel.","robots":{"index":"index","follow":"follow","max-snippet":"max-snippet:-1","max-image-preview":"max-image-preview:large","max-video-preview":"max-video-preview:-1"},"canonical":"https:\/\/www.gossip.it\/news\/gf-vip-contro-sanremo\/","og_locale":"it_IT","og_type":"article","og_title":"Per la prima volta il GF Vip va contro Sanremo: ascolti crollati, lacrime in diretta. Ecco i dati Auditel\u00a0 - Gossip.it | News sul Gossip e VIP","og_description":"Per la prima volta il GF Vip va contro Sanremo: ascolti crollati, lacrime in diretta tv. Ecco i dati Auditel.","og_url":"https:\/\/www.gossip.it\/news\/gf-vip-contro-sanremo\/","og_site_name":"Gossip.it | News sul Gossip e VIP","article_publisher":"https:\/\/www.facebook.com\/GossipIT","article_published_time":"2023-02-10T11:43:18+00:00","article_modified_time":"2023-02-12T22:18:46+00:00","og_image":[{"width":1134,"height":571,"url":"https:\/\/www.gossip.it\/wp-content\/uploads\/2023\/02\/lancio-GF-FB.jpg","type":"image\/jpeg"}],"author":"Annamaria Capozzi","twitter_card":"summary_large_image","twitter_creator":"@gossinews_it","twitter_site":"@gossinews_it","twitter_misc":{"Scritto da":"Annamaria Capozzi","Tempo di lettura stimato":"4 minuti"},"schema":{"@context":"https:\/\/schema.org","@graph":[{"@type":"Article","@id":"https:\/\/www.gossip.it\/news\/gf-vip-contro-sanremo\/#article","isPartOf":{"@id":"https:\/\/www.gossip.it\/news\/gf-vip-contro-sanremo\/"},"author":{"name":"Annamaria Capozzi","@id":"https:\/\/www.gossip.it\/#\/schema\/person\/4f99be5acc78d3f1b07a146d4fe8256b"},"headline":"Per la prima volta il GF Vip va contro Sanremo: ascolti crollati, lacrime in diretta. Ecco i dati Auditel\u00a0","datePublished":"2023-02-10T11:43:18+00:00","dateModified":"2023-02-12T22:18:46+00:00","mainEntityOfPage":{"@id":"https:\/\/www.gossip.it\/news\/gf-vip-contro-sanremo\/"},"wordCount":619,"commentCount":0,"publisher":{"@id":"https:\/\/www.gossip.it\/#organization"},"image":{"@id":"https:\/\/www.gossip.it\/news\/gf-vip-contro-sanremo\/#primaryimage"},"thumbnailUrl":"https:\/\/www.gossip.it\/wp-content\/uploads\/2023\/02\/lancio-GF.jpg","keywords":["alfonsosignorini","amadeus","antonella fiordelisi","antonellafiordelisi","canale5","GF Vip 7","gf vip7","gfvip","gfvip7","grande fratello vip","Grande Fratello Vip 7","grandefratellovip","raiuno","sanremo 2023","tv"],"articleSection":["News"],"inLanguage":"it-IT","potentialAction":[{"@type":"CommentAction","name":"Comment","target":["https:\/\/www.gossip.it\/news\/gf-vip-contro-sanremo\/#respond"]}]},{"@type":"WebPage","@id":"https:\/\/www.gossip.it\/news\/gf-vip-contro-sanremo\/","url":"https:\/\/www.gossip.it\/news\/gf-vip-contro-sanremo\/","name":"Per la prima volta il GF Vip va contro Sanremo: ascolti crollati, lacrime in diretta. Ecco i dati Auditel\u00a0 - Gossip.it | News sul Gossip e VIP","isPartOf":{"@id":"https:\/\/www.gossip.it\/#website"},"primaryImageOfPage":{"@id":"https:\/\/www.gossip.it\/news\/gf-vip-contro-sanremo\/#primaryimage"},"image":{"@id":"https:\/\/www.gossip.it\/news\/gf-vip-contro-sanremo\/#primaryimage"},"thumbnailUrl":"https:\/\/www.gossip.it\/wp-content\/uploads\/2023\/02\/lancio-GF.jpg","datePublished":"2023-02-10T11:43:18+00:00","dateModified":"2023-02-12T22:18:46+00:00","description":"Per la prima volta il GF Vip va contro Sanremo: ascolti crollati, lacrime in diretta tv. Ecco i dati Auditel.","breadcrumb":{"@id":"https:\/\/www.gossip.it\/news\/gf-vip-contro-sanremo\/#breadcrumb"},"inLanguage":"it-IT","potentialAction":[{"@type":"ReadAction","target":["https:\/\/www.gossip.it\/news\/gf-vip-contro-sanremo\/"]}]},{"@type":"ImageObject","inLanguage":"it-IT","@id":"https:\/\/www.gossip.it\/news\/gf-vip-contro-sanremo\/#primaryimage","url":"https:\/\/www.gossip.it\/wp-content\/uploads\/2023\/02\/lancio-GF.jpg","contentUrl":"https:\/\/www.gossip.it\/wp-content\/uploads\/2023\/02\/lancio-GF.jpg","width":1134,"height":808},{"@type":"BreadcrumbList","@id":"https:\/\/www.gossip.it\/news\/gf-vip-contro-sanremo\/#breadcrumb","itemListElement":[{"@type":"ListItem","position":1,"name":"Home","item":"https:\/\/www.gossip.it\/"},{"@type":"ListItem","position":2,"name":"Per la prima volta il GF Vip va contro Sanremo: ascolti crollati, lacrime in diretta. Ecco i dati Auditel\u00a0"}]},{"@type":"WebSite","@id":"https:\/\/www.gossip.it\/#website","url":"https:\/\/www.gossip.it\/","name":"Gossip and VIP News","description":"Quotidiano di cronaca rosa, costume e societ\u00e0","publisher":{"@id":"https:\/\/www.gossip.it\/#organization"},"alternateName":"Gossip and VIP News","potentialAction":[{"@type":"SearchAction","target":{"@type":"EntryPoint","urlTemplate":"https:\/\/www.gossip.it\/?s={search_term_string}"},"query-input":{"@type":"PropertyValueSpecification","valueRequired":true,"valueName":"search_term_string"}}],"inLanguage":"it-IT"},{"@type":"Organization","@id":"https:\/\/www.gossip.it\/#organization","name":"Gossip and VIP News","alternateName":"Gossip News","url":"https:\/\/www.gossip.it\/","logo":{"@type":"ImageObject","inLanguage":"it-IT","@id":"https:\/\/www.gossip.it\/#\/schema\/logo\/image\/","url":"https:\/\/www.gossip.it\/wp-content\/uploads\/2022\/04\/cropped-corna-alta-tiny.png","contentUrl":"https:\/\/www.gossip.it\/wp-content\/uploads\/2022\/04\/cropped-corna-alta-tiny.png","width":512,"height":512,"caption":"Gossip and VIP News"},"image":{"@id":"https:\/\/www.gossip.it\/#\/schema\/logo\/image\/"},"sameAs":["https:\/\/www.facebook.com\/GossipIT","https:\/\/x.com\/gossinews_it","https:\/\/instagram.com\/gossip_it"]},{"@type":"Person","@id":"https:\/\/www.gossip.it\/#\/schema\/person\/4f99be5acc78d3f1b07a146d4fe8256b","name":"Annamaria Capozzi","image":{"@type":"ImageObject","inLanguage":"it-IT","@id":"https:\/\/www.gossip.it\/#\/schema\/person\/image\/","url":"https:\/\/secure.gravatar.com\/avatar\/a8f8ec0362739e51683bf764949dfb9f8d2539eecc144f2dd938d6381b053468?s=96&d=mm&r=g","contentUrl":"https:\/\/secure.gravatar.com\/avatar\/a8f8ec0362739e51683bf764949dfb9f8d2539eecc144f2dd938d6381b053468?s=96&d=mm&r=g","caption":"Annamaria Capozzi"}}]}},"amp_enabled":true,"_links":{"self":[{"href":"https:\/\/www.gossip.it\/api\/wp\/v2\/posts\/142556","targetHints":{"allow":["GET"]}}],"collection":[{"href":"https:\/\/www.gossip.it\/api\/wp\/v2\/posts"}],"about":[{"href":"https:\/\/www.gossip.it\/api\/wp\/v2\/types\/post"}],"author":[{"embeddable":true,"href":"https:\/\/www.gossip.it\/api\/wp\/v2\/users\/4"}],"replies":[{"embeddable":true,"href":"https:\/\/www.gossip.it\/api\/wp\/v2\/comments?post=142556"}],"version-history":[{"count":1,"href":"https:\/\/www.gossip.it\/api\/wp\/v2\/posts\/142556\/revisions"}],"predecessor-version":[{"id":142563,"href":"https:\/\/www.gossip.it\/api\/wp\/v2\/posts\/142556\/revisions\/142563"}],"wp:featuredmedia":[{"embeddable":true,"href":"https:\/\/www.gossip.it\/api\/wp\/v2\/media\/142560"}],"wp:attachment":[{"href":"https:\/\/www.gossip.it\/api\/wp\/v2\/media?parent=142556"}],"wp:term":[{"taxonomy":"category","embeddable":true,"href":"https:\/\/www.gossip.it\/api\/wp\/v2\/categories?post=142556"},{"taxonomy":"post_tag","embeddable":true,"href":"https:\/\/www.gossip.it\/api\/wp\/v2\/tags?post=142556"},{"taxonomy":"vip","embeddable":true,"href":"https:\/\/www.gossip.it\/api\/wp\/v2\/vip?post=142556"}],"curies":[{"name":"wp","href":"https:\/\/api.w.org\/{rel}","templated":true}]}}