{"id":144396,"date":"2023-03-09T11:59:22","date_gmt":"2023-03-09T10:59:22","guid":{"rendered":"https:\/\/www.gossip.it\/?p=144396"},"modified":"2023-03-10T11:08:58","modified_gmt":"2023-03-10T10:08:58","slug":"alena-seredova-voleva-quarto-figlio","status":"publish","type":"post","link":"https:\/\/www.gossip.it\/news\/alena-seredova-voleva-quarto-figlio\/","title":{"rendered":"Alena Seredova voleva fare il quarto figlio: ''Ho evitato e poi ho perso il treno''"},"content":{"rendered":"\n<ul class=\"wp-block-list\">\n<li>La ceca 44enne confessa che lei e il futuro marito, Alessandro Nasi ci hanno pensato a lungo<\/li>\n\n\n\n<li>I due si uniranno in matrimonio il prossimo giugno: gli invitati saranno meno di cento<\/li>\n<\/ul>\n\n\n\n<p><a href=\"http:\/\/www.gossip.it\/vip\/alena-seredova\">Alena Seredova<\/a>, dopo la nascita della terzogenita Vivienne Charlotte, il 19 maggio 2020, ha riflettuto a lungo su un\u2019altra cicogna insieme al futuro marito <a href=\"http:\/\/www.gossip.it\/vip\/alessandronasi\">Alessandro Nasi<\/a>. La ceca 44enne <strong>voleva fare il quarto figlio ma poi ha <em>\u201cperso il treno\u201d<\/em><\/strong>. Lo confida ai suoi fan rispondendo alle loro domande sul social.<\/p>\n\n\n\n<figure class=\"wp-block-image size-large is-resized\"><img decoding=\"async\" src=\"https:\/\/www.gossip.it\/wp-content\/uploads\/2023\/03\/seredova_1-569x1024.jpg\" alt=\"\" class=\"wp-image-144397\" width=\"766\" height=\"1379\" srcset=\"https:\/\/www.gossip.it\/wp-content\/uploads\/2023\/03\/seredova_1-569x1024.jpg 569w, https:\/\/www.gossip.it\/wp-content\/uploads\/2023\/03\/seredova_1-167x300.jpg 167w, https:\/\/www.gossip.it\/wp-content\/uploads\/2023\/03\/seredova_1-768x1382.jpg 768w, https:\/\/www.gossip.it\/wp-content\/uploads\/2023\/03\/seredova_1-853x1536.jpg 853w, https:\/\/www.gossip.it\/wp-content\/uploads\/2023\/03\/seredova_1-750x1350.jpg 750w, https:\/\/www.gossip.it\/wp-content\/uploads\/2023\/03\/seredova_1.jpg 1134w\" sizes=\"(max-width: 766px) 100vw, 766px\" \/><figcaption class=\"wp-element-caption\">Alena Seredova voleva fare il quarto figlio: <em>''Ho evitato e poi ho perso il treno''<\/em><\/figcaption><\/figure>\n\n\n\n<p>Alena \u00e8 legata a Nasi dal 2015. I due si uniranno in matrimonio il prossimo giugno. Insieme sono felicissimi. Il manager 48enne ha saputo instaurare un bellissimo rapporto anche con i due figli che la showgirl ha avuto dall\u2019ex marito <a href=\"http:\/\/www.gossip.it\/vip\/gigi-buffon\">Gigi Buffon<\/a>, Louis Thomas, nato nel 2007, e David Lee, nato nel 2009. Nella loro famiglia allargata, per\u00f2, c\u2019era spazio anche per un\u2019altra cicogna, purtroppo non \u00e8 arrivata.<\/p>\n\n\n\n<figure class=\"wp-block-image size-large\"><img decoding=\"async\" width=\"819\" height=\"1024\" src=\"https:\/\/www.gossip.it\/wp-content\/uploads\/2023\/03\/seredova_2-819x1024.jpg\" alt=\"\" class=\"wp-image-144398\" srcset=\"https:\/\/www.gossip.it\/wp-content\/uploads\/2023\/03\/seredova_2-819x1024.jpg 819w, https:\/\/www.gossip.it\/wp-content\/uploads\/2023\/03\/seredova_2-240x300.jpg 240w, https:\/\/www.gossip.it\/wp-content\/uploads\/2023\/03\/seredova_2-768x960.jpg 768w, https:\/\/www.gossip.it\/wp-content\/uploads\/2023\/03\/seredova_2-750x938.jpg 750w, https:\/\/www.gossip.it\/wp-content\/uploads\/2023\/03\/seredova_2.jpg 1134w\" sizes=\"(max-width: 819px) 100vw, 819px\" \/><figcaption class=\"wp-element-caption\">La ceca 44enne confessa che lei e il futuro marito, Alessandro Nasi ci hanno pensato a lungo dopo la nascita di Vivienne Charlotte, il 19 maggio 2020<\/figcaption><\/figure>\n\n\n\n<p><em>\u201c<strong>Un altro figlio? Ci abbiamo pensato pi\u00f9 e pi\u00f9 volte<\/strong>, anche perch\u00e9 a me sarebbe piaciuto tantissimo per la Vivi e pure per Ale. E\u2019 che <strong>dopo quest\u2019ultimo parto io mi sono trovata a essere un po\u2019 stanca, cos\u00ec ho ragionato molto e ho deciso che le energie che ho voglio dedicarle a quelli che ci sono gi\u00e0. Nel frattempo perso che ho un po\u2019 perso il treno<\/strong>. E comunque io, tra pochi giorni, compio 45 anni\u201d<\/em>, svela Alena. Spegner\u00e0 le candeline il 21 marzo.<\/p>\n\n\n\n<p>I follower vogliono sapere se abbia gi\u00e0 scelto la meta per il viaggio di nozze. <em>\u201cCi stiamo lavorando, il fatto \u00e8 che <strong>noi andremo in viaggio di nozze in cinque<\/strong>, quindi dobbiamo trovare una meta che vada bene ai piccoli, agli adolescenti, a una coppia romantica. Insomma, a tutti noi\u201d<\/em>, spiega. Lei e Nasi andranno in luna di miele con i tre pargoli al seguito.<\/p>\n\n\n\n<figure class=\"wp-block-image size-large\"><img decoding=\"async\" width=\"867\" height=\"1024\" src=\"https:\/\/www.gossip.it\/wp-content\/uploads\/2023\/03\/seredova_3-867x1024.jpg\" alt=\"\" class=\"wp-image-144399\" srcset=\"https:\/\/www.gossip.it\/wp-content\/uploads\/2023\/03\/seredova_3-867x1024.jpg 867w, https:\/\/www.gossip.it\/wp-content\/uploads\/2023\/03\/seredova_3-254x300.jpg 254w, https:\/\/www.gossip.it\/wp-content\/uploads\/2023\/03\/seredova_3-768x907.jpg 768w, https:\/\/www.gossip.it\/wp-content\/uploads\/2023\/03\/seredova_3-750x886.jpg 750w, https:\/\/www.gossip.it\/wp-content\/uploads\/2023\/03\/seredova_3.jpg 1134w\" sizes=\"(max-width: 867px) 100vw, 867px\" \/><figcaption class=\"wp-element-caption\">La shiwgirl \u00e8 anche madre di Louis Thomas, nato nel 2007, e David Lee, nato nel 2009, avuti dall'ex marito Gigi Buffon<\/figcaption><\/figure>\n\n\n\n<p>Quando le si chiede se al matrimonio ci saranno tanti invitati, Alena svela: <em>\u201cPer me sono tantissimi, dato che vengo da una famiglia piccola, con mia madre, mio padre, mia sorella e il marito. Per Ale, invece, farli rimanere sotto i cento \u00e8 abbastanza impegnativo, perci\u00f2 alla fine direi che ci sar\u00e0 un numero giusto. <strong>Saranno sotto i cento<\/strong> infatti ed \u00e8 giusto cos\u00ec\u201d .<\/em><\/p>\n","protected":false},"excerpt":{"rendered":"<p>Alena Seredova, dopo la nascita della terzogenita Vivienne Charlotte, il 19 maggio 2020, ha riflettuto a lungo su un\u2019altra cicogna insieme al futuro marito Alessandro Nasi. La ceca 44enne voleva fare il quarto figlio ma poi ha \u201cperso il treno\u201d. Lo confida ai suoi fan rispondendo alle loro domande sul social. Alena \u00e8 legata a [&hellip;]<\/p>\n","protected":false},"author":4,"featured_media":144400,"comment_status":"open","ping_status":"closed","sticky":false,"template":"","format":"standard","meta":{"footnotes":""},"categories":[54],"tags":[63790,66503,67659,67658,67781,64888,63792,2793,61449,67046],"vip":[246],"class_list":["post-144396","post","type-post","status-publish","format-standard","has-post-thumbnail","hentry","category-news","tag-alenaseredova","tag-alenaseredovafigli","tag-alenaseredovamatrimonio","tag-alenaseredovanozze","tag-alenaseredovaquartofiglio","tag-alessandronasi","tag-gigibuffon","tag-gossip","tag-seredova","tag-sifb","vip-alena_seredova"],"yoast_head":"<title>Alena Seredova voleva fare il quarto figlio: &#039;&#039;Ho evitato e poi ho perso il treno&#039;&#039; - Gossip.it | News sul Gossip e VIP<\/title>\n<meta name=\"description\" content=\"Alena Seredova voleva fare il quarto figlio, ci ha riflettuto a lungo: &#039;&#039;Ho evitato e poi ho perso il treno&#039;&#039;\" \/>\n<meta name=\"robots\" content=\"index, follow, max-snippet:-1, max-image-preview:large, max-video-preview:-1\" \/>\n<link rel=\"canonical\" href=\"https:\/\/www.gossip.it\/news\/alena-seredova-voleva-quarto-figlio\/\" \/>\n<meta property=\"og:locale\" content=\"it_IT\" \/>\n<meta property=\"og:type\" content=\"article\" \/>\n<meta property=\"og:title\" content=\"Alena Seredova voleva fare il quarto figlio: &#039;&#039;Ho evitato e poi ho perso il treno&#039;&#039; - Gossip.it | News sul Gossip e VIP\" \/>\n<meta property=\"og:description\" content=\"Alena Seredova voleva fare il quarto figlio, ci ha riflettuto a lungo: &#039;&#039;Ho evitato e poi ho perso il treno&#039;&#039;\" \/>\n<meta property=\"og:url\" content=\"https:\/\/www.gossip.it\/news\/alena-seredova-voleva-quarto-figlio\/\" \/>\n<meta property=\"og:site_name\" content=\"Gossip.it | News sul Gossip e VIP\" \/>\n<meta property=\"article:publisher\" content=\"https:\/\/www.facebook.com\/GossipIT\" \/>\n<meta property=\"article:published_time\" content=\"2023-03-09T10:59:22+00:00\" \/>\n<meta property=\"article:modified_time\" content=\"2023-03-10T10:08:58+00:00\" \/>\n<meta property=\"og:image\" content=\"https:\/\/www.gossip.it\/wp-content\/uploads\/2023\/03\/lancio-SEREDOVA-FB.jpg\" \/>\n\t<meta property=\"og:image:width\" content=\"1134\" \/>\n\t<meta property=\"og:image:height\" content=\"577\" \/>\n\t<meta property=\"og:image:type\" content=\"image\/jpeg\" \/>\n<meta name=\"author\" content=\"Annamaria Capozzi\" \/>\n<meta name=\"twitter:card\" content=\"summary_large_image\" \/>\n<meta name=\"twitter:creator\" content=\"@gossinews_it\" \/>\n<meta name=\"twitter:site\" content=\"@gossinews_it\" \/>\n<meta name=\"twitter:label1\" content=\"Scritto da\" \/>\n\t<meta name=\"twitter:data1\" content=\"Annamaria Capozzi\" \/>\n\t<meta name=\"twitter:label2\" content=\"Tempo di lettura stimato\" \/>\n\t<meta name=\"twitter:data2\" content=\"3 minuti\" \/>","yoast_head_json":{"title":"Alena Seredova voleva fare il quarto figlio: ''Ho evitato e poi ho perso il treno'' - Gossip.it | News sul Gossip e VIP","description":"Alena Seredova voleva fare il quarto figlio, ci ha riflettuto a lungo: ''Ho evitato e poi ho perso il treno''","robots":{"index":"index","follow":"follow","max-snippet":"max-snippet:-1","max-image-preview":"max-image-preview:large","max-video-preview":"max-video-preview:-1"},"canonical":"https:\/\/www.gossip.it\/news\/alena-seredova-voleva-quarto-figlio\/","og_locale":"it_IT","og_type":"article","og_title":"Alena Seredova voleva fare il quarto figlio: ''Ho evitato e poi ho perso il treno'' - Gossip.it | News sul Gossip e VIP","og_description":"Alena Seredova voleva fare il quarto figlio, ci ha riflettuto a lungo: ''Ho evitato e poi ho perso il treno''","og_url":"https:\/\/www.gossip.it\/news\/alena-seredova-voleva-quarto-figlio\/","og_site_name":"Gossip.it | News sul Gossip e VIP","article_publisher":"https:\/\/www.facebook.com\/GossipIT","article_published_time":"2023-03-09T10:59:22+00:00","article_modified_time":"2023-03-10T10:08:58+00:00","og_image":[{"width":1134,"height":577,"url":"https:\/\/www.gossip.it\/wp-content\/uploads\/2023\/03\/lancio-SEREDOVA-FB.jpg","type":"image\/jpeg"}],"author":"Annamaria Capozzi","twitter_card":"summary_large_image","twitter_creator":"@gossinews_it","twitter_site":"@gossinews_it","twitter_misc":{"Scritto da":"Annamaria Capozzi","Tempo di lettura stimato":"3 minuti"},"schema":{"@context":"https:\/\/schema.org","@graph":[{"@type":"Article","@id":"https:\/\/www.gossip.it\/news\/alena-seredova-voleva-quarto-figlio\/#article","isPartOf":{"@id":"https:\/\/www.gossip.it\/news\/alena-seredova-voleva-quarto-figlio\/"},"author":{"name":"Annamaria Capozzi","@id":"https:\/\/www.gossip.it\/#\/schema\/person\/4f99be5acc78d3f1b07a146d4fe8256b"},"headline":"Alena Seredova voleva fare il quarto figlio: ''Ho evitato e poi ho perso il treno''","datePublished":"2023-03-09T10:59:22+00:00","dateModified":"2023-03-10T10:08:58+00:00","mainEntityOfPage":{"@id":"https:\/\/www.gossip.it\/news\/alena-seredova-voleva-quarto-figlio\/"},"wordCount":433,"commentCount":0,"publisher":{"@id":"https:\/\/www.gossip.it\/#organization"},"image":{"@id":"https:\/\/www.gossip.it\/news\/alena-seredova-voleva-quarto-figlio\/#primaryimage"},"thumbnailUrl":"https:\/\/www.gossip.it\/wp-content\/uploads\/2023\/03\/lancio-SEREDOVA.jpg","keywords":["alenaseredova","alenaseredovafigli","alenaseredovamatrimonio","alenaseredovanozze","alenaseredovaquartofiglio","alessandronasi","gigibuffon","gossip","seredova","sifb"],"articleSection":["News"],"inLanguage":"it-IT","potentialAction":[{"@type":"CommentAction","name":"Comment","target":["https:\/\/www.gossip.it\/news\/alena-seredova-voleva-quarto-figlio\/#respond"]}]},{"@type":"WebPage","@id":"https:\/\/www.gossip.it\/news\/alena-seredova-voleva-quarto-figlio\/","url":"https:\/\/www.gossip.it\/news\/alena-seredova-voleva-quarto-figlio\/","name":"Alena Seredova voleva fare il quarto figlio: ''Ho evitato e poi ho perso il treno'' - Gossip.it | News sul Gossip e VIP","isPartOf":{"@id":"https:\/\/www.gossip.it\/#website"},"primaryImageOfPage":{"@id":"https:\/\/www.gossip.it\/news\/alena-seredova-voleva-quarto-figlio\/#primaryimage"},"image":{"@id":"https:\/\/www.gossip.it\/news\/alena-seredova-voleva-quarto-figlio\/#primaryimage"},"thumbnailUrl":"https:\/\/www.gossip.it\/wp-content\/uploads\/2023\/03\/lancio-SEREDOVA.jpg","datePublished":"2023-03-09T10:59:22+00:00","dateModified":"2023-03-10T10:08:58+00:00","description":"Alena Seredova voleva fare il quarto figlio, ci ha riflettuto a lungo: ''Ho evitato e poi ho perso il treno''","breadcrumb":{"@id":"https:\/\/www.gossip.it\/news\/alena-seredova-voleva-quarto-figlio\/#breadcrumb"},"inLanguage":"it-IT","potentialAction":[{"@type":"ReadAction","target":["https:\/\/www.gossip.it\/news\/alena-seredova-voleva-quarto-figlio\/"]}]},{"@type":"ImageObject","inLanguage":"it-IT","@id":"https:\/\/www.gossip.it\/news\/alena-seredova-voleva-quarto-figlio\/#primaryimage","url":"https:\/\/www.gossip.it\/wp-content\/uploads\/2023\/03\/lancio-SEREDOVA.jpg","contentUrl":"https:\/\/www.gossip.it\/wp-content\/uploads\/2023\/03\/lancio-SEREDOVA.jpg","width":1134,"height":808},{"@type":"BreadcrumbList","@id":"https:\/\/www.gossip.it\/news\/alena-seredova-voleva-quarto-figlio\/#breadcrumb","itemListElement":[{"@type":"ListItem","position":1,"name":"Home","item":"https:\/\/www.gossip.it\/"},{"@type":"ListItem","position":2,"name":"Alena Seredova voleva fare il quarto figlio: ''Ho evitato e poi ho perso il treno''"}]},{"@type":"WebSite","@id":"https:\/\/www.gossip.it\/#website","url":"https:\/\/www.gossip.it\/","name":"Gossip and VIP News","description":"Quotidiano di cronaca rosa, costume e societ\u00e0","publisher":{"@id":"https:\/\/www.gossip.it\/#organization"},"alternateName":"Gossip and VIP News","potentialAction":[{"@type":"SearchAction","target":{"@type":"EntryPoint","urlTemplate":"https:\/\/www.gossip.it\/?s={search_term_string}"},"query-input":{"@type":"PropertyValueSpecification","valueRequired":true,"valueName":"search_term_string"}}],"inLanguage":"it-IT"},{"@type":"Organization","@id":"https:\/\/www.gossip.it\/#organization","name":"Gossip and VIP News","alternateName":"Gossip News","url":"https:\/\/www.gossip.it\/","logo":{"@type":"ImageObject","inLanguage":"it-IT","@id":"https:\/\/www.gossip.it\/#\/schema\/logo\/image\/","url":"https:\/\/www.gossip.it\/wp-content\/uploads\/2022\/04\/cropped-corna-alta-tiny.png","contentUrl":"https:\/\/www.gossip.it\/wp-content\/uploads\/2022\/04\/cropped-corna-alta-tiny.png","width":512,"height":512,"caption":"Gossip and VIP News"},"image":{"@id":"https:\/\/www.gossip.it\/#\/schema\/logo\/image\/"},"sameAs":["https:\/\/www.facebook.com\/GossipIT","https:\/\/x.com\/gossinews_it","https:\/\/instagram.com\/gossip_it"]},{"@type":"Person","@id":"https:\/\/www.gossip.it\/#\/schema\/person\/4f99be5acc78d3f1b07a146d4fe8256b","name":"Annamaria Capozzi","image":{"@type":"ImageObject","inLanguage":"it-IT","@id":"https:\/\/www.gossip.it\/#\/schema\/person\/image\/","url":"https:\/\/secure.gravatar.com\/avatar\/a8f8ec0362739e51683bf764949dfb9f8d2539eecc144f2dd938d6381b053468?s=96&d=mm&r=g","contentUrl":"https:\/\/secure.gravatar.com\/avatar\/a8f8ec0362739e51683bf764949dfb9f8d2539eecc144f2dd938d6381b053468?s=96&d=mm&r=g","caption":"Annamaria Capozzi"}}]}},"amp_enabled":true,"_links":{"self":[{"href":"https:\/\/www.gossip.it\/api\/wp\/v2\/posts\/144396","targetHints":{"allow":["GET"]}}],"collection":[{"href":"https:\/\/www.gossip.it\/api\/wp\/v2\/posts"}],"about":[{"href":"https:\/\/www.gossip.it\/api\/wp\/v2\/types\/post"}],"author":[{"embeddable":true,"href":"https:\/\/www.gossip.it\/api\/wp\/v2\/users\/4"}],"replies":[{"embeddable":true,"href":"https:\/\/www.gossip.it\/api\/wp\/v2\/comments?post=144396"}],"version-history":[{"count":1,"href":"https:\/\/www.gossip.it\/api\/wp\/v2\/posts\/144396\/revisions"}],"predecessor-version":[{"id":144402,"href":"https:\/\/www.gossip.it\/api\/wp\/v2\/posts\/144396\/revisions\/144402"}],"wp:featuredmedia":[{"embeddable":true,"href":"https:\/\/www.gossip.it\/api\/wp\/v2\/media\/144400"}],"wp:attachment":[{"href":"https:\/\/www.gossip.it\/api\/wp\/v2\/media?parent=144396"}],"wp:term":[{"taxonomy":"category","embeddable":true,"href":"https:\/\/www.gossip.it\/api\/wp\/v2\/categories?post=144396"},{"taxonomy":"post_tag","embeddable":true,"href":"https:\/\/www.gossip.it\/api\/wp\/v2\/tags?post=144396"},{"taxonomy":"vip","embeddable":true,"href":"https:\/\/www.gossip.it\/api\/wp\/v2\/vip?post=144396"}],"curies":[{"name":"wp","href":"https:\/\/api.w.org\/{rel}","templated":true}]}}