{"id":144704,"date":"2023-03-14T10:57:38","date_gmt":"2023-03-14T09:57:38","guid":{"rendered":"https:\/\/www.gossip.it\/?p=144704"},"modified":"2023-03-15T11:36:59","modified_gmt":"2023-03-15T10:36:59","slug":"cantante-enrico-nigiotti-diventato-papa-gemelli-nomi-particolari","status":"publish","type":"post","link":"https:\/\/www.gossip.it\/news\/cantante-enrico-nigiotti-diventato-papa-gemelli-nomi-particolari\/","title":{"rendered":"Il cantante Enrico Nigiotti \u00e8 diventato pap\u00e0 di due gemelli: scelti nomi particolari"},"content":{"rendered":"\n<ul class=\"wp-block-list\">\n<li>Il 35enne toscano ha dato il benvenuto al mondo a due maschietti il 13 marzo<\/li>\n\n\n\n<li>Sul social ha svelato i nomi dei neonati: sono molto particolari<\/li>\n<\/ul>\n\n\n\n<p><strong><a href=\"https:\/\/www.gossip.it\/?s=enrico+nigiotti\">Enrico Nigiotti<\/a><\/strong> \u00e8 diventato pap\u00e0 di <strong>due gemelli<\/strong>. Il cantante toscano ha dato il benvenuto al mondo a due maschietti nella mattinata di luned\u00ec 13 marzo e sul social ha condiviso la lieta novella con i follower svelando anche i nomi particolari scelti per i piccoli. I bambini si chiamano infatti <strong>Maso <\/strong>e<strong> Duccio<\/strong>: una scelta insolita e originale.<\/p>\n\n\n\n<figure class=\"wp-block-image size-large\"><img decoding=\"async\" width=\"961\" height=\"1024\" src=\"https:\/\/www.gossip.it\/wp-content\/uploads\/2023\/03\/nigiotti_1-961x1024.jpg\" alt=\"\" class=\"wp-image-144708\" srcset=\"https:\/\/www.gossip.it\/wp-content\/uploads\/2023\/03\/nigiotti_1-961x1024.jpg 961w, https:\/\/www.gossip.it\/wp-content\/uploads\/2023\/03\/nigiotti_1-282x300.jpg 282w, https:\/\/www.gossip.it\/wp-content\/uploads\/2023\/03\/nigiotti_1-768x818.jpg 768w, https:\/\/www.gossip.it\/wp-content\/uploads\/2023\/03\/nigiotti_1-750x799.jpg 750w, https:\/\/www.gossip.it\/wp-content\/uploads\/2023\/03\/nigiotti_1.jpg 1134w\" sizes=\"(max-width: 961px) 100vw, 961px\" \/><figcaption class=\"wp-element-caption\">La foto di Duccio e Maso, i figli gemelli di Enrico Nigiotti, appena nati<\/figcaption><\/figure>\n\n\n\n<p>Pubblicando una foto in cui appaiono entrambi a poche ore dall\u2019arrivo al mondo, che \u00e8 avvenuto a Livorno, il 35enne ha scritto su Instagram: <em>\u201cBenvenuti nel chiasso del mondo bimbettini miei. Vi auguro di saper difendere la voglia e la capacit\u00e0 di straripare e di non smettere mai di dare da mangiare alla vostra <strong>fantasia<\/strong>\u201d<\/em>. <em>\u201cCrescete liberi e sensibili\u2026 Io sar\u00f2 sempre qua, con questi occhi lucidi e innamorati. Siete il <strong>giorno pi\u00f9 bello della mia vita<\/strong>\u2026 Per tutta la vita. Il vostro babbo\u201d<\/em>, ha aggiunto.<\/p>\n\n\n<div class=\"lazyblock-gossipvideo-Z2qY9g5 align wp-block-lazyblock-gossipvideo\"><script>window.azrnVideoPlaylist=\"https:\/\/www.gossip.it\/api\/gossip\/video\/playlist_v2\/latest\/144796\/gossip.it\"<\/script><div id=\"gmp-intext-video\"><\/div><\/div>\n\n\n<figure class=\"wp-block-image size-large\"><img decoding=\"async\" width=\"871\" height=\"1024\" src=\"https:\/\/www.gossip.it\/wp-content\/uploads\/2023\/03\/nigiotti_2-1-871x1024.jpg\" alt=\"\" class=\"wp-image-144709\" srcset=\"https:\/\/www.gossip.it\/wp-content\/uploads\/2023\/03\/nigiotti_2-1-871x1024.jpg 871w, https:\/\/www.gossip.it\/wp-content\/uploads\/2023\/03\/nigiotti_2-1-255x300.jpg 255w, https:\/\/www.gossip.it\/wp-content\/uploads\/2023\/03\/nigiotti_2-1-768x903.jpg 768w, https:\/\/www.gossip.it\/wp-content\/uploads\/2023\/03\/nigiotti_2-1-750x882.jpg 750w, https:\/\/www.gossip.it\/wp-content\/uploads\/2023\/03\/nigiotti_2-1.jpg 1134w\" sizes=\"(max-width: 871px) 100vw, 871px\" \/><figcaption class=\"wp-element-caption\">Enrico Nigiotti, 35 anni, \u00e8 al settimo cielo per la nascita dei piccoli<\/figcaption><\/figure>\n\n\n\n<p>La mamma dei piccoli \u00e8 la compagna di Enrico, Giulia Diana.<\/p>\n\n\n\n<p>Subito tanti i messaggi di congratulazioni arrivati a Nigiotti via social, anche da diversi amici famosi. Tra gli altri hanno lasciato un commento sotto al posto anche Laura Pausini, Stefano De Martino e Rudy Zerbi.<\/p>\n\n\n\n<p>Anche <strong><a href=\"https:\/\/www.gossip.it\/?s=emma+marrone\">Emma Marrone<\/a><\/strong>, che Enrico ha conosciuto durante la partecipazione alla nona edizione di \u2018Amici\u2019, tra il 2009 e il 2010, ha voluto lasciare un pensiero. Ha scritto: <em>\u201cAuguri Nigio\u201d<\/em>.<\/p>\n","protected":false},"excerpt":{"rendered":"<p>Enrico Nigiotti \u00e8 diventato pap\u00e0 di due gemelli. Il cantante toscano ha dato il benvenuto al mondo a due maschietti nella mattinata di luned\u00ec 13 marzo e sul social ha condiviso la lieta novella con i follower svelando anche i nomi particolari scelti per i piccoli. I bambini si chiamano infatti Maso e Duccio: una [&hellip;]<\/p>\n","protected":false},"author":1,"featured_media":144713,"comment_status":"open","ping_status":"closed","sticky":false,"template":"","format":"standard","meta":{"footnotes":""},"categories":[54],"tags":[32765,67890,67889,67887,67891,67892,67888,67046],"vip":[67893],"class_list":["post-144704","post","type-post","status-publish","format-standard","has-post-thumbnail","hentry","category-news","tag-enrico-nigiotti","tag-enrico-nigiotti-e-sposato","tag-enrico-nigiotti-e-sposatyo","tag-enrico-nigiotti-figli","tag-enrico-nigiotti-ha-figli","tag-enrico-nigiotti-moglie","tag-enrico-nigiotti-papa","tag-sifb","vip-enrico-nigiotti"],"yoast_head":"<title>Il cantante Enrico Nigiotti \u00e8 diventato pap\u00e0 di due gemelli: scelti nomi particolari - Gossip.it | News sul Gossip e VIP<\/title>\n<meta name=\"description\" content=\"Il cantante Enrico Nigiotti ha avuto due gemelli: \u00e8 diventato pap\u00e0 a 35 anni e ha scelto nomi particolari per i piccoli, che si chiamano...\" \/>\n<meta name=\"robots\" content=\"index, follow, max-snippet:-1, max-image-preview:large, max-video-preview:-1\" \/>\n<link rel=\"canonical\" href=\"https:\/\/www.gossip.it\/news\/cantante-enrico-nigiotti-diventato-papa-gemelli-nomi-particolari\/\" \/>\n<meta property=\"og:locale\" content=\"it_IT\" \/>\n<meta property=\"og:type\" content=\"article\" \/>\n<meta property=\"og:title\" content=\"Il cantante Enrico Nigiotti \u00e8 diventato pap\u00e0 di due gemelli: scelti nomi particolari - Gossip.it | News sul Gossip e VIP\" \/>\n<meta property=\"og:description\" content=\"Il cantante Enrico Nigiotti ha avuto due gemelli: \u00e8 diventato pap\u00e0 a 35 anni e ha scelto nomi particolari per i piccoli, che si chiamano...\" \/>\n<meta property=\"og:url\" content=\"https:\/\/www.gossip.it\/news\/cantante-enrico-nigiotti-diventato-papa-gemelli-nomi-particolari\/\" \/>\n<meta property=\"og:site_name\" content=\"Gossip.it | News sul Gossip e VIP\" \/>\n<meta property=\"article:publisher\" content=\"https:\/\/www.facebook.com\/GossipIT\" \/>\n<meta property=\"article:published_time\" content=\"2023-03-14T09:57:38+00:00\" \/>\n<meta property=\"article:modified_time\" content=\"2023-03-15T10:36:59+00:00\" \/>\n<meta property=\"og:image\" content=\"https:\/\/www.gossip.it\/wp-content\/uploads\/2023\/03\/lancio-NIGIOTTI-FB.jpg\" \/>\n\t<meta property=\"og:image:width\" content=\"1134\" \/>\n\t<meta property=\"og:image:height\" content=\"576\" \/>\n\t<meta property=\"og:image:type\" content=\"image\/jpeg\" \/>\n<meta name=\"author\" content=\"La Redazione\" \/>\n<meta name=\"twitter:card\" content=\"summary_large_image\" \/>\n<meta name=\"twitter:creator\" content=\"@gossinews_it\" \/>\n<meta name=\"twitter:site\" content=\"@gossinews_it\" \/>\n<meta name=\"twitter:label1\" content=\"Scritto da\" \/>\n\t<meta name=\"twitter:data1\" content=\"La Redazione\" \/>\n\t<meta name=\"twitter:label2\" content=\"Tempo di lettura stimato\" \/>\n\t<meta name=\"twitter:data2\" content=\"2 minuti\" \/>","yoast_head_json":{"title":"Il cantante Enrico Nigiotti \u00e8 diventato pap\u00e0 di due gemelli: scelti nomi particolari - Gossip.it | News sul Gossip e VIP","description":"Il cantante Enrico Nigiotti ha avuto due gemelli: \u00e8 diventato pap\u00e0 a 35 anni e ha scelto nomi particolari per i piccoli, che si chiamano...","robots":{"index":"index","follow":"follow","max-snippet":"max-snippet:-1","max-image-preview":"max-image-preview:large","max-video-preview":"max-video-preview:-1"},"canonical":"https:\/\/www.gossip.it\/news\/cantante-enrico-nigiotti-diventato-papa-gemelli-nomi-particolari\/","og_locale":"it_IT","og_type":"article","og_title":"Il cantante Enrico Nigiotti \u00e8 diventato pap\u00e0 di due gemelli: scelti nomi particolari - Gossip.it | News sul Gossip e VIP","og_description":"Il cantante Enrico Nigiotti ha avuto due gemelli: \u00e8 diventato pap\u00e0 a 35 anni e ha scelto nomi particolari per i piccoli, che si chiamano...","og_url":"https:\/\/www.gossip.it\/news\/cantante-enrico-nigiotti-diventato-papa-gemelli-nomi-particolari\/","og_site_name":"Gossip.it | News sul Gossip e VIP","article_publisher":"https:\/\/www.facebook.com\/GossipIT","article_published_time":"2023-03-14T09:57:38+00:00","article_modified_time":"2023-03-15T10:36:59+00:00","og_image":[{"width":1134,"height":576,"url":"https:\/\/www.gossip.it\/wp-content\/uploads\/2023\/03\/lancio-NIGIOTTI-FB.jpg","type":"image\/jpeg"}],"author":"La Redazione","twitter_card":"summary_large_image","twitter_creator":"@gossinews_it","twitter_site":"@gossinews_it","twitter_misc":{"Scritto da":"La Redazione","Tempo di lettura stimato":"2 minuti"},"schema":{"@context":"https:\/\/schema.org","@graph":[{"@type":"Article","@id":"https:\/\/www.gossip.it\/news\/cantante-enrico-nigiotti-diventato-papa-gemelli-nomi-particolari\/#article","isPartOf":{"@id":"https:\/\/www.gossip.it\/news\/cantante-enrico-nigiotti-diventato-papa-gemelli-nomi-particolari\/"},"author":{"name":"La Redazione","@id":"https:\/\/www.gossip.it\/#\/schema\/person\/488896f75158bff1cc83c6c39d141110"},"headline":"Il cantante Enrico Nigiotti \u00e8 diventato pap\u00e0 di due gemelli: scelti nomi particolari","datePublished":"2023-03-14T09:57:38+00:00","dateModified":"2023-03-15T10:36:59+00:00","mainEntityOfPage":{"@id":"https:\/\/www.gossip.it\/news\/cantante-enrico-nigiotti-diventato-papa-gemelli-nomi-particolari\/"},"wordCount":278,"commentCount":0,"publisher":{"@id":"https:\/\/www.gossip.it\/#organization"},"image":{"@id":"https:\/\/www.gossip.it\/news\/cantante-enrico-nigiotti-diventato-papa-gemelli-nomi-particolari\/#primaryimage"},"thumbnailUrl":"https:\/\/www.gossip.it\/wp-content\/uploads\/2023\/03\/lancio-NIGIOTTI.jpg","keywords":["enrico nigiotti","enrico nigiotti \u00e8 sposato","enrico nigiotti \u00e8 sposatyo","enrico nigiotti figli","enrico nigiotti ha figli","enrico nigiotti moglie","enrico nigiotti pap\u00e0","sifb"],"articleSection":["News"],"inLanguage":"it-IT","potentialAction":[{"@type":"CommentAction","name":"Comment","target":["https:\/\/www.gossip.it\/news\/cantante-enrico-nigiotti-diventato-papa-gemelli-nomi-particolari\/#respond"]}]},{"@type":"WebPage","@id":"https:\/\/www.gossip.it\/news\/cantante-enrico-nigiotti-diventato-papa-gemelli-nomi-particolari\/","url":"https:\/\/www.gossip.it\/news\/cantante-enrico-nigiotti-diventato-papa-gemelli-nomi-particolari\/","name":"Il cantante Enrico Nigiotti \u00e8 diventato pap\u00e0 di due gemelli: scelti nomi particolari - Gossip.it | News sul Gossip e VIP","isPartOf":{"@id":"https:\/\/www.gossip.it\/#website"},"primaryImageOfPage":{"@id":"https:\/\/www.gossip.it\/news\/cantante-enrico-nigiotti-diventato-papa-gemelli-nomi-particolari\/#primaryimage"},"image":{"@id":"https:\/\/www.gossip.it\/news\/cantante-enrico-nigiotti-diventato-papa-gemelli-nomi-particolari\/#primaryimage"},"thumbnailUrl":"https:\/\/www.gossip.it\/wp-content\/uploads\/2023\/03\/lancio-NIGIOTTI.jpg","datePublished":"2023-03-14T09:57:38+00:00","dateModified":"2023-03-15T10:36:59+00:00","description":"Il cantante Enrico Nigiotti ha avuto due gemelli: \u00e8 diventato pap\u00e0 a 35 anni e ha scelto nomi particolari per i piccoli, che si chiamano...","breadcrumb":{"@id":"https:\/\/www.gossip.it\/news\/cantante-enrico-nigiotti-diventato-papa-gemelli-nomi-particolari\/#breadcrumb"},"inLanguage":"it-IT","potentialAction":[{"@type":"ReadAction","target":["https:\/\/www.gossip.it\/news\/cantante-enrico-nigiotti-diventato-papa-gemelli-nomi-particolari\/"]}]},{"@type":"ImageObject","inLanguage":"it-IT","@id":"https:\/\/www.gossip.it\/news\/cantante-enrico-nigiotti-diventato-papa-gemelli-nomi-particolari\/#primaryimage","url":"https:\/\/www.gossip.it\/wp-content\/uploads\/2023\/03\/lancio-NIGIOTTI.jpg","contentUrl":"https:\/\/www.gossip.it\/wp-content\/uploads\/2023\/03\/lancio-NIGIOTTI.jpg","width":1134,"height":808},{"@type":"BreadcrumbList","@id":"https:\/\/www.gossip.it\/news\/cantante-enrico-nigiotti-diventato-papa-gemelli-nomi-particolari\/#breadcrumb","itemListElement":[{"@type":"ListItem","position":1,"name":"Home","item":"https:\/\/www.gossip.it\/"},{"@type":"ListItem","position":2,"name":"Il cantante Enrico Nigiotti \u00e8 diventato pap\u00e0 di due gemelli: scelti nomi particolari"}]},{"@type":"WebSite","@id":"https:\/\/www.gossip.it\/#website","url":"https:\/\/www.gossip.it\/","name":"Gossip and VIP News","description":"Quotidiano di cronaca rosa, costume e societ\u00e0","publisher":{"@id":"https:\/\/www.gossip.it\/#organization"},"alternateName":"Gossip and VIP News","potentialAction":[{"@type":"SearchAction","target":{"@type":"EntryPoint","urlTemplate":"https:\/\/www.gossip.it\/?s={search_term_string}"},"query-input":{"@type":"PropertyValueSpecification","valueRequired":true,"valueName":"search_term_string"}}],"inLanguage":"it-IT"},{"@type":"Organization","@id":"https:\/\/www.gossip.it\/#organization","name":"Gossip and VIP News","alternateName":"Gossip News","url":"https:\/\/www.gossip.it\/","logo":{"@type":"ImageObject","inLanguage":"it-IT","@id":"https:\/\/www.gossip.it\/#\/schema\/logo\/image\/","url":"https:\/\/www.gossip.it\/wp-content\/uploads\/2022\/04\/cropped-corna-alta-tiny.png","contentUrl":"https:\/\/www.gossip.it\/wp-content\/uploads\/2022\/04\/cropped-corna-alta-tiny.png","width":512,"height":512,"caption":"Gossip and VIP News"},"image":{"@id":"https:\/\/www.gossip.it\/#\/schema\/logo\/image\/"},"sameAs":["https:\/\/www.facebook.com\/GossipIT","https:\/\/x.com\/gossinews_it","https:\/\/instagram.com\/gossip_it"]},{"@type":"Person","@id":"https:\/\/www.gossip.it\/#\/schema\/person\/488896f75158bff1cc83c6c39d141110","name":"La Redazione","image":{"@type":"ImageObject","inLanguage":"it-IT","@id":"https:\/\/www.gossip.it\/#\/schema\/person\/image\/","url":"https:\/\/secure.gravatar.com\/avatar\/5a5f5c6fa3e6700e4249abdad0263a1e94e927d9e0499b1cb09c1cd29c044d80?s=96&d=mm&r=g","contentUrl":"https:\/\/secure.gravatar.com\/avatar\/5a5f5c6fa3e6700e4249abdad0263a1e94e927d9e0499b1cb09c1cd29c044d80?s=96&d=mm&r=g","caption":"La Redazione"},"sameAs":["https:\/\/www.gossip.it"]}]}},"amp_enabled":true,"_links":{"self":[{"href":"https:\/\/www.gossip.it\/api\/wp\/v2\/posts\/144704","targetHints":{"allow":["GET"]}}],"collection":[{"href":"https:\/\/www.gossip.it\/api\/wp\/v2\/posts"}],"about":[{"href":"https:\/\/www.gossip.it\/api\/wp\/v2\/types\/post"}],"author":[{"embeddable":true,"href":"https:\/\/www.gossip.it\/api\/wp\/v2\/users\/1"}],"replies":[{"embeddable":true,"href":"https:\/\/www.gossip.it\/api\/wp\/v2\/comments?post=144704"}],"version-history":[{"count":1,"href":"https:\/\/www.gossip.it\/api\/wp\/v2\/posts\/144704\/revisions"}],"predecessor-version":[{"id":144813,"href":"https:\/\/www.gossip.it\/api\/wp\/v2\/posts\/144704\/revisions\/144813"}],"wp:featuredmedia":[{"embeddable":true,"href":"https:\/\/www.gossip.it\/api\/wp\/v2\/media\/144713"}],"wp:attachment":[{"href":"https:\/\/www.gossip.it\/api\/wp\/v2\/media?parent=144704"}],"wp:term":[{"taxonomy":"category","embeddable":true,"href":"https:\/\/www.gossip.it\/api\/wp\/v2\/categories?post=144704"},{"taxonomy":"post_tag","embeddable":true,"href":"https:\/\/www.gossip.it\/api\/wp\/v2\/tags?post=144704"},{"taxonomy":"vip","embeddable":true,"href":"https:\/\/www.gossip.it\/api\/wp\/v2\/vip?post=144704"}],"curies":[{"name":"wp","href":"https:\/\/api.w.org\/{rel}","templated":true}]}}