{"id":144786,"date":"2023-03-14T15:51:35","date_gmt":"2023-03-14T14:51:35","guid":{"rendered":"https:\/\/www.gossip.it\/?p=144786"},"modified":"2023-03-15T17:07:29","modified_gmt":"2023-03-15T16:07:29","slug":"aurora-ramazzotti-nono-mese-copertina-aspetto-maschio-volevo-femmina","status":"publish","type":"post","link":"https:\/\/www.gossip.it\/news\/aurora-ramazzotti-nono-mese-copertina-aspetto-maschio-volevo-femmina\/","title":{"rendered":"Aurora Ramazzotti al nono mese in copertina, confessione spiazzante a Vanity Fair: ''Aspetto un maschio, ma volevo una femmina''"},"content":{"rendered":"\n<ul class=\"wp-block-list\">\n<li>La 26enne racconta in una lunga intervista la sua gravidanza<\/li>\n\n\n\n<li><em>\u201cCi sono quelle che adorano essere incinte, come mia madre, e altre, come me, che fanno pi\u00f9 fatica\u201d<\/em><\/li>\n<\/ul>\n\n\n\n<p>Indosso ha un abito giallo meraviglioso, in un tessuto leggero e morbido che le accarezza il pancione ormai esplosivo. <a href=\"http:\/\/www.gossip.it\/vip\/aurora-ramazzotti\">Aurora Ramazzotti<\/a> <strong>al nono mese di gravidanza posa sulla copertina di <em>Vanity Fair<\/em><\/strong>. Al settimanale racconta per la prima volta la sua gravidanza, ormai giunta quasi al termine. Fa una confessione spiazzante che nessuno poteva prevedere: <em>\u201c<strong>Aspetto un maschio, ma volevo una femmina<\/strong>\u201d<\/em>. Spiega perch\u00e9.<\/p>\n\n\n\n<figure class=\"wp-block-image size-large\"><img decoding=\"async\" width=\"819\" height=\"1024\" src=\"https:\/\/www.gossip.it\/wp-content\/uploads\/2023\/03\/ramazzotti_1-819x1024.jpg\" alt=\"\" class=\"wp-image-144787\" srcset=\"https:\/\/www.gossip.it\/wp-content\/uploads\/2023\/03\/ramazzotti_1-819x1024.jpg 819w, https:\/\/www.gossip.it\/wp-content\/uploads\/2023\/03\/ramazzotti_1-240x300.jpg 240w, https:\/\/www.gossip.it\/wp-content\/uploads\/2023\/03\/ramazzotti_1-768x960.jpg 768w, https:\/\/www.gossip.it\/wp-content\/uploads\/2023\/03\/ramazzotti_1-750x938.jpg 750w, https:\/\/www.gossip.it\/wp-content\/uploads\/2023\/03\/ramazzotti_1.jpg 1134w\" sizes=\"(max-width: 819px) 100vw, 819px\" \/><figcaption class=\"wp-element-caption\">Aurora Ramazzotti al nono mese in copertina, confessione spiazzante a<em> Vanity Fair<\/em>: <em>''Aspetto un maschio, ma volevo una femmina''<\/em><\/figcaption><\/figure>\n\n\n\n<p>La 26enne, influencer, conduttrice, content creator svela: <em>\u201cCi sono quelle che adorano essere incinte, come mia madre, e altre, come me, che fanno pi\u00f9 fatica: <strong>non \u00e8 stato il periodo idilliaco che mi era stato dipinto, ero emozionata ma anche impaurita<\/strong>\u201d.<\/em><\/p>\n\n\n\n<p>Sar\u00e0 una mamma giovane, anche il pap\u00e0, <a href=\"http:\/\/www.gossip.it\/vip\/goffredo-cerza\">Goffredo Cerza<\/a>, il fidanzato 27enne, \u00e8 pronto eppure sono in tanti quelli che hanno detto loro: <em>\u201cChi ve lo ha fatto fare?\u201d<\/em>. <em>\u201cTutti i nostri amici, praticamente <\/em>- svela Aury - <em>Sconvolti. La mia generazione vede la genitorialit\u00e0 come qualcosa che ti toglie. Forse <strong>io non sono cos\u00ec spaventata all\u2019idea perch\u00e9 ho l\u2019esempio di mia madre, per cui so che \u00e8 possibile avere un figlio e anche una vita<\/strong>, so che la maternit\u00e0 pu\u00f2 essere un\u2019aggiunta non una sottrazione\u201d.<\/em><\/p>\n\n\n\n<figure class=\"wp-block-image size-large\"><img decoding=\"async\" width=\"911\" height=\"1024\" src=\"https:\/\/www.gossip.it\/wp-content\/uploads\/2023\/03\/ramazzotti_2-911x1024.jpg\" alt=\"\" class=\"wp-image-144788\" srcset=\"https:\/\/www.gossip.it\/wp-content\/uploads\/2023\/03\/ramazzotti_2-911x1024.jpg 911w, https:\/\/www.gossip.it\/wp-content\/uploads\/2023\/03\/ramazzotti_2-267x300.jpg 267w, https:\/\/www.gossip.it\/wp-content\/uploads\/2023\/03\/ramazzotti_2-768x863.jpg 768w, https:\/\/www.gossip.it\/wp-content\/uploads\/2023\/03\/ramazzotti_2-750x843.jpg 750w, https:\/\/www.gossip.it\/wp-content\/uploads\/2023\/03\/ramazzotti_2.jpg 1134w\" sizes=\"(max-width: 911px) 100vw, 911px\" \/><figcaption class=\"wp-element-caption\">La 26enne \u00e8 innamoratissima di Goffredo Cerza<em>: \"Lui \u00e8 la mia casa\"<\/em><\/figcaption><\/figure>\n\n\n\n<p>La Ramazzotti si \u00e8 chiesta pi\u00f9 volte se sar\u00e0 un genitore all\u2019altezza: <em>\u201cNon \u00e8 che sono la persona pi\u00f9 risolta del mondo, eh? L\u2019idea di prendermi la responsabilit\u00e0, per tutta la vita, di un altro umano, ecco, non \u00e8 stato facile, ci sono stati dei momenti, nel corso della gravidanza, in cui ho detto: che&nbsp;cavolo&nbsp;sto facendo? <strong>Soprattutto dopo avere scoperto che \u00e8 maschio<\/strong>\u201d<\/em>. E confida: <em>\u201c<strong>Io d\u2019istinto volevo la femmina, non perch\u00e9 avessi una preferenza, ma perch\u00e9 ho molta paura di crescere un maschio<\/strong>\u201d.<\/em><\/p>\n\n\n\n<p>Aurora spiega il motivo del timore di avere un maschietto: <em>\u201cSono una donna, <strong>ho visto crescere pi\u00f9 sorelle che fratelli, avrei avuto pi\u00f9 esperienza. A una bambina potrei insegnare come difendersi da tutto quello che ho affrontato io\u2026<\/strong>\u201d.<\/em> Accanto per\u00f2 avr\u00e0 Goiffredo: <em>\u201cIo lo amo tantissimo, non faccio testo. Per\u00f2 lui<strong> \u00e8 davvero una persone incredibile. E' un\u2019anima antica intrappolata in un corpo giovane<\/strong>. Devo ringraziare tantissimo sua madre Francesca, che dice sempre: \u2018Lo ho cresciuto pensando all\u2019uomo che avrei voluto incontrare\u2019. E si vede\u201d.<\/em><\/p>\n\n\n\n<figure class=\"wp-block-image size-large\"><img decoding=\"async\" width=\"838\" height=\"1024\" src=\"https:\/\/www.gossip.it\/wp-content\/uploads\/2023\/03\/ramazzotti_3-838x1024.jpg\" alt=\"\" class=\"wp-image-144789\" srcset=\"https:\/\/www.gossip.it\/wp-content\/uploads\/2023\/03\/ramazzotti_3-838x1024.jpg 838w, https:\/\/www.gossip.it\/wp-content\/uploads\/2023\/03\/ramazzotti_3-246x300.jpg 246w, https:\/\/www.gossip.it\/wp-content\/uploads\/2023\/03\/ramazzotti_3-768x938.jpg 768w, https:\/\/www.gossip.it\/wp-content\/uploads\/2023\/03\/ramazzotti_3-750x916.jpg 750w, https:\/\/www.gossip.it\/wp-content\/uploads\/2023\/03\/ramazzotti_3.jpg 1134w\" sizes=\"(max-width: 838px) 100vw, 838px\" \/><figcaption class=\"wp-element-caption\">L'influencer e conduttrice svela: \"<em>Ci sono quelle che adorano essere incinte, come mia madre, e altre, come me, che fanno pi\u00f9 fatica\u201d<\/em><\/figcaption><\/figure>\n\n\n\n<p>Al momento Aurora non pensa al matrimonio: <em>\u201cOggi l\u2019idea di stare insieme tutta la vita \u00e8 quasi un\u2019utopia. Io non ho vissuto chiss\u00e0 che esempi di matrimoni duraturi, lui invece ha i genitori che stanno insieme da 37 anni, ed \u00e8 stato quindi lui a insegnarmi a pensare al futuro, a immaginare di costruire qualcosa insieme. Il <strong>matrimonio non \u00e8 la mia priorit\u00e0<\/strong>. Direi una stupidaggine se dicessi che sogno l\u2019abito bianco\u2026\u201d<\/em>. <\/p>\n\n\n\n<p>Eppure Cerza \u00e8 basilare nella sua esistenza: <em>\u201cIo cerco costantemente l\u2019equilibrio, lui \u00e8 molto pragmatico. Magari non ti scrive una poesia, anzi, sicuramente non te la scrive, ma risolve problemi. Io non mi sento al sicuro con me stessa, ma con lui s\u00ec.<strong> Lui \u00e8 la mia casa, il posto sicuro a cui torno<\/strong>. Sa amare in un modo intenso, che a volte mi chiedo se merito. E mi dico: cavolo se ama cos\u00ec me, chiss\u00e0 come amer\u00e0 suo figlio\u201d.<\/em><\/p>\n\n\n\n<figure class=\"wp-block-image size-large is-resized\"><img decoding=\"async\" src=\"https:\/\/www.gossip.it\/wp-content\/uploads\/2023\/03\/ramazzotti_4-669x1024.jpg\" alt=\"\" class=\"wp-image-144790\" width=\"766\" height=\"1172\" srcset=\"https:\/\/www.gossip.it\/wp-content\/uploads\/2023\/03\/ramazzotti_4-669x1024.jpg 669w, https:\/\/www.gossip.it\/wp-content\/uploads\/2023\/03\/ramazzotti_4-196x300.jpg 196w, https:\/\/www.gossip.it\/wp-content\/uploads\/2023\/03\/ramazzotti_4-768x1176.jpg 768w, https:\/\/www.gossip.it\/wp-content\/uploads\/2023\/03\/ramazzotti_4-1003x1536.jpg 1003w, https:\/\/www.gossip.it\/wp-content\/uploads\/2023\/03\/ramazzotti_4-750x1149.jpg 750w, https:\/\/www.gossip.it\/wp-content\/uploads\/2023\/03\/ramazzotti_4.jpg 1134w\" sizes=\"(max-width: 766px) 100vw, 766px\" \/><figcaption class=\"wp-element-caption\">Aurora sul set del settimanale per lo shooting<\/figcaption><\/figure>\n\n\n\n<p>La figlia di <a href=\"http:\/\/www.gossip.it\/vip\/michelle-hunziker\">Michelle Hunziker<\/a> ed <a href=\"http:\/\/www.gossip.it\/vip\/eros-ramazzotti\">Eros Ramazzotti<\/a> poi parla dei suoi genitori che diventeranno nonni: <em>\u201c<strong>Mio padre \u00e8 contento<\/strong>, mi chiede, \u00e8 tenerissimo, mi emoziona. Mia madre \u00e8 tutta un\u2019altra storia: non si tiene, <strong>\u00e8 come se avesse un figlio lei<\/strong>. Ha gi\u00e0 la culla, il fasciatoio, il baby monitor, sta allestendo una stanza a casa sua. Io non avevo ancora comprato nulla, poi siamo andate a cercare delle tutine e lei ha preso quello che compravo io: cos\u00ec non mi devo portare tutto dietro come succedeva a lei, dice. <strong>Abbiamo tutto doppio<\/strong>: pannolini, aspiratori nasali, shampoo, forbicine... Ieri la guardavo, e la vedevo cos\u00ec contenta, mi commuovevo: cavolo, sono molto fortunata ad averla\u201d.<\/em><\/p>\n","protected":false},"excerpt":{"rendered":"<p>Le ultime dichiarazioni della figlia di Michelle...<\/p>\n","protected":false},"author":4,"featured_media":144791,"comment_status":"open","ping_status":"closed","sticky":false,"template":"","format":"standard","meta":{"footnotes":""},"categories":[54],"tags":[4668,63521,67371,66795,66794,63522,67348,12587,2793,2181,63523,67403,63987,67046,63814],"vip":[63423],"class_list":["post-144786","post","type-post","status-publish","format-standard","has-post-thumbnail","hentry","category-news","tag-aurora","tag-auroraramazzotti","tag-auroraramazzottifiglio","tag-auroraramazzottigravidanza","tag-auroraramazzottiincinta","tag-erosramazzotti","tag-erosramazzottinonno","tag-goffredocerza","tag-gossip","tag-gravidanza","tag-michellehunziker","tag-michellehunzikernonna","tag-pregnant","tag-sifb","tag-vanityfair","vip-aurora-ramazzotti"],"yoast_head":"<title>Aurora Ramazzotti al nono mese in copertina, confessione spiazzante a Vanity Fair: &#039;&#039;Aspetto un maschio, ma volevo una femmina&#039;&#039; - Gossip.it | News sul Gossip e VIP<\/title>\n<meta name=\"description\" content=\"Aurora Ramazzotti al nono mese in copertina, confessione spiazzante a Vanity Fair: &#039;&#039;Aspetto un maschio, ma volevo una femmina&#039;&#039;\" \/>\n<meta name=\"robots\" content=\"index, follow, max-snippet:-1, max-image-preview:large, max-video-preview:-1\" \/>\n<link rel=\"canonical\" href=\"https:\/\/www.gossip.it\/news\/aurora-ramazzotti-nono-mese-copertina-aspetto-maschio-volevo-femmina\/\" \/>\n<meta property=\"og:locale\" content=\"it_IT\" \/>\n<meta property=\"og:type\" content=\"article\" \/>\n<meta property=\"og:title\" content=\"Aurora Ramazzotti al nono mese in copertina, confessione spiazzante a Vanity Fair: &#039;&#039;Aspetto un maschio, ma volevo una femmina&#039;&#039; - Gossip.it | News sul Gossip e VIP\" \/>\n<meta property=\"og:description\" content=\"Aurora Ramazzotti al nono mese in copertina, confessione spiazzante a Vanity Fair: &#039;&#039;Aspetto un maschio, ma volevo una femmina&#039;&#039;\" \/>\n<meta property=\"og:url\" content=\"https:\/\/www.gossip.it\/news\/aurora-ramazzotti-nono-mese-copertina-aspetto-maschio-volevo-femmina\/\" \/>\n<meta property=\"og:site_name\" content=\"Gossip.it | News sul Gossip e VIP\" \/>\n<meta property=\"article:publisher\" content=\"https:\/\/www.facebook.com\/GossipIT\" \/>\n<meta property=\"article:published_time\" content=\"2023-03-14T14:51:35+00:00\" \/>\n<meta property=\"article:modified_time\" content=\"2023-03-15T16:07:29+00:00\" \/>\n<meta property=\"og:image\" content=\"https:\/\/www.gossip.it\/wp-content\/uploads\/2023\/03\/PP-RAMAZZOTTI.jpg\" \/>\n\t<meta property=\"og:image:width\" content=\"1134\" \/>\n\t<meta property=\"og:image:height\" content=\"564\" \/>\n\t<meta property=\"og:image:type\" content=\"image\/jpeg\" \/>\n<meta name=\"author\" content=\"Annamaria Capozzi\" \/>\n<meta name=\"twitter:card\" content=\"summary_large_image\" \/>\n<meta name=\"twitter:creator\" content=\"@gossinews_it\" \/>\n<meta name=\"twitter:site\" content=\"@gossinews_it\" \/>\n<meta name=\"twitter:label1\" content=\"Scritto da\" \/>\n\t<meta name=\"twitter:data1\" content=\"Annamaria Capozzi\" \/>\n\t<meta name=\"twitter:label2\" content=\"Tempo di lettura stimato\" \/>\n\t<meta name=\"twitter:data2\" content=\"5 minuti\" \/>","yoast_head_json":{"title":"Aurora Ramazzotti al nono mese in copertina, confessione spiazzante a Vanity Fair: ''Aspetto un maschio, ma volevo una femmina'' - Gossip.it | News sul Gossip e VIP","description":"Aurora Ramazzotti al nono mese in copertina, confessione spiazzante a Vanity Fair: ''Aspetto un maschio, ma volevo una femmina''","robots":{"index":"index","follow":"follow","max-snippet":"max-snippet:-1","max-image-preview":"max-image-preview:large","max-video-preview":"max-video-preview:-1"},"canonical":"https:\/\/www.gossip.it\/news\/aurora-ramazzotti-nono-mese-copertina-aspetto-maschio-volevo-femmina\/","og_locale":"it_IT","og_type":"article","og_title":"Aurora Ramazzotti al nono mese in copertina, confessione spiazzante a Vanity Fair: ''Aspetto un maschio, ma volevo una femmina'' - Gossip.it | News sul Gossip e VIP","og_description":"Aurora Ramazzotti al nono mese in copertina, confessione spiazzante a Vanity Fair: ''Aspetto un maschio, ma volevo una femmina''","og_url":"https:\/\/www.gossip.it\/news\/aurora-ramazzotti-nono-mese-copertina-aspetto-maschio-volevo-femmina\/","og_site_name":"Gossip.it | News sul Gossip e VIP","article_publisher":"https:\/\/www.facebook.com\/GossipIT","article_published_time":"2023-03-14T14:51:35+00:00","article_modified_time":"2023-03-15T16:07:29+00:00","og_image":[{"width":1134,"height":564,"url":"https:\/\/www.gossip.it\/wp-content\/uploads\/2023\/03\/PP-RAMAZZOTTI.jpg","type":"image\/jpeg"}],"author":"Annamaria Capozzi","twitter_card":"summary_large_image","twitter_creator":"@gossinews_it","twitter_site":"@gossinews_it","twitter_misc":{"Scritto da":"Annamaria Capozzi","Tempo di lettura stimato":"5 minuti"},"schema":{"@context":"https:\/\/schema.org","@graph":[{"@type":"Article","@id":"https:\/\/www.gossip.it\/news\/aurora-ramazzotti-nono-mese-copertina-aspetto-maschio-volevo-femmina\/#article","isPartOf":{"@id":"https:\/\/www.gossip.it\/news\/aurora-ramazzotti-nono-mese-copertina-aspetto-maschio-volevo-femmina\/"},"author":{"name":"Annamaria Capozzi","@id":"https:\/\/www.gossip.it\/#\/schema\/person\/4f99be5acc78d3f1b07a146d4fe8256b"},"headline":"Aurora Ramazzotti al nono mese in copertina, confessione spiazzante a Vanity Fair: ''Aspetto un maschio, ma volevo una femmina''","datePublished":"2023-03-14T14:51:35+00:00","dateModified":"2023-03-15T16:07:29+00:00","mainEntityOfPage":{"@id":"https:\/\/www.gossip.it\/news\/aurora-ramazzotti-nono-mese-copertina-aspetto-maschio-volevo-femmina\/"},"wordCount":732,"commentCount":0,"publisher":{"@id":"https:\/\/www.gossip.it\/#organization"},"image":{"@id":"https:\/\/www.gossip.it\/news\/aurora-ramazzotti-nono-mese-copertina-aspetto-maschio-volevo-femmina\/#primaryimage"},"thumbnailUrl":"https:\/\/www.gossip.it\/wp-content\/uploads\/2023\/03\/PP-RAMAZZOTTI.jpg","keywords":["aurora","auroraramazzotti","auroraramazzottifiglio","auroraramazzottigravidanza","auroraramazzottiincinta","erosramazzotti","erosramazzottinonno","goffredocerza","gossip","gravidanza","michellehunziker","michellehunzikernonna","pregnant","sifb","vanityfair"],"articleSection":["News"],"inLanguage":"it-IT","potentialAction":[{"@type":"CommentAction","name":"Comment","target":["https:\/\/www.gossip.it\/news\/aurora-ramazzotti-nono-mese-copertina-aspetto-maschio-volevo-femmina\/#respond"]}]},{"@type":"WebPage","@id":"https:\/\/www.gossip.it\/news\/aurora-ramazzotti-nono-mese-copertina-aspetto-maschio-volevo-femmina\/","url":"https:\/\/www.gossip.it\/news\/aurora-ramazzotti-nono-mese-copertina-aspetto-maschio-volevo-femmina\/","name":"Aurora Ramazzotti al nono mese in copertina, confessione spiazzante a Vanity Fair: ''Aspetto un maschio, ma volevo una femmina'' - Gossip.it | News sul Gossip e VIP","isPartOf":{"@id":"https:\/\/www.gossip.it\/#website"},"primaryImageOfPage":{"@id":"https:\/\/www.gossip.it\/news\/aurora-ramazzotti-nono-mese-copertina-aspetto-maschio-volevo-femmina\/#primaryimage"},"image":{"@id":"https:\/\/www.gossip.it\/news\/aurora-ramazzotti-nono-mese-copertina-aspetto-maschio-volevo-femmina\/#primaryimage"},"thumbnailUrl":"https:\/\/www.gossip.it\/wp-content\/uploads\/2023\/03\/PP-RAMAZZOTTI.jpg","datePublished":"2023-03-14T14:51:35+00:00","dateModified":"2023-03-15T16:07:29+00:00","description":"Aurora Ramazzotti al nono mese in copertina, confessione spiazzante a Vanity Fair: ''Aspetto un maschio, ma volevo una femmina''","breadcrumb":{"@id":"https:\/\/www.gossip.it\/news\/aurora-ramazzotti-nono-mese-copertina-aspetto-maschio-volevo-femmina\/#breadcrumb"},"inLanguage":"it-IT","potentialAction":[{"@type":"ReadAction","target":["https:\/\/www.gossip.it\/news\/aurora-ramazzotti-nono-mese-copertina-aspetto-maschio-volevo-femmina\/"]}]},{"@type":"ImageObject","inLanguage":"it-IT","@id":"https:\/\/www.gossip.it\/news\/aurora-ramazzotti-nono-mese-copertina-aspetto-maschio-volevo-femmina\/#primaryimage","url":"https:\/\/www.gossip.it\/wp-content\/uploads\/2023\/03\/PP-RAMAZZOTTI.jpg","contentUrl":"https:\/\/www.gossip.it\/wp-content\/uploads\/2023\/03\/PP-RAMAZZOTTI.jpg","width":1134,"height":564},{"@type":"BreadcrumbList","@id":"https:\/\/www.gossip.it\/news\/aurora-ramazzotti-nono-mese-copertina-aspetto-maschio-volevo-femmina\/#breadcrumb","itemListElement":[{"@type":"ListItem","position":1,"name":"Home","item":"https:\/\/www.gossip.it\/"},{"@type":"ListItem","position":2,"name":"Aurora Ramazzotti al nono mese in copertina, confessione spiazzante a Vanity Fair: ''Aspetto un maschio, ma volevo una femmina''"}]},{"@type":"WebSite","@id":"https:\/\/www.gossip.it\/#website","url":"https:\/\/www.gossip.it\/","name":"Gossip and VIP News","description":"Quotidiano di cronaca rosa, costume e societ\u00e0","publisher":{"@id":"https:\/\/www.gossip.it\/#organization"},"alternateName":"Gossip and VIP News","potentialAction":[{"@type":"SearchAction","target":{"@type":"EntryPoint","urlTemplate":"https:\/\/www.gossip.it\/?s={search_term_string}"},"query-input":{"@type":"PropertyValueSpecification","valueRequired":true,"valueName":"search_term_string"}}],"inLanguage":"it-IT"},{"@type":"Organization","@id":"https:\/\/www.gossip.it\/#organization","name":"Gossip and VIP News","alternateName":"Gossip News","url":"https:\/\/www.gossip.it\/","logo":{"@type":"ImageObject","inLanguage":"it-IT","@id":"https:\/\/www.gossip.it\/#\/schema\/logo\/image\/","url":"https:\/\/www.gossip.it\/wp-content\/uploads\/2022\/04\/cropped-corna-alta-tiny.png","contentUrl":"https:\/\/www.gossip.it\/wp-content\/uploads\/2022\/04\/cropped-corna-alta-tiny.png","width":512,"height":512,"caption":"Gossip and VIP News"},"image":{"@id":"https:\/\/www.gossip.it\/#\/schema\/logo\/image\/"},"sameAs":["https:\/\/www.facebook.com\/GossipIT","https:\/\/x.com\/gossinews_it","https:\/\/instagram.com\/gossip_it"]},{"@type":"Person","@id":"https:\/\/www.gossip.it\/#\/schema\/person\/4f99be5acc78d3f1b07a146d4fe8256b","name":"Annamaria Capozzi","image":{"@type":"ImageObject","inLanguage":"it-IT","@id":"https:\/\/www.gossip.it\/#\/schema\/person\/image\/","url":"https:\/\/secure.gravatar.com\/avatar\/a8f8ec0362739e51683bf764949dfb9f8d2539eecc144f2dd938d6381b053468?s=96&d=mm&r=g","contentUrl":"https:\/\/secure.gravatar.com\/avatar\/a8f8ec0362739e51683bf764949dfb9f8d2539eecc144f2dd938d6381b053468?s=96&d=mm&r=g","caption":"Annamaria Capozzi"}}]}},"amp_enabled":true,"_links":{"self":[{"href":"https:\/\/www.gossip.it\/api\/wp\/v2\/posts\/144786","targetHints":{"allow":["GET"]}}],"collection":[{"href":"https:\/\/www.gossip.it\/api\/wp\/v2\/posts"}],"about":[{"href":"https:\/\/www.gossip.it\/api\/wp\/v2\/types\/post"}],"author":[{"embeddable":true,"href":"https:\/\/www.gossip.it\/api\/wp\/v2\/users\/4"}],"replies":[{"embeddable":true,"href":"https:\/\/www.gossip.it\/api\/wp\/v2\/comments?post=144786"}],"version-history":[{"count":1,"href":"https:\/\/www.gossip.it\/api\/wp\/v2\/posts\/144786\/revisions"}],"predecessor-version":[{"id":144895,"href":"https:\/\/www.gossip.it\/api\/wp\/v2\/posts\/144786\/revisions\/144895"}],"wp:featuredmedia":[{"embeddable":true,"href":"https:\/\/www.gossip.it\/api\/wp\/v2\/media\/144791"}],"wp:attachment":[{"href":"https:\/\/www.gossip.it\/api\/wp\/v2\/media?parent=144786"}],"wp:term":[{"taxonomy":"category","embeddable":true,"href":"https:\/\/www.gossip.it\/api\/wp\/v2\/categories?post=144786"},{"taxonomy":"post_tag","embeddable":true,"href":"https:\/\/www.gossip.it\/api\/wp\/v2\/tags?post=144786"},{"taxonomy":"vip","embeddable":true,"href":"https:\/\/www.gossip.it\/api\/wp\/v2\/vip?post=144786"}],"curies":[{"name":"wp","href":"https:\/\/api.w.org\/{rel}","templated":true}]}}