{"id":147002,"date":"2023-04-21T14:15:36","date_gmt":"2023-04-21T12:15:36","guid":{"rendered":"https:\/\/www.gossip.it\/?p=147002"},"modified":"2023-04-23T16:35:44","modified_gmt":"2023-04-23T14:35:44","slug":"claudia-gerini-problemi-sentimentali","status":"publish","type":"post","link":"https:\/\/www.gossip.it\/news\/claudia-gerini-problemi-sentimentali\/","title":{"rendered":"''Sono messa male in amore, forse dovrei andare a Parigi o Berlino'': Claudia Gerini confessa i suoi problemi sentimentali"},"content":{"rendered":"\n<ul class=\"wp-block-list\">\n<li>L\u2019attrice 51enne sottolinea: <em>\u201cA Roma in questo momento non c\u2019\u00e8 gran fermento\u201d<\/em><\/li>\n\n\n\n<li>Sul dating online: <em>\"Me ne hanno parlato le mie amiche di Los Angeles. Mi voglio registrare subito\u201d<\/em><\/li>\n<\/ul>\n\n\n\n<p><a href=\"http:\/\/www.gossip.it\/vip\/claudia-gerini\">Claudia Gerini<\/a> \u00e8 single. A <em>Gente<\/em> l\u2019attrice, 51 anni compiuti lo scorso 18 dicembre, confessa i <strong>problemi sentimentali <\/strong>che l'affliggono:<em> \u201c<strong>Sono messa male in amore<\/strong>\u201d<\/em>. Nessun ritorno di fiamma con l\u2019ex Simon Clementi: <em>\u201cMa no, figurarsi. Io dei miei ex rimango amica. Siamo usciti, ma non ci siamo rimessi assieme\u201d.<\/em> A Roma non trova alcuno che le piaccia.<em> \u201c<strong>Forse dovrei andare a Parigi o Berlino<\/strong>\u201d<\/em>, sottolinea.<\/p>\n\n\n\n<figure class=\"wp-block-image size-large is-resized\"><img decoding=\"async\" src=\"https:\/\/www.gossip.it\/wp-content\/uploads\/2023\/04\/gerini_1-708x1024.jpg\" alt=\"\" class=\"wp-image-147003\" width=\"766\" height=\"1108\" srcset=\"https:\/\/www.gossip.it\/wp-content\/uploads\/2023\/04\/gerini_1-708x1024.jpg 708w, https:\/\/www.gossip.it\/wp-content\/uploads\/2023\/04\/gerini_1-207x300.jpg 207w, https:\/\/www.gossip.it\/wp-content\/uploads\/2023\/04\/gerini_1-768x1111.jpg 768w, https:\/\/www.gossip.it\/wp-content\/uploads\/2023\/04\/gerini_1-1061x1536.jpg 1061w, https:\/\/www.gossip.it\/wp-content\/uploads\/2023\/04\/gerini_1-750x1085.jpg 750w, https:\/\/www.gossip.it\/wp-content\/uploads\/2023\/04\/gerini_1.jpg 1134w\" sizes=\"(max-width: 766px) 100vw, 766px\" \/><figcaption class=\"wp-element-caption\"><em>''Sono messa male in amore, forse dovrei andare a Parigi o Berlino''<\/em>: Claudia Gerini confessa i suoi problemi sentimentali<\/figcaption><\/figure>\n\n\n\n<p><em>\u201cLo scriva: <strong>la Gerini \u00e8 messa male in amore<\/strong><\/em> - rivela Claudia al settimanale - <em><strong>Non c\u2019\u00e8 nessuno che mi piace<\/strong>. A Roma in questo momento non c\u2019\u00e8 gran fermento. Sar\u00e0 quello? <strong>Forse bisogna andare a Berlino o a Parigi?<\/strong> Forse in Texas, qualche bel cowboy vecchia maniera\u2026\u201d.<\/em> Quando le si parla del dating online, facendo riferimento a Raya, la app americana solo su invito per fissare appuntamenti tra famosi, Claudia dice ironica:<em> \u201cMe ne hanno parlato le mie amiche di Los Angeles. Ora devo capire come funziona.<strong> Mi voglio registrare subito<\/strong>\u201d.\u00a0<\/em><\/p>\n\n\n\n<p>Il 2 maggio uscir\u00e0 il suo primo libro, <em>\u201cSe chiudo gli occhi. Vita, amori e passioni di una pragmatica sognatrice\u201d<\/em>, edito da Piemme, in cui si racconta. La Gerini nel volume di s\u00e9 dice:<em> \u201cIo sono come un cavallo di razza, bisogna sapermi domare, addomesticare, farmi correre libera, ma anche tenermi, in equilibrio di libert\u00e0 e presenza\u201d.\u00a0<\/em><\/p>\n\n\n\n<figure class=\"wp-block-image size-large\"><img decoding=\"async\" width=\"819\" height=\"1024\" src=\"https:\/\/www.gossip.it\/wp-content\/uploads\/2023\/04\/gerini_2-819x1024.jpg\" alt=\"\" class=\"wp-image-147004\" srcset=\"https:\/\/www.gossip.it\/wp-content\/uploads\/2023\/04\/gerini_2-819x1024.jpg 819w, https:\/\/www.gossip.it\/wp-content\/uploads\/2023\/04\/gerini_2-240x300.jpg 240w, https:\/\/www.gossip.it\/wp-content\/uploads\/2023\/04\/gerini_2-768x960.jpg 768w, https:\/\/www.gossip.it\/wp-content\/uploads\/2023\/04\/gerini_2-750x938.jpg 750w, https:\/\/www.gossip.it\/wp-content\/uploads\/2023\/04\/gerini_2.jpg 1134w\" sizes=\"(max-width: 819px) 100vw, 819px\" \/><figcaption class=\"wp-element-caption\">L\u2019attrice 51enne sottolinea: <em>\u201cA Roma in questo momento non c\u2019\u00e8 gran fermento\u201d<\/em><\/figcaption><\/figure>\n\n\n\n<p><em>\u201cHo usato la metafora del cavallo perch\u00e9 sono Sagittario. A me piace essere libera, viaggiare. E poi faccio un tipo di lavoro per cui incontro molte persone. <strong>Devo avere vicino un uomo che capisca questo mio bisogno di indipendenza e di libert\u00e0<\/strong>, ma che poi, quando stiamo assieme, sappia il fatto suo <\/em>- spiega - <em><strong>Un uomo con personalit\u00e0, che non lasci decidere solo me<\/strong>. Odio quelli del \u2018facciamo come vuoi tu, amore\u2019. A me piace il \u2018facciamo come vogliamo noi due\u2019\u201d.<\/em><\/p>\n\n\n\n<p>L\u2019artista rimane fiduciosa sugli affari di cuore: <em>\u201cL\u2019amore \u00e8 una entit\u00e0 che si presenta quando vuole lui. Non possiamo sapere quando si far\u00e0 vedere. E io <strong>sono certa che prima o poi incontrer\u00f2 un uomo con cui fare ancora un pezzo di strada assieme<\/strong>. Certo, ci vuole anche cu*o!\u201d.<\/em><\/p>\n\n\n\n<figure class=\"wp-block-image size-large\"><img decoding=\"async\" width=\"1024\" height=\"1024\" src=\"https:\/\/www.gossip.it\/wp-content\/uploads\/2023\/04\/gerini_3-1024x1024.jpg\" alt=\"\" class=\"wp-image-147005\" srcset=\"https:\/\/www.gossip.it\/wp-content\/uploads\/2023\/04\/gerini_3-1024x1024.jpg 1024w, https:\/\/www.gossip.it\/wp-content\/uploads\/2023\/04\/gerini_3-300x300.jpg 300w, https:\/\/www.gossip.it\/wp-content\/uploads\/2023\/04\/gerini_3-150x150.jpg 150w, https:\/\/www.gossip.it\/wp-content\/uploads\/2023\/04\/gerini_3-768x768.jpg 768w, https:\/\/www.gossip.it\/wp-content\/uploads\/2023\/04\/gerini_3-75x75.jpg 75w, https:\/\/www.gossip.it\/wp-content\/uploads\/2023\/04\/gerini_3-750x750.jpg 750w, https:\/\/www.gossip.it\/wp-content\/uploads\/2023\/04\/gerini_3.jpg 1134w\" sizes=\"(max-width: 1024px) 100vw, 1024px\" \/><figcaption class=\"wp-element-caption\">Il 2 maggio uscir\u00e0 il suo primo libro, <em>\u201cSe chiudo gli occhi. Vita, amori e passioni di una pragmatica sognatrice\u201d<\/em>, edito da Piemme, in cui si racconta<\/figcaption><\/figure>\n\n\n\n<p>Su di lei che ha superato i 50 anni Claudia rivela:<em> \u201cMi sento bene, in forma, energica. <strong>Sto sempre in lotta con qualche chilo in pi\u00f9 o in meno<\/strong>. La mia natura ha rimandato ancora per qualche anno il momento della menopausa, ma prima o poi dovr\u00f2 farci i conti. Ed \u00e8 bello sapere che ci sono farmaci e fitoterapia che ci possono aiutare\u201d.\u00a0<\/em><\/p>\n\n\n\n<p><em>\u201cSe potessi fermare il tempo, <strong>mi fermerei ai 50<\/strong><\/em> - aggiunge la Gerini -<em> La testa funziona, ho tutti gli strumenti affinati, ho esperienza, mi sono fatta male, ma ora so cosa voglio e cosa no. E\u2019 un\u2019et\u00e0 di grande consapevolezza, ma ho ancora voglia di mettermi in gioco. La sicurezza che ho ora, a 30 anni non l\u2019avevo. E poi ho imparato a fidarmi del mio istinto, cosa che prima non facevo. In molti momenti della nostra vita dobbiamo decidere le cose in un attimo, in punta di dita, come se stare in un film o no. Fino ad ora mi \u00e8 sempre andata bene\u201d.<\/em><\/p>\n","protected":false},"excerpt":{"rendered":"<p>Claudia Gerini \u00e8 single. A Gente l\u2019attrice, 51 anni compiuti lo scorso 18 dicembre, confessa i problemi sentimentali che l'affliggono: \u201cSono messa male in amore\u201d. Nessun ritorno di fiamma con l\u2019ex Simon Clementi: \u201cMa no, figurarsi. Io dei miei ex rimango amica. Siamo usciti, ma non ci siamo rimessi assieme\u201d. A Roma non trova alcuno [&hellip;]<\/p>\n","protected":false},"author":4,"featured_media":147006,"comment_status":"open","ping_status":"closed","sticky":false,"template":"","format":"standard","meta":{"footnotes":""},"categories":[54],"tags":[68814,68816,68815,3333,2793,68817,67046],"vip":[503],"class_list":["post-147002","post","type-post","status-publish","format-standard","has-post-thumbnail","hentry","category-news","tag-claudiagerini","tag-claudiageriniamore","tag-claudiagerinisingle","tag-gente","tag-gossip","tag-sechiudogliochhi","tag-sifb","vip-claudia_gerini"],"yoast_head":"<title>&#039;&#039;Sono messa male in amore, forse dovrei andare a Parigi o Berlino&#039;&#039;: Claudia Gerini confessa i suoi problemi sentimentali - Gossip.it | News sul Gossip e VIP<\/title>\n<meta name=\"description\" content=\"&#039;&#039;Sono messa male in amore, forse dovrei andare a Parigi o Berlino&#039;&#039;: Claudia Gerini confessa i suoi problemi sentimentali\" \/>\n<meta name=\"robots\" content=\"index, follow, max-snippet:-1, max-image-preview:large, max-video-preview:-1\" \/>\n<link rel=\"canonical\" href=\"https:\/\/www.gossip.it\/news\/claudia-gerini-problemi-sentimentali\/\" \/>\n<meta property=\"og:locale\" content=\"it_IT\" \/>\n<meta property=\"og:type\" content=\"article\" \/>\n<meta property=\"og:title\" content=\"&#039;&#039;Sono messa male in amore, forse dovrei andare a Parigi o Berlino&#039;&#039;: Claudia Gerini confessa i suoi problemi sentimentali - Gossip.it | News sul Gossip e VIP\" \/>\n<meta property=\"og:description\" content=\"&#039;&#039;Sono messa male in amore, forse dovrei andare a Parigi o Berlino&#039;&#039;: Claudia Gerini confessa i suoi problemi sentimentali\" \/>\n<meta property=\"og:url\" content=\"https:\/\/www.gossip.it\/news\/claudia-gerini-problemi-sentimentali\/\" \/>\n<meta property=\"og:site_name\" content=\"Gossip.it | News sul Gossip e VIP\" \/>\n<meta property=\"article:publisher\" content=\"https:\/\/www.facebook.com\/GossipIT\" \/>\n<meta property=\"article:published_time\" content=\"2023-04-21T12:15:36+00:00\" \/>\n<meta property=\"article:modified_time\" content=\"2023-04-23T14:35:44+00:00\" \/>\n<meta property=\"og:image\" content=\"https:\/\/www.gossip.it\/wp-content\/uploads\/2023\/04\/lancio-GERINI-FB.jpg\" \/>\n\t<meta property=\"og:image:width\" content=\"1134\" \/>\n\t<meta property=\"og:image:height\" content=\"590\" \/>\n\t<meta property=\"og:image:type\" content=\"image\/jpeg\" \/>\n<meta name=\"author\" content=\"Annamaria Capozzi\" \/>\n<meta name=\"twitter:card\" content=\"summary_large_image\" \/>\n<meta name=\"twitter:creator\" content=\"@gossinews_it\" \/>\n<meta name=\"twitter:site\" content=\"@gossinews_it\" \/>\n<meta name=\"twitter:label1\" content=\"Scritto da\" \/>\n\t<meta name=\"twitter:data1\" content=\"Annamaria Capozzi\" \/>\n\t<meta name=\"twitter:label2\" content=\"Tempo di lettura stimato\" \/>\n\t<meta name=\"twitter:data2\" content=\"4 minuti\" \/>","yoast_head_json":{"title":"''Sono messa male in amore, forse dovrei andare a Parigi o Berlino'': Claudia Gerini confessa i suoi problemi sentimentali - Gossip.it | News sul Gossip e VIP","description":"''Sono messa male in amore, forse dovrei andare a Parigi o Berlino'': Claudia Gerini confessa i suoi problemi sentimentali","robots":{"index":"index","follow":"follow","max-snippet":"max-snippet:-1","max-image-preview":"max-image-preview:large","max-video-preview":"max-video-preview:-1"},"canonical":"https:\/\/www.gossip.it\/news\/claudia-gerini-problemi-sentimentali\/","og_locale":"it_IT","og_type":"article","og_title":"''Sono messa male in amore, forse dovrei andare a Parigi o Berlino'': Claudia Gerini confessa i suoi problemi sentimentali - Gossip.it | News sul Gossip e VIP","og_description":"''Sono messa male in amore, forse dovrei andare a Parigi o Berlino'': Claudia Gerini confessa i suoi problemi sentimentali","og_url":"https:\/\/www.gossip.it\/news\/claudia-gerini-problemi-sentimentali\/","og_site_name":"Gossip.it | News sul Gossip e VIP","article_publisher":"https:\/\/www.facebook.com\/GossipIT","article_published_time":"2023-04-21T12:15:36+00:00","article_modified_time":"2023-04-23T14:35:44+00:00","og_image":[{"width":1134,"height":590,"url":"https:\/\/www.gossip.it\/wp-content\/uploads\/2023\/04\/lancio-GERINI-FB.jpg","type":"image\/jpeg"}],"author":"Annamaria Capozzi","twitter_card":"summary_large_image","twitter_creator":"@gossinews_it","twitter_site":"@gossinews_it","twitter_misc":{"Scritto da":"Annamaria Capozzi","Tempo di lettura stimato":"4 minuti"},"schema":{"@context":"https:\/\/schema.org","@graph":[{"@type":"Article","@id":"https:\/\/www.gossip.it\/news\/claudia-gerini-problemi-sentimentali\/#article","isPartOf":{"@id":"https:\/\/www.gossip.it\/news\/claudia-gerini-problemi-sentimentali\/"},"author":{"name":"Annamaria Capozzi","@id":"https:\/\/www.gossip.it\/#\/schema\/person\/4f99be5acc78d3f1b07a146d4fe8256b"},"headline":"''Sono messa male in amore, forse dovrei andare a Parigi o Berlino'': Claudia Gerini confessa i suoi problemi sentimentali","datePublished":"2023-04-21T12:15:36+00:00","dateModified":"2023-04-23T14:35:44+00:00","mainEntityOfPage":{"@id":"https:\/\/www.gossip.it\/news\/claudia-gerini-problemi-sentimentali\/"},"wordCount":620,"commentCount":0,"publisher":{"@id":"https:\/\/www.gossip.it\/#organization"},"image":{"@id":"https:\/\/www.gossip.it\/news\/claudia-gerini-problemi-sentimentali\/#primaryimage"},"thumbnailUrl":"https:\/\/www.gossip.it\/wp-content\/uploads\/2023\/04\/lancio-GERINI.jpg","keywords":["claudiagerini","claudiageriniamore","claudiagerinisingle","gente","gossip","sechiudogliochhi","sifb"],"articleSection":["News"],"inLanguage":"it-IT","potentialAction":[{"@type":"CommentAction","name":"Comment","target":["https:\/\/www.gossip.it\/news\/claudia-gerini-problemi-sentimentali\/#respond"]}]},{"@type":"WebPage","@id":"https:\/\/www.gossip.it\/news\/claudia-gerini-problemi-sentimentali\/","url":"https:\/\/www.gossip.it\/news\/claudia-gerini-problemi-sentimentali\/","name":"''Sono messa male in amore, forse dovrei andare a Parigi o Berlino'': Claudia Gerini confessa i suoi problemi sentimentali - Gossip.it | News sul Gossip e VIP","isPartOf":{"@id":"https:\/\/www.gossip.it\/#website"},"primaryImageOfPage":{"@id":"https:\/\/www.gossip.it\/news\/claudia-gerini-problemi-sentimentali\/#primaryimage"},"image":{"@id":"https:\/\/www.gossip.it\/news\/claudia-gerini-problemi-sentimentali\/#primaryimage"},"thumbnailUrl":"https:\/\/www.gossip.it\/wp-content\/uploads\/2023\/04\/lancio-GERINI.jpg","datePublished":"2023-04-21T12:15:36+00:00","dateModified":"2023-04-23T14:35:44+00:00","description":"''Sono messa male in amore, forse dovrei andare a Parigi o Berlino'': Claudia Gerini confessa i suoi problemi sentimentali","breadcrumb":{"@id":"https:\/\/www.gossip.it\/news\/claudia-gerini-problemi-sentimentali\/#breadcrumb"},"inLanguage":"it-IT","potentialAction":[{"@type":"ReadAction","target":["https:\/\/www.gossip.it\/news\/claudia-gerini-problemi-sentimentali\/"]}]},{"@type":"ImageObject","inLanguage":"it-IT","@id":"https:\/\/www.gossip.it\/news\/claudia-gerini-problemi-sentimentali\/#primaryimage","url":"https:\/\/www.gossip.it\/wp-content\/uploads\/2023\/04\/lancio-GERINI.jpg","contentUrl":"https:\/\/www.gossip.it\/wp-content\/uploads\/2023\/04\/lancio-GERINI.jpg","width":1134,"height":808},{"@type":"BreadcrumbList","@id":"https:\/\/www.gossip.it\/news\/claudia-gerini-problemi-sentimentali\/#breadcrumb","itemListElement":[{"@type":"ListItem","position":1,"name":"Home","item":"https:\/\/www.gossip.it\/"},{"@type":"ListItem","position":2,"name":"''Sono messa male in amore, forse dovrei andare a Parigi o Berlino'': Claudia Gerini confessa i suoi problemi sentimentali"}]},{"@type":"WebSite","@id":"https:\/\/www.gossip.it\/#website","url":"https:\/\/www.gossip.it\/","name":"Gossip and VIP News","description":"Quotidiano di cronaca rosa, costume e societ\u00e0","publisher":{"@id":"https:\/\/www.gossip.it\/#organization"},"alternateName":"Gossip and VIP News","potentialAction":[{"@type":"SearchAction","target":{"@type":"EntryPoint","urlTemplate":"https:\/\/www.gossip.it\/?s={search_term_string}"},"query-input":{"@type":"PropertyValueSpecification","valueRequired":true,"valueName":"search_term_string"}}],"inLanguage":"it-IT"},{"@type":"Organization","@id":"https:\/\/www.gossip.it\/#organization","name":"Gossip and VIP News","alternateName":"Gossip News","url":"https:\/\/www.gossip.it\/","logo":{"@type":"ImageObject","inLanguage":"it-IT","@id":"https:\/\/www.gossip.it\/#\/schema\/logo\/image\/","url":"https:\/\/www.gossip.it\/wp-content\/uploads\/2022\/04\/cropped-corna-alta-tiny.png","contentUrl":"https:\/\/www.gossip.it\/wp-content\/uploads\/2022\/04\/cropped-corna-alta-tiny.png","width":512,"height":512,"caption":"Gossip and VIP News"},"image":{"@id":"https:\/\/www.gossip.it\/#\/schema\/logo\/image\/"},"sameAs":["https:\/\/www.facebook.com\/GossipIT","https:\/\/x.com\/gossinews_it","https:\/\/instagram.com\/gossip_it"]},{"@type":"Person","@id":"https:\/\/www.gossip.it\/#\/schema\/person\/4f99be5acc78d3f1b07a146d4fe8256b","name":"Annamaria Capozzi","image":{"@type":"ImageObject","inLanguage":"it-IT","@id":"https:\/\/www.gossip.it\/#\/schema\/person\/image\/","url":"https:\/\/secure.gravatar.com\/avatar\/a8f8ec0362739e51683bf764949dfb9f8d2539eecc144f2dd938d6381b053468?s=96&d=mm&r=g","contentUrl":"https:\/\/secure.gravatar.com\/avatar\/a8f8ec0362739e51683bf764949dfb9f8d2539eecc144f2dd938d6381b053468?s=96&d=mm&r=g","caption":"Annamaria Capozzi"}}]}},"amp_enabled":true,"_links":{"self":[{"href":"https:\/\/www.gossip.it\/api\/wp\/v2\/posts\/147002","targetHints":{"allow":["GET"]}}],"collection":[{"href":"https:\/\/www.gossip.it\/api\/wp\/v2\/posts"}],"about":[{"href":"https:\/\/www.gossip.it\/api\/wp\/v2\/types\/post"}],"author":[{"embeddable":true,"href":"https:\/\/www.gossip.it\/api\/wp\/v2\/users\/4"}],"replies":[{"embeddable":true,"href":"https:\/\/www.gossip.it\/api\/wp\/v2\/comments?post=147002"}],"version-history":[{"count":1,"href":"https:\/\/www.gossip.it\/api\/wp\/v2\/posts\/147002\/revisions"}],"predecessor-version":[{"id":147008,"href":"https:\/\/www.gossip.it\/api\/wp\/v2\/posts\/147002\/revisions\/147008"}],"wp:featuredmedia":[{"embeddable":true,"href":"https:\/\/www.gossip.it\/api\/wp\/v2\/media\/147006"}],"wp:attachment":[{"href":"https:\/\/www.gossip.it\/api\/wp\/v2\/media?parent=147002"}],"wp:term":[{"taxonomy":"category","embeddable":true,"href":"https:\/\/www.gossip.it\/api\/wp\/v2\/categories?post=147002"},{"taxonomy":"post_tag","embeddable":true,"href":"https:\/\/www.gossip.it\/api\/wp\/v2\/tags?post=147002"},{"taxonomy":"vip","embeddable":true,"href":"https:\/\/www.gossip.it\/api\/wp\/v2\/vip?post=147002"}],"curies":[{"name":"wp","href":"https:\/\/api.w.org\/{rel}","templated":true}]}}