{"id":149172,"date":"2023-05-25T13:38:19","date_gmt":"2023-05-25T11:38:19","guid":{"rendered":"https:\/\/www.gossip.it\/?p=149172"},"modified":"2023-05-25T16:07:44","modified_gmt":"2023-05-25T14:07:44","slug":"io-e-simone-sposeremo-estero-annuncio-alessandro-cecchi-paone","status":"publish","type":"post","link":"https:\/\/www.gossip.it\/news\/io-e-simone-sposeremo-estero-annuncio-alessandro-cecchi-paone\/","title":{"rendered":"''Io e Simone ci sposeremo all'estero, potr\u00f2 adottare sua figlia'': l'annuncio di Alessandro Cecchi Paone"},"content":{"rendered":"\n<ul class=\"wp-block-list\">\n<li>Il giornalista 61enne desidera il s\u00ec con Antolini, 22 anni: vuole assicurare a Melissa stabilit\u00e0\u00a0<\/li>\n\n\n\n<li>Il divulgatore scientifico lo rivela a <em>Pomeriggio Cinque<\/em>, ospite di Barbara d\u2019Urso<\/li>\n<\/ul>\n\n\n\n<p><a href=\"http:\/\/www.gossip.it\/vip\/alessandro-cecchi-paone\">Alessandro Cecchi Paone<\/a> lo annuncia sicuro a <em>Pomeriggio Cinque<\/em>, ospite di <a href=\"http:\/\/www.gossip.it\/vip\/barbara-d-urso\">Barbara d\u2019Urso<\/a>: <em>\u201c<strong>Simone e io ci sposeremo all\u2019estero, cos\u00ec potr\u00e0 adottare sua figlia<\/strong>\u201d<\/em>. Il 61enne desidera il s\u00ec con <a href=\"http:\/\/www.gossip.it\/vip\/simone-antolini\">Antolini<\/a>, 22 anni: innamorato, <strong>vuole assicurare alla piccola Melissa, 5 anni il prossimo 2 agosto, stabilit\u00e0<\/strong>, anche dal punto di vista economico.<\/p>\n\n\n\n<figure class=\"wp-block-image size-large\"><img decoding=\"async\" width=\"1024\" height=\"576\" src=\"https:\/\/www.gossip.it\/wp-content\/uploads\/2023\/05\/paone_1-2-1024x576.jpg\" alt=\"\" class=\"wp-image-149173\" srcset=\"https:\/\/www.gossip.it\/wp-content\/uploads\/2023\/05\/paone_1-2-1024x576.jpg 1024w, https:\/\/www.gossip.it\/wp-content\/uploads\/2023\/05\/paone_1-2-300x169.jpg 300w, https:\/\/www.gossip.it\/wp-content\/uploads\/2023\/05\/paone_1-2-768x432.jpg 768w, https:\/\/www.gossip.it\/wp-content\/uploads\/2023\/05\/paone_1-2-750x422.jpg 750w, https:\/\/www.gossip.it\/wp-content\/uploads\/2023\/05\/paone_1-2-730x410.jpg 730w, https:\/\/www.gossip.it\/wp-content\/uploads\/2023\/05\/paone_1-2.jpg 1134w\" sizes=\"(max-width: 1024px) 100vw, 1024px\" \/><figcaption class=\"wp-element-caption\"><em>''Io e Simone ci sposeremo all'estero, potr\u00f2 adottare sua figlia''<\/em>: l'annuncio di Alessandro Cecchi Paone<\/figcaption><\/figure>\n\n\n\n<p>Il giornalista in tv, su Canale 5, alla conduttrice racconta il suo rapporto con la bambina e parla dell\u2019unione con il giovane fidanzato, diventato padre due mesi prima di compiere 18 anni, quando era ancora minorenne: <em>\u201c<strong>La piccola mi chiama zio Alessandro<\/strong>. Oggi abbiamo dichiarato a NuovoTv che <strong>ci sposeremo presto, purtroppo dobbiamo farlo all'estero, perch\u00e9 se ci sposiamo all'estero io avr\u00f2 il diritto di adottarla<\/strong>, se il pap\u00e0 e la mamma sono o saranno d'accordo.\u00a0Uno dei motivi per cui siamo andati insieme all'Isola dei Famosi \u00e8 per accendere una luce su un problema che hanno tante coppie non famose. Non \u00e8 che essendo famosi io e Simone troveremo una soluzione, d'accordo tutti, ma degli altri non ne parla pi\u00f9 nessuno\u201d.<\/em><\/p>\n\n\n\n<figure class=\"wp-block-image size-large\"><img decoding=\"async\" width=\"1024\" height=\"576\" src=\"https:\/\/www.gossip.it\/wp-content\/uploads\/2023\/05\/paone_2-2-1024x576.jpg\" alt=\"\" class=\"wp-image-149174\" srcset=\"https:\/\/www.gossip.it\/wp-content\/uploads\/2023\/05\/paone_2-2-1024x576.jpg 1024w, https:\/\/www.gossip.it\/wp-content\/uploads\/2023\/05\/paone_2-2-300x169.jpg 300w, https:\/\/www.gossip.it\/wp-content\/uploads\/2023\/05\/paone_2-2-768x432.jpg 768w, https:\/\/www.gossip.it\/wp-content\/uploads\/2023\/05\/paone_2-2-750x422.jpg 750w, https:\/\/www.gossip.it\/wp-content\/uploads\/2023\/05\/paone_2-2-730x410.jpg 730w, https:\/\/www.gossip.it\/wp-content\/uploads\/2023\/05\/paone_2-2.jpg 1134w\" sizes=\"(max-width: 1024px) 100vw, 1024px\" \/><figcaption class=\"wp-element-caption\">Il giornalista 61enne desidera il s\u00ec con Antolini, 22 anni: vuole assicurare a Melissa stabilit\u00e0\u00a0<\/figcaption><\/figure>\n\n\n\n<figure class=\"wp-block-image size-large\"><img decoding=\"async\" width=\"1024\" height=\"576\" src=\"https:\/\/www.gossip.it\/wp-content\/uploads\/2023\/05\/paone_3-1-1024x576.jpg\" alt=\"\" class=\"wp-image-149175\" srcset=\"https:\/\/www.gossip.it\/wp-content\/uploads\/2023\/05\/paone_3-1-1024x576.jpg 1024w, https:\/\/www.gossip.it\/wp-content\/uploads\/2023\/05\/paone_3-1-300x169.jpg 300w, https:\/\/www.gossip.it\/wp-content\/uploads\/2023\/05\/paone_3-1-768x432.jpg 768w, https:\/\/www.gossip.it\/wp-content\/uploads\/2023\/05\/paone_3-1-750x422.jpg 750w, https:\/\/www.gossip.it\/wp-content\/uploads\/2023\/05\/paone_3-1-730x410.jpg 730w, https:\/\/www.gossip.it\/wp-content\/uploads\/2023\/05\/paone_3-1.jpg 1134w\" sizes=\"(max-width: 1024px) 100vw, 1024px\" \/><figcaption class=\"wp-element-caption\">Il divulgatore scientifico lo rivela a <em>Pomeriggio Cinque<\/em>, ospite di Barbara d\u2019Urso<\/figcaption><\/figure>\n\n\n\n<p>La d\u2019Urso chiede a Cecchi Paone se abbia saputo subito, o meno, che Simone fosse gi\u00e0 padre, quando si sono conosciuti. <em>\u201c<strong>Subito<\/strong>, perch\u00e9\u2026 Quando sono uscite le famose foto su Chi, in settembre, era in vacanza con la bambina da me, da un mese. <strong>Fin dal primo momento perch\u00e9 lui sa che le persone grandi potrebbero scappare a gambe levate<\/strong>, sia donne che uomini. <strong>Io invece l'ho accolta con amore<\/strong>, perch\u00e9 \u00e8 una bambina di 4 anni, abituata ad una situazione difficile, quindi pi\u00f9 adulta della sua et\u00e0, sa essere bambina, ma anche una piccola donna\u201d<\/em>. Ora vuole che diventi pure sua figlia.<\/p>\n","protected":false},"excerpt":{"rendered":"<p>Alessandro Cecchi Paone lo annuncia sicuro a Pomeriggio Cinque, ospite di Barbara d\u2019Urso: \u201cSimone e io ci sposeremo all\u2019estero, cos\u00ec potr\u00e0 adottare sua figlia\u201d. Il 61enne desidera il s\u00ec con Antolini, 22 anni: innamorato, vuole assicurare alla piccola Melissa, 5 anni il prossimo 2 agosto, stabilit\u00e0, anche dal punto di vista economico. Il giornalista in [&hellip;]<\/p>\n","protected":false},"author":4,"featured_media":149176,"comment_status":"open","ping_status":"closed","sticky":false,"template":"","format":"standard","meta":{"footnotes":""},"categories":[54],"tags":[64871,68906,63692,2793,2199,63498,63693,67046,64872,69380,2097],"vip":[259],"class_list":["post-149172","post","type-post","status-publish","format-standard","has-post-thumbnail","hentry","category-news","tag-alessandrocecchipaone","tag-alessandrocecchipaonefidanzato","tag-barbaradurso","tag-gossip","tag-isola","tag-isoladeifamosi","tag-pomeriggio5","tag-sifb","tag-simoneantolini","tag-simoneantolinifiglia","tag-tv","vip-alessandro_cecchi_paone"],"yoast_head":"<title>&#039;&#039;Io e Simone ci sposeremo all&#039;estero, potr\u00f2 adottare sua figlia&#039;&#039;: l&#039;annuncio di Alessandro Cecchi Paone - Gossip.it | News sul Gossip e VIP<\/title>\n<meta name=\"description\" content=\"&#039;&#039;Io e Simone ci sposeremo all&#039;estero, potr\u00f2 adottare sua figlia&#039;&#039;: l&#039;annuncio in tv di Alessandro Cecchi Paone\" \/>\n<meta name=\"robots\" content=\"index, follow, max-snippet:-1, max-image-preview:large, max-video-preview:-1\" \/>\n<link rel=\"canonical\" href=\"https:\/\/www.gossip.it\/news\/io-e-simone-sposeremo-estero-annuncio-alessandro-cecchi-paone\/\" \/>\n<meta property=\"og:locale\" content=\"it_IT\" \/>\n<meta property=\"og:type\" content=\"article\" \/>\n<meta property=\"og:title\" content=\"&#039;&#039;Io e Simone ci sposeremo all&#039;estero, potr\u00f2 adottare sua figlia&#039;&#039;: l&#039;annuncio di Alessandro Cecchi Paone - Gossip.it | News sul Gossip e VIP\" \/>\n<meta property=\"og:description\" content=\"&#039;&#039;Io e Simone ci sposeremo all&#039;estero, potr\u00f2 adottare sua figlia&#039;&#039;: l&#039;annuncio in tv di Alessandro Cecchi Paone\" \/>\n<meta property=\"og:url\" content=\"https:\/\/www.gossip.it\/news\/io-e-simone-sposeremo-estero-annuncio-alessandro-cecchi-paone\/\" \/>\n<meta property=\"og:site_name\" content=\"Gossip.it | News sul Gossip e VIP\" \/>\n<meta property=\"article:publisher\" content=\"https:\/\/www.facebook.com\/GossipIT\" \/>\n<meta property=\"article:published_time\" content=\"2023-05-25T11:38:19+00:00\" \/>\n<meta property=\"article:modified_time\" content=\"2023-05-25T14:07:44+00:00\" \/>\n<meta property=\"og:image\" content=\"https:\/\/www.gossip.it\/wp-content\/uploads\/2023\/05\/lancio-PAONE-FB-1.jpg\" \/>\n\t<meta property=\"og:image:width\" content=\"1134\" \/>\n\t<meta property=\"og:image:height\" content=\"570\" \/>\n\t<meta property=\"og:image:type\" content=\"image\/jpeg\" \/>\n<meta name=\"author\" content=\"Annamaria Capozzi\" \/>\n<meta name=\"twitter:card\" content=\"summary_large_image\" \/>\n<meta name=\"twitter:creator\" content=\"@gossinews_it\" \/>\n<meta name=\"twitter:site\" content=\"@gossinews_it\" \/>\n<meta name=\"twitter:label1\" content=\"Scritto da\" \/>\n\t<meta name=\"twitter:data1\" content=\"Annamaria Capozzi\" \/>\n\t<meta name=\"twitter:label2\" content=\"Tempo di lettura stimato\" \/>\n\t<meta name=\"twitter:data2\" content=\"3 minuti\" \/>","yoast_head_json":{"title":"''Io e Simone ci sposeremo all'estero, potr\u00f2 adottare sua figlia'': l'annuncio di Alessandro Cecchi Paone - Gossip.it | News sul Gossip e VIP","description":"''Io e Simone ci sposeremo all'estero, potr\u00f2 adottare sua figlia'': l'annuncio in tv di Alessandro Cecchi Paone","robots":{"index":"index","follow":"follow","max-snippet":"max-snippet:-1","max-image-preview":"max-image-preview:large","max-video-preview":"max-video-preview:-1"},"canonical":"https:\/\/www.gossip.it\/news\/io-e-simone-sposeremo-estero-annuncio-alessandro-cecchi-paone\/","og_locale":"it_IT","og_type":"article","og_title":"''Io e Simone ci sposeremo all'estero, potr\u00f2 adottare sua figlia'': l'annuncio di Alessandro Cecchi Paone - Gossip.it | News sul Gossip e VIP","og_description":"''Io e Simone ci sposeremo all'estero, potr\u00f2 adottare sua figlia'': l'annuncio in tv di Alessandro Cecchi Paone","og_url":"https:\/\/www.gossip.it\/news\/io-e-simone-sposeremo-estero-annuncio-alessandro-cecchi-paone\/","og_site_name":"Gossip.it | News sul Gossip e VIP","article_publisher":"https:\/\/www.facebook.com\/GossipIT","article_published_time":"2023-05-25T11:38:19+00:00","article_modified_time":"2023-05-25T14:07:44+00:00","og_image":[{"width":1134,"height":570,"url":"https:\/\/www.gossip.it\/wp-content\/uploads\/2023\/05\/lancio-PAONE-FB-1.jpg","type":"image\/jpeg"}],"author":"Annamaria Capozzi","twitter_card":"summary_large_image","twitter_creator":"@gossinews_it","twitter_site":"@gossinews_it","twitter_misc":{"Scritto da":"Annamaria Capozzi","Tempo di lettura stimato":"3 minuti"},"schema":{"@context":"https:\/\/schema.org","@graph":[{"@type":"Article","@id":"https:\/\/www.gossip.it\/news\/io-e-simone-sposeremo-estero-annuncio-alessandro-cecchi-paone\/#article","isPartOf":{"@id":"https:\/\/www.gossip.it\/news\/io-e-simone-sposeremo-estero-annuncio-alessandro-cecchi-paone\/"},"author":{"name":"Annamaria Capozzi","@id":"https:\/\/www.gossip.it\/#\/schema\/person\/4f99be5acc78d3f1b07a146d4fe8256b"},"headline":"''Io e Simone ci sposeremo all'estero, potr\u00f2 adottare sua figlia'': l'annuncio di Alessandro Cecchi Paone","datePublished":"2023-05-25T11:38:19+00:00","dateModified":"2023-05-25T14:07:44+00:00","mainEntityOfPage":{"@id":"https:\/\/www.gossip.it\/news\/io-e-simone-sposeremo-estero-annuncio-alessandro-cecchi-paone\/"},"wordCount":366,"commentCount":0,"publisher":{"@id":"https:\/\/www.gossip.it\/#organization"},"image":{"@id":"https:\/\/www.gossip.it\/news\/io-e-simone-sposeremo-estero-annuncio-alessandro-cecchi-paone\/#primaryimage"},"thumbnailUrl":"https:\/\/www.gossip.it\/wp-content\/uploads\/2023\/05\/lancio-PAONE-1.jpg","keywords":["alessandrocecchipaone","alessandrocecchipaonefidanzato","barbaradurso","gossip","isola","isoladeifamosi","pomeriggio5","sifb","simoneantolini","simoneantolinifiglia","tv"],"articleSection":["News"],"inLanguage":"it-IT","potentialAction":[{"@type":"CommentAction","name":"Comment","target":["https:\/\/www.gossip.it\/news\/io-e-simone-sposeremo-estero-annuncio-alessandro-cecchi-paone\/#respond"]}]},{"@type":"WebPage","@id":"https:\/\/www.gossip.it\/news\/io-e-simone-sposeremo-estero-annuncio-alessandro-cecchi-paone\/","url":"https:\/\/www.gossip.it\/news\/io-e-simone-sposeremo-estero-annuncio-alessandro-cecchi-paone\/","name":"''Io e Simone ci sposeremo all'estero, potr\u00f2 adottare sua figlia'': l'annuncio di Alessandro Cecchi Paone - Gossip.it | News sul Gossip e VIP","isPartOf":{"@id":"https:\/\/www.gossip.it\/#website"},"primaryImageOfPage":{"@id":"https:\/\/www.gossip.it\/news\/io-e-simone-sposeremo-estero-annuncio-alessandro-cecchi-paone\/#primaryimage"},"image":{"@id":"https:\/\/www.gossip.it\/news\/io-e-simone-sposeremo-estero-annuncio-alessandro-cecchi-paone\/#primaryimage"},"thumbnailUrl":"https:\/\/www.gossip.it\/wp-content\/uploads\/2023\/05\/lancio-PAONE-1.jpg","datePublished":"2023-05-25T11:38:19+00:00","dateModified":"2023-05-25T14:07:44+00:00","description":"''Io e Simone ci sposeremo all'estero, potr\u00f2 adottare sua figlia'': l'annuncio in tv di Alessandro Cecchi Paone","breadcrumb":{"@id":"https:\/\/www.gossip.it\/news\/io-e-simone-sposeremo-estero-annuncio-alessandro-cecchi-paone\/#breadcrumb"},"inLanguage":"it-IT","potentialAction":[{"@type":"ReadAction","target":["https:\/\/www.gossip.it\/news\/io-e-simone-sposeremo-estero-annuncio-alessandro-cecchi-paone\/"]}]},{"@type":"ImageObject","inLanguage":"it-IT","@id":"https:\/\/www.gossip.it\/news\/io-e-simone-sposeremo-estero-annuncio-alessandro-cecchi-paone\/#primaryimage","url":"https:\/\/www.gossip.it\/wp-content\/uploads\/2023\/05\/lancio-PAONE-1.jpg","contentUrl":"https:\/\/www.gossip.it\/wp-content\/uploads\/2023\/05\/lancio-PAONE-1.jpg","width":1134,"height":808},{"@type":"BreadcrumbList","@id":"https:\/\/www.gossip.it\/news\/io-e-simone-sposeremo-estero-annuncio-alessandro-cecchi-paone\/#breadcrumb","itemListElement":[{"@type":"ListItem","position":1,"name":"Home","item":"https:\/\/www.gossip.it\/"},{"@type":"ListItem","position":2,"name":"''Io e Simone ci sposeremo all'estero, potr\u00f2 adottare sua figlia'': l'annuncio di Alessandro Cecchi Paone"}]},{"@type":"WebSite","@id":"https:\/\/www.gossip.it\/#website","url":"https:\/\/www.gossip.it\/","name":"Gossip and VIP News","description":"Quotidiano di cronaca rosa, costume e societ\u00e0","publisher":{"@id":"https:\/\/www.gossip.it\/#organization"},"alternateName":"Gossip and VIP News","potentialAction":[{"@type":"SearchAction","target":{"@type":"EntryPoint","urlTemplate":"https:\/\/www.gossip.it\/?s={search_term_string}"},"query-input":{"@type":"PropertyValueSpecification","valueRequired":true,"valueName":"search_term_string"}}],"inLanguage":"it-IT"},{"@type":"Organization","@id":"https:\/\/www.gossip.it\/#organization","name":"Gossip and VIP News","alternateName":"Gossip News","url":"https:\/\/www.gossip.it\/","logo":{"@type":"ImageObject","inLanguage":"it-IT","@id":"https:\/\/www.gossip.it\/#\/schema\/logo\/image\/","url":"https:\/\/www.gossip.it\/wp-content\/uploads\/2022\/04\/cropped-corna-alta-tiny.png","contentUrl":"https:\/\/www.gossip.it\/wp-content\/uploads\/2022\/04\/cropped-corna-alta-tiny.png","width":512,"height":512,"caption":"Gossip and VIP News"},"image":{"@id":"https:\/\/www.gossip.it\/#\/schema\/logo\/image\/"},"sameAs":["https:\/\/www.facebook.com\/GossipIT","https:\/\/x.com\/gossinews_it","https:\/\/instagram.com\/gossip_it"]},{"@type":"Person","@id":"https:\/\/www.gossip.it\/#\/schema\/person\/4f99be5acc78d3f1b07a146d4fe8256b","name":"Annamaria Capozzi","image":{"@type":"ImageObject","inLanguage":"it-IT","@id":"https:\/\/www.gossip.it\/#\/schema\/person\/image\/","url":"https:\/\/secure.gravatar.com\/avatar\/a8f8ec0362739e51683bf764949dfb9f8d2539eecc144f2dd938d6381b053468?s=96&d=mm&r=g","contentUrl":"https:\/\/secure.gravatar.com\/avatar\/a8f8ec0362739e51683bf764949dfb9f8d2539eecc144f2dd938d6381b053468?s=96&d=mm&r=g","caption":"Annamaria Capozzi"}}]}},"amp_enabled":true,"_links":{"self":[{"href":"https:\/\/www.gossip.it\/api\/wp\/v2\/posts\/149172","targetHints":{"allow":["GET"]}}],"collection":[{"href":"https:\/\/www.gossip.it\/api\/wp\/v2\/posts"}],"about":[{"href":"https:\/\/www.gossip.it\/api\/wp\/v2\/types\/post"}],"author":[{"embeddable":true,"href":"https:\/\/www.gossip.it\/api\/wp\/v2\/users\/4"}],"replies":[{"embeddable":true,"href":"https:\/\/www.gossip.it\/api\/wp\/v2\/comments?post=149172"}],"version-history":[{"count":1,"href":"https:\/\/www.gossip.it\/api\/wp\/v2\/posts\/149172\/revisions"}],"predecessor-version":[{"id":149178,"href":"https:\/\/www.gossip.it\/api\/wp\/v2\/posts\/149172\/revisions\/149178"}],"wp:featuredmedia":[{"embeddable":true,"href":"https:\/\/www.gossip.it\/api\/wp\/v2\/media\/149176"}],"wp:attachment":[{"href":"https:\/\/www.gossip.it\/api\/wp\/v2\/media?parent=149172"}],"wp:term":[{"taxonomy":"category","embeddable":true,"href":"https:\/\/www.gossip.it\/api\/wp\/v2\/categories?post=149172"},{"taxonomy":"post_tag","embeddable":true,"href":"https:\/\/www.gossip.it\/api\/wp\/v2\/tags?post=149172"},{"taxonomy":"vip","embeddable":true,"href":"https:\/\/www.gossip.it\/api\/wp\/v2\/vip?post=149172"}],"curies":[{"name":"wp","href":"https:\/\/api.w.org\/{rel}","templated":true}]}}