{"id":149212,"date":"2023-05-26T10:41:41","date_gmt":"2023-05-26T08:41:41","guid":{"rendered":"https:\/\/www.gossip.it\/?p=149212"},"modified":"2023-05-29T14:33:24","modified_gmt":"2023-05-29T12:33:24","slug":"melissa-satta-matteo-berrettini-primo-red-carpet-insieme-cannes","status":"publish","type":"post","link":"https:\/\/www.gossip.it\/news\/melissa-satta-matteo-berrettini-primo-red-carpet-insieme-cannes\/","title":{"rendered":"Melissa Satta e Matteo Berrettini fanno sempre pi\u00f9 sul serio: primo red carpet insieme, mano nella mano a Cannes"},"content":{"rendered":"\n<ul class=\"wp-block-list\">\n<li>La sintonia tra l\u2019ex velina 37enne e il campione di tennis 27enne \u00e8 assoluta anche nel look<\/li>\n\n\n\n<li>Scelgono entrambi di sfilare davanti ai fotografi all\u2019amfAR Gala con indosso lo smoking<\/li>\n<\/ul>\n\n\n\n<p><a href=\"http:\/\/www.gossip.it\/vip\/malissa-satta\">Melissa Satta<\/a> e <a href=\"http:\/\/www.gossip.it\/vip\/melissa-satta\">Matteo Berrettini<\/a> <strong>si regalano il loro primo red carpet insieme<\/strong>: debuttano da coppia<strong> a Cannes, in occasione dell\u2019ormai tradizionale amfAR Gala<\/strong>, che si tiene, in concomitanza con il Festival del Cinema, a Cap D\u2019Antibes. La sintonia tra l\u2019ex velina 37enne e il campione di tennis 27enne \u00e8 massima, al punto che <strong>la showgirl e lo sportivo scelgono un look coordinato<\/strong>. Davanti ai fotografi si tengono per mano, come due piccioncini: sono molto innamorati e fanno sempre pi\u00f9 sul serio.<\/p>\n\n\n\n<figure class=\"wp-block-image size-large is-resized\"><img decoding=\"async\" src=\"https:\/\/www.gossip.it\/wp-content\/uploads\/2023\/05\/satta-interna-1-632x1024.jpg\" alt=\"\" class=\"wp-image-149213\" width=\"768\" height=\"1244\" srcset=\"https:\/\/www.gossip.it\/wp-content\/uploads\/2023\/05\/satta-interna-1-632x1024.jpg 632w, https:\/\/www.gossip.it\/wp-content\/uploads\/2023\/05\/satta-interna-1-185x300.jpg 185w, https:\/\/www.gossip.it\/wp-content\/uploads\/2023\/05\/satta-interna-1-768x1244.jpg 768w, https:\/\/www.gossip.it\/wp-content\/uploads\/2023\/05\/satta-interna-1-948x1536.jpg 948w, https:\/\/www.gossip.it\/wp-content\/uploads\/2023\/05\/satta-interna-1-1264x2048.jpg 1264w, https:\/\/www.gossip.it\/wp-content\/uploads\/2023\/05\/satta-interna-1-750x1215.jpg 750w, https:\/\/www.gossip.it\/wp-content\/uploads\/2023\/05\/satta-interna-1-1140x1847.jpg 1140w, https:\/\/www.gossip.it\/wp-content\/uploads\/2023\/05\/satta-interna-1-scaled.jpg 1580w\" sizes=\"(max-width: 768px) 100vw, 768px\" \/><figcaption class=\"wp-element-caption\">Melissa Satta e Matteo Berrettini fanno sempre pi\u00f9 sul serio: primo red carpet insieme, mano nella mano a Cannes<\/figcaption><\/figure>\n\n\n\n<p>Melissa e Matteo per essere protagonisti sul tappeto rosso dell\u2019esclusivissimo evento in Costa Azzurra <strong>optano per lo smoking<\/strong>, rigorosamente bianco. Leggermente pi\u00f9 <em>\u2018candido\u2019<\/em> quello della Satta, <strong>firmato da Stella McCartney<\/strong>. La showgirl indossa la giacca a pelle, con la lingerie a vista. <strong>Arricchisce la mise con preziosi gioielli Chopard<\/strong>.<\/p>\n\n\n\n<figure class=\"wp-block-image size-large is-resized\"><img decoding=\"async\" src=\"https:\/\/www.gossip.it\/wp-content\/uploads\/2023\/05\/satta-interna-2-669x1024.jpg\" alt=\"\" class=\"wp-image-149218\" width=\"768\" height=\"1176\" srcset=\"https:\/\/www.gossip.it\/wp-content\/uploads\/2023\/05\/satta-interna-2-669x1024.jpg 669w, https:\/\/www.gossip.it\/wp-content\/uploads\/2023\/05\/satta-interna-2-196x300.jpg 196w, https:\/\/www.gossip.it\/wp-content\/uploads\/2023\/05\/satta-interna-2-768x1176.jpg 768w, https:\/\/www.gossip.it\/wp-content\/uploads\/2023\/05\/satta-interna-2-1003x1536.jpg 1003w, https:\/\/www.gossip.it\/wp-content\/uploads\/2023\/05\/satta-interna-2-1337x2048.jpg 1337w, https:\/\/www.gossip.it\/wp-content\/uploads\/2023\/05\/satta-interna-2-750x1149.jpg 750w, https:\/\/www.gossip.it\/wp-content\/uploads\/2023\/05\/satta-interna-2-1140x1746.jpg 1140w, https:\/\/www.gossip.it\/wp-content\/uploads\/2023\/05\/satta-interna-2-scaled.jpg 1671w\" sizes=\"(max-width: 768px) 100vw, 768px\" \/><figcaption class=\"wp-element-caption\">Per la showgirl outfit griffato Stella McCartney<\/figcaption><\/figure>\n\n\n\n<figure class=\"wp-block-image size-large is-resized\"><img decoding=\"async\" src=\"https:\/\/www.gossip.it\/wp-content\/uploads\/2023\/05\/1-1-576x1024.jpeg\" alt=\"\" class=\"wp-image-149214\" width=\"769\" height=\"1367\" srcset=\"https:\/\/www.gossip.it\/wp-content\/uploads\/2023\/05\/1-1-576x1024.jpeg 576w, https:\/\/www.gossip.it\/wp-content\/uploads\/2023\/05\/1-1-169x300.jpeg 169w, https:\/\/www.gossip.it\/wp-content\/uploads\/2023\/05\/1-1-768x1365.jpeg 768w, https:\/\/www.gossip.it\/wp-content\/uploads\/2023\/05\/1-1-864x1536.jpeg 864w, https:\/\/www.gossip.it\/wp-content\/uploads\/2023\/05\/1-1-1152x2048.jpeg 1152w, https:\/\/www.gossip.it\/wp-content\/uploads\/2023\/05\/1-1-750x1333.jpeg 750w, https:\/\/www.gossip.it\/wp-content\/uploads\/2023\/05\/1-1-1140x2026.jpeg 1140w, https:\/\/www.gossip.it\/wp-content\/uploads\/2023\/05\/1-1.jpeg 1290w\" sizes=\"(max-width: 769px) 100vw, 769px\" \/><figcaption class=\"wp-element-caption\">I due sono protagonisti all\u2019amfAR Gala<\/figcaption><\/figure>\n\n\n\n<p><strong>Leggermente pi\u00f9 sulla tonalit\u00e0 dell\u2019avorio il completo di Berrettini, griffato Boss<\/strong>. Ai piedi il romano porta scarpe nere stringate lucide: sembra un divo del grande schermo.<\/p>\n\n\n\n<figure class=\"wp-block-image size-large is-resized\"><img decoding=\"async\" src=\"https:\/\/www.gossip.it\/wp-content\/uploads\/2023\/05\/2-1-576x1024.jpeg\" alt=\"\" class=\"wp-image-149215\" width=\"769\" height=\"1367\" srcset=\"https:\/\/www.gossip.it\/wp-content\/uploads\/2023\/05\/2-1-576x1024.jpeg 576w, https:\/\/www.gossip.it\/wp-content\/uploads\/2023\/05\/2-1-169x300.jpeg 169w, https:\/\/www.gossip.it\/wp-content\/uploads\/2023\/05\/2-1-768x1365.jpeg 768w, https:\/\/www.gossip.it\/wp-content\/uploads\/2023\/05\/2-1-864x1536.jpeg 864w, https:\/\/www.gossip.it\/wp-content\/uploads\/2023\/05\/2-1-1152x2048.jpeg 1152w, https:\/\/www.gossip.it\/wp-content\/uploads\/2023\/05\/2-1-750x1333.jpeg 750w, https:\/\/www.gossip.it\/wp-content\/uploads\/2023\/05\/2-1-1140x2026.jpeg 1140w, https:\/\/www.gossip.it\/wp-content\/uploads\/2023\/05\/2-1.jpeg 1290w\" sizes=\"(max-width: 769px) 100vw, 769px\" \/><figcaption class=\"wp-element-caption\">La 37enne mentre si prepara all'evento in hotel<\/figcaption><\/figure>\n\n\n\n<p>La Satta e il fidanzato sono al centro della scena, belli e felici di essere l\u00ec insieme, in barba alle malignit\u00e0 che finora sono state dette su di loro e contro cui Melissa ha puntato il dito, sottolineando la normalit\u00e0 del suo rapporto sentimentale col tennista.<\/p>\n\n\n\n<figure class=\"wp-block-image size-large is-resized\"><img decoding=\"async\" src=\"https:\/\/www.gossip.it\/wp-content\/uploads\/2023\/05\/Screenshot-2023-05-26-alle-10.15.17-567x1024.png\" alt=\"\" class=\"wp-image-149216\" width=\"767\" height=\"1385\" srcset=\"https:\/\/www.gossip.it\/wp-content\/uploads\/2023\/05\/Screenshot-2023-05-26-alle-10.15.17-567x1024.png 567w, https:\/\/www.gossip.it\/wp-content\/uploads\/2023\/05\/Screenshot-2023-05-26-alle-10.15.17-166x300.png 166w, https:\/\/www.gossip.it\/wp-content\/uploads\/2023\/05\/Screenshot-2023-05-26-alle-10.15.17-768x1387.png 768w, https:\/\/www.gossip.it\/wp-content\/uploads\/2023\/05\/Screenshot-2023-05-26-alle-10.15.17-850x1536.png 850w, https:\/\/www.gossip.it\/wp-content\/uploads\/2023\/05\/Screenshot-2023-05-26-alle-10.15.17-750x1355.png 750w, https:\/\/www.gossip.it\/wp-content\/uploads\/2023\/05\/Screenshot-2023-05-26-alle-10.15.17.png 930w\" sizes=\"(max-width: 767px) 100vw, 767px\" \/><figcaption class=\"wp-element-caption\">L'ex velina indossa meravigliosi gioielli Chopard: ha scelto di sfilare con uno smoking bianco, look coordinato con il tennista 27enne<\/figcaption><\/figure>\n\n\n\n<p>A<em> Vanity Fair<\/em>, recentemente sulla sua relazione con Matteo, l\u2019ex moglie di <a href=\"http:\/\/www.gossip.it\/vip\/kevin-prince-boateng\">Boateng<\/a>, mamma di Maddox, 9 anni, ha detto: \u201c<em><strong>Ci piace divertirci insieme, come di recente, a cena e al karaoke<\/strong>. Ma anche fare delle serate in casa, quando lui si allena e io comunque lavoro. Sono tedesca: si cena alle 7 di sera e mio figlio alle 9 va a letto. Io alle 10 sono sotto le coperte a guardare un film.&nbsp;<strong>Con me, se vuoi fare serata a met\u00e0 settimana, non funziona<\/strong>\u201d<\/em>. E sul sesso con lui ha precisato:&nbsp;<em>\u201c<strong>Non quantifico, ma le assicuro che siamo come tutti quelli che stanno insieme\u201d.<\/strong><\/em><\/p>\n","protected":false},"excerpt":{"rendered":"<p>Melissa Satta e Matteo Berrettini si regalano il loro primo red carpet insieme: debuttano da coppia a Cannes, in occasione dell\u2019ormai tradizionale amfAR Gala, che si tiene, in concomitanza con il Festival del Cinema, a Cap D\u2019Antibes. La sintonia tra l\u2019ex velina 37enne e il campione di tennis 27enne \u00e8 massima, al punto che la [&hellip;]<\/p>\n","protected":false},"author":4,"featured_media":149217,"comment_status":"open","ping_status":"closed","sticky":false,"template":"","format":"standard","meta":{"footnotes":""},"categories":[54],"tags":[69651,66692,5965,69411,69412,69631,2793,66690,63765,66691,34624,67046],"vip":[66976,1333],"class_list":["post-149212","post","type-post","status-publish","format-standard","has-post-thumbnail","hentry","category-news","tag-amfargala","tag-berrettini","tag-cannes","tag-cannes2023","tag-festivaldicannes","tag-festivaldicannes2023","tag-gossip","tag-matteoberrettini","tag-melissasatta","tag-melissasattafidanzato","tag-satta","tag-sifb","vip-matteo-berrettini","vip-melissa_satta"],"yoast_head":"<title>Melissa Satta e Matteo Berrettini fanno sempre pi\u00f9 sul serio: primo red carpet insieme, mano nella mano a Cannes - Gossip.it | News sul Gossip e VIP<\/title>\n<meta name=\"description\" content=\"Melissa Satta e Matteo Berrettini fanno sempre pi\u00f9 sul serio: primo red carpet insieme, mano nella mano a Cannes\" \/>\n<meta name=\"robots\" content=\"index, follow, max-snippet:-1, max-image-preview:large, max-video-preview:-1\" \/>\n<link rel=\"canonical\" href=\"https:\/\/www.gossip.it\/news\/melissa-satta-matteo-berrettini-primo-red-carpet-insieme-cannes\/\" \/>\n<meta property=\"og:locale\" content=\"it_IT\" \/>\n<meta property=\"og:type\" content=\"article\" \/>\n<meta property=\"og:title\" content=\"Melissa Satta e Matteo Berrettini fanno sempre pi\u00f9 sul serio: primo red carpet insieme, mano nella mano a Cannes - Gossip.it | News sul Gossip e VIP\" \/>\n<meta property=\"og:description\" content=\"Melissa Satta e Matteo Berrettini fanno sempre pi\u00f9 sul serio: primo red carpet insieme, mano nella mano a Cannes\" \/>\n<meta property=\"og:url\" content=\"https:\/\/www.gossip.it\/news\/melissa-satta-matteo-berrettini-primo-red-carpet-insieme-cannes\/\" \/>\n<meta property=\"og:site_name\" content=\"Gossip.it | News sul Gossip e VIP\" \/>\n<meta property=\"article:publisher\" content=\"https:\/\/www.facebook.com\/GossipIT\" \/>\n<meta property=\"article:published_time\" content=\"2023-05-26T08:41:41+00:00\" \/>\n<meta property=\"article:modified_time\" content=\"2023-05-29T12:33:24+00:00\" \/>\n<meta property=\"og:image\" content=\"https:\/\/www.gossip.it\/wp-content\/uploads\/2023\/05\/satta-pp-cannes.jpg\" \/>\n\t<meta property=\"og:image:width\" content=\"2000\" \/>\n\t<meta property=\"og:image:height\" content=\"1000\" \/>\n\t<meta property=\"og:image:type\" content=\"image\/jpeg\" \/>\n<meta name=\"author\" content=\"Annamaria Capozzi\" \/>\n<meta name=\"twitter:card\" content=\"summary_large_image\" \/>\n<meta name=\"twitter:creator\" content=\"@gossinews_it\" \/>\n<meta name=\"twitter:site\" content=\"@gossinews_it\" \/>\n<meta name=\"twitter:label1\" content=\"Scritto da\" \/>\n\t<meta name=\"twitter:data1\" content=\"Annamaria Capozzi\" \/>\n\t<meta name=\"twitter:label2\" content=\"Tempo di lettura stimato\" \/>\n\t<meta name=\"twitter:data2\" content=\"4 minuti\" \/>","yoast_head_json":{"title":"Melissa Satta e Matteo Berrettini fanno sempre pi\u00f9 sul serio: primo red carpet insieme, mano nella mano a Cannes - Gossip.it | News sul Gossip e VIP","description":"Melissa Satta e Matteo Berrettini fanno sempre pi\u00f9 sul serio: primo red carpet insieme, mano nella mano a Cannes","robots":{"index":"index","follow":"follow","max-snippet":"max-snippet:-1","max-image-preview":"max-image-preview:large","max-video-preview":"max-video-preview:-1"},"canonical":"https:\/\/www.gossip.it\/news\/melissa-satta-matteo-berrettini-primo-red-carpet-insieme-cannes\/","og_locale":"it_IT","og_type":"article","og_title":"Melissa Satta e Matteo Berrettini fanno sempre pi\u00f9 sul serio: primo red carpet insieme, mano nella mano a Cannes - Gossip.it | News sul Gossip e VIP","og_description":"Melissa Satta e Matteo Berrettini fanno sempre pi\u00f9 sul serio: primo red carpet insieme, mano nella mano a Cannes","og_url":"https:\/\/www.gossip.it\/news\/melissa-satta-matteo-berrettini-primo-red-carpet-insieme-cannes\/","og_site_name":"Gossip.it | News sul Gossip e VIP","article_publisher":"https:\/\/www.facebook.com\/GossipIT","article_published_time":"2023-05-26T08:41:41+00:00","article_modified_time":"2023-05-29T12:33:24+00:00","og_image":[{"width":2000,"height":1000,"url":"https:\/\/www.gossip.it\/wp-content\/uploads\/2023\/05\/satta-pp-cannes.jpg","type":"image\/jpeg"}],"author":"Annamaria Capozzi","twitter_card":"summary_large_image","twitter_creator":"@gossinews_it","twitter_site":"@gossinews_it","twitter_misc":{"Scritto da":"Annamaria Capozzi","Tempo di lettura stimato":"4 minuti"},"schema":{"@context":"https:\/\/schema.org","@graph":[{"@type":"Article","@id":"https:\/\/www.gossip.it\/news\/melissa-satta-matteo-berrettini-primo-red-carpet-insieme-cannes\/#article","isPartOf":{"@id":"https:\/\/www.gossip.it\/news\/melissa-satta-matteo-berrettini-primo-red-carpet-insieme-cannes\/"},"author":{"name":"Annamaria Capozzi","@id":"https:\/\/www.gossip.it\/#\/schema\/person\/4f99be5acc78d3f1b07a146d4fe8256b"},"headline":"Melissa Satta e Matteo Berrettini fanno sempre pi\u00f9 sul serio: primo red carpet insieme, mano nella mano a Cannes","datePublished":"2023-05-26T08:41:41+00:00","dateModified":"2023-05-29T12:33:24+00:00","mainEntityOfPage":{"@id":"https:\/\/www.gossip.it\/news\/melissa-satta-matteo-berrettini-primo-red-carpet-insieme-cannes\/"},"wordCount":424,"commentCount":0,"publisher":{"@id":"https:\/\/www.gossip.it\/#organization"},"image":{"@id":"https:\/\/www.gossip.it\/news\/melissa-satta-matteo-berrettini-primo-red-carpet-insieme-cannes\/#primaryimage"},"thumbnailUrl":"https:\/\/www.gossip.it\/wp-content\/uploads\/2023\/05\/satta-pp-cannes.jpg","keywords":["amfargala","berrettini","cannes","cannes2023","festivaldicannes","festivaldicannes2023","gossip","matteoberrettini","melissasatta","melissasattafidanzato","satta","sifb"],"articleSection":["News"],"inLanguage":"it-IT","potentialAction":[{"@type":"CommentAction","name":"Comment","target":["https:\/\/www.gossip.it\/news\/melissa-satta-matteo-berrettini-primo-red-carpet-insieme-cannes\/#respond"]}]},{"@type":"WebPage","@id":"https:\/\/www.gossip.it\/news\/melissa-satta-matteo-berrettini-primo-red-carpet-insieme-cannes\/","url":"https:\/\/www.gossip.it\/news\/melissa-satta-matteo-berrettini-primo-red-carpet-insieme-cannes\/","name":"Melissa Satta e Matteo Berrettini fanno sempre pi\u00f9 sul serio: primo red carpet insieme, mano nella mano a Cannes - Gossip.it | News sul Gossip e VIP","isPartOf":{"@id":"https:\/\/www.gossip.it\/#website"},"primaryImageOfPage":{"@id":"https:\/\/www.gossip.it\/news\/melissa-satta-matteo-berrettini-primo-red-carpet-insieme-cannes\/#primaryimage"},"image":{"@id":"https:\/\/www.gossip.it\/news\/melissa-satta-matteo-berrettini-primo-red-carpet-insieme-cannes\/#primaryimage"},"thumbnailUrl":"https:\/\/www.gossip.it\/wp-content\/uploads\/2023\/05\/satta-pp-cannes.jpg","datePublished":"2023-05-26T08:41:41+00:00","dateModified":"2023-05-29T12:33:24+00:00","description":"Melissa Satta e Matteo Berrettini fanno sempre pi\u00f9 sul serio: primo red carpet insieme, mano nella mano a Cannes","breadcrumb":{"@id":"https:\/\/www.gossip.it\/news\/melissa-satta-matteo-berrettini-primo-red-carpet-insieme-cannes\/#breadcrumb"},"inLanguage":"it-IT","potentialAction":[{"@type":"ReadAction","target":["https:\/\/www.gossip.it\/news\/melissa-satta-matteo-berrettini-primo-red-carpet-insieme-cannes\/"]}]},{"@type":"ImageObject","inLanguage":"it-IT","@id":"https:\/\/www.gossip.it\/news\/melissa-satta-matteo-berrettini-primo-red-carpet-insieme-cannes\/#primaryimage","url":"https:\/\/www.gossip.it\/wp-content\/uploads\/2023\/05\/satta-pp-cannes.jpg","contentUrl":"https:\/\/www.gossip.it\/wp-content\/uploads\/2023\/05\/satta-pp-cannes.jpg","width":2000,"height":1000},{"@type":"BreadcrumbList","@id":"https:\/\/www.gossip.it\/news\/melissa-satta-matteo-berrettini-primo-red-carpet-insieme-cannes\/#breadcrumb","itemListElement":[{"@type":"ListItem","position":1,"name":"Home","item":"https:\/\/www.gossip.it\/"},{"@type":"ListItem","position":2,"name":"Melissa Satta e Matteo Berrettini fanno sempre pi\u00f9 sul serio: primo red carpet insieme, mano nella mano a Cannes"}]},{"@type":"WebSite","@id":"https:\/\/www.gossip.it\/#website","url":"https:\/\/www.gossip.it\/","name":"Gossip and VIP News","description":"Quotidiano di cronaca rosa, costume e societ\u00e0","publisher":{"@id":"https:\/\/www.gossip.it\/#organization"},"alternateName":"Gossip and VIP News","potentialAction":[{"@type":"SearchAction","target":{"@type":"EntryPoint","urlTemplate":"https:\/\/www.gossip.it\/?s={search_term_string}"},"query-input":{"@type":"PropertyValueSpecification","valueRequired":true,"valueName":"search_term_string"}}],"inLanguage":"it-IT"},{"@type":"Organization","@id":"https:\/\/www.gossip.it\/#organization","name":"Gossip and VIP News","alternateName":"Gossip News","url":"https:\/\/www.gossip.it\/","logo":{"@type":"ImageObject","inLanguage":"it-IT","@id":"https:\/\/www.gossip.it\/#\/schema\/logo\/image\/","url":"https:\/\/www.gossip.it\/wp-content\/uploads\/2022\/04\/cropped-corna-alta-tiny.png","contentUrl":"https:\/\/www.gossip.it\/wp-content\/uploads\/2022\/04\/cropped-corna-alta-tiny.png","width":512,"height":512,"caption":"Gossip and VIP News"},"image":{"@id":"https:\/\/www.gossip.it\/#\/schema\/logo\/image\/"},"sameAs":["https:\/\/www.facebook.com\/GossipIT","https:\/\/x.com\/gossinews_it","https:\/\/instagram.com\/gossip_it"]},{"@type":"Person","@id":"https:\/\/www.gossip.it\/#\/schema\/person\/4f99be5acc78d3f1b07a146d4fe8256b","name":"Annamaria Capozzi","image":{"@type":"ImageObject","inLanguage":"it-IT","@id":"https:\/\/www.gossip.it\/#\/schema\/person\/image\/","url":"https:\/\/secure.gravatar.com\/avatar\/a8f8ec0362739e51683bf764949dfb9f8d2539eecc144f2dd938d6381b053468?s=96&d=mm&r=g","contentUrl":"https:\/\/secure.gravatar.com\/avatar\/a8f8ec0362739e51683bf764949dfb9f8d2539eecc144f2dd938d6381b053468?s=96&d=mm&r=g","caption":"Annamaria Capozzi"}}]}},"amp_enabled":true,"_links":{"self":[{"href":"https:\/\/www.gossip.it\/api\/wp\/v2\/posts\/149212","targetHints":{"allow":["GET"]}}],"collection":[{"href":"https:\/\/www.gossip.it\/api\/wp\/v2\/posts"}],"about":[{"href":"https:\/\/www.gossip.it\/api\/wp\/v2\/types\/post"}],"author":[{"embeddable":true,"href":"https:\/\/www.gossip.it\/api\/wp\/v2\/users\/4"}],"replies":[{"embeddable":true,"href":"https:\/\/www.gossip.it\/api\/wp\/v2\/comments?post=149212"}],"version-history":[{"count":1,"href":"https:\/\/www.gossip.it\/api\/wp\/v2\/posts\/149212\/revisions"}],"predecessor-version":[{"id":149370,"href":"https:\/\/www.gossip.it\/api\/wp\/v2\/posts\/149212\/revisions\/149370"}],"wp:featuredmedia":[{"embeddable":true,"href":"https:\/\/www.gossip.it\/api\/wp\/v2\/media\/149217"}],"wp:attachment":[{"href":"https:\/\/www.gossip.it\/api\/wp\/v2\/media?parent=149212"}],"wp:term":[{"taxonomy":"category","embeddable":true,"href":"https:\/\/www.gossip.it\/api\/wp\/v2\/categories?post=149212"},{"taxonomy":"post_tag","embeddable":true,"href":"https:\/\/www.gossip.it\/api\/wp\/v2\/tags?post=149212"},{"taxonomy":"vip","embeddable":true,"href":"https:\/\/www.gossip.it\/api\/wp\/v2\/vip?post=149212"}],"curies":[{"name":"wp","href":"https:\/\/api.w.org\/{rel}","templated":true}]}}