{"id":151401,"date":"2023-06-29T11:55:10","date_gmt":"2023-06-29T09:55:10","guid":{"rendered":"https:\/\/www.gossip.it\/?p=151401"},"modified":"2023-06-29T16:10:29","modified_gmt":"2023-06-29T14:10:29","slug":"valerio-scanu-data-matrimonio-luigi-calcara","status":"publish","type":"post","link":"https:\/\/www.gossip.it\/news\/valerio-scanu-data-matrimonio-luigi-calcara\/","title":{"rendered":"Partecipazioni spedite: Valerio Scanu rivela la data del matrimonio con il compagno Luigi Calcara"},"content":{"rendered":"\n<ul class=\"wp-block-list\">\n<li>Il cantante 33enne sposer\u00e0 il 32enne a cui \u00e8 legato dal luglio del 2020<\/li>\n\n\n\n<li>L\u2019ex volto di <em>Amici<\/em> racconta tutto del matrimonio ormai imminente<\/li>\n<\/ul>\n\n\n\n<p>E\u2019 tutto pronto per i fiori d\u2019arancio, anche le partecipazioni sono state spedite, <strong><a href=\"http:\/\/www.gossip.it\/vip\/valerio-scanu\">Valerio Scanu<\/a> sposa <a href=\"http:\/\/www.gossip.it\/vip\/luigi-calcara\">Luigi Calcara<\/a><\/strong>. Al <em>Corriere della Sera<\/em> <strong>rivela la data del matrimonio col 32enne<\/strong> di Castelvetrano, docente al corso di\u00a0Ingegneria elettrica alla Sapienza di\u00a0Roma, a cui \u00e8 legato dal luglio 2020.<\/p>\n\n\n\n<figure class=\"wp-block-image size-large\"><img decoding=\"async\" width=\"819\" height=\"1024\" src=\"https:\/\/www.gossip.it\/wp-content\/uploads\/2023\/06\/scanu_1-819x1024.jpg\" alt=\"\" class=\"wp-image-151410\" srcset=\"https:\/\/www.gossip.it\/wp-content\/uploads\/2023\/06\/scanu_1-819x1024.jpg 819w, https:\/\/www.gossip.it\/wp-content\/uploads\/2023\/06\/scanu_1-240x300.jpg 240w, https:\/\/www.gossip.it\/wp-content\/uploads\/2023\/06\/scanu_1-768x960.jpg 768w, https:\/\/www.gossip.it\/wp-content\/uploads\/2023\/06\/scanu_1-750x938.jpg 750w, https:\/\/www.gossip.it\/wp-content\/uploads\/2023\/06\/scanu_1.jpg 1134w\" sizes=\"(max-width: 819px) 100vw, 819px\" \/><figcaption class=\"wp-element-caption\">Partecipazioni spedite: Valerio Scanu rivela la data del matrimonio con il compagno Luigi Calcara<\/figcaption><\/figure>\n\n\n\n<p><a href=\"https:\/\/www.gossip.it\/news\/valerio-scanu-coming-out-proposta-nozze\/\">Valerio aveva fatto la proposta di nozze al suo Luigi a novembre scorso<\/a>, nel giorno del compleanno del professore. Lui aveva subito detto, emozionato, di s\u00ec. Il grande giorno si avvicina: <strong>i due si uniranno il prossimo 7 settembre nella Capitale<\/strong>. Il giorno scelto ha un significato speciale per il cantante 33enne. <em>\u201c<strong>E\u2019 il giorno del compleanno di mio padre Tonino<\/strong>, mancato l\u2019antivigilia di Natale del 2020 per il Covid: aveva 62 anni, faceva il muratore\u201d<\/em>, spiega.<\/p>\n\n\n\n<p>Scanu parla di Calcara e della decisione di sposarsi e chiarisce: <em>\u201cCi siamo conosciuti a luglio del 2020, dopo che aveva commentato una mia foto su Instagram. Il giorno stesso ci siamo incontrati e da l\u00ec \u00e8 cominciata la relazione. <strong>Dopo la proposta, Luigi pensava che ci saremmo sposati nel 2024, con calma, non aveva capito che intendevo farlo subito!<\/strong>\u201d.<\/em><\/p>\n\n\n\n<p>Sui preparativi l\u2019ex volto di <em>Amici<\/em> confida: \u201c<em>E\u2019 stato tutto molto scorrevole: <strong>a gennaio abbiamo trovato il luogo per la cerimonia e poi la struttura per la festa, a Roma<\/strong>, per non scontentare nessuno dei nostri parenti, i miei sardi e i suoi siciliani\u201d<\/em>. Le partecipazioni stanno gi\u00e0 viaggiando: <em>\u201c<strong>Le abbiamo fatte noi, personalizzate per ogni invitato<\/strong>: Luigi le ha progettate, poi le abbiamo stampate e chiuse con la ceralacca. <strong>Gli invitati saranno 220<\/strong>\u201d<\/em>. Vogliono siano presenti <em>\u201ci nostri amici, le persone alle quali vogliamo bene\u201d.<\/em><\/p>\n\n\n\n<figure class=\"wp-block-image size-large\"><img decoding=\"async\" width=\"1024\" height=\"990\" src=\"https:\/\/www.gossip.it\/wp-content\/uploads\/2023\/06\/scanu_2-1024x990.jpg\" alt=\"\" class=\"wp-image-151411\" srcset=\"https:\/\/www.gossip.it\/wp-content\/uploads\/2023\/06\/scanu_2-1024x990.jpg 1024w, https:\/\/www.gossip.it\/wp-content\/uploads\/2023\/06\/scanu_2-300x290.jpg 300w, https:\/\/www.gossip.it\/wp-content\/uploads\/2023\/06\/scanu_2-768x742.jpg 768w, https:\/\/www.gossip.it\/wp-content\/uploads\/2023\/06\/scanu_2-750x725.jpg 750w, https:\/\/www.gossip.it\/wp-content\/uploads\/2023\/06\/scanu_2.jpg 1134w\" sizes=\"(max-width: 1024px) 100vw, 1024px\" \/><figcaption class=\"wp-element-caption\">Il cantante 33enne sposer\u00e0 il 32enne a cui \u00e8 legato dal luglio del 2020<\/figcaption><\/figure>\n\n\n\n<p>Valerio parla pure delle bomboniere: <em>\u201cSaranno qualcosa che ritorna al mare\u201d<\/em>. Immancabile la presenza dei suoi chihuahua: <em>\u201c<strong>Patty, Bisonte e Cassandra non mancheranno<\/strong>, ma ancora non so come saranno agghindati, perch\u00e9 a loro non piacciono i vestiti per i cani\u201d.<\/em><\/p>\n\n\n\n<p>L\u2019artista e il compagno hanno acquistato anche gli abiti: <em>\u201cS\u00ec, ma non li abbiamo visti, lo scopriremo quel giorno. Luigi si \u00e8 solo raccomandato: 'Non fatelo esagerare...'. Diciamo che io sar\u00f2 vestito diversamente sobrio. Credo che l\u2019effetto sar\u00e0 \u2018tovagliato\u2019 bianco e blu\u201d.<\/em> La cerimonia sar\u00e0 officiata da <em>\u201c<strong>un\u2019amica di entrambi<\/strong>, che ancora non lo sa: sar\u00e0 una bella sorpresa per lei\u201d.<\/em><\/p>\n\n\n<div class=\"lazyblock-gossipvideo-ZDFNRF align wp-block-lazyblock-gossipvideo\"><script>window.azrnVideoPlaylist=\"https:\/\/www.gossip.it\/api\/gossip\/video\/playlist_v2\/latest\/136940\/gossip.it\"<\/script><div id=\"gmp-intext-video\"><\/div><\/div>\n\n\n<p>I due hanno scelto i testimoni: <em>\u201c<strong>Sono i nostri fratelli<\/strong>: Fabio, di Luigi, e Alessandro, il mio. E le nostre migliori amiche, Raffaella e Valentina\u201d<\/em>. La luna di miele sar\u00e0 al caldo, non sanno ancora dove. La coppia pensa pure ad allargare la famiglia: <em>\u201c<strong>Figli? Non lo escludiamo<\/strong>, ma \u00e8 ancora presto. Per adesso ci vogliamo prendere cura l\u2019uno dell\u2019altro\u201d<\/em>.<\/p>\n","protected":false},"excerpt":{"rendered":"<p>E\u2019 tutto pronto per i fiori d\u2019arancio, anche le partecipazioni sono state spedite, Valerio Scanu sposa Luigi Calcara. Al Corriere della Sera rivela la data del matrimonio col 32enne di Castelvetrano, docente al corso di\u00a0Ingegneria elettrica alla Sapienza di\u00a0Roma, a cui \u00e8 legato dal luglio 2020. Valerio aveva fatto la proposta di nozze al suo [&hellip;]<\/p>\n","protected":false},"author":4,"featured_media":151412,"comment_status":"open","ping_status":"closed","sticky":false,"template":"","format":"standard","meta":{"footnotes":""},"categories":[54],"tags":[63863,2793,65535,67046,63979,70549,70548,70547,70546],"vip":[1812],"class_list":["post-151401","post","type-post","status-publish","format-standard","has-post-thumbnail","hentry","category-news","tag-corrieredellasera","tag-gossip","tag-luigicalcara","tag-sifb","tag-valerioscanu","tag-valerioscanudatanozze","tag-valerioscanufioridarancio","tag-valerioscanumatrimonio","tag-valerioscanunozze","vip-valerio_scanu"],"yoast_head":"<title>Partecipazioni spedite: Valerio Scanu rivela la data del matrimonio con il compagno Luigi Calcara - Gossip.it | News sul Gossip e VIP<\/title>\n<meta name=\"description\" content=\"Partecipazioni spedite: Valerio Scanu rivela la data del matrimonio con il compagno Luigi Calcara\" \/>\n<meta name=\"robots\" content=\"index, follow, max-snippet:-1, max-image-preview:large, max-video-preview:-1\" \/>\n<link rel=\"canonical\" href=\"https:\/\/www.gossip.it\/news\/valerio-scanu-data-matrimonio-luigi-calcara\/\" \/>\n<meta property=\"og:locale\" content=\"it_IT\" \/>\n<meta property=\"og:type\" content=\"article\" \/>\n<meta property=\"og:title\" content=\"Partecipazioni spedite: Valerio Scanu rivela la data del matrimonio con il compagno Luigi Calcara - Gossip.it | News sul Gossip e VIP\" \/>\n<meta property=\"og:description\" content=\"Partecipazioni spedite: Valerio Scanu rivela la data del matrimonio con il compagno Luigi Calcara\" \/>\n<meta property=\"og:url\" content=\"https:\/\/www.gossip.it\/news\/valerio-scanu-data-matrimonio-luigi-calcara\/\" \/>\n<meta property=\"og:site_name\" content=\"Gossip.it | News sul Gossip e VIP\" \/>\n<meta property=\"article:publisher\" content=\"https:\/\/www.facebook.com\/GossipIT\" \/>\n<meta property=\"article:published_time\" content=\"2023-06-29T09:55:10+00:00\" \/>\n<meta property=\"article:modified_time\" content=\"2023-06-29T14:10:29+00:00\" \/>\n<meta property=\"og:image\" content=\"https:\/\/www.gossip.it\/wp-content\/uploads\/2023\/06\/lancio-SCANU-FB.jpg\" \/>\n\t<meta property=\"og:image:width\" content=\"1134\" \/>\n\t<meta property=\"og:image:height\" content=\"590\" \/>\n\t<meta property=\"og:image:type\" content=\"image\/jpeg\" \/>\n<meta name=\"author\" content=\"Annamaria Capozzi\" \/>\n<meta name=\"twitter:card\" content=\"summary_large_image\" \/>\n<meta name=\"twitter:creator\" content=\"@gossinews_it\" \/>\n<meta name=\"twitter:site\" content=\"@gossinews_it\" \/>\n<meta name=\"twitter:label1\" content=\"Scritto da\" \/>\n\t<meta name=\"twitter:data1\" content=\"Annamaria Capozzi\" \/>\n\t<meta name=\"twitter:label2\" content=\"Tempo di lettura stimato\" \/>\n\t<meta name=\"twitter:data2\" content=\"3 minuti\" \/>","yoast_head_json":{"title":"Partecipazioni spedite: Valerio Scanu rivela la data del matrimonio con il compagno Luigi Calcara - Gossip.it | News sul Gossip e VIP","description":"Partecipazioni spedite: Valerio Scanu rivela la data del matrimonio con il compagno Luigi Calcara","robots":{"index":"index","follow":"follow","max-snippet":"max-snippet:-1","max-image-preview":"max-image-preview:large","max-video-preview":"max-video-preview:-1"},"canonical":"https:\/\/www.gossip.it\/news\/valerio-scanu-data-matrimonio-luigi-calcara\/","og_locale":"it_IT","og_type":"article","og_title":"Partecipazioni spedite: Valerio Scanu rivela la data del matrimonio con il compagno Luigi Calcara - Gossip.it | News sul Gossip e VIP","og_description":"Partecipazioni spedite: Valerio Scanu rivela la data del matrimonio con il compagno Luigi Calcara","og_url":"https:\/\/www.gossip.it\/news\/valerio-scanu-data-matrimonio-luigi-calcara\/","og_site_name":"Gossip.it | News sul Gossip e VIP","article_publisher":"https:\/\/www.facebook.com\/GossipIT","article_published_time":"2023-06-29T09:55:10+00:00","article_modified_time":"2023-06-29T14:10:29+00:00","og_image":[{"width":1134,"height":590,"url":"https:\/\/www.gossip.it\/wp-content\/uploads\/2023\/06\/lancio-SCANU-FB.jpg","type":"image\/jpeg"}],"author":"Annamaria Capozzi","twitter_card":"summary_large_image","twitter_creator":"@gossinews_it","twitter_site":"@gossinews_it","twitter_misc":{"Scritto da":"Annamaria Capozzi","Tempo di lettura stimato":"3 minuti"},"schema":{"@context":"https:\/\/schema.org","@graph":[{"@type":"Article","@id":"https:\/\/www.gossip.it\/news\/valerio-scanu-data-matrimonio-luigi-calcara\/#article","isPartOf":{"@id":"https:\/\/www.gossip.it\/news\/valerio-scanu-data-matrimonio-luigi-calcara\/"},"author":{"name":"Annamaria Capozzi","@id":"https:\/\/www.gossip.it\/#\/schema\/person\/4f99be5acc78d3f1b07a146d4fe8256b"},"headline":"Partecipazioni spedite: Valerio Scanu rivela la data del matrimonio con il compagno Luigi Calcara","datePublished":"2023-06-29T09:55:10+00:00","dateModified":"2023-06-29T14:10:29+00:00","mainEntityOfPage":{"@id":"https:\/\/www.gossip.it\/news\/valerio-scanu-data-matrimonio-luigi-calcara\/"},"wordCount":492,"commentCount":0,"publisher":{"@id":"https:\/\/www.gossip.it\/#organization"},"image":{"@id":"https:\/\/www.gossip.it\/news\/valerio-scanu-data-matrimonio-luigi-calcara\/#primaryimage"},"thumbnailUrl":"https:\/\/www.gossip.it\/wp-content\/uploads\/2023\/06\/lancio-SCANU.jpg","keywords":["corrieredellasera","gossip","luigicalcara","sifb","valerioscanu","valerioscanudatanozze","valerioscanufioridarancio","valerioscanumatrimonio","valerioscanunozze"],"articleSection":["News"],"inLanguage":"it-IT","potentialAction":[{"@type":"CommentAction","name":"Comment","target":["https:\/\/www.gossip.it\/news\/valerio-scanu-data-matrimonio-luigi-calcara\/#respond"]}]},{"@type":"WebPage","@id":"https:\/\/www.gossip.it\/news\/valerio-scanu-data-matrimonio-luigi-calcara\/","url":"https:\/\/www.gossip.it\/news\/valerio-scanu-data-matrimonio-luigi-calcara\/","name":"Partecipazioni spedite: Valerio Scanu rivela la data del matrimonio con il compagno Luigi Calcara - Gossip.it | News sul Gossip e VIP","isPartOf":{"@id":"https:\/\/www.gossip.it\/#website"},"primaryImageOfPage":{"@id":"https:\/\/www.gossip.it\/news\/valerio-scanu-data-matrimonio-luigi-calcara\/#primaryimage"},"image":{"@id":"https:\/\/www.gossip.it\/news\/valerio-scanu-data-matrimonio-luigi-calcara\/#primaryimage"},"thumbnailUrl":"https:\/\/www.gossip.it\/wp-content\/uploads\/2023\/06\/lancio-SCANU.jpg","datePublished":"2023-06-29T09:55:10+00:00","dateModified":"2023-06-29T14:10:29+00:00","description":"Partecipazioni spedite: Valerio Scanu rivela la data del matrimonio con il compagno Luigi Calcara","breadcrumb":{"@id":"https:\/\/www.gossip.it\/news\/valerio-scanu-data-matrimonio-luigi-calcara\/#breadcrumb"},"inLanguage":"it-IT","potentialAction":[{"@type":"ReadAction","target":["https:\/\/www.gossip.it\/news\/valerio-scanu-data-matrimonio-luigi-calcara\/"]}]},{"@type":"ImageObject","inLanguage":"it-IT","@id":"https:\/\/www.gossip.it\/news\/valerio-scanu-data-matrimonio-luigi-calcara\/#primaryimage","url":"https:\/\/www.gossip.it\/wp-content\/uploads\/2023\/06\/lancio-SCANU.jpg","contentUrl":"https:\/\/www.gossip.it\/wp-content\/uploads\/2023\/06\/lancio-SCANU.jpg","width":1134,"height":808},{"@type":"BreadcrumbList","@id":"https:\/\/www.gossip.it\/news\/valerio-scanu-data-matrimonio-luigi-calcara\/#breadcrumb","itemListElement":[{"@type":"ListItem","position":1,"name":"Home","item":"https:\/\/www.gossip.it\/"},{"@type":"ListItem","position":2,"name":"Partecipazioni spedite: Valerio Scanu rivela la data del matrimonio con il compagno Luigi Calcara"}]},{"@type":"WebSite","@id":"https:\/\/www.gossip.it\/#website","url":"https:\/\/www.gossip.it\/","name":"Gossip and VIP News","description":"Quotidiano di cronaca rosa, costume e societ\u00e0","publisher":{"@id":"https:\/\/www.gossip.it\/#organization"},"alternateName":"Gossip and VIP News","potentialAction":[{"@type":"SearchAction","target":{"@type":"EntryPoint","urlTemplate":"https:\/\/www.gossip.it\/?s={search_term_string}"},"query-input":{"@type":"PropertyValueSpecification","valueRequired":true,"valueName":"search_term_string"}}],"inLanguage":"it-IT"},{"@type":"Organization","@id":"https:\/\/www.gossip.it\/#organization","name":"Gossip and VIP News","alternateName":"Gossip News","url":"https:\/\/www.gossip.it\/","logo":{"@type":"ImageObject","inLanguage":"it-IT","@id":"https:\/\/www.gossip.it\/#\/schema\/logo\/image\/","url":"https:\/\/www.gossip.it\/wp-content\/uploads\/2022\/04\/cropped-corna-alta-tiny.png","contentUrl":"https:\/\/www.gossip.it\/wp-content\/uploads\/2022\/04\/cropped-corna-alta-tiny.png","width":512,"height":512,"caption":"Gossip and VIP News"},"image":{"@id":"https:\/\/www.gossip.it\/#\/schema\/logo\/image\/"},"sameAs":["https:\/\/www.facebook.com\/GossipIT","https:\/\/x.com\/gossinews_it","https:\/\/instagram.com\/gossip_it"]},{"@type":"Person","@id":"https:\/\/www.gossip.it\/#\/schema\/person\/4f99be5acc78d3f1b07a146d4fe8256b","name":"Annamaria Capozzi","image":{"@type":"ImageObject","inLanguage":"it-IT","@id":"https:\/\/www.gossip.it\/#\/schema\/person\/image\/","url":"https:\/\/secure.gravatar.com\/avatar\/a8f8ec0362739e51683bf764949dfb9f8d2539eecc144f2dd938d6381b053468?s=96&d=mm&r=g","contentUrl":"https:\/\/secure.gravatar.com\/avatar\/a8f8ec0362739e51683bf764949dfb9f8d2539eecc144f2dd938d6381b053468?s=96&d=mm&r=g","caption":"Annamaria Capozzi"}}]}},"amp_enabled":true,"_links":{"self":[{"href":"https:\/\/www.gossip.it\/api\/wp\/v2\/posts\/151401","targetHints":{"allow":["GET"]}}],"collection":[{"href":"https:\/\/www.gossip.it\/api\/wp\/v2\/posts"}],"about":[{"href":"https:\/\/www.gossip.it\/api\/wp\/v2\/types\/post"}],"author":[{"embeddable":true,"href":"https:\/\/www.gossip.it\/api\/wp\/v2\/users\/4"}],"replies":[{"embeddable":true,"href":"https:\/\/www.gossip.it\/api\/wp\/v2\/comments?post=151401"}],"version-history":[{"count":1,"href":"https:\/\/www.gossip.it\/api\/wp\/v2\/posts\/151401\/revisions"}],"predecessor-version":[{"id":151414,"href":"https:\/\/www.gossip.it\/api\/wp\/v2\/posts\/151401\/revisions\/151414"}],"wp:featuredmedia":[{"embeddable":true,"href":"https:\/\/www.gossip.it\/api\/wp\/v2\/media\/151412"}],"wp:attachment":[{"href":"https:\/\/www.gossip.it\/api\/wp\/v2\/media?parent=151401"}],"wp:term":[{"taxonomy":"category","embeddable":true,"href":"https:\/\/www.gossip.it\/api\/wp\/v2\/categories?post=151401"},{"taxonomy":"post_tag","embeddable":true,"href":"https:\/\/www.gossip.it\/api\/wp\/v2\/tags?post=151401"},{"taxonomy":"vip","embeddable":true,"href":"https:\/\/www.gossip.it\/api\/wp\/v2\/vip?post=151401"}],"curies":[{"name":"wp","href":"https:\/\/api.w.org\/{rel}","templated":true}]}}