{"id":152925,"date":"2023-07-25T15:44:26","date_gmt":"2023-07-25T13:44:26","guid":{"rendered":"https:\/\/www.gossip.it\/?p=152925"},"modified":"2023-07-25T17:28:40","modified_gmt":"2023-07-25T15:28:40","slug":"guendalina-tavassi-personaggio-trash-niente-spazio-gf","status":"publish","type":"post","link":"https:\/\/www.gossip.it\/news\/guendalina-tavassi-personaggio-trash-niente-spazio-gf\/","title":{"rendered":"Guendalina Tavassi: ''Anch'io sono un personaggio trash, per me niente pi\u00f9 spazio al GF''"},"content":{"rendered":"\n<ul class=\"wp-block-list\">\n<li>La 37enne, pur senza nominarlo, su Piersilvio Berlusconi dice: <em>\u201cHa fatto fuori tutte\u201d<\/em><\/li>\n\n\n\n<li>E\u2019 il reality che l\u2019ha resa popolare e l\u2019unico a cui avrebbe nuovamente partecipato, ma\u2026<\/li>\n<\/ul>\n\n\n\n<p><a href=\"http:\/\/www.gossip.it\/vip\/guendalina-tavassi\">Guendalina Tavassi<\/a> non ha alcun problema ad ammetterlo. I follower le chiedono se desidererebbe entrare nuovamente nella Casa di Cinecitt\u00e0 come concorrente il prossimo settembre. La romana per\u00f2 replica, un po\u2019 amaramente: <em>\u201c<strong>Anch\u2019io sono un personaggio trash, per me niente pi\u00f9 spazio al GF<\/strong>\u201d<\/em>. Il nuovo <em>Grande Fratello<\/em>, che torner\u00e0 a non essere pi\u00f9 <em>Vip<\/em>, chiude le porte a un certo tipo di personaggi. Non c\u2019\u00e8 pi\u00f9 spazio per loro nella nuova Mediaset targata <a href=\"http:\/\/www.gossip.it\/vip\/piersilvio-berlusconi\">Piersilvio Berlusconi<\/a>. La 37enne ne \u00e8 perfettamente cosciente.<\/p>\n\n\n\n<figure class=\"wp-block-image size-large\"><img decoding=\"async\" width=\"819\" height=\"1024\" src=\"https:\/\/www.gossip.it\/wp-content\/uploads\/2023\/07\/tavassi_1-819x1024.jpg\" alt=\"\" class=\"wp-image-152926\" srcset=\"https:\/\/www.gossip.it\/wp-content\/uploads\/2023\/07\/tavassi_1-819x1024.jpg 819w, https:\/\/www.gossip.it\/wp-content\/uploads\/2023\/07\/tavassi_1-240x300.jpg 240w, https:\/\/www.gossip.it\/wp-content\/uploads\/2023\/07\/tavassi_1-768x960.jpg 768w, https:\/\/www.gossip.it\/wp-content\/uploads\/2023\/07\/tavassi_1-750x938.jpg 750w, https:\/\/www.gossip.it\/wp-content\/uploads\/2023\/07\/tavassi_1.jpg 1134w\" sizes=\"(max-width: 819px) 100vw, 819px\" \/><figcaption class=\"wp-element-caption\">Guendalina Tavassi: <em>''Anch'io sono un personaggio trash, per me niente pi\u00f9 spazio al GF''<\/em><\/figcaption><\/figure>\n\n\n\n<p>L\u2019epurazione \u00e8 ormai iniziata, anzi, \u00e8 a buon punto. Cos\u00ec Guenda, diventata popolare in tv proprio grazie al <em>GF 11<\/em>, naufraga pure dell\u2019<em>Isola dei Famosi<\/em>, a chi la vorrebbe alla corte di <a href=\"http:\/\/www.gossip.it\/vip\/alfonso-signorini\">Alfonso Signorini<\/a>, magari insieme alla figlia maggiore <a href=\"http:\/\/www.gossip.it\/vip\/gaia-nicolini\">Gaia Nicolini<\/a>, 19 anni, avuta dall\u2019ex Remo, replica: <em>\u201cNo ragazzi, me lo chiedete ogni anno. Non far\u00f2 il GF. <strong>Se prima c\u2019era un minimo di possibilit\u00e0, ora ha fatto fuori tutte, tutte<\/strong>. Uno spasso\u201d.<\/em><\/p>\n\n\n\n<p>La Tavassi, sorella di <a href=\"http:\/\/www.gossip.it\/vip\/edoardo-tavassi\">Edoardo<\/a>, tra i protagonisti della scorsa edizione del <em>GF Vip<\/em>, quello che ha fatto pensare all\u2019editore che la misura era ormai <em>\u2018colma\u2019<\/em>, prosegue: <em>\u201cBeh, a me non me ne pu\u00f2 fregar di meno, sinceramente ho il mio lavoro, mi diverto qui su Instagram, ci lavoro. La televisione? Se mi propongono cose che mi piacciono le faccio, altrimenti non le faccio. Non sono una malata di televisione, ma del GF s\u00ec. <strong>Quello \u00e8 l\u2019unico reality che rifarei, ma non credo che ci sia pi\u00f9 spazio per influencer e personaggi trash<\/strong>\u201d.\u00a0<\/em><\/p>\n\n\n\n<figure class=\"wp-block-image size-large is-resized\"><img decoding=\"async\" src=\"https:\/\/www.gossip.it\/wp-content\/uploads\/2023\/07\/tavassi_2-570x1024.jpg\" alt=\"\" class=\"wp-image-152927\" width=\"768\" height=\"1380\" srcset=\"https:\/\/www.gossip.it\/wp-content\/uploads\/2023\/07\/tavassi_2-570x1024.jpg 570w, https:\/\/www.gossip.it\/wp-content\/uploads\/2023\/07\/tavassi_2-167x300.jpg 167w, https:\/\/www.gossip.it\/wp-content\/uploads\/2023\/07\/tavassi_2-768x1380.jpg 768w, https:\/\/www.gossip.it\/wp-content\/uploads\/2023\/07\/tavassi_2-855x1536.jpg 855w, https:\/\/www.gossip.it\/wp-content\/uploads\/2023\/07\/tavassi_2-750x1348.jpg 750w, https:\/\/www.gossip.it\/wp-content\/uploads\/2023\/07\/tavassi_2.jpg 1134w\" sizes=\"(max-width: 768px) 100vw, 768px\" \/><figcaption class=\"wp-element-caption\">La 37enne, pur senza nominarlo, su Piersilvio Berlusconi dice: <em>\u201cHa fatto fuori tutte\u201d<\/em><\/figcaption><\/figure>\n\n\n\n<p>Guendalina poi conclude con un po\u2019 di sana autoironia, che del resto non le \u00e8 mai mancata: <em>\u201c<strong>Definiamoci trash<\/strong>, ma che cavolo ce frega; \u00e8 bello il trash!\u201d.<\/em><\/p>\n","protected":false},"excerpt":{"rendered":"<p>Guendalina Tavassi non ha alcun problema ad ammetterlo. I follower le chiedono se desidererebbe entrare nuovamente nella Casa di Cinecitt\u00e0 come concorrente il prossimo settembre. La romana per\u00f2 replica, un po\u2019 amaramente: \u201cAnch\u2019io sono un personaggio trash, per me niente pi\u00f9 spazio al GF\u201d. Il nuovo Grande Fratello, che torner\u00e0 a non essere pi\u00f9 Vip, [&hellip;]<\/p>\n","protected":false},"author":1,"featured_media":152929,"comment_status":"open","ping_status":"closed","sticky":false,"template":"","format":"standard","meta":{"footnotes":""},"categories":[54],"tags":[63538,2697,2106,10713,2793,19682,63536,63664,67046,2097],"vip":[926],"class_list":["post-152925","post","type-post","status-publish","format-standard","has-post-thumbnail","hentry","category-news","tag-alfonsosignorini","tag-canale5","tag-gf","tag-gfvip","tag-gossip","tag-grandefratello","tag-grandefratellovip","tag-guendalinatavassi","tag-sifb","tag-tv","vip-guendalina_tavassi"],"yoast_head":"<title>Guendalina Tavassi: &#039;&#039;Anch&#039;io sono un personaggio trash, per me niente pi\u00f9 spazio al GF&#039;&#039; - Gossip.it | News sul Gossip e VIP<\/title>\n<meta name=\"description\" content=\"Guendalina Tavassi ammette un po&#039; amara: &#039;&#039;Anch&#039;io sono un personaggio trash, per me niente pi\u00f9 spazio al GF&#039;&#039;\" \/>\n<meta name=\"robots\" content=\"index, follow, max-snippet:-1, max-image-preview:large, max-video-preview:-1\" \/>\n<link rel=\"canonical\" href=\"https:\/\/www.gossip.it\/news\/guendalina-tavassi-personaggio-trash-niente-spazio-gf\/\" \/>\n<meta property=\"og:locale\" content=\"it_IT\" \/>\n<meta property=\"og:type\" content=\"article\" \/>\n<meta property=\"og:title\" content=\"Guendalina Tavassi: &#039;&#039;Anch&#039;io sono un personaggio trash, per me niente pi\u00f9 spazio al GF&#039;&#039; - Gossip.it | News sul Gossip e VIP\" \/>\n<meta property=\"og:description\" content=\"Guendalina Tavassi ammette un po&#039; amara: &#039;&#039;Anch&#039;io sono un personaggio trash, per me niente pi\u00f9 spazio al GF&#039;&#039;\" \/>\n<meta property=\"og:url\" content=\"https:\/\/www.gossip.it\/news\/guendalina-tavassi-personaggio-trash-niente-spazio-gf\/\" \/>\n<meta property=\"og:site_name\" content=\"Gossip.it | News sul Gossip e VIP\" \/>\n<meta property=\"article:publisher\" content=\"https:\/\/www.facebook.com\/GossipIT\" \/>\n<meta property=\"article:published_time\" content=\"2023-07-25T13:44:26+00:00\" \/>\n<meta property=\"article:modified_time\" content=\"2023-07-25T15:28:40+00:00\" \/>\n<meta property=\"og:image\" content=\"https:\/\/www.gossip.it\/wp-content\/uploads\/2023\/07\/lancio-TAVASSI-FB.jpg\" \/>\n\t<meta property=\"og:image:width\" content=\"1134\" \/>\n\t<meta property=\"og:image:height\" content=\"605\" \/>\n\t<meta property=\"og:image:type\" content=\"image\/jpeg\" \/>\n<meta name=\"author\" content=\"La Redazione\" \/>\n<meta name=\"twitter:card\" content=\"summary_large_image\" \/>\n<meta name=\"twitter:creator\" content=\"@gossinews_it\" \/>\n<meta name=\"twitter:site\" content=\"@gossinews_it\" \/>\n<meta name=\"twitter:label1\" content=\"Scritto da\" \/>\n\t<meta name=\"twitter:data1\" content=\"La Redazione\" \/>\n\t<meta name=\"twitter:label2\" content=\"Tempo di lettura stimato\" \/>\n\t<meta name=\"twitter:data2\" content=\"3 minuti\" \/>","yoast_head_json":{"title":"Guendalina Tavassi: ''Anch'io sono un personaggio trash, per me niente pi\u00f9 spazio al GF'' - Gossip.it | News sul Gossip e VIP","description":"Guendalina Tavassi ammette un po' amara: ''Anch'io sono un personaggio trash, per me niente pi\u00f9 spazio al GF''","robots":{"index":"index","follow":"follow","max-snippet":"max-snippet:-1","max-image-preview":"max-image-preview:large","max-video-preview":"max-video-preview:-1"},"canonical":"https:\/\/www.gossip.it\/news\/guendalina-tavassi-personaggio-trash-niente-spazio-gf\/","og_locale":"it_IT","og_type":"article","og_title":"Guendalina Tavassi: ''Anch'io sono un personaggio trash, per me niente pi\u00f9 spazio al GF'' - Gossip.it | News sul Gossip e VIP","og_description":"Guendalina Tavassi ammette un po' amara: ''Anch'io sono un personaggio trash, per me niente pi\u00f9 spazio al GF''","og_url":"https:\/\/www.gossip.it\/news\/guendalina-tavassi-personaggio-trash-niente-spazio-gf\/","og_site_name":"Gossip.it | News sul Gossip e VIP","article_publisher":"https:\/\/www.facebook.com\/GossipIT","article_published_time":"2023-07-25T13:44:26+00:00","article_modified_time":"2023-07-25T15:28:40+00:00","og_image":[{"width":1134,"height":605,"url":"https:\/\/www.gossip.it\/wp-content\/uploads\/2023\/07\/lancio-TAVASSI-FB.jpg","type":"image\/jpeg"}],"author":"La Redazione","twitter_card":"summary_large_image","twitter_creator":"@gossinews_it","twitter_site":"@gossinews_it","twitter_misc":{"Scritto da":"La Redazione","Tempo di lettura stimato":"3 minuti"},"schema":{"@context":"https:\/\/schema.org","@graph":[{"@type":"Article","@id":"https:\/\/www.gossip.it\/news\/guendalina-tavassi-personaggio-trash-niente-spazio-gf\/#article","isPartOf":{"@id":"https:\/\/www.gossip.it\/news\/guendalina-tavassi-personaggio-trash-niente-spazio-gf\/"},"author":{"name":"La Redazione","@id":"https:\/\/www.gossip.it\/#\/schema\/person\/488896f75158bff1cc83c6c39d141110"},"headline":"Guendalina Tavassi: ''Anch'io sono un personaggio trash, per me niente pi\u00f9 spazio al GF''","datePublished":"2023-07-25T13:44:26+00:00","dateModified":"2023-07-25T15:28:40+00:00","mainEntityOfPage":{"@id":"https:\/\/www.gossip.it\/news\/guendalina-tavassi-personaggio-trash-niente-spazio-gf\/"},"wordCount":348,"commentCount":0,"publisher":{"@id":"https:\/\/www.gossip.it\/#organization"},"image":{"@id":"https:\/\/www.gossip.it\/news\/guendalina-tavassi-personaggio-trash-niente-spazio-gf\/#primaryimage"},"thumbnailUrl":"https:\/\/www.gossip.it\/wp-content\/uploads\/2023\/07\/lancio-TAVASSI.jpg","keywords":["alfonsosignorini","canale5","gf","gfvip","gossip","grandefratello","grandefratellovip","guendalinatavassi","sifb","tv"],"articleSection":["News"],"inLanguage":"it-IT","potentialAction":[{"@type":"CommentAction","name":"Comment","target":["https:\/\/www.gossip.it\/news\/guendalina-tavassi-personaggio-trash-niente-spazio-gf\/#respond"]}]},{"@type":"WebPage","@id":"https:\/\/www.gossip.it\/news\/guendalina-tavassi-personaggio-trash-niente-spazio-gf\/","url":"https:\/\/www.gossip.it\/news\/guendalina-tavassi-personaggio-trash-niente-spazio-gf\/","name":"Guendalina Tavassi: ''Anch'io sono un personaggio trash, per me niente pi\u00f9 spazio al GF'' - Gossip.it | News sul Gossip e VIP","isPartOf":{"@id":"https:\/\/www.gossip.it\/#website"},"primaryImageOfPage":{"@id":"https:\/\/www.gossip.it\/news\/guendalina-tavassi-personaggio-trash-niente-spazio-gf\/#primaryimage"},"image":{"@id":"https:\/\/www.gossip.it\/news\/guendalina-tavassi-personaggio-trash-niente-spazio-gf\/#primaryimage"},"thumbnailUrl":"https:\/\/www.gossip.it\/wp-content\/uploads\/2023\/07\/lancio-TAVASSI.jpg","datePublished":"2023-07-25T13:44:26+00:00","dateModified":"2023-07-25T15:28:40+00:00","description":"Guendalina Tavassi ammette un po' amara: ''Anch'io sono un personaggio trash, per me niente pi\u00f9 spazio al GF''","breadcrumb":{"@id":"https:\/\/www.gossip.it\/news\/guendalina-tavassi-personaggio-trash-niente-spazio-gf\/#breadcrumb"},"inLanguage":"it-IT","potentialAction":[{"@type":"ReadAction","target":["https:\/\/www.gossip.it\/news\/guendalina-tavassi-personaggio-trash-niente-spazio-gf\/"]}]},{"@type":"ImageObject","inLanguage":"it-IT","@id":"https:\/\/www.gossip.it\/news\/guendalina-tavassi-personaggio-trash-niente-spazio-gf\/#primaryimage","url":"https:\/\/www.gossip.it\/wp-content\/uploads\/2023\/07\/lancio-TAVASSI.jpg","contentUrl":"https:\/\/www.gossip.it\/wp-content\/uploads\/2023\/07\/lancio-TAVASSI.jpg","width":1134,"height":808},{"@type":"BreadcrumbList","@id":"https:\/\/www.gossip.it\/news\/guendalina-tavassi-personaggio-trash-niente-spazio-gf\/#breadcrumb","itemListElement":[{"@type":"ListItem","position":1,"name":"Home","item":"https:\/\/www.gossip.it\/"},{"@type":"ListItem","position":2,"name":"Guendalina Tavassi: ''Anch'io sono un personaggio trash, per me niente pi\u00f9 spazio al GF''"}]},{"@type":"WebSite","@id":"https:\/\/www.gossip.it\/#website","url":"https:\/\/www.gossip.it\/","name":"Gossip and VIP News","description":"Quotidiano di cronaca rosa, costume e societ\u00e0","publisher":{"@id":"https:\/\/www.gossip.it\/#organization"},"alternateName":"Gossip and VIP News","potentialAction":[{"@type":"SearchAction","target":{"@type":"EntryPoint","urlTemplate":"https:\/\/www.gossip.it\/?s={search_term_string}"},"query-input":{"@type":"PropertyValueSpecification","valueRequired":true,"valueName":"search_term_string"}}],"inLanguage":"it-IT"},{"@type":"Organization","@id":"https:\/\/www.gossip.it\/#organization","name":"Gossip and VIP News","alternateName":"Gossip News","url":"https:\/\/www.gossip.it\/","logo":{"@type":"ImageObject","inLanguage":"it-IT","@id":"https:\/\/www.gossip.it\/#\/schema\/logo\/image\/","url":"https:\/\/www.gossip.it\/wp-content\/uploads\/2022\/04\/cropped-corna-alta-tiny.png","contentUrl":"https:\/\/www.gossip.it\/wp-content\/uploads\/2022\/04\/cropped-corna-alta-tiny.png","width":512,"height":512,"caption":"Gossip and VIP News"},"image":{"@id":"https:\/\/www.gossip.it\/#\/schema\/logo\/image\/"},"sameAs":["https:\/\/www.facebook.com\/GossipIT","https:\/\/x.com\/gossinews_it","https:\/\/instagram.com\/gossip_it"]},{"@type":"Person","@id":"https:\/\/www.gossip.it\/#\/schema\/person\/488896f75158bff1cc83c6c39d141110","name":"La Redazione","image":{"@type":"ImageObject","inLanguage":"it-IT","@id":"https:\/\/www.gossip.it\/#\/schema\/person\/image\/","url":"https:\/\/secure.gravatar.com\/avatar\/5a5f5c6fa3e6700e4249abdad0263a1e94e927d9e0499b1cb09c1cd29c044d80?s=96&d=mm&r=g","contentUrl":"https:\/\/secure.gravatar.com\/avatar\/5a5f5c6fa3e6700e4249abdad0263a1e94e927d9e0499b1cb09c1cd29c044d80?s=96&d=mm&r=g","caption":"La Redazione"},"sameAs":["https:\/\/www.gossip.it"]}]}},"amp_enabled":true,"_links":{"self":[{"href":"https:\/\/www.gossip.it\/api\/wp\/v2\/posts\/152925","targetHints":{"allow":["GET"]}}],"collection":[{"href":"https:\/\/www.gossip.it\/api\/wp\/v2\/posts"}],"about":[{"href":"https:\/\/www.gossip.it\/api\/wp\/v2\/types\/post"}],"author":[{"embeddable":true,"href":"https:\/\/www.gossip.it\/api\/wp\/v2\/users\/1"}],"replies":[{"embeddable":true,"href":"https:\/\/www.gossip.it\/api\/wp\/v2\/comments?post=152925"}],"version-history":[{"count":1,"href":"https:\/\/www.gossip.it\/api\/wp\/v2\/posts\/152925\/revisions"}],"predecessor-version":[{"id":152931,"href":"https:\/\/www.gossip.it\/api\/wp\/v2\/posts\/152925\/revisions\/152931"}],"wp:featuredmedia":[{"embeddable":true,"href":"https:\/\/www.gossip.it\/api\/wp\/v2\/media\/152929"}],"wp:attachment":[{"href":"https:\/\/www.gossip.it\/api\/wp\/v2\/media?parent=152925"}],"wp:term":[{"taxonomy":"category","embeddable":true,"href":"https:\/\/www.gossip.it\/api\/wp\/v2\/categories?post=152925"},{"taxonomy":"post_tag","embeddable":true,"href":"https:\/\/www.gossip.it\/api\/wp\/v2\/tags?post=152925"},{"taxonomy":"vip","embeddable":true,"href":"https:\/\/www.gossip.it\/api\/wp\/v2\/vip?post=152925"}],"curies":[{"name":"wp","href":"https:\/\/api.w.org\/{rel}","templated":true}]}}