{"id":153009,"date":"2023-07-26T14:34:48","date_gmt":"2023-07-26T12:34:48","guid":{"rendered":"https:\/\/www.gossip.it\/?p=153009"},"modified":"2023-07-27T11:26:48","modified_gmt":"2023-07-27T09:26:48","slug":"casa-fiamme-eva-riccobono-racconta-dramma","status":"publish","type":"post","link":"https:\/\/www.gossip.it\/news\/casa-fiamme-eva-riccobono-racconta-dramma\/","title":{"rendered":"''Casa mia \u00e8 in fiamme, la mia famiglia \u00e8 circondata'': la modella palermitana Eva Riccobono racconta in lacrime il dramma"},"content":{"rendered":"\n<ul class=\"wp-block-list\">\n<li>In Sicilia la situazione a causa degli incendi \u00e8 disastrosa: <em>\u201cAdesso purtroppo non sono con loro\u201d<\/em><\/li>\n\n\n\n<li>La citt\u00e0 in cui \u00e8 nata \u00e8 tra quelle pi\u00f9 colpite: la 40enne piange devastata<\/li>\n<\/ul>\n\n\n\n<p><a href=\"http:\/\/www.gossip.it\/vip\/eva-riccobono\">Eva Riccobono<\/a> <strong>racconta tra le lacrime il dramma che si sta vivendo in Sicilia<\/strong>. Palermo, la citt\u00e0 in cui \u00e8 nata, \u00e8 tra le pi\u00f9 colpite dagli incendi.<em> \u201c<strong>Casa mia \u00e8 in fiamme, la mia famiglia circondata<\/strong>\u201d<\/em>, sottolinea piangendo la super modella 40enne.\u00a0<\/p>\n\n\n\n<figure class=\"wp-block-image size-large is-resized\"><img decoding=\"async\" src=\"https:\/\/www.gossip.it\/wp-content\/uploads\/2023\/07\/riccobono_1-637x1024.jpg\" alt=\"\" class=\"wp-image-153010\" width=\"768\" height=\"1235\" srcset=\"https:\/\/www.gossip.it\/wp-content\/uploads\/2023\/07\/riccobono_1-637x1024.jpg 637w, https:\/\/www.gossip.it\/wp-content\/uploads\/2023\/07\/riccobono_1-187x300.jpg 187w, https:\/\/www.gossip.it\/wp-content\/uploads\/2023\/07\/riccobono_1-768x1235.jpg 768w, https:\/\/www.gossip.it\/wp-content\/uploads\/2023\/07\/riccobono_1-955x1536.jpg 955w, https:\/\/www.gossip.it\/wp-content\/uploads\/2023\/07\/riccobono_1-750x1206.jpg 750w, https:\/\/www.gossip.it\/wp-content\/uploads\/2023\/07\/riccobono_1.jpg 1134w\" sizes=\"(max-width: 768px) 100vw, 768px\" \/><figcaption class=\"wp-element-caption\"><em>''Casa mia \u00e8 in fiamme, la mia famiglia \u00e8 circondata''<\/em>: la modella palermitana Eva Riccobono racconta in lacrime il dramma<\/figcaption><\/figure>\n\n\n\n<p><em>\u201cHo saputo dalla mia famiglia che Palermo \u00e8 in una situazione disastrosa<\/em> - sottolinea Eva - <em>che gli incendi non si fermano. <strong>Casa mia, dove vivono i miei, \u00e8 su una collina totalmente in fiamme<\/strong>. Stanno evacuando le persone da ieri sera. Un agriturismo vicino a casa nostra \u00e8 addirittura esploso\u2026 <strong>Forse la mia casa non ce la far\u00e0<\/strong>, molte case sono gi\u00e0 andate distrutte. Non ci sono abbastanza vigili del fuoco, le forze dell\u2019ordine non ce la fanno. Io chiedo al resto dell\u2019Italia se si pu\u00f2 aiutare in qualche modo queste famiglie perch\u00e9 tutto \u00e8 bruciato. Tutta Palermo. Mai come in questi giorni\u2026 Mia zia mi ha detto che non ha mai visto una cosa del genere. <strong>Stanotte erano circondati dalle fiamme: si sono salvati solo perch\u00e9 il vento ha cambiato direzione<\/strong>\u201d.<\/em><\/p>\n\n\n\n<figure class=\"wp-block-image size-large\"><img decoding=\"async\" width=\"813\" height=\"1024\" src=\"https:\/\/www.gossip.it\/wp-content\/uploads\/2023\/07\/riccobono_2-813x1024.jpg\" alt=\"\" class=\"wp-image-153011\" srcset=\"https:\/\/www.gossip.it\/wp-content\/uploads\/2023\/07\/riccobono_2-813x1024.jpg 813w, https:\/\/www.gossip.it\/wp-content\/uploads\/2023\/07\/riccobono_2-238x300.jpg 238w, https:\/\/www.gossip.it\/wp-content\/uploads\/2023\/07\/riccobono_2-768x967.jpg 768w, https:\/\/www.gossip.it\/wp-content\/uploads\/2023\/07\/riccobono_2-750x944.jpg 750w, https:\/\/www.gossip.it\/wp-content\/uploads\/2023\/07\/riccobono_2.jpg 1134w\" sizes=\"(max-width: 813px) 100vw, 813px\" \/><figcaption class=\"wp-element-caption\">n Sicilia la situazione a causa degli incendi \u00e8 disastrosa: <em>\u201cAdesso purtroppo non sono con loro\u201d<\/em><\/figcaption><\/figure>\n\n\n\n<p><em>\u201c<strong>Adesso io purtroppo non sono con la mia famiglia<\/strong><\/em> - continua la Riccobono, terribilmente in ansia\u00a0 - <em>Molti hanno gi\u00e0 lasciato la casa, le hanno chiuse e stanno bagnando i terreni, ma non ce la faranno da soli. La gente sta combattendo ma molti di loro sentono totalmente abbandonati. Capisco che la mole di lavoro sia enorme, ma mi chiedo se non ci sia da fare una prevenzione e non penso che tutti questi incendi siano di tipo naturale. Non capisco come ci si possa ridurre tutti gli anni cos\u00ec. Ma quest\u2019anno \u00e8 veramente una tragedia\u201d.<\/em><\/p>\n\n\n\n<figure class=\"wp-block-image size-large is-resized\"><img decoding=\"async\" src=\"https:\/\/www.gossip.it\/wp-content\/uploads\/2023\/07\/riccobono_3-633x1024.jpg\" alt=\"\" class=\"wp-image-153012\" width=\"766\" height=\"1239\" srcset=\"https:\/\/www.gossip.it\/wp-content\/uploads\/2023\/07\/riccobono_3-633x1024.jpg 633w, https:\/\/www.gossip.it\/wp-content\/uploads\/2023\/07\/riccobono_3-185x300.jpg 185w, https:\/\/www.gossip.it\/wp-content\/uploads\/2023\/07\/riccobono_3-768x1242.jpg 768w, https:\/\/www.gossip.it\/wp-content\/uploads\/2023\/07\/riccobono_3-950x1536.jpg 950w, https:\/\/www.gossip.it\/wp-content\/uploads\/2023\/07\/riccobono_3-750x1213.jpg 750w, https:\/\/www.gossip.it\/wp-content\/uploads\/2023\/07\/riccobono_3.jpg 1134w\" sizes=\"(max-width: 766px) 100vw, 766px\" \/><figcaption class=\"wp-element-caption\">La citt\u00e0 in cui \u00e8 nata \u00e8 tra quelle pi\u00f9 colpite: la 40enne piange devastata<\/figcaption><\/figure>\n\n\n\n<p><em>\u201c<strong>Mi dispiace non essere con loro<\/strong>...\u201d<\/em>, precisa ancora una volta. Eva piange per il dolore. Poi aggiunge: <em>\u201cSpero di ricevere aggiornamenti dalla mia famiglia\u201d.<\/em><\/p>\n","protected":false},"excerpt":{"rendered":"<p>Eva Riccobono racconta tra le lacrime il dramma che si sta vivendo in Sicilia. Palermo, la citt\u00e0 in cui \u00e8 nata, \u00e8 tra le pi\u00f9 colpite dagli incendi. \u201cCasa mia \u00e8 in fiamme, la mia famiglia circondata\u201d, sottolinea piangendo la super modella 40enne.\u00a0 \u201cHo saputo dalla mia famiglia che Palermo \u00e8 in una situazione disastrosa [&hellip;]<\/p>\n","protected":false},"author":4,"featured_media":153013,"comment_status":"open","ping_status":"closed","sticky":false,"template":"","format":"standard","meta":{"footnotes":""},"categories":[54],"tags":[71101,71100,4995,71099,3944,67046],"vip":[703],"class_list":["post-153009","post","type-post","status-publish","format-standard","has-post-thumbnail","hentry","category-news","tag-evariccobono","tag-incendisicilia","tag-palermo","tag-palermoinfiamme","tag-sicilia","tag-sifb","vip-eva_riccobono"],"yoast_head":"<title>&#039;&#039;Casa mia \u00e8 in fiamme, la mia famiglia \u00e8 circondata&#039;&#039;: la modella palermitana Eva Riccobono racconta in lacrime il dramma - Gossip.it | News sul Gossip e VIP<\/title>\n<meta name=\"description\" content=\"&#039;&#039;Casa mia \u00e8 in fiamme, la mia famiglia \u00e8 circondata&#039;&#039;: la modella palermitana Eva Riccobono racconta in lacrime il dramma\" \/>\n<meta name=\"robots\" content=\"index, follow, max-snippet:-1, max-image-preview:large, max-video-preview:-1\" \/>\n<link rel=\"canonical\" href=\"https:\/\/www.gossip.it\/news\/casa-fiamme-eva-riccobono-racconta-dramma\/\" \/>\n<meta property=\"og:locale\" content=\"it_IT\" \/>\n<meta property=\"og:type\" content=\"article\" \/>\n<meta property=\"og:title\" content=\"&#039;&#039;Casa mia \u00e8 in fiamme, la mia famiglia \u00e8 circondata&#039;&#039;: la modella palermitana Eva Riccobono racconta in lacrime il dramma - Gossip.it | News sul Gossip e VIP\" \/>\n<meta property=\"og:description\" content=\"&#039;&#039;Casa mia \u00e8 in fiamme, la mia famiglia \u00e8 circondata&#039;&#039;: la modella palermitana Eva Riccobono racconta in lacrime il dramma\" \/>\n<meta property=\"og:url\" content=\"https:\/\/www.gossip.it\/news\/casa-fiamme-eva-riccobono-racconta-dramma\/\" \/>\n<meta property=\"og:site_name\" content=\"Gossip.it | News sul Gossip e VIP\" \/>\n<meta property=\"article:publisher\" content=\"https:\/\/www.facebook.com\/GossipIT\" \/>\n<meta property=\"article:published_time\" content=\"2023-07-26T12:34:48+00:00\" \/>\n<meta property=\"article:modified_time\" content=\"2023-07-27T09:26:48+00:00\" \/>\n<meta property=\"og:image\" content=\"https:\/\/www.gossip.it\/wp-content\/uploads\/2023\/07\/lancio-RICCOBONO-FB.jpg\" \/>\n\t<meta property=\"og:image:width\" content=\"1134\" \/>\n\t<meta property=\"og:image:height\" content=\"589\" \/>\n\t<meta property=\"og:image:type\" content=\"image\/jpeg\" \/>\n<meta name=\"author\" content=\"Annamaria Capozzi\" \/>\n<meta name=\"twitter:card\" content=\"summary_large_image\" \/>\n<meta name=\"twitter:creator\" content=\"@gossinews_it\" \/>\n<meta name=\"twitter:site\" content=\"@gossinews_it\" \/>\n<meta name=\"twitter:label1\" content=\"Scritto da\" \/>\n\t<meta name=\"twitter:data1\" content=\"Annamaria Capozzi\" \/>\n\t<meta name=\"twitter:label2\" content=\"Tempo di lettura stimato\" \/>\n\t<meta name=\"twitter:data2\" content=\"3 minuti\" \/>","yoast_head_json":{"title":"''Casa mia \u00e8 in fiamme, la mia famiglia \u00e8 circondata'': la modella palermitana Eva Riccobono racconta in lacrime il dramma - Gossip.it | News sul Gossip e VIP","description":"''Casa mia \u00e8 in fiamme, la mia famiglia \u00e8 circondata'': la modella palermitana Eva Riccobono racconta in lacrime il dramma","robots":{"index":"index","follow":"follow","max-snippet":"max-snippet:-1","max-image-preview":"max-image-preview:large","max-video-preview":"max-video-preview:-1"},"canonical":"https:\/\/www.gossip.it\/news\/casa-fiamme-eva-riccobono-racconta-dramma\/","og_locale":"it_IT","og_type":"article","og_title":"''Casa mia \u00e8 in fiamme, la mia famiglia \u00e8 circondata'': la modella palermitana Eva Riccobono racconta in lacrime il dramma - Gossip.it | News sul Gossip e VIP","og_description":"''Casa mia \u00e8 in fiamme, la mia famiglia \u00e8 circondata'': la modella palermitana Eva Riccobono racconta in lacrime il dramma","og_url":"https:\/\/www.gossip.it\/news\/casa-fiamme-eva-riccobono-racconta-dramma\/","og_site_name":"Gossip.it | News sul Gossip e VIP","article_publisher":"https:\/\/www.facebook.com\/GossipIT","article_published_time":"2023-07-26T12:34:48+00:00","article_modified_time":"2023-07-27T09:26:48+00:00","og_image":[{"width":1134,"height":589,"url":"https:\/\/www.gossip.it\/wp-content\/uploads\/2023\/07\/lancio-RICCOBONO-FB.jpg","type":"image\/jpeg"}],"author":"Annamaria Capozzi","twitter_card":"summary_large_image","twitter_creator":"@gossinews_it","twitter_site":"@gossinews_it","twitter_misc":{"Scritto da":"Annamaria Capozzi","Tempo di lettura stimato":"3 minuti"},"schema":{"@context":"https:\/\/schema.org","@graph":[{"@type":"Article","@id":"https:\/\/www.gossip.it\/news\/casa-fiamme-eva-riccobono-racconta-dramma\/#article","isPartOf":{"@id":"https:\/\/www.gossip.it\/news\/casa-fiamme-eva-riccobono-racconta-dramma\/"},"author":{"name":"Annamaria Capozzi","@id":"https:\/\/www.gossip.it\/#\/schema\/person\/4f99be5acc78d3f1b07a146d4fe8256b"},"headline":"''Casa mia \u00e8 in fiamme, la mia famiglia \u00e8 circondata'': la modella palermitana Eva Riccobono racconta in lacrime il dramma","datePublished":"2023-07-26T12:34:48+00:00","dateModified":"2023-07-27T09:26:48+00:00","mainEntityOfPage":{"@id":"https:\/\/www.gossip.it\/news\/casa-fiamme-eva-riccobono-racconta-dramma\/"},"wordCount":383,"commentCount":0,"publisher":{"@id":"https:\/\/www.gossip.it\/#organization"},"image":{"@id":"https:\/\/www.gossip.it\/news\/casa-fiamme-eva-riccobono-racconta-dramma\/#primaryimage"},"thumbnailUrl":"https:\/\/www.gossip.it\/wp-content\/uploads\/2023\/07\/lancio-RICCOBONO.jpg","keywords":["evariccobono","incendisicilia","palermo","palermoinfiamme","sicilia","sifb"],"articleSection":["News"],"inLanguage":"it-IT","potentialAction":[{"@type":"CommentAction","name":"Comment","target":["https:\/\/www.gossip.it\/news\/casa-fiamme-eva-riccobono-racconta-dramma\/#respond"]}]},{"@type":"WebPage","@id":"https:\/\/www.gossip.it\/news\/casa-fiamme-eva-riccobono-racconta-dramma\/","url":"https:\/\/www.gossip.it\/news\/casa-fiamme-eva-riccobono-racconta-dramma\/","name":"''Casa mia \u00e8 in fiamme, la mia famiglia \u00e8 circondata'': la modella palermitana Eva Riccobono racconta in lacrime il dramma - Gossip.it | News sul Gossip e VIP","isPartOf":{"@id":"https:\/\/www.gossip.it\/#website"},"primaryImageOfPage":{"@id":"https:\/\/www.gossip.it\/news\/casa-fiamme-eva-riccobono-racconta-dramma\/#primaryimage"},"image":{"@id":"https:\/\/www.gossip.it\/news\/casa-fiamme-eva-riccobono-racconta-dramma\/#primaryimage"},"thumbnailUrl":"https:\/\/www.gossip.it\/wp-content\/uploads\/2023\/07\/lancio-RICCOBONO.jpg","datePublished":"2023-07-26T12:34:48+00:00","dateModified":"2023-07-27T09:26:48+00:00","description":"''Casa mia \u00e8 in fiamme, la mia famiglia \u00e8 circondata'': la modella palermitana Eva Riccobono racconta in lacrime il dramma","breadcrumb":{"@id":"https:\/\/www.gossip.it\/news\/casa-fiamme-eva-riccobono-racconta-dramma\/#breadcrumb"},"inLanguage":"it-IT","potentialAction":[{"@type":"ReadAction","target":["https:\/\/www.gossip.it\/news\/casa-fiamme-eva-riccobono-racconta-dramma\/"]}]},{"@type":"ImageObject","inLanguage":"it-IT","@id":"https:\/\/www.gossip.it\/news\/casa-fiamme-eva-riccobono-racconta-dramma\/#primaryimage","url":"https:\/\/www.gossip.it\/wp-content\/uploads\/2023\/07\/lancio-RICCOBONO.jpg","contentUrl":"https:\/\/www.gossip.it\/wp-content\/uploads\/2023\/07\/lancio-RICCOBONO.jpg","width":1134,"height":808},{"@type":"BreadcrumbList","@id":"https:\/\/www.gossip.it\/news\/casa-fiamme-eva-riccobono-racconta-dramma\/#breadcrumb","itemListElement":[{"@type":"ListItem","position":1,"name":"Home","item":"https:\/\/www.gossip.it\/"},{"@type":"ListItem","position":2,"name":"''Casa mia \u00e8 in fiamme, la mia famiglia \u00e8 circondata'': la modella palermitana Eva Riccobono racconta in lacrime il dramma"}]},{"@type":"WebSite","@id":"https:\/\/www.gossip.it\/#website","url":"https:\/\/www.gossip.it\/","name":"Gossip and VIP News","description":"Quotidiano di cronaca rosa, costume e societ\u00e0","publisher":{"@id":"https:\/\/www.gossip.it\/#organization"},"alternateName":"Gossip and VIP News","potentialAction":[{"@type":"SearchAction","target":{"@type":"EntryPoint","urlTemplate":"https:\/\/www.gossip.it\/?s={search_term_string}"},"query-input":{"@type":"PropertyValueSpecification","valueRequired":true,"valueName":"search_term_string"}}],"inLanguage":"it-IT"},{"@type":"Organization","@id":"https:\/\/www.gossip.it\/#organization","name":"Gossip and VIP News","alternateName":"Gossip News","url":"https:\/\/www.gossip.it\/","logo":{"@type":"ImageObject","inLanguage":"it-IT","@id":"https:\/\/www.gossip.it\/#\/schema\/logo\/image\/","url":"https:\/\/www.gossip.it\/wp-content\/uploads\/2022\/04\/cropped-corna-alta-tiny.png","contentUrl":"https:\/\/www.gossip.it\/wp-content\/uploads\/2022\/04\/cropped-corna-alta-tiny.png","width":512,"height":512,"caption":"Gossip and VIP News"},"image":{"@id":"https:\/\/www.gossip.it\/#\/schema\/logo\/image\/"},"sameAs":["https:\/\/www.facebook.com\/GossipIT","https:\/\/x.com\/gossinews_it","https:\/\/instagram.com\/gossip_it"]},{"@type":"Person","@id":"https:\/\/www.gossip.it\/#\/schema\/person\/4f99be5acc78d3f1b07a146d4fe8256b","name":"Annamaria Capozzi","image":{"@type":"ImageObject","inLanguage":"it-IT","@id":"https:\/\/www.gossip.it\/#\/schema\/person\/image\/","url":"https:\/\/secure.gravatar.com\/avatar\/a8f8ec0362739e51683bf764949dfb9f8d2539eecc144f2dd938d6381b053468?s=96&d=mm&r=g","contentUrl":"https:\/\/secure.gravatar.com\/avatar\/a8f8ec0362739e51683bf764949dfb9f8d2539eecc144f2dd938d6381b053468?s=96&d=mm&r=g","caption":"Annamaria Capozzi"}}]}},"amp_enabled":true,"_links":{"self":[{"href":"https:\/\/www.gossip.it\/api\/wp\/v2\/posts\/153009","targetHints":{"allow":["GET"]}}],"collection":[{"href":"https:\/\/www.gossip.it\/api\/wp\/v2\/posts"}],"about":[{"href":"https:\/\/www.gossip.it\/api\/wp\/v2\/types\/post"}],"author":[{"embeddable":true,"href":"https:\/\/www.gossip.it\/api\/wp\/v2\/users\/4"}],"replies":[{"embeddable":true,"href":"https:\/\/www.gossip.it\/api\/wp\/v2\/comments?post=153009"}],"version-history":[{"count":1,"href":"https:\/\/www.gossip.it\/api\/wp\/v2\/posts\/153009\/revisions"}],"predecessor-version":[{"id":153015,"href":"https:\/\/www.gossip.it\/api\/wp\/v2\/posts\/153009\/revisions\/153015"}],"wp:featuredmedia":[{"embeddable":true,"href":"https:\/\/www.gossip.it\/api\/wp\/v2\/media\/153013"}],"wp:attachment":[{"href":"https:\/\/www.gossip.it\/api\/wp\/v2\/media?parent=153009"}],"wp:term":[{"taxonomy":"category","embeddable":true,"href":"https:\/\/www.gossip.it\/api\/wp\/v2\/categories?post=153009"},{"taxonomy":"post_tag","embeddable":true,"href":"https:\/\/www.gossip.it\/api\/wp\/v2\/tags?post=153009"},{"taxonomy":"vip","embeddable":true,"href":"https:\/\/www.gossip.it\/api\/wp\/v2\/vip?post=153009"}],"curies":[{"name":"wp","href":"https:\/\/api.w.org\/{rel}","templated":true}]}}