{"id":153474,"date":"2023-08-02T15:24:47","date_gmt":"2023-08-02T13:24:47","guid":{"rendered":"https:\/\/www.gossip.it\/?p=153474"},"modified":"2023-08-03T10:48:41","modified_gmt":"2023-08-03T08:48:41","slug":"mete-insolite-scelte-vip-2023-foto","status":"publish","type":"post","link":"https:\/\/www.gossip.it\/foto\/mete-insolite-scelte-vip-2023-foto\/","title":{"rendered":"Non solo Italia: le vacanze vip 2023 sono in giro per il mondo"},"content":{"rendered":"\n<p>Le mete insolite scelte per le vacanze 2023 dai vip: guarda dove sono andati i volti noti...<\/p>\n\n\n<div class=\"lazyblock-gossip-gallery-ZTP6kX align  wp-block-lazyblock-gossip-gallery\"><div class=\"carousel slide newCarouselGossip\" data-ride=\"carousel\" id=\"photoGalleryCarousel\"><div class=\"carousel-inner owl-carousel\"><div class=\"gallery_image active center \" ><div class=\"gallery_box\"> \n                        <div class=\"gallery_image_inside\"><img decoding=\"async\" width=\"1024\" height=\"1024\" src=\"https:\/\/www.gossip.it\/wp-content\/uploads\/2023\/08\/stoppa_moreira-1024x1024.jpg\" class=\"attachment-large size-large\" alt=\"\" srcset=\"https:\/\/www.gossip.it\/wp-content\/uploads\/2023\/08\/stoppa_moreira-1024x1024.jpg 1024w, https:\/\/www.gossip.it\/wp-content\/uploads\/2023\/08\/stoppa_moreira-300x300.jpg 300w, https:\/\/www.gossip.it\/wp-content\/uploads\/2023\/08\/stoppa_moreira-150x150.jpg 150w, https:\/\/www.gossip.it\/wp-content\/uploads\/2023\/08\/stoppa_moreira-768x768.jpg 768w, https:\/\/www.gossip.it\/wp-content\/uploads\/2023\/08\/stoppa_moreira-75x75.jpg 75w, https:\/\/www.gossip.it\/wp-content\/uploads\/2023\/08\/stoppa_moreira-750x750.jpg 750w, https:\/\/www.gossip.it\/wp-content\/uploads\/2023\/08\/stoppa_moreira.jpg 1134w\" sizes=\"(max-width: 1024px) 100vw, 1024px\" \/><div class=\"gallery_caption\"><b>1. Juliana Moreira e Edoardo Stoppa<\/b><br>Niente Thailandia quest\u2019anno per la coppia che ha optato per una meta diversa. I due stanno vivendo una fantastica vacanza in Giappone con i figli, Lua Sophie e Sol Gabriel. Questo viaggio \u00e8 stato a lungo desiderato da tutta la famiglia.<\/div>\n                        <\/div>\n                     <\/div><\/div><div class=\"gallery_image active center \" ><div class=\"gallery_box\"> \n                        <div class=\"gallery_image_inside\"><img decoding=\"async\" width=\"991\" height=\"1024\" src=\"https:\/\/www.gossip.it\/wp-content\/uploads\/2023\/08\/ascanio_katia-991x1024.jpg\" class=\"attachment-large size-large\" alt=\"\" srcset=\"https:\/\/www.gossip.it\/wp-content\/uploads\/2023\/08\/ascanio_katia-991x1024.jpg 991w, https:\/\/www.gossip.it\/wp-content\/uploads\/2023\/08\/ascanio_katia-290x300.jpg 290w, https:\/\/www.gossip.it\/wp-content\/uploads\/2023\/08\/ascanio_katia-768x794.jpg 768w, https:\/\/www.gossip.it\/wp-content\/uploads\/2023\/08\/ascanio_katia-750x775.jpg 750w, https:\/\/www.gossip.it\/wp-content\/uploads\/2023\/08\/ascanio_katia.jpg 1134w\" sizes=\"(max-width: 991px) 100vw, 991px\" \/><div class=\"gallery_caption\"><b>2. Ascanio Pacelli e Katia Pedrotti<\/b><br>Non \u00e8 la prima volta per loro negli Usa, ma stavolta la famiglia ha colto l\u2019occasione di un torneo di golf a cui ha preso parte Ascanio per volare in Nebraska.<\/div>\n                        <\/div>\n                     <\/div><\/div><div class=\"gallery_image active center \" ><div class=\"gallery_box\"> \n                        <div class=\"gallery_image_inside\"><img decoding=\"async\" width=\"703\" height=\"1024\" src=\"https:\/\/www.gossip.it\/wp-content\/uploads\/2023\/08\/facchinetti_famiglia-703x1024.jpg\" class=\"attachment-large size-large\" alt=\"\" srcset=\"https:\/\/www.gossip.it\/wp-content\/uploads\/2023\/08\/facchinetti_famiglia-703x1024.jpg 703w, https:\/\/www.gossip.it\/wp-content\/uploads\/2023\/08\/facchinetti_famiglia-206x300.jpg 206w, https:\/\/www.gossip.it\/wp-content\/uploads\/2023\/08\/facchinetti_famiglia-768x1119.jpg 768w, https:\/\/www.gossip.it\/wp-content\/uploads\/2023\/08\/facchinetti_famiglia-1054x1536.jpg 1054w, https:\/\/www.gossip.it\/wp-content\/uploads\/2023\/08\/facchinetti_famiglia-750x1093.jpg 750w, https:\/\/www.gossip.it\/wp-content\/uploads\/2023\/08\/facchinetti_famiglia.jpg 1134w\" sizes=\"(max-width: 703px) 100vw, 703px\" \/><div class=\"gallery_caption\"> <b>3. Francesco Facchinetti e Wilma Faissol<\/b><br>Altra famiglia allargata con destinazione con destinazione insolita. Il figlio di Roby \u00e8 volato a Mustique, la piccola isola privata delle Piccole Antille, situata alla congiunzione di Mar dei Caraibi e Oceano Atlantico. L\u2019isola \u00e8 famosa per la villa della principessa Margareth D\u2019Inghilterra.<\/div>\n                        <\/div>\n                     <\/div><\/div><div class=\"gallery_image\"><div class=\"banner\"><!-- Banner #369 - START --><div class=\"gmp-repeat_pl banner\" style=\"display:block;min-height: 250px;\"><\/div><!-- Banner #369 - END --><\/div><\/div><div class=\"gallery_image active center \" ><div class=\"gallery_box\"> \n                        <div class=\"gallery_image_inside\"><img decoding=\"async\" width=\"819\" height=\"1024\" src=\"https:\/\/www.gossip.it\/wp-content\/uploads\/2023\/08\/kasia_smutniak-819x1024.jpg\" class=\"attachment-large size-large\" alt=\"\" srcset=\"https:\/\/www.gossip.it\/wp-content\/uploads\/2023\/08\/kasia_smutniak-819x1024.jpg 819w, https:\/\/www.gossip.it\/wp-content\/uploads\/2023\/08\/kasia_smutniak-240x300.jpg 240w, https:\/\/www.gossip.it\/wp-content\/uploads\/2023\/08\/kasia_smutniak-768x960.jpg 768w, https:\/\/www.gossip.it\/wp-content\/uploads\/2023\/08\/kasia_smutniak-750x938.jpg 750w, https:\/\/www.gossip.it\/wp-content\/uploads\/2023\/08\/kasia_smutniak.jpg 1134w\" sizes=\"(max-width: 819px) 100vw, 819px\" \/><div class=\"gallery_caption\"> <b>4. Kasia Smutniak<\/b><br>L\u2019attrice adora il Nepal, ma quest\u2019anno ha scelto di visitare il Ladakh in India. Eccola sulle vette tra le catene montuose del Karakorum e dell\u2019Himalaya.<\/div>\n                        <\/div>\n                     <\/div><\/div><div class=\"gallery_image active center \" ><div class=\"gallery_box\"> \n                        <div class=\"gallery_image_inside\"><img decoding=\"async\" width=\"819\" height=\"1024\" src=\"https:\/\/www.gossip.it\/wp-content\/uploads\/2023\/08\/rosalinda_andrea-819x1024.jpg\" class=\"attachment-large size-large\" alt=\"\" srcset=\"https:\/\/www.gossip.it\/wp-content\/uploads\/2023\/08\/rosalinda_andrea-819x1024.jpg 819w, https:\/\/www.gossip.it\/wp-content\/uploads\/2023\/08\/rosalinda_andrea-240x300.jpg 240w, https:\/\/www.gossip.it\/wp-content\/uploads\/2023\/08\/rosalinda_andrea-768x960.jpg 768w, https:\/\/www.gossip.it\/wp-content\/uploads\/2023\/08\/rosalinda_andrea-750x938.jpg 750w, https:\/\/www.gossip.it\/wp-content\/uploads\/2023\/08\/rosalinda_andrea.jpg 1134w\" sizes=\"(max-width: 819px) 100vw, 819px\" \/><div class=\"gallery_caption\"> <b>5. Andrea Zenga e Rosalinda Cannav\u00f2<\/b><br>Niente Ibiza o Sardegna, la coppia nata al Grande Fratello Vip \u00e8 volata a New York per una vacanza tra grattacieli ed esperienze culinarie.<\/div>\n                        <\/div>\n                     <\/div><\/div><div class=\"gallery_image active center \" ><div class=\"gallery_box\"> \n                        <div class=\"gallery_image_inside\"><img decoding=\"async\" width=\"818\" height=\"1024\" src=\"https:\/\/www.gossip.it\/wp-content\/uploads\/2023\/08\/de_lellis_beretta-818x1024.jpg\" class=\"attachment-large size-large\" alt=\"\" srcset=\"https:\/\/www.gossip.it\/wp-content\/uploads\/2023\/08\/de_lellis_beretta-818x1024.jpg 818w, https:\/\/www.gossip.it\/wp-content\/uploads\/2023\/08\/de_lellis_beretta-240x300.jpg 240w, https:\/\/www.gossip.it\/wp-content\/uploads\/2023\/08\/de_lellis_beretta-768x961.jpg 768w, https:\/\/www.gossip.it\/wp-content\/uploads\/2023\/08\/de_lellis_beretta-750x938.jpg 750w, https:\/\/www.gossip.it\/wp-content\/uploads\/2023\/08\/de_lellis_beretta.jpg 1134w\" sizes=\"(max-width: 818px) 100vw, 818px\" \/><div class=\"gallery_caption\"><b>6. Giulia De Lellis<\/b><br>Meta insolita quella scelta dall\u2019influencer e dal compagno Carlo Beretta. Il viaggio di Giulia in Israele ha sollevato anche qualche polemica, accanto ai post sexy in bikini sono arrivati anche gli scatti pubblicati nelle Stories in cui l'influencer e il suo compagno posano con il capo dello Stato, Isaac Herzog, e con le forze di difesa israeliane. Giulia per\u00f2 di ritorno dal viaggio ha spiegato: \"Nessuna volont\u00e0 di propaganda, sono consapevole di non avere la preparazione per prendere posizione\".<\/div>\n                        <\/div>\n                     <\/div><\/div><div class=\"gallery_image\"><div class=\"banner\"><!-- Banner #369 - START --><div class=\"gmp-repeat_pl banner\" style=\"display:block;min-height: 250px;\"><\/div><!-- Banner #369 - END --><\/div><\/div><div class=\"gallery_image active center \" ><div class=\"gallery_box\"> \n                        <div class=\"gallery_image_inside\"><img decoding=\"async\" width=\"716\" height=\"1024\" src=\"https:\/\/www.gossip.it\/wp-content\/uploads\/2023\/08\/marcuzzi_alessia-716x1024.jpg\" class=\"attachment-large size-large\" alt=\"\" srcset=\"https:\/\/www.gossip.it\/wp-content\/uploads\/2023\/08\/marcuzzi_alessia-716x1024.jpg 716w, https:\/\/www.gossip.it\/wp-content\/uploads\/2023\/08\/marcuzzi_alessia-210x300.jpg 210w, https:\/\/www.gossip.it\/wp-content\/uploads\/2023\/08\/marcuzzi_alessia-768x1098.jpg 768w, https:\/\/www.gossip.it\/wp-content\/uploads\/2023\/08\/marcuzzi_alessia-1074x1536.jpg 1074w, https:\/\/www.gossip.it\/wp-content\/uploads\/2023\/08\/marcuzzi_alessia-750x1073.jpg 750w, https:\/\/www.gossip.it\/wp-content\/uploads\/2023\/08\/marcuzzi_alessia.jpg 1134w\" sizes=\"(max-width: 716px) 100vw, 716px\" \/><div class=\"gallery_caption\"><b>7. Alessia Marcuzzi<\/b><br>Londra \u00e8 sempre una buona idea per la conduttrice che vola appena pu\u00f2 nella citt\u00e0 dove vive il figlio Tommaso, ma non solo. Alessia \u00e8 pazza di Londra tanto da trascorrerci anche una parte delle vacanze estive.<\/div>\n                        <\/div>\n                     <\/div><\/div><\/div><div class=\"controls\"> <\/div><\/div><\/div>","protected":false},"excerpt":{"rendered":"<p>Le mete insolite scelte per le vacanze 2023 dai vip: guarda dove sono andati i volti noti...<\/p>\n","protected":false},"author":14,"featured_media":153476,"comment_status":"open","ping_status":"closed","sticky":false,"template":"","format":"gallery","meta":{"footnotes":""},"categories":[63169],"tags":[70877,64467,71271,71273,64626,67111,3493,2978,214],"vip":[275,65751,371,71158,788,63440,1029,71272,1049,63650],"class_list":["post-153474","post","type-post","status-publish","format-gallery","has-post-thumbnail","hentry","category-foto","tag-francesco-facchinetti","tag-giuliadelellis","tag-insolite","tag-juliana-moeira","tag-kasiasmutniak","tag-katiapedrotti","tag-mete","tag-vacanze","tag-vip","post_format-post-format-gallery","vip-alessia_marcuzzi","vip-andrea-zenga","vip-ascanio_pacelli","vip-edoardo-stoppa","vip-francesco_facchinetti","vip-giulia-de-lellis","vip-juliana_moreira","vip-kasia-smutnial","vip-katia_pedrotti","vip-rosalinda-cannavo"],"yoast_head":"<title>Non solo Italia: le vacanze vip 2023 sono in giro per il mondo - Gossip.it | News sul Gossip e VIP<\/title>\n<meta name=\"description\" content=\"Le mete insolite scelte per le vacanze 2023 dai vip: guarda dove sono andati i volti noti di web e televisione\" \/>\n<meta name=\"robots\" content=\"index, follow, max-snippet:-1, max-image-preview:large, max-video-preview:-1\" \/>\n<link rel=\"canonical\" href=\"https:\/\/www.gossip.it\/foto\/mete-insolite-scelte-vip-2023-foto\/\" \/>\n<meta property=\"og:locale\" content=\"it_IT\" \/>\n<meta property=\"og:type\" content=\"article\" \/>\n<meta property=\"og:title\" content=\"Non solo Italia: le vacanze vip 2023 sono in giro per il mondo - Gossip.it | News sul Gossip e VIP\" \/>\n<meta property=\"og:description\" content=\"Le mete insolite scelte per le vacanze 2023 dai vip: guarda dove sono andati i volti noti di web e televisione\" \/>\n<meta property=\"og:url\" content=\"https:\/\/www.gossip.it\/foto\/mete-insolite-scelte-vip-2023-foto\/\" \/>\n<meta property=\"og:site_name\" content=\"Gossip.it | News sul Gossip e VIP\" \/>\n<meta property=\"article:publisher\" content=\"https:\/\/www.facebook.com\/GossipIT\" \/>\n<meta property=\"article:published_time\" content=\"2023-08-02T13:24:47+00:00\" \/>\n<meta property=\"article:modified_time\" content=\"2023-08-03T08:48:41+00:00\" \/>\n<meta property=\"og:image\" content=\"https:\/\/www.gossip.it\/wp-content\/uploads\/2023\/08\/lancio-VIAGGI-FB.jpg\" \/>\n\t<meta property=\"og:image:width\" content=\"1134\" \/>\n\t<meta property=\"og:image:height\" content=\"691\" \/>\n\t<meta property=\"og:image:type\" content=\"image\/jpeg\" \/>\n<meta name=\"author\" content=\"Veronica Langella\" \/>\n<meta name=\"twitter:card\" content=\"summary_large_image\" \/>\n<meta name=\"twitter:creator\" content=\"@gossinews_it\" \/>\n<meta name=\"twitter:site\" content=\"@gossinews_it\" \/>\n<meta name=\"twitter:label1\" content=\"Scritto da\" \/>\n\t<meta name=\"twitter:data1\" content=\"Veronica Langella\" \/>\n\t<meta name=\"twitter:label2\" content=\"Tempo di lettura stimato\" \/>\n\t<meta name=\"twitter:data2\" content=\"1 minuto\" \/>","yoast_head_json":{"title":"Non solo Italia: le vacanze vip 2023 sono in giro per il mondo - Gossip.it | News sul Gossip e VIP","description":"Le mete insolite scelte per le vacanze 2023 dai vip: guarda dove sono andati i volti noti di web e televisione","robots":{"index":"index","follow":"follow","max-snippet":"max-snippet:-1","max-image-preview":"max-image-preview:large","max-video-preview":"max-video-preview:-1"},"canonical":"https:\/\/www.gossip.it\/foto\/mete-insolite-scelte-vip-2023-foto\/","og_locale":"it_IT","og_type":"article","og_title":"Non solo Italia: le vacanze vip 2023 sono in giro per il mondo - Gossip.it | News sul Gossip e VIP","og_description":"Le mete insolite scelte per le vacanze 2023 dai vip: guarda dove sono andati i volti noti di web e televisione","og_url":"https:\/\/www.gossip.it\/foto\/mete-insolite-scelte-vip-2023-foto\/","og_site_name":"Gossip.it | News sul Gossip e VIP","article_publisher":"https:\/\/www.facebook.com\/GossipIT","article_published_time":"2023-08-02T13:24:47+00:00","article_modified_time":"2023-08-03T08:48:41+00:00","og_image":[{"width":1134,"height":691,"url":"https:\/\/www.gossip.it\/wp-content\/uploads\/2023\/08\/lancio-VIAGGI-FB.jpg","type":"image\/jpeg"}],"author":"Veronica Langella","twitter_card":"summary_large_image","twitter_creator":"@gossinews_it","twitter_site":"@gossinews_it","twitter_misc":{"Scritto da":"Veronica Langella","Tempo di lettura stimato":"1 minuto"},"schema":{"@context":"https:\/\/schema.org","@graph":[{"@type":"Article","@id":"https:\/\/www.gossip.it\/foto\/mete-insolite-scelte-vip-2023-foto\/#article","isPartOf":{"@id":"https:\/\/www.gossip.it\/foto\/mete-insolite-scelte-vip-2023-foto\/"},"author":{"name":"Veronica Langella","@id":"https:\/\/www.gossip.it\/#\/schema\/person\/19e94c9df6df0cf45ae8d7881fbf4a73"},"headline":"Non solo Italia: le vacanze vip 2023 sono in giro per il mondo","datePublished":"2023-08-02T13:24:47+00:00","dateModified":"2023-08-03T08:48:41+00:00","mainEntityOfPage":{"@id":"https:\/\/www.gossip.it\/foto\/mete-insolite-scelte-vip-2023-foto\/"},"wordCount":28,"commentCount":0,"publisher":{"@id":"https:\/\/www.gossip.it\/#organization"},"image":{"@id":"https:\/\/www.gossip.it\/foto\/mete-insolite-scelte-vip-2023-foto\/#primaryimage"},"thumbnailUrl":"https:\/\/www.gossip.it\/wp-content\/uploads\/2023\/08\/lancio-VIAGGI.jpg","keywords":["francesco facchinetti","giuliadelellis","insolite","juliana moeira","kasiasmutniak","katiapedrotti","mete","vacanze","Vip"],"articleSection":["Foto"],"inLanguage":"it-IT","potentialAction":[{"@type":"CommentAction","name":"Comment","target":["https:\/\/www.gossip.it\/foto\/mete-insolite-scelte-vip-2023-foto\/#respond"]}]},{"@type":"WebPage","@id":"https:\/\/www.gossip.it\/foto\/mete-insolite-scelte-vip-2023-foto\/","url":"https:\/\/www.gossip.it\/foto\/mete-insolite-scelte-vip-2023-foto\/","name":"Non solo Italia: le vacanze vip 2023 sono in giro per il mondo - Gossip.it | News sul Gossip e VIP","isPartOf":{"@id":"https:\/\/www.gossip.it\/#website"},"primaryImageOfPage":{"@id":"https:\/\/www.gossip.it\/foto\/mete-insolite-scelte-vip-2023-foto\/#primaryimage"},"image":{"@id":"https:\/\/www.gossip.it\/foto\/mete-insolite-scelte-vip-2023-foto\/#primaryimage"},"thumbnailUrl":"https:\/\/www.gossip.it\/wp-content\/uploads\/2023\/08\/lancio-VIAGGI.jpg","datePublished":"2023-08-02T13:24:47+00:00","dateModified":"2023-08-03T08:48:41+00:00","description":"Le mete insolite scelte per le vacanze 2023 dai vip: guarda dove sono andati i volti noti di web e televisione","breadcrumb":{"@id":"https:\/\/www.gossip.it\/foto\/mete-insolite-scelte-vip-2023-foto\/#breadcrumb"},"inLanguage":"it-IT","potentialAction":[{"@type":"ReadAction","target":["https:\/\/www.gossip.it\/foto\/mete-insolite-scelte-vip-2023-foto\/"]}]},{"@type":"ImageObject","inLanguage":"it-IT","@id":"https:\/\/www.gossip.it\/foto\/mete-insolite-scelte-vip-2023-foto\/#primaryimage","url":"https:\/\/www.gossip.it\/wp-content\/uploads\/2023\/08\/lancio-VIAGGI.jpg","contentUrl":"https:\/\/www.gossip.it\/wp-content\/uploads\/2023\/08\/lancio-VIAGGI.jpg","width":1134,"height":808},{"@type":"BreadcrumbList","@id":"https:\/\/www.gossip.it\/foto\/mete-insolite-scelte-vip-2023-foto\/#breadcrumb","itemListElement":[{"@type":"ListItem","position":1,"name":"Home","item":"https:\/\/www.gossip.it\/"},{"@type":"ListItem","position":2,"name":"Non solo Italia: le vacanze vip 2023 sono in giro per il mondo"}]},{"@type":"WebSite","@id":"https:\/\/www.gossip.it\/#website","url":"https:\/\/www.gossip.it\/","name":"Gossip and VIP News","description":"Quotidiano di cronaca rosa, costume e societ\u00e0","publisher":{"@id":"https:\/\/www.gossip.it\/#organization"},"alternateName":"Gossip and VIP News","potentialAction":[{"@type":"SearchAction","target":{"@type":"EntryPoint","urlTemplate":"https:\/\/www.gossip.it\/?s={search_term_string}"},"query-input":{"@type":"PropertyValueSpecification","valueRequired":true,"valueName":"search_term_string"}}],"inLanguage":"it-IT"},{"@type":"Organization","@id":"https:\/\/www.gossip.it\/#organization","name":"Gossip and VIP News","alternateName":"Gossip News","url":"https:\/\/www.gossip.it\/","logo":{"@type":"ImageObject","inLanguage":"it-IT","@id":"https:\/\/www.gossip.it\/#\/schema\/logo\/image\/","url":"https:\/\/www.gossip.it\/wp-content\/uploads\/2022\/04\/cropped-corna-alta-tiny.png","contentUrl":"https:\/\/www.gossip.it\/wp-content\/uploads\/2022\/04\/cropped-corna-alta-tiny.png","width":512,"height":512,"caption":"Gossip and VIP News"},"image":{"@id":"https:\/\/www.gossip.it\/#\/schema\/logo\/image\/"},"sameAs":["https:\/\/www.facebook.com\/GossipIT","https:\/\/x.com\/gossinews_it","https:\/\/instagram.com\/gossip_it"]},{"@type":"Person","@id":"https:\/\/www.gossip.it\/#\/schema\/person\/19e94c9df6df0cf45ae8d7881fbf4a73","name":"Veronica Langella","image":{"@type":"ImageObject","inLanguage":"it-IT","@id":"https:\/\/www.gossip.it\/#\/schema\/person\/image\/","url":"https:\/\/secure.gravatar.com\/avatar\/81bb1822732cf2c4d48c8984dfd9a028436d12e0918afe1ff6d842f13193b173?s=96&d=mm&r=g","contentUrl":"https:\/\/secure.gravatar.com\/avatar\/81bb1822732cf2c4d48c8984dfd9a028436d12e0918afe1ff6d842f13193b173?s=96&d=mm&r=g","caption":"Veronica Langella"}}]}},"amp_enabled":false,"_links":{"self":[{"href":"https:\/\/www.gossip.it\/api\/wp\/v2\/posts\/153474","targetHints":{"allow":["GET"]}}],"collection":[{"href":"https:\/\/www.gossip.it\/api\/wp\/v2\/posts"}],"about":[{"href":"https:\/\/www.gossip.it\/api\/wp\/v2\/types\/post"}],"author":[{"embeddable":true,"href":"https:\/\/www.gossip.it\/api\/wp\/v2\/users\/14"}],"replies":[{"embeddable":true,"href":"https:\/\/www.gossip.it\/api\/wp\/v2\/comments?post=153474"}],"version-history":[{"count":1,"href":"https:\/\/www.gossip.it\/api\/wp\/v2\/posts\/153474\/revisions"}],"predecessor-version":[{"id":153509,"href":"https:\/\/www.gossip.it\/api\/wp\/v2\/posts\/153474\/revisions\/153509"}],"wp:featuredmedia":[{"embeddable":true,"href":"https:\/\/www.gossip.it\/api\/wp\/v2\/media\/153476"}],"wp:attachment":[{"href":"https:\/\/www.gossip.it\/api\/wp\/v2\/media?parent=153474"}],"wp:term":[{"taxonomy":"category","embeddable":true,"href":"https:\/\/www.gossip.it\/api\/wp\/v2\/categories?post=153474"},{"taxonomy":"post_tag","embeddable":true,"href":"https:\/\/www.gossip.it\/api\/wp\/v2\/tags?post=153474"},{"taxonomy":"vip","embeddable":true,"href":"https:\/\/www.gossip.it\/api\/wp\/v2\/vip?post=153474"}],"curies":[{"name":"wp","href":"https:\/\/api.w.org\/{rel}","templated":true}]}}