{"id":154452,"date":"2023-08-25T11:27:21","date_gmt":"2023-08-25T09:27:21","guid":{"rendered":"https:\/\/www.gossip.it\/?p=154452"},"modified":"2023-08-28T11:53:36","modified_gmt":"2023-08-28T09:53:36","slug":"elisabetta-gregoraci-calabria-festeggiare-102-anni-nonna-betta-foto","status":"publish","type":"post","link":"https:\/\/www.gossip.it\/news\/elisabetta-gregoraci-calabria-festeggiare-102-anni-nonna-betta-foto\/","title":{"rendered":"Elisabetta Gregoraci in Calabria per festeggiare i 102 anni di nonna Betta: le foto"},"content":{"rendered":"\n<ul class=\"wp-block-list\">\n<li>La showgirl 43enne \u00e8 arrivata a Soverato per il party dell\u2019omonima nonna<\/li>\n\n\n\n<li>Sul social ha condiviso tante immagini con lei: si vogliono molto bene<\/li>\n<\/ul>\n\n\n\n<p><strong><a href=\"https:\/\/www.gossip.it\/?s=elisabetta+gregoraci\">Elisabetta Gregoraci<\/a><\/strong> \u00e8 volata in Calabria per festeggiare i <strong>102 anni <\/strong>della <strong>nonna<\/strong>, che si chiama come lei.<\/p>\n\n\n\n<p>La showgirl \u00e8 tornata nella sua Soverato, in provincia di Catanzaro, per partecipare al party con cui \u00e8 stata celebrata nonna <strong>Betta<\/strong>, che ha spento ben due candeline oltre le cento del 2021.<\/p>\n\n\n\n<figure class=\"wp-block-image size-large\"><img decoding=\"async\" width=\"1012\" height=\"1024\" src=\"https:\/\/www.gossip.it\/wp-content\/uploads\/2023\/08\/grego_1-1012x1024.jpg\" alt=\"\" class=\"wp-image-154453\" srcset=\"https:\/\/www.gossip.it\/wp-content\/uploads\/2023\/08\/grego_1-1012x1024.jpg 1012w, https:\/\/www.gossip.it\/wp-content\/uploads\/2023\/08\/grego_1-296x300.jpg 296w, https:\/\/www.gossip.it\/wp-content\/uploads\/2023\/08\/grego_1-768x777.jpg 768w, https:\/\/www.gossip.it\/wp-content\/uploads\/2023\/08\/grego_1-75x75.jpg 75w, https:\/\/www.gossip.it\/wp-content\/uploads\/2023\/08\/grego_1-750x759.jpg 750w, https:\/\/www.gossip.it\/wp-content\/uploads\/2023\/08\/grego_1.jpg 1134w\" sizes=\"(max-width: 1012px) 100vw, 1012px\" \/><figcaption class=\"wp-element-caption\">Elisabetta Gregoraci, 43 anni, festeggia i 102 anni dell'omonima nonna Betta<\/figcaption><\/figure>\n\n\n\n<p>Con Eli anche gran parte della sua famiglia, a partire da pap\u00e0 Mario e dalla sorella Marzia.<\/p>\n\n\n\n<p>Condividendo una serie di foto e video in cui appare insieme all\u2019omonima nonna, davanti alla torta fatta realizzare per l\u2019occasione, la 43enne, ex moglie di Flavio Briatore, ha scritto su Instagram: <em>\u201cLa nonna compie 102 anni oggi, un secolo e pi\u00f9 di vita e valori che solo i nonni ci possono dare. Grata di poter vivere questo traguardo al suo fianco. <strong>Ti amo Nonna Elisabetta<\/strong>\u201d<\/em>.<\/p>\n\n\n\n<figure class=\"wp-block-image size-large\"><img decoding=\"async\" width=\"1024\" height=\"950\" src=\"https:\/\/www.gossip.it\/wp-content\/uploads\/2023\/08\/grego_2-1024x950.jpg\" alt=\"\" class=\"wp-image-154454\" srcset=\"https:\/\/www.gossip.it\/wp-content\/uploads\/2023\/08\/grego_2-1024x950.jpg 1024w, https:\/\/www.gossip.it\/wp-content\/uploads\/2023\/08\/grego_2-300x278.jpg 300w, https:\/\/www.gossip.it\/wp-content\/uploads\/2023\/08\/grego_2-768x712.jpg 768w, https:\/\/www.gossip.it\/wp-content\/uploads\/2023\/08\/grego_2-750x696.jpg 750w, https:\/\/www.gossip.it\/wp-content\/uploads\/2023\/08\/grego_2.jpg 1134w\" sizes=\"(max-width: 1024px) 100vw, 1024px\" \/><\/figure>\n\n\n\n<figure class=\"wp-block-image size-large\"><img decoding=\"async\" width=\"1024\" height=\"888\" src=\"https:\/\/www.gossip.it\/wp-content\/uploads\/2023\/08\/grego_3-1024x888.jpg\" alt=\"\" class=\"wp-image-154455\" srcset=\"https:\/\/www.gossip.it\/wp-content\/uploads\/2023\/08\/grego_3-1024x888.jpg 1024w, https:\/\/www.gossip.it\/wp-content\/uploads\/2023\/08\/grego_3-300x260.jpg 300w, https:\/\/www.gossip.it\/wp-content\/uploads\/2023\/08\/grego_3-768x666.jpg 768w, https:\/\/www.gossip.it\/wp-content\/uploads\/2023\/08\/grego_3-750x650.jpg 750w, https:\/\/www.gossip.it\/wp-content\/uploads\/2023\/08\/grego_3.jpg 1134w\" sizes=\"(max-width: 1024px) 100vw, 1024px\" \/><\/figure>\n\n\n\n<figure class=\"wp-block-image size-large\"><img decoding=\"async\" width=\"1024\" height=\"1003\" src=\"https:\/\/www.gossip.it\/wp-content\/uploads\/2023\/08\/grego_4-1024x1003.jpg\" alt=\"\" class=\"wp-image-154456\" srcset=\"https:\/\/www.gossip.it\/wp-content\/uploads\/2023\/08\/grego_4-1024x1003.jpg 1024w, https:\/\/www.gossip.it\/wp-content\/uploads\/2023\/08\/grego_4-300x294.jpg 300w, https:\/\/www.gossip.it\/wp-content\/uploads\/2023\/08\/grego_4-768x752.jpg 768w, https:\/\/www.gossip.it\/wp-content\/uploads\/2023\/08\/grego_4-750x735.jpg 750w, https:\/\/www.gossip.it\/wp-content\/uploads\/2023\/08\/grego_4.jpg 1134w\" sizes=\"(max-width: 1024px) 100vw, 1024px\" \/><\/figure>\n\n\n\n<p>Tanti like e commenti da parte dei follower, ma anche di amiche famose. A partire da <strong>Caterina Balivo<\/strong>, che sotto al post ha scritto:<em> \u201cLe nonne non lasciano mai le borse, auguri, mi avete commossa\u201d<\/em>. <strong>Simona Ventura <\/strong>ha aggiunto: <em>\u201cComplimenti e auguri\u201d<\/em>.<\/p>\n","protected":false},"excerpt":{"rendered":"<p>Elisabetta Gregoraci \u00e8 volata in Calabria per festeggiare i 102 anni della nonna, che si chiama come lei. La showgirl \u00e8 tornata nella sua Soverato, in provincia di Catanzaro, per partecipare al party con cui \u00e8 stata celebrata nonna Betta, che ha spento ben due candeline oltre le cento del 2021. Con Eli anche gran [&hellip;]<\/p>\n","protected":false},"author":1,"featured_media":154457,"comment_status":"open","ping_status":"closed","sticky":false,"template":"","format":"standard","meta":{"footnotes":""},"categories":[54],"tags":[71631,71630,67046],"vip":[651],"class_list":["post-154452","post","type-post","status-publish","format-standard","has-post-thumbnail","hentry","category-news","tag-elisabetta-gregoraci-calabria","tag-elisabetta-gregoraci-nonna","tag-sifb","vip-elisabetta_gregoraci"],"yoast_head":"<title>Elisabetta Gregoraci in Calabria per festeggiare i 102 anni di nonna Betta: le foto - Gossip.it | News sul Gossip e VIP<\/title>\n<meta name=\"description\" content=\"La showgirl 43enne \u00e8 arrivata a Soverato per il party dell\u2019omonima nonna. Sul social ha condiviso tante immagini con lei...\" \/>\n<meta name=\"robots\" content=\"index, follow, max-snippet:-1, max-image-preview:large, max-video-preview:-1\" \/>\n<link rel=\"canonical\" href=\"https:\/\/www.gossip.it\/news\/elisabetta-gregoraci-calabria-festeggiare-102-anni-nonna-betta-foto\/\" \/>\n<meta property=\"og:locale\" content=\"it_IT\" \/>\n<meta property=\"og:type\" content=\"article\" \/>\n<meta property=\"og:title\" content=\"Elisabetta Gregoraci in Calabria per festeggiare i 102 anni di nonna Betta: le foto - Gossip.it | News sul Gossip e VIP\" \/>\n<meta property=\"og:description\" content=\"La showgirl 43enne \u00e8 arrivata a Soverato per il party dell\u2019omonima nonna. Sul social ha condiviso tante immagini con lei...\" \/>\n<meta property=\"og:url\" content=\"https:\/\/www.gossip.it\/news\/elisabetta-gregoraci-calabria-festeggiare-102-anni-nonna-betta-foto\/\" \/>\n<meta property=\"og:site_name\" content=\"Gossip.it | News sul Gossip e VIP\" \/>\n<meta property=\"article:publisher\" content=\"https:\/\/www.facebook.com\/GossipIT\" \/>\n<meta property=\"article:published_time\" content=\"2023-08-25T09:27:21+00:00\" \/>\n<meta property=\"article:modified_time\" content=\"2023-08-28T09:53:36+00:00\" \/>\n<meta property=\"og:image\" content=\"https:\/\/www.gossip.it\/wp-content\/uploads\/2023\/08\/PP-GREGO.jpg\" \/>\n\t<meta property=\"og:image:width\" content=\"1134\" \/>\n\t<meta property=\"og:image:height\" content=\"564\" \/>\n\t<meta property=\"og:image:type\" content=\"image\/jpeg\" \/>\n<meta name=\"author\" content=\"La Redazione\" \/>\n<meta name=\"twitter:card\" content=\"summary_large_image\" \/>\n<meta name=\"twitter:creator\" content=\"@gossinews_it\" \/>\n<meta name=\"twitter:site\" content=\"@gossinews_it\" \/>\n<meta name=\"twitter:label1\" content=\"Scritto da\" \/>\n\t<meta name=\"twitter:data1\" content=\"La Redazione\" \/>\n\t<meta name=\"twitter:label2\" content=\"Tempo di lettura stimato\" \/>\n\t<meta name=\"twitter:data2\" content=\"2 minuti\" \/>","yoast_head_json":{"title":"Elisabetta Gregoraci in Calabria per festeggiare i 102 anni di nonna Betta: le foto - Gossip.it | News sul Gossip e VIP","description":"La showgirl 43enne \u00e8 arrivata a Soverato per il party dell\u2019omonima nonna. Sul social ha condiviso tante immagini con lei...","robots":{"index":"index","follow":"follow","max-snippet":"max-snippet:-1","max-image-preview":"max-image-preview:large","max-video-preview":"max-video-preview:-1"},"canonical":"https:\/\/www.gossip.it\/news\/elisabetta-gregoraci-calabria-festeggiare-102-anni-nonna-betta-foto\/","og_locale":"it_IT","og_type":"article","og_title":"Elisabetta Gregoraci in Calabria per festeggiare i 102 anni di nonna Betta: le foto - Gossip.it | News sul Gossip e VIP","og_description":"La showgirl 43enne \u00e8 arrivata a Soverato per il party dell\u2019omonima nonna. Sul social ha condiviso tante immagini con lei...","og_url":"https:\/\/www.gossip.it\/news\/elisabetta-gregoraci-calabria-festeggiare-102-anni-nonna-betta-foto\/","og_site_name":"Gossip.it | News sul Gossip e VIP","article_publisher":"https:\/\/www.facebook.com\/GossipIT","article_published_time":"2023-08-25T09:27:21+00:00","article_modified_time":"2023-08-28T09:53:36+00:00","og_image":[{"width":1134,"height":564,"url":"https:\/\/www.gossip.it\/wp-content\/uploads\/2023\/08\/PP-GREGO.jpg","type":"image\/jpeg"}],"author":"La Redazione","twitter_card":"summary_large_image","twitter_creator":"@gossinews_it","twitter_site":"@gossinews_it","twitter_misc":{"Scritto da":"La Redazione","Tempo di lettura stimato":"2 minuti"},"schema":{"@context":"https:\/\/schema.org","@graph":[{"@type":"Article","@id":"https:\/\/www.gossip.it\/news\/elisabetta-gregoraci-calabria-festeggiare-102-anni-nonna-betta-foto\/#article","isPartOf":{"@id":"https:\/\/www.gossip.it\/news\/elisabetta-gregoraci-calabria-festeggiare-102-anni-nonna-betta-foto\/"},"author":{"name":"La Redazione","@id":"https:\/\/www.gossip.it\/#\/schema\/person\/488896f75158bff1cc83c6c39d141110"},"headline":"Elisabetta Gregoraci in Calabria per festeggiare i 102 anni di nonna Betta: le foto","datePublished":"2023-08-25T09:27:21+00:00","dateModified":"2023-08-28T09:53:36+00:00","mainEntityOfPage":{"@id":"https:\/\/www.gossip.it\/news\/elisabetta-gregoraci-calabria-festeggiare-102-anni-nonna-betta-foto\/"},"wordCount":218,"commentCount":0,"publisher":{"@id":"https:\/\/www.gossip.it\/#organization"},"image":{"@id":"https:\/\/www.gossip.it\/news\/elisabetta-gregoraci-calabria-festeggiare-102-anni-nonna-betta-foto\/#primaryimage"},"thumbnailUrl":"https:\/\/www.gossip.it\/wp-content\/uploads\/2023\/08\/PP-GREGO.jpg","keywords":["elisabetta gregoraci calabria","elisabetta gregoraci nonna","sifb"],"articleSection":["News"],"inLanguage":"it-IT","potentialAction":[{"@type":"CommentAction","name":"Comment","target":["https:\/\/www.gossip.it\/news\/elisabetta-gregoraci-calabria-festeggiare-102-anni-nonna-betta-foto\/#respond"]}]},{"@type":"WebPage","@id":"https:\/\/www.gossip.it\/news\/elisabetta-gregoraci-calabria-festeggiare-102-anni-nonna-betta-foto\/","url":"https:\/\/www.gossip.it\/news\/elisabetta-gregoraci-calabria-festeggiare-102-anni-nonna-betta-foto\/","name":"Elisabetta Gregoraci in Calabria per festeggiare i 102 anni di nonna Betta: le foto - Gossip.it | News sul Gossip e VIP","isPartOf":{"@id":"https:\/\/www.gossip.it\/#website"},"primaryImageOfPage":{"@id":"https:\/\/www.gossip.it\/news\/elisabetta-gregoraci-calabria-festeggiare-102-anni-nonna-betta-foto\/#primaryimage"},"image":{"@id":"https:\/\/www.gossip.it\/news\/elisabetta-gregoraci-calabria-festeggiare-102-anni-nonna-betta-foto\/#primaryimage"},"thumbnailUrl":"https:\/\/www.gossip.it\/wp-content\/uploads\/2023\/08\/PP-GREGO.jpg","datePublished":"2023-08-25T09:27:21+00:00","dateModified":"2023-08-28T09:53:36+00:00","description":"La showgirl 43enne \u00e8 arrivata a Soverato per il party dell\u2019omonima nonna. Sul social ha condiviso tante immagini con lei...","breadcrumb":{"@id":"https:\/\/www.gossip.it\/news\/elisabetta-gregoraci-calabria-festeggiare-102-anni-nonna-betta-foto\/#breadcrumb"},"inLanguage":"it-IT","potentialAction":[{"@type":"ReadAction","target":["https:\/\/www.gossip.it\/news\/elisabetta-gregoraci-calabria-festeggiare-102-anni-nonna-betta-foto\/"]}]},{"@type":"ImageObject","inLanguage":"it-IT","@id":"https:\/\/www.gossip.it\/news\/elisabetta-gregoraci-calabria-festeggiare-102-anni-nonna-betta-foto\/#primaryimage","url":"https:\/\/www.gossip.it\/wp-content\/uploads\/2023\/08\/PP-GREGO.jpg","contentUrl":"https:\/\/www.gossip.it\/wp-content\/uploads\/2023\/08\/PP-GREGO.jpg","width":1134,"height":564},{"@type":"BreadcrumbList","@id":"https:\/\/www.gossip.it\/news\/elisabetta-gregoraci-calabria-festeggiare-102-anni-nonna-betta-foto\/#breadcrumb","itemListElement":[{"@type":"ListItem","position":1,"name":"Home","item":"https:\/\/www.gossip.it\/"},{"@type":"ListItem","position":2,"name":"Elisabetta Gregoraci in Calabria per festeggiare i 102 anni di nonna Betta: le foto"}]},{"@type":"WebSite","@id":"https:\/\/www.gossip.it\/#website","url":"https:\/\/www.gossip.it\/","name":"Gossip and VIP News","description":"Quotidiano di cronaca rosa, costume e societ\u00e0","publisher":{"@id":"https:\/\/www.gossip.it\/#organization"},"alternateName":"Gossip and VIP News","potentialAction":[{"@type":"SearchAction","target":{"@type":"EntryPoint","urlTemplate":"https:\/\/www.gossip.it\/?s={search_term_string}"},"query-input":{"@type":"PropertyValueSpecification","valueRequired":true,"valueName":"search_term_string"}}],"inLanguage":"it-IT"},{"@type":"Organization","@id":"https:\/\/www.gossip.it\/#organization","name":"Gossip and VIP News","alternateName":"Gossip News","url":"https:\/\/www.gossip.it\/","logo":{"@type":"ImageObject","inLanguage":"it-IT","@id":"https:\/\/www.gossip.it\/#\/schema\/logo\/image\/","url":"https:\/\/www.gossip.it\/wp-content\/uploads\/2022\/04\/cropped-corna-alta-tiny.png","contentUrl":"https:\/\/www.gossip.it\/wp-content\/uploads\/2022\/04\/cropped-corna-alta-tiny.png","width":512,"height":512,"caption":"Gossip and VIP News"},"image":{"@id":"https:\/\/www.gossip.it\/#\/schema\/logo\/image\/"},"sameAs":["https:\/\/www.facebook.com\/GossipIT","https:\/\/x.com\/gossinews_it","https:\/\/instagram.com\/gossip_it"]},{"@type":"Person","@id":"https:\/\/www.gossip.it\/#\/schema\/person\/488896f75158bff1cc83c6c39d141110","name":"La Redazione","image":{"@type":"ImageObject","inLanguage":"it-IT","@id":"https:\/\/www.gossip.it\/#\/schema\/person\/image\/","url":"https:\/\/secure.gravatar.com\/avatar\/5a5f5c6fa3e6700e4249abdad0263a1e94e927d9e0499b1cb09c1cd29c044d80?s=96&d=mm&r=g","contentUrl":"https:\/\/secure.gravatar.com\/avatar\/5a5f5c6fa3e6700e4249abdad0263a1e94e927d9e0499b1cb09c1cd29c044d80?s=96&d=mm&r=g","caption":"La Redazione"},"sameAs":["https:\/\/www.gossip.it"]}]}},"amp_enabled":true,"_links":{"self":[{"href":"https:\/\/www.gossip.it\/api\/wp\/v2\/posts\/154452","targetHints":{"allow":["GET"]}}],"collection":[{"href":"https:\/\/www.gossip.it\/api\/wp\/v2\/posts"}],"about":[{"href":"https:\/\/www.gossip.it\/api\/wp\/v2\/types\/post"}],"author":[{"embeddable":true,"href":"https:\/\/www.gossip.it\/api\/wp\/v2\/users\/1"}],"replies":[{"embeddable":true,"href":"https:\/\/www.gossip.it\/api\/wp\/v2\/comments?post=154452"}],"version-history":[{"count":1,"href":"https:\/\/www.gossip.it\/api\/wp\/v2\/posts\/154452\/revisions"}],"predecessor-version":[{"id":154458,"href":"https:\/\/www.gossip.it\/api\/wp\/v2\/posts\/154452\/revisions\/154458"}],"wp:featuredmedia":[{"embeddable":true,"href":"https:\/\/www.gossip.it\/api\/wp\/v2\/media\/154457"}],"wp:attachment":[{"href":"https:\/\/www.gossip.it\/api\/wp\/v2\/media?parent=154452"}],"wp:term":[{"taxonomy":"category","embeddable":true,"href":"https:\/\/www.gossip.it\/api\/wp\/v2\/categories?post=154452"},{"taxonomy":"post_tag","embeddable":true,"href":"https:\/\/www.gossip.it\/api\/wp\/v2\/tags?post=154452"},{"taxonomy":"vip","embeddable":true,"href":"https:\/\/www.gossip.it\/api\/wp\/v2\/vip?post=154452"}],"curies":[{"name":"wp","href":"https:\/\/api.w.org\/{rel}","templated":true}]}}