{"id":155504,"date":"2023-09-11T15:11:15","date_gmt":"2023-09-11T13:11:15","guid":{"rendered":"https:\/\/www.gossip.it\/?p=155504"},"modified":"2023-09-12T13:01:28","modified_gmt":"2023-09-12T11:01:28","slug":"durante-operazione-dimenticati-riallineare-femore-gamba-piu-corta-rivelazione-jovanotti","status":"publish","type":"post","link":"https:\/\/www.gossip.it\/news\/durante-operazione-dimenticati-riallineare-femore-gamba-piu-corta-rivelazione-jovanotti\/","title":{"rendered":"''Durante l\u2019operazione si sono dimenticati di riallineare il femore, ho una gamba pi\u00f9 corta'': la rivelazione sconcertante di Jovanotti"},"content":{"rendered":"\n<ul class=\"wp-block-list\">\n<li>Il cantante 56enne ha raccontato di pensare che non sia stato operato nel modo corretto<\/li>\n\n\n\n<li>A luglio \u00e8 caduto in bici a Santo Domingo rompendosi il femore e si \u00e8 sottoposto a un intervento d\u2019urgenza<\/li>\n<\/ul>\n\n\n\n<p><strong><a href=\"https:\/\/www.gossip.it\/?s=jovanotti\">Jovanotti<\/a><\/strong> ha confessato di avere una <strong>gamba pi\u00f9 corta dell\u2019altra<\/strong> dopo la caduta in bici a <strong>Santo Domingo<\/strong> di un paio di mesi fa.<\/p>\n\n\n\n<p>Il cantante 56enne ha spiegato di pensare che<em> \u201cnon abbiano fatto proprio bene\u201d<\/em> l\u2019operazione chirurgica. I medici che sono intervenuti su di lui nel Paese americano si sarebbero addirittura <em>\u201c<strong>dimenticati di riallineare il femore<\/strong>\u201d<\/em>.<\/p>\n\n\n\n<figure class=\"wp-block-image size-large\"><img decoding=\"async\" width=\"777\" height=\"1024\" src=\"https:\/\/www.gossip.it\/wp-content\/uploads\/2023\/09\/jova_1-1-777x1024.jpg\" alt=\"\" class=\"wp-image-155516\" srcset=\"https:\/\/www.gossip.it\/wp-content\/uploads\/2023\/09\/jova_1-1-777x1024.jpg 777w, https:\/\/www.gossip.it\/wp-content\/uploads\/2023\/09\/jova_1-1-228x300.jpg 228w, https:\/\/www.gossip.it\/wp-content\/uploads\/2023\/09\/jova_1-1-768x1012.jpg 768w, https:\/\/www.gossip.it\/wp-content\/uploads\/2023\/09\/jova_1-1-750x988.jpg 750w, https:\/\/www.gossip.it\/wp-content\/uploads\/2023\/09\/jova_1-1.jpg 1134w\" sizes=\"(max-width: 777px) 100vw, 777px\" \/><figcaption class=\"wp-element-caption\">Lorenzo Cherubini, in arte Jovanotti, 56 anni, ha raccontato di avere una gamba pi\u00f9 corta dell'altra e che l'operazione al femore che gli hanno fatto a Santo Domingo non \u00e8 stata eseguita \"proprio bene\"<\/figcaption><\/figure>\n\n\n\n<p>Lorenzo Cherubini, questo il suo vero nome, a luglio \u00e8 caduto durante una pedalata mentre si trovava in vacanza in America Centrale. Si \u00e8 rotto <em>clavicola e femore<\/em> ed \u00e8 stato sottoposto a un intervento d\u2019urgenza.<\/p>\n\n\n\n<p><em>\u201cUna caduta da bischero. Mi sono fatto malissimo, il piede era al contrario, mi \u00e8 <strong>esploso il femore<\/strong>\u2026\u201d<\/em>, ha spiegato ospite del programma radiofonico di Radio2 <em>\u201cNon \u00e8 un paese per giovani\u201d<\/em>, condotto da Massimo Cervelli e Tommaso Labate.<\/p>\n\n\n\n<p><em>\u201cCi vorr\u00e0 un po\u2019 di tempo per rimettermi in piedi. Mi hanno detto che ci vorranno altri 4-5 mesi di stampelle. <strong>Non \u00e8 che l\u2019operazione l\u2019abbiano fatta proprio bene. Il femore si sono dimenticati di riallinearlo<\/strong>\u201d<\/em>, ha poi fatto sapere lasciando di stucco gli ascoltatori.<\/p>\n\n\n\n<figure class=\"wp-block-image size-large\"><img decoding=\"async\" width=\"1024\" height=\"973\" src=\"https:\/\/www.gossip.it\/wp-content\/uploads\/2023\/09\/jova_2-1024x973.jpg\" alt=\"\" class=\"wp-image-155515\" srcset=\"https:\/\/www.gossip.it\/wp-content\/uploads\/2023\/09\/jova_2-1024x973.jpg 1024w, https:\/\/www.gossip.it\/wp-content\/uploads\/2023\/09\/jova_2-300x285.jpg 300w, https:\/\/www.gossip.it\/wp-content\/uploads\/2023\/09\/jova_2-768x729.jpg 768w, https:\/\/www.gossip.it\/wp-content\/uploads\/2023\/09\/jova_2-750x712.jpg 750w, https:\/\/www.gossip.it\/wp-content\/uploads\/2023\/09\/jova_2.jpg 1134w\" sizes=\"(max-width: 1024px) 100vw, 1024px\" \/><figcaption class=\"wp-element-caption\">Jovanotti ora sta facendo moltissima fisioterapia<\/figcaption><\/figure>\n\n\n\n<p>Nonostante tutto, Jova appare positivo, come al suo solito: <em>\u201cPoteva andare peggio. Io tendo a minimizzare e a leggere le opportunit\u00e0 che mi viene offerta. Adesso dovr\u00f2 fermarmi e fare fisioterapia. Una gran rottura. Devo mantenere la muscolatura tonica. <strong>Ho una gamba pi\u00f9 corta dell\u2019altra<\/strong>\u201d<\/em>.<\/p>\n\n\n\n<p>Per il tour nei palazzetti che sarebbe previsto per il prossimo anno, non \u00e8 per\u00f2 ottimista. Forse sar\u00e0 rimandato: <em>\u201cPenso che non ce la faremo, aspetto la lastra a inizio ottobre. In questi giorni suono seduto come Ben Harper. Ma \u00e8 un\u2019idea che non mi piace. La musica per me \u00e8 movimento\u2026\u201d<\/em>.<\/p>\n","protected":false},"excerpt":{"rendered":"<p>Jovanotti ha confessato di avere una gamba pi\u00f9 corta...<\/p>\n","protected":false},"author":1,"featured_media":155517,"comment_status":"open","ping_status":"closed","sticky":false,"template":"","format":"standard","meta":{"footnotes":""},"categories":[54],"tags":[71992,71996,71995,71991,71994,71993],"vip":[63439,71997],"class_list":["post-155504","post","type-post","status-publish","format-standard","has-post-thumbnail","hentry","category-news","tag-jovanotti-caduta-bici","tag-jovanotti-femore-rotto","tag-jovanotti-gamba-piu-corta","tag-jovanotti-operazione","tag-jovanotti-operazione-femore","tag-jovanotti-santo-domingo","vip-jovanotti","vip-lorenzo-cherubini"],"yoast_head":"<title>&#039;&#039;Durante l\u2019operazione si sono dimenticati di riallineare il femore, ho una gamba pi\u00f9 corta&#039;&#039;: la rivelazione sconcertante di Jovanotti - Gossip.it | News sul Gossip e VIP<\/title>\n<meta name=\"description\" content=\"Il cantante 56enne ha raccontato di pensare che non sia stato operato nel modo corretto dopo che \u00e8 caduto dalla bici a Santo...\" \/>\n<meta name=\"robots\" content=\"index, follow, max-snippet:-1, max-image-preview:large, max-video-preview:-1\" \/>\n<link rel=\"canonical\" href=\"https:\/\/www.gossip.it\/news\/durante-operazione-dimenticati-riallineare-femore-gamba-piu-corta-rivelazione-jovanotti\/\" \/>\n<meta property=\"og:locale\" content=\"it_IT\" \/>\n<meta property=\"og:type\" content=\"article\" \/>\n<meta property=\"og:title\" content=\"&#039;&#039;Durante l\u2019operazione si sono dimenticati di riallineare il femore, ho una gamba pi\u00f9 corta&#039;&#039;: la rivelazione sconcertante di Jovanotti - Gossip.it | News sul Gossip e VIP\" \/>\n<meta property=\"og:description\" content=\"Il cantante 56enne ha raccontato di pensare che non sia stato operato nel modo corretto dopo che \u00e8 caduto dalla bici a Santo...\" \/>\n<meta property=\"og:url\" content=\"https:\/\/www.gossip.it\/news\/durante-operazione-dimenticati-riallineare-femore-gamba-piu-corta-rivelazione-jovanotti\/\" \/>\n<meta property=\"og:site_name\" content=\"Gossip.it | News sul Gossip e VIP\" \/>\n<meta property=\"article:publisher\" content=\"https:\/\/www.facebook.com\/GossipIT\" \/>\n<meta property=\"article:published_time\" content=\"2023-09-11T13:11:15+00:00\" \/>\n<meta property=\"article:modified_time\" content=\"2023-09-12T11:01:28+00:00\" \/>\n<meta property=\"og:image\" content=\"https:\/\/www.gossip.it\/wp-content\/uploads\/2023\/09\/lancio-JOVA-FB.jpg\" \/>\n\t<meta property=\"og:image:width\" content=\"1134\" \/>\n\t<meta property=\"og:image:height\" content=\"614\" \/>\n\t<meta property=\"og:image:type\" content=\"image\/jpeg\" \/>\n<meta name=\"author\" content=\"La Redazione\" \/>\n<meta name=\"twitter:card\" content=\"summary_large_image\" \/>\n<meta name=\"twitter:creator\" content=\"@gossinews_it\" \/>\n<meta name=\"twitter:site\" content=\"@gossinews_it\" \/>\n<meta name=\"twitter:label1\" content=\"Scritto da\" \/>\n\t<meta name=\"twitter:data1\" content=\"La Redazione\" \/>\n\t<meta name=\"twitter:label2\" content=\"Tempo di lettura stimato\" \/>\n\t<meta name=\"twitter:data2\" content=\"3 minuti\" \/>","yoast_head_json":{"title":"''Durante l\u2019operazione si sono dimenticati di riallineare il femore, ho una gamba pi\u00f9 corta'': la rivelazione sconcertante di Jovanotti - Gossip.it | News sul Gossip e VIP","description":"Il cantante 56enne ha raccontato di pensare che non sia stato operato nel modo corretto dopo che \u00e8 caduto dalla bici a Santo...","robots":{"index":"index","follow":"follow","max-snippet":"max-snippet:-1","max-image-preview":"max-image-preview:large","max-video-preview":"max-video-preview:-1"},"canonical":"https:\/\/www.gossip.it\/news\/durante-operazione-dimenticati-riallineare-femore-gamba-piu-corta-rivelazione-jovanotti\/","og_locale":"it_IT","og_type":"article","og_title":"''Durante l\u2019operazione si sono dimenticati di riallineare il femore, ho una gamba pi\u00f9 corta'': la rivelazione sconcertante di Jovanotti - Gossip.it | News sul Gossip e VIP","og_description":"Il cantante 56enne ha raccontato di pensare che non sia stato operato nel modo corretto dopo che \u00e8 caduto dalla bici a Santo...","og_url":"https:\/\/www.gossip.it\/news\/durante-operazione-dimenticati-riallineare-femore-gamba-piu-corta-rivelazione-jovanotti\/","og_site_name":"Gossip.it | News sul Gossip e VIP","article_publisher":"https:\/\/www.facebook.com\/GossipIT","article_published_time":"2023-09-11T13:11:15+00:00","article_modified_time":"2023-09-12T11:01:28+00:00","og_image":[{"width":1134,"height":614,"url":"https:\/\/www.gossip.it\/wp-content\/uploads\/2023\/09\/lancio-JOVA-FB.jpg","type":"image\/jpeg"}],"author":"La Redazione","twitter_card":"summary_large_image","twitter_creator":"@gossinews_it","twitter_site":"@gossinews_it","twitter_misc":{"Scritto da":"La Redazione","Tempo di lettura stimato":"3 minuti"},"schema":{"@context":"https:\/\/schema.org","@graph":[{"@type":"Article","@id":"https:\/\/www.gossip.it\/news\/durante-operazione-dimenticati-riallineare-femore-gamba-piu-corta-rivelazione-jovanotti\/#article","isPartOf":{"@id":"https:\/\/www.gossip.it\/news\/durante-operazione-dimenticati-riallineare-femore-gamba-piu-corta-rivelazione-jovanotti\/"},"author":{"name":"La Redazione","@id":"https:\/\/www.gossip.it\/#\/schema\/person\/488896f75158bff1cc83c6c39d141110"},"headline":"''Durante l\u2019operazione si sono dimenticati di riallineare il femore, ho una gamba pi\u00f9 corta'': la rivelazione sconcertante di Jovanotti","datePublished":"2023-09-11T13:11:15+00:00","dateModified":"2023-09-12T11:01:28+00:00","mainEntityOfPage":{"@id":"https:\/\/www.gossip.it\/news\/durante-operazione-dimenticati-riallineare-femore-gamba-piu-corta-rivelazione-jovanotti\/"},"wordCount":367,"commentCount":0,"publisher":{"@id":"https:\/\/www.gossip.it\/#organization"},"image":{"@id":"https:\/\/www.gossip.it\/news\/durante-operazione-dimenticati-riallineare-femore-gamba-piu-corta-rivelazione-jovanotti\/#primaryimage"},"thumbnailUrl":"https:\/\/www.gossip.it\/wp-content\/uploads\/2023\/09\/lancio-JOVA.jpg","keywords":["jovanotti caduta bici","jovanotti femore rotto","jovanotti gamba pi\u00f9 corta","jovanotti operazione","jovanotti operazione femore","jovanotti santo domingo"],"articleSection":["News"],"inLanguage":"it-IT","potentialAction":[{"@type":"CommentAction","name":"Comment","target":["https:\/\/www.gossip.it\/news\/durante-operazione-dimenticati-riallineare-femore-gamba-piu-corta-rivelazione-jovanotti\/#respond"]}]},{"@type":"WebPage","@id":"https:\/\/www.gossip.it\/news\/durante-operazione-dimenticati-riallineare-femore-gamba-piu-corta-rivelazione-jovanotti\/","url":"https:\/\/www.gossip.it\/news\/durante-operazione-dimenticati-riallineare-femore-gamba-piu-corta-rivelazione-jovanotti\/","name":"''Durante l\u2019operazione si sono dimenticati di riallineare il femore, ho una gamba pi\u00f9 corta'': la rivelazione sconcertante di Jovanotti - Gossip.it | News sul Gossip e VIP","isPartOf":{"@id":"https:\/\/www.gossip.it\/#website"},"primaryImageOfPage":{"@id":"https:\/\/www.gossip.it\/news\/durante-operazione-dimenticati-riallineare-femore-gamba-piu-corta-rivelazione-jovanotti\/#primaryimage"},"image":{"@id":"https:\/\/www.gossip.it\/news\/durante-operazione-dimenticati-riallineare-femore-gamba-piu-corta-rivelazione-jovanotti\/#primaryimage"},"thumbnailUrl":"https:\/\/www.gossip.it\/wp-content\/uploads\/2023\/09\/lancio-JOVA.jpg","datePublished":"2023-09-11T13:11:15+00:00","dateModified":"2023-09-12T11:01:28+00:00","description":"Il cantante 56enne ha raccontato di pensare che non sia stato operato nel modo corretto dopo che \u00e8 caduto dalla bici a Santo...","breadcrumb":{"@id":"https:\/\/www.gossip.it\/news\/durante-operazione-dimenticati-riallineare-femore-gamba-piu-corta-rivelazione-jovanotti\/#breadcrumb"},"inLanguage":"it-IT","potentialAction":[{"@type":"ReadAction","target":["https:\/\/www.gossip.it\/news\/durante-operazione-dimenticati-riallineare-femore-gamba-piu-corta-rivelazione-jovanotti\/"]}]},{"@type":"ImageObject","inLanguage":"it-IT","@id":"https:\/\/www.gossip.it\/news\/durante-operazione-dimenticati-riallineare-femore-gamba-piu-corta-rivelazione-jovanotti\/#primaryimage","url":"https:\/\/www.gossip.it\/wp-content\/uploads\/2023\/09\/lancio-JOVA.jpg","contentUrl":"https:\/\/www.gossip.it\/wp-content\/uploads\/2023\/09\/lancio-JOVA.jpg","width":1134,"height":808},{"@type":"BreadcrumbList","@id":"https:\/\/www.gossip.it\/news\/durante-operazione-dimenticati-riallineare-femore-gamba-piu-corta-rivelazione-jovanotti\/#breadcrumb","itemListElement":[{"@type":"ListItem","position":1,"name":"Home","item":"https:\/\/www.gossip.it\/"},{"@type":"ListItem","position":2,"name":"''Durante l\u2019operazione si sono dimenticati di riallineare il femore, ho una gamba pi\u00f9 corta'': la rivelazione sconcertante di Jovanotti"}]},{"@type":"WebSite","@id":"https:\/\/www.gossip.it\/#website","url":"https:\/\/www.gossip.it\/","name":"Gossip and VIP News","description":"Quotidiano di cronaca rosa, costume e societ\u00e0","publisher":{"@id":"https:\/\/www.gossip.it\/#organization"},"alternateName":"Gossip and VIP News","potentialAction":[{"@type":"SearchAction","target":{"@type":"EntryPoint","urlTemplate":"https:\/\/www.gossip.it\/?s={search_term_string}"},"query-input":{"@type":"PropertyValueSpecification","valueRequired":true,"valueName":"search_term_string"}}],"inLanguage":"it-IT"},{"@type":"Organization","@id":"https:\/\/www.gossip.it\/#organization","name":"Gossip and VIP News","alternateName":"Gossip News","url":"https:\/\/www.gossip.it\/","logo":{"@type":"ImageObject","inLanguage":"it-IT","@id":"https:\/\/www.gossip.it\/#\/schema\/logo\/image\/","url":"https:\/\/www.gossip.it\/wp-content\/uploads\/2022\/04\/cropped-corna-alta-tiny.png","contentUrl":"https:\/\/www.gossip.it\/wp-content\/uploads\/2022\/04\/cropped-corna-alta-tiny.png","width":512,"height":512,"caption":"Gossip and VIP News"},"image":{"@id":"https:\/\/www.gossip.it\/#\/schema\/logo\/image\/"},"sameAs":["https:\/\/www.facebook.com\/GossipIT","https:\/\/x.com\/gossinews_it","https:\/\/instagram.com\/gossip_it"]},{"@type":"Person","@id":"https:\/\/www.gossip.it\/#\/schema\/person\/488896f75158bff1cc83c6c39d141110","name":"La Redazione","image":{"@type":"ImageObject","inLanguage":"it-IT","@id":"https:\/\/www.gossip.it\/#\/schema\/person\/image\/","url":"https:\/\/secure.gravatar.com\/avatar\/5a5f5c6fa3e6700e4249abdad0263a1e94e927d9e0499b1cb09c1cd29c044d80?s=96&d=mm&r=g","contentUrl":"https:\/\/secure.gravatar.com\/avatar\/5a5f5c6fa3e6700e4249abdad0263a1e94e927d9e0499b1cb09c1cd29c044d80?s=96&d=mm&r=g","caption":"La Redazione"},"sameAs":["https:\/\/www.gossip.it"]}]}},"amp_enabled":true,"_links":{"self":[{"href":"https:\/\/www.gossip.it\/api\/wp\/v2\/posts\/155504","targetHints":{"allow":["GET"]}}],"collection":[{"href":"https:\/\/www.gossip.it\/api\/wp\/v2\/posts"}],"about":[{"href":"https:\/\/www.gossip.it\/api\/wp\/v2\/types\/post"}],"author":[{"embeddable":true,"href":"https:\/\/www.gossip.it\/api\/wp\/v2\/users\/1"}],"replies":[{"embeddable":true,"href":"https:\/\/www.gossip.it\/api\/wp\/v2\/comments?post=155504"}],"version-history":[{"count":1,"href":"https:\/\/www.gossip.it\/api\/wp\/v2\/posts\/155504\/revisions"}],"predecessor-version":[{"id":155527,"href":"https:\/\/www.gossip.it\/api\/wp\/v2\/posts\/155504\/revisions\/155527"}],"wp:featuredmedia":[{"embeddable":true,"href":"https:\/\/www.gossip.it\/api\/wp\/v2\/media\/155517"}],"wp:attachment":[{"href":"https:\/\/www.gossip.it\/api\/wp\/v2\/media?parent=155504"}],"wp:term":[{"taxonomy":"category","embeddable":true,"href":"https:\/\/www.gossip.it\/api\/wp\/v2\/categories?post=155504"},{"taxonomy":"post_tag","embeddable":true,"href":"https:\/\/www.gossip.it\/api\/wp\/v2\/tags?post=155504"},{"taxonomy":"vip","embeddable":true,"href":"https:\/\/www.gossip.it\/api\/wp\/v2\/vip?post=155504"}],"curies":[{"name":"wp","href":"https:\/\/api.w.org\/{rel}","templated":true}]}}