{"id":155717,"date":"2023-09-13T13:45:49","date_gmt":"2023-09-13T11:45:49","guid":{"rendered":"https:\/\/www.gossip.it\/?p=155717"},"modified":"2023-09-14T11:22:31","modified_gmt":"2023-09-14T09:22:31","slug":"benedetta-parodi-mondana-figlie-milano-matilde-caressa-presenta-primo-singolo","status":"publish","type":"post","link":"https:\/\/www.gossip.it\/news\/benedetta-parodi-mondana-figlie-milano-matilde-caressa-presenta-primo-singolo\/","title":{"rendered":"Benedetta Parodi mondana con entrambe le figlie a Milano: Matilde Caressa presenta il suo primo singolo durante la serata"},"content":{"rendered":"\n<ul class=\"wp-block-list\">\n<li>Sul red carpet posa con le sue ragazze ormai maggiorenni, poi presenta l'evento<\/li>\n\n\n\n<li>Annuncia la 21enne sul palco: la maggiore canta <em>Boulevard<\/em>, scritto e arrangiato da lei stessa<\/li>\n<\/ul>\n\n\n\n<p><a href=\"http:\/\/www.gossip.it\/vip\/benedetta-parodi\">Benedetta Parodi<\/a> <strong>a Milano posa elegantissima davanti ai tanti fotografi<\/strong> all\u2019evento per i 15 anni di <em>Realize Networks<\/em>, agenzia per la gestione di Talent nel mondo dell\u2019intrattenimento, eventi e spettacolo, specializzata nel settore food. <strong>La 51enne \u00e8 mondana con entrambe le figlie<\/strong> femmine, <a href=\"http:\/\/www.gossip.it\/vip\/matilde-caressa\">Matilde Caressa<\/a>, 21 anni, ed <a href=\"http:\/\/www.gossip.it\/vip\/eleonora-caressa\">Eleonora<\/a>, 19 il prossimo 20 ottobre. All\u2019appello manda il piccolino di casa, Diego, l\u2019ultimogenito di 14 anni, che ha appena iniziato il primo anno del liceo scientifico. Alla serata c\u2019\u00e8 anche <a href=\"http:\/\/www.gossip.it\/vip\/fabio-caressa\">Fabio Caressa<\/a>, il marito 56enne della giornalista e conduttrice. <strong>E\u2019 una notte emozionante: alla festa Matilde presenta il suo primo singolo sul palco<\/strong>.<\/p>\n\n\n\n<figure class=\"wp-block-image size-large\"><img decoding=\"async\" width=\"860\" height=\"1024\" src=\"https:\/\/www.gossip.it\/wp-content\/uploads\/2023\/09\/psrodi_1-860x1024.jpg\" alt=\"\" class=\"wp-image-155718\" srcset=\"https:\/\/www.gossip.it\/wp-content\/uploads\/2023\/09\/psrodi_1-860x1024.jpg 860w, https:\/\/www.gossip.it\/wp-content\/uploads\/2023\/09\/psrodi_1-252x300.jpg 252w, https:\/\/www.gossip.it\/wp-content\/uploads\/2023\/09\/psrodi_1-768x914.jpg 768w, https:\/\/www.gossip.it\/wp-content\/uploads\/2023\/09\/psrodi_1-750x893.jpg 750w, https:\/\/www.gossip.it\/wp-content\/uploads\/2023\/09\/psrodi_1.jpg 1134w\" sizes=\"(max-width: 860px) 100vw, 860px\" \/><figcaption class=\"wp-element-caption\">Benedetta Parodi mondana con entrambe le figlie a Milano: Matilde Caressa presenta il suo primo singolo durante la serata<\/figcaption><\/figure>\n\n\n\n<p>Benedetta stringe le sue piccole donnine ormai gi\u00e0 maggiorenni. Ha uno splendido rapporto con le due, che amano confidarsi con la mamma. E\u2019 la conduttrice della serata. Ed \u00e8 proprio con <a href=\"http:\/\/www.gossip.it\/vip\/lorenzo-biagiarelli\">Lorenzo Biagiarelli<\/a>, compagno di <a href=\"http:\/\/www.gossip.it\/vip\/selvaggia-lucarelli\">Selvaggia Lucarelli<\/a>, che <strong>annuncia emozionatissima l\u2019esibizione di Matilde, un vero debutto nel mondo della musica<\/strong>.<\/p>\n\n\n\n<figure class=\"wp-block-image size-large\"><img decoding=\"async\" width=\"849\" height=\"1024\" src=\"https:\/\/www.gossip.it\/wp-content\/uploads\/2023\/09\/psrodi_2-849x1024.jpg\" alt=\"\" class=\"wp-image-155719\" srcset=\"https:\/\/www.gossip.it\/wp-content\/uploads\/2023\/09\/psrodi_2-849x1024.jpg 849w, https:\/\/www.gossip.it\/wp-content\/uploads\/2023\/09\/psrodi_2-249x300.jpg 249w, https:\/\/www.gossip.it\/wp-content\/uploads\/2023\/09\/psrodi_2-768x926.jpg 768w, https:\/\/www.gossip.it\/wp-content\/uploads\/2023\/09\/psrodi_2-750x905.jpg 750w, https:\/\/www.gossip.it\/wp-content\/uploads\/2023\/09\/psrodi_2.jpg 1134w\" sizes=\"(max-width: 849px) 100vw, 849px\" \/><figcaption class=\"wp-element-caption\">La 21enne canta <em>Boulevard<\/em>, scritto e arrangiato da lei stessa<\/figcaption><\/figure>\n\n\n\n<p>La ragazza, gi\u00e0 nel pomeriggio impegnata nelle prove, <strong>canta davanti a una platea vip il brano <em>Boulevard<\/em><\/strong>, lanciato anche sul web. Matilde \u00e8 autrice del pezzo assieme ad&nbsp;Alessandro Gemelli, Riccardo Spezziali, Simone Giacomini. La sua canzone, fresca e leggera, \u00e8 stata prodotta da Gemelier.<\/p>\n\n\n\n<figure class=\"wp-block-image size-large\"><img decoding=\"async\" width=\"772\" height=\"1024\" src=\"https:\/\/www.gossip.it\/wp-content\/uploads\/2023\/09\/psrodi_3-772x1024.jpg\" alt=\"\" class=\"wp-image-155720\" srcset=\"https:\/\/www.gossip.it\/wp-content\/uploads\/2023\/09\/psrodi_3-772x1024.jpg 772w, https:\/\/www.gossip.it\/wp-content\/uploads\/2023\/09\/psrodi_3-226x300.jpg 226w, https:\/\/www.gossip.it\/wp-content\/uploads\/2023\/09\/psrodi_3-768x1019.jpg 768w, https:\/\/www.gossip.it\/wp-content\/uploads\/2023\/09\/psrodi_3-750x995.jpg 750w, https:\/\/www.gossip.it\/wp-content\/uploads\/2023\/09\/psrodi_3.jpg 1134w\" sizes=\"(max-width: 772px) 100vw, 772px\" \/><figcaption class=\"wp-element-caption\">La giornalista e conduttrice 51enne \u00e8 felice<\/figcaption><\/figure>\n\n\n\n<p>L\u2019applauso a fine performance \u00e8 scrosciante. Benedetta gonfia il petto orgogliosa e cos\u00ec anche pap\u00e0 Fabio ed Eleonora, che ha ripreso ogni istante dell\u2019esibizione della sorella. Si ride, si scherza e si brinda. E c\u2019\u00e8 gi\u00e0 chi vede Matilde sulla strada di <em>Amici<\/em> di <a href=\"http:\/\/www.gossip.it\/vip\/maria-de-filippi\">Maria De Filippi<\/a>\u2026<\/p>\n\n\n\n<figure class=\"wp-block-image size-large\"><img decoding=\"async\" width=\"878\" height=\"1024\" src=\"https:\/\/www.gossip.it\/wp-content\/uploads\/2023\/09\/psrodi_4-878x1024.jpg\" alt=\"\" class=\"wp-image-155721\" srcset=\"https:\/\/www.gossip.it\/wp-content\/uploads\/2023\/09\/psrodi_4-878x1024.jpg 878w, https:\/\/www.gossip.it\/wp-content\/uploads\/2023\/09\/psrodi_4-257x300.jpg 257w, https:\/\/www.gossip.it\/wp-content\/uploads\/2023\/09\/psrodi_4-768x895.jpg 768w, https:\/\/www.gossip.it\/wp-content\/uploads\/2023\/09\/psrodi_4-750x874.jpg 750w, https:\/\/www.gossip.it\/wp-content\/uploads\/2023\/09\/psrodi_4.jpg 1134w\" sizes=\"(max-width: 878px) 100vw, 878px\" \/><figcaption class=\"wp-element-caption\">All'evento c'\u00e8 anche il marito di Benedetta e padre delle ragazze, Fabio Caressa, 56 anni. manca solo l'ultimogenito Diego di 14 anni<\/figcaption><\/figure>\n\n\n\n<p>Benedetta al mattino \u00e8 contenta della notte mondana appena trascorsa. <em>\u201cOggi piove a dirotto a Milano. Ieri il tempo ci ha graziato. E\u2019 stata una festa pazzesca, ci siamo divertiti un sacco: ho i piedi che mi fanno male per quanto ho ballato. Ho dormito 3 ore, ho portato Diego a scuola\u2026 <strong>Matilde ha cantato dal vivo, senza cuffiette. E\u2019 stato davvero emozionante<\/strong>\u201d<\/em>, racconta.&nbsp;<\/p>\n","protected":false},"excerpt":{"rendered":"<p>Benedetta Parodi a Milano posa elegantissima davanti ai...<\/p>\n","protected":false},"author":4,"featured_media":155723,"comment_status":"open","ping_status":"closed","sticky":false,"template":"","format":"standard","meta":{"footnotes":""},"categories":[54],"tags":[64587,66823,72095,39493,66074,66072,66075,2793,66071,72096,1979,72094,67046],"vip":[401,72098,72097],"class_list":["post-155717","post","type-post","status-publish","format-standard","has-post-thumbnail","hentry","category-news","tag-benedettaparodi","tag-benedettaparodifigli","tag-benedettaparodifiglie","tag-boulevard","tag-diegocaressa","tag-eleonoracaressa","tag-fabiocaressa","tag-gossip","tag-matildecaressa","tag-matildecaressacantante","tag-milano","tag-realizenetwork","tag-sifb","vip-benedetta_parodi","vip-eleonora-caressa","vip-matilde-caressa"],"yoast_head":"<title>Benedetta Parodi mondana con entrambe le figlie a Milano: Matilde Caressa presenta il suo primo singolo durante la serata - Gossip.it | News sul Gossip e VIP<\/title>\n<meta name=\"description\" content=\"Benedetta Parodi mondana con entrambe le figlie a Milano: Matilde Caressa presenta il suo primo singolo durante la serata\" \/>\n<meta name=\"robots\" content=\"index, follow, max-snippet:-1, max-image-preview:large, max-video-preview:-1\" \/>\n<link rel=\"canonical\" href=\"https:\/\/www.gossip.it\/news\/benedetta-parodi-mondana-figlie-milano-matilde-caressa-presenta-primo-singolo\/\" \/>\n<meta property=\"og:locale\" content=\"it_IT\" \/>\n<meta property=\"og:type\" content=\"article\" \/>\n<meta property=\"og:title\" content=\"Benedetta Parodi mondana con entrambe le figlie a Milano: Matilde Caressa presenta il suo primo singolo durante la serata - Gossip.it | News sul Gossip e VIP\" \/>\n<meta property=\"og:description\" content=\"Benedetta Parodi mondana con entrambe le figlie a Milano: Matilde Caressa presenta il suo primo singolo durante la serata\" \/>\n<meta property=\"og:url\" content=\"https:\/\/www.gossip.it\/news\/benedetta-parodi-mondana-figlie-milano-matilde-caressa-presenta-primo-singolo\/\" \/>\n<meta property=\"og:site_name\" content=\"Gossip.it | News sul Gossip e VIP\" \/>\n<meta property=\"article:publisher\" content=\"https:\/\/www.facebook.com\/GossipIT\" \/>\n<meta property=\"article:published_time\" content=\"2023-09-13T11:45:49+00:00\" \/>\n<meta property=\"article:modified_time\" content=\"2023-09-14T09:22:31+00:00\" \/>\n<meta property=\"og:image\" content=\"https:\/\/www.gossip.it\/wp-content\/uploads\/2023\/09\/lancio-PARODI-FB.jpg\" \/>\n\t<meta property=\"og:image:width\" content=\"1134\" \/>\n\t<meta property=\"og:image:height\" content=\"575\" \/>\n\t<meta property=\"og:image:type\" content=\"image\/jpeg\" \/>\n<meta name=\"author\" content=\"Annamaria Capozzi\" \/>\n<meta name=\"twitter:card\" content=\"summary_large_image\" \/>\n<meta name=\"twitter:creator\" content=\"@gossinews_it\" \/>\n<meta name=\"twitter:site\" content=\"@gossinews_it\" \/>\n<meta name=\"twitter:label1\" content=\"Scritto da\" \/>\n\t<meta name=\"twitter:data1\" content=\"Annamaria Capozzi\" \/>\n\t<meta name=\"twitter:label2\" content=\"Tempo di lettura stimato\" \/>\n\t<meta name=\"twitter:data2\" content=\"3 minuti\" \/>","yoast_head_json":{"title":"Benedetta Parodi mondana con entrambe le figlie a Milano: Matilde Caressa presenta il suo primo singolo durante la serata - Gossip.it | News sul Gossip e VIP","description":"Benedetta Parodi mondana con entrambe le figlie a Milano: Matilde Caressa presenta il suo primo singolo durante la serata","robots":{"index":"index","follow":"follow","max-snippet":"max-snippet:-1","max-image-preview":"max-image-preview:large","max-video-preview":"max-video-preview:-1"},"canonical":"https:\/\/www.gossip.it\/news\/benedetta-parodi-mondana-figlie-milano-matilde-caressa-presenta-primo-singolo\/","og_locale":"it_IT","og_type":"article","og_title":"Benedetta Parodi mondana con entrambe le figlie a Milano: Matilde Caressa presenta il suo primo singolo durante la serata - Gossip.it | News sul Gossip e VIP","og_description":"Benedetta Parodi mondana con entrambe le figlie a Milano: Matilde Caressa presenta il suo primo singolo durante la serata","og_url":"https:\/\/www.gossip.it\/news\/benedetta-parodi-mondana-figlie-milano-matilde-caressa-presenta-primo-singolo\/","og_site_name":"Gossip.it | News sul Gossip e VIP","article_publisher":"https:\/\/www.facebook.com\/GossipIT","article_published_time":"2023-09-13T11:45:49+00:00","article_modified_time":"2023-09-14T09:22:31+00:00","og_image":[{"width":1134,"height":575,"url":"https:\/\/www.gossip.it\/wp-content\/uploads\/2023\/09\/lancio-PARODI-FB.jpg","type":"image\/jpeg"}],"author":"Annamaria Capozzi","twitter_card":"summary_large_image","twitter_creator":"@gossinews_it","twitter_site":"@gossinews_it","twitter_misc":{"Scritto da":"Annamaria Capozzi","Tempo di lettura stimato":"3 minuti"},"schema":{"@context":"https:\/\/schema.org","@graph":[{"@type":"Article","@id":"https:\/\/www.gossip.it\/news\/benedetta-parodi-mondana-figlie-milano-matilde-caressa-presenta-primo-singolo\/#article","isPartOf":{"@id":"https:\/\/www.gossip.it\/news\/benedetta-parodi-mondana-figlie-milano-matilde-caressa-presenta-primo-singolo\/"},"author":{"name":"Annamaria Capozzi","@id":"https:\/\/www.gossip.it\/#\/schema\/person\/4f99be5acc78d3f1b07a146d4fe8256b"},"headline":"Benedetta Parodi mondana con entrambe le figlie a Milano: Matilde Caressa presenta il suo primo singolo durante la serata","datePublished":"2023-09-13T11:45:49+00:00","dateModified":"2023-09-14T09:22:31+00:00","mainEntityOfPage":{"@id":"https:\/\/www.gossip.it\/news\/benedetta-parodi-mondana-figlie-milano-matilde-caressa-presenta-primo-singolo\/"},"wordCount":410,"commentCount":0,"publisher":{"@id":"https:\/\/www.gossip.it\/#organization"},"image":{"@id":"https:\/\/www.gossip.it\/news\/benedetta-parodi-mondana-figlie-milano-matilde-caressa-presenta-primo-singolo\/#primaryimage"},"thumbnailUrl":"https:\/\/www.gossip.it\/wp-content\/uploads\/2023\/09\/lancio-PARODI-FB.jpg","keywords":["benedettaparodi","benedettaparodifigli","benedettaparodifiglie","boulevard","diegocaressa","eleonoracaressa","fabiocaressa","gossip","matildecaressa","matildecaressacantante","milano","realizenetwork","sifb"],"articleSection":["News"],"inLanguage":"it-IT","potentialAction":[{"@type":"CommentAction","name":"Comment","target":["https:\/\/www.gossip.it\/news\/benedetta-parodi-mondana-figlie-milano-matilde-caressa-presenta-primo-singolo\/#respond"]}]},{"@type":"WebPage","@id":"https:\/\/www.gossip.it\/news\/benedetta-parodi-mondana-figlie-milano-matilde-caressa-presenta-primo-singolo\/","url":"https:\/\/www.gossip.it\/news\/benedetta-parodi-mondana-figlie-milano-matilde-caressa-presenta-primo-singolo\/","name":"Benedetta Parodi mondana con entrambe le figlie a Milano: Matilde Caressa presenta il suo primo singolo durante la serata - Gossip.it | News sul Gossip e VIP","isPartOf":{"@id":"https:\/\/www.gossip.it\/#website"},"primaryImageOfPage":{"@id":"https:\/\/www.gossip.it\/news\/benedetta-parodi-mondana-figlie-milano-matilde-caressa-presenta-primo-singolo\/#primaryimage"},"image":{"@id":"https:\/\/www.gossip.it\/news\/benedetta-parodi-mondana-figlie-milano-matilde-caressa-presenta-primo-singolo\/#primaryimage"},"thumbnailUrl":"https:\/\/www.gossip.it\/wp-content\/uploads\/2023\/09\/lancio-PARODI-FB.jpg","datePublished":"2023-09-13T11:45:49+00:00","dateModified":"2023-09-14T09:22:31+00:00","description":"Benedetta Parodi mondana con entrambe le figlie a Milano: Matilde Caressa presenta il suo primo singolo durante la serata","breadcrumb":{"@id":"https:\/\/www.gossip.it\/news\/benedetta-parodi-mondana-figlie-milano-matilde-caressa-presenta-primo-singolo\/#breadcrumb"},"inLanguage":"it-IT","potentialAction":[{"@type":"ReadAction","target":["https:\/\/www.gossip.it\/news\/benedetta-parodi-mondana-figlie-milano-matilde-caressa-presenta-primo-singolo\/"]}]},{"@type":"ImageObject","inLanguage":"it-IT","@id":"https:\/\/www.gossip.it\/news\/benedetta-parodi-mondana-figlie-milano-matilde-caressa-presenta-primo-singolo\/#primaryimage","url":"https:\/\/www.gossip.it\/wp-content\/uploads\/2023\/09\/lancio-PARODI-FB.jpg","contentUrl":"https:\/\/www.gossip.it\/wp-content\/uploads\/2023\/09\/lancio-PARODI-FB.jpg","width":1134,"height":575},{"@type":"BreadcrumbList","@id":"https:\/\/www.gossip.it\/news\/benedetta-parodi-mondana-figlie-milano-matilde-caressa-presenta-primo-singolo\/#breadcrumb","itemListElement":[{"@type":"ListItem","position":1,"name":"Home","item":"https:\/\/www.gossip.it\/"},{"@type":"ListItem","position":2,"name":"Benedetta Parodi mondana con entrambe le figlie a Milano: Matilde Caressa presenta il suo primo singolo durante la serata"}]},{"@type":"WebSite","@id":"https:\/\/www.gossip.it\/#website","url":"https:\/\/www.gossip.it\/","name":"Gossip and VIP News","description":"Quotidiano di cronaca rosa, costume e societ\u00e0","publisher":{"@id":"https:\/\/www.gossip.it\/#organization"},"alternateName":"Gossip and VIP News","potentialAction":[{"@type":"SearchAction","target":{"@type":"EntryPoint","urlTemplate":"https:\/\/www.gossip.it\/?s={search_term_string}"},"query-input":{"@type":"PropertyValueSpecification","valueRequired":true,"valueName":"search_term_string"}}],"inLanguage":"it-IT"},{"@type":"Organization","@id":"https:\/\/www.gossip.it\/#organization","name":"Gossip and VIP News","alternateName":"Gossip News","url":"https:\/\/www.gossip.it\/","logo":{"@type":"ImageObject","inLanguage":"it-IT","@id":"https:\/\/www.gossip.it\/#\/schema\/logo\/image\/","url":"https:\/\/www.gossip.it\/wp-content\/uploads\/2022\/04\/cropped-corna-alta-tiny.png","contentUrl":"https:\/\/www.gossip.it\/wp-content\/uploads\/2022\/04\/cropped-corna-alta-tiny.png","width":512,"height":512,"caption":"Gossip and VIP News"},"image":{"@id":"https:\/\/www.gossip.it\/#\/schema\/logo\/image\/"},"sameAs":["https:\/\/www.facebook.com\/GossipIT","https:\/\/x.com\/gossinews_it","https:\/\/instagram.com\/gossip_it"]},{"@type":"Person","@id":"https:\/\/www.gossip.it\/#\/schema\/person\/4f99be5acc78d3f1b07a146d4fe8256b","name":"Annamaria Capozzi","image":{"@type":"ImageObject","inLanguage":"it-IT","@id":"https:\/\/www.gossip.it\/#\/schema\/person\/image\/","url":"https:\/\/secure.gravatar.com\/avatar\/a8f8ec0362739e51683bf764949dfb9f8d2539eecc144f2dd938d6381b053468?s=96&d=mm&r=g","contentUrl":"https:\/\/secure.gravatar.com\/avatar\/a8f8ec0362739e51683bf764949dfb9f8d2539eecc144f2dd938d6381b053468?s=96&d=mm&r=g","caption":"Annamaria Capozzi"}}]}},"amp_enabled":true,"_links":{"self":[{"href":"https:\/\/www.gossip.it\/api\/wp\/v2\/posts\/155717","targetHints":{"allow":["GET"]}}],"collection":[{"href":"https:\/\/www.gossip.it\/api\/wp\/v2\/posts"}],"about":[{"href":"https:\/\/www.gossip.it\/api\/wp\/v2\/types\/post"}],"author":[{"embeddable":true,"href":"https:\/\/www.gossip.it\/api\/wp\/v2\/users\/4"}],"replies":[{"embeddable":true,"href":"https:\/\/www.gossip.it\/api\/wp\/v2\/comments?post=155717"}],"version-history":[{"count":1,"href":"https:\/\/www.gossip.it\/api\/wp\/v2\/posts\/155717\/revisions"}],"predecessor-version":[{"id":155738,"href":"https:\/\/www.gossip.it\/api\/wp\/v2\/posts\/155717\/revisions\/155738"}],"wp:featuredmedia":[{"embeddable":true,"href":"https:\/\/www.gossip.it\/api\/wp\/v2\/media\/155723"}],"wp:attachment":[{"href":"https:\/\/www.gossip.it\/api\/wp\/v2\/media?parent=155717"}],"wp:term":[{"taxonomy":"category","embeddable":true,"href":"https:\/\/www.gossip.it\/api\/wp\/v2\/categories?post=155717"},{"taxonomy":"post_tag","embeddable":true,"href":"https:\/\/www.gossip.it\/api\/wp\/v2\/tags?post=155717"},{"taxonomy":"vip","embeddable":true,"href":"https:\/\/www.gossip.it\/api\/wp\/v2\/vip?post=155717"}],"curies":[{"name":"wp","href":"https:\/\/api.w.org\/{rel}","templated":true}]}}