{"id":155971,"date":"2023-09-18T12:16:43","date_gmt":"2023-09-18T10:16:43","guid":{"rendered":"https:\/\/www.gossip.it\/?p=155971"},"modified":"2023-09-19T10:15:05","modified_gmt":"2023-09-19T08:15:05","slug":"diletta-leotta-primo-complimese-figlia-aria","status":"publish","type":"post","link":"https:\/\/www.gossip.it\/news\/diletta-leotta-primo-complimese-figlia-aria\/","title":{"rendered":"Diletta Leotta festeggia il primo complimese della figlia Aria con un coloratissimo vestito abbinato alla tutina della neonata: foto"},"content":{"rendered":"\n<ul class=\"wp-block-list\">\n<li>La 32enne si regala un post celebrativo con una dolcissima dedica alla piccola<\/li>\n\n\n\n<li>Il 16 agosto \u00e8 diventata mamma della bambina: <em>\u201cGioia pura\u201d<\/em><\/li>\n<\/ul>\n\n\n\n<p><a href=\"http:\/\/www.gossip.it\/vip\/diletta-leotta\">Diletta Leotta<\/a> si regala un post celebrativo, <strong>festeggia il primo complimese della figlia Aria posando con indosso un coloratissimo vestito abbinato alla tutina e al cappello della neonata<\/strong>. Accompagna i tre scatti postati con una dolcissima dedica alla piccola avuta dal compagno <a href=\"http:\/\/www.gossip.it\/vip\/loris-karius\">Loris Karius<\/a>.<\/p>\n\n\n\n<figure class=\"wp-block-image size-large\"><img decoding=\"async\" width=\"968\" height=\"1024\" src=\"https:\/\/www.gossip.it\/wp-content\/uploads\/2023\/09\/leotta_1-3-968x1024.jpg\" alt=\"\" class=\"wp-image-155972\" srcset=\"https:\/\/www.gossip.it\/wp-content\/uploads\/2023\/09\/leotta_1-3-968x1024.jpg 968w, https:\/\/www.gossip.it\/wp-content\/uploads\/2023\/09\/leotta_1-3-284x300.jpg 284w, https:\/\/www.gossip.it\/wp-content\/uploads\/2023\/09\/leotta_1-3-768x813.jpg 768w, https:\/\/www.gossip.it\/wp-content\/uploads\/2023\/09\/leotta_1-3-750x794.jpg 750w, https:\/\/www.gossip.it\/wp-content\/uploads\/2023\/09\/leotta_1-3.jpg 1134w\" sizes=\"(max-width: 968px) 100vw, 968px\" \/><figcaption class=\"wp-element-caption\">Diletta Leotta festeggia il primo complimese della figlia Aria con un coloratissimo vestito abbinato alla tutina della neonata<\/figcaption><\/figure>\n\n\n\n<p>La conduttrice Dazn, che nel weekend \u00e8 tornata al lavoro dopo il parto, presenziando a bordo campo nel derby tra Inter e Milan a San Siro, stringe la piccola tra le braccia. E\u2019 entusiasta di essere diventata madre lo scorso 16 agosto, il giorno in cui ha compiuto 32 anni. <em>\u201c<strong>1 mese di te, gioia pura<\/strong>\u201d<\/em>, scrive, arricchendo le sue parole con emoticon a forma di cuore di tutti i colori, come l\u2019abito che indossa e la tutina e il berrettino della bimba.<\/p>\n\n\n\n<p>Diletta condivide con i fan anche un brevissimo video in cui mostra i piedini della bambina. <em>\u201cUn mese di te\u201d<\/em>, sottolinea ancora. Diventare genitore le ha rivoluzionato, in meglio la vita.<\/p>\n\n\n\n<figure class=\"wp-block-image size-large\"><img decoding=\"async\" width=\"1024\" height=\"1012\" src=\"https:\/\/www.gossip.it\/wp-content\/uploads\/2023\/09\/leotta_2-4-1024x1012.jpg\" alt=\"\" class=\"wp-image-155973\" srcset=\"https:\/\/www.gossip.it\/wp-content\/uploads\/2023\/09\/leotta_2-4-1024x1012.jpg 1024w, https:\/\/www.gossip.it\/wp-content\/uploads\/2023\/09\/leotta_2-4-300x297.jpg 300w, https:\/\/www.gossip.it\/wp-content\/uploads\/2023\/09\/leotta_2-4-768x759.jpg 768w, https:\/\/www.gossip.it\/wp-content\/uploads\/2023\/09\/leotta_2-4-75x75.jpg 75w, https:\/\/www.gossip.it\/wp-content\/uploads\/2023\/09\/leotta_2-4-750x741.jpg 750w, https:\/\/www.gossip.it\/wp-content\/uploads\/2023\/09\/leotta_2-4.jpg 1134w\" sizes=\"(max-width: 1024px) 100vw, 1024px\" \/><figcaption class=\"wp-element-caption\">La 32enne si regala un post celebrativo con una dolcissima dedica alla piccola<\/figcaption><\/figure>\n\n\n\n<p>La siciliana, innamorata pazza della figlia, non rinuncia per\u00f2 al lavoro. Le sono bastati solo pochi giorni di stop causa maternit\u00e0. Diletta col microfono in mano si prende gli applausi allo stadio. Sul social ringrazia e rivela:<em> \u201cEntusiasmo a mille! Grazie a tutti voi per la super accoglienza: <strong>non vedevo l\u2019ora di tornare<\/strong>\u201d.&nbsp;<\/em><\/p>\n\n\n\n<figure class=\"wp-block-image size-large\"><img decoding=\"async\" width=\"1024\" height=\"1018\" src=\"https:\/\/www.gossip.it\/wp-content\/uploads\/2023\/09\/leotta_3-3-1024x1018.jpg\" alt=\"\" class=\"wp-image-155974\" srcset=\"https:\/\/www.gossip.it\/wp-content\/uploads\/2023\/09\/leotta_3-3-1024x1018.jpg 1024w, https:\/\/www.gossip.it\/wp-content\/uploads\/2023\/09\/leotta_3-3-300x298.jpg 300w, https:\/\/www.gossip.it\/wp-content\/uploads\/2023\/09\/leotta_3-3-150x150.jpg 150w, https:\/\/www.gossip.it\/wp-content\/uploads\/2023\/09\/leotta_3-3-768x763.jpg 768w, https:\/\/www.gossip.it\/wp-content\/uploads\/2023\/09\/leotta_3-3-75x75.jpg 75w, https:\/\/www.gossip.it\/wp-content\/uploads\/2023\/09\/leotta_3-3-750x745.jpg 750w, https:\/\/www.gossip.it\/wp-content\/uploads\/2023\/09\/leotta_3-3.jpg 1134w\" sizes=\"(max-width: 1024px) 100vw, 1024px\" \/><figcaption class=\"wp-element-caption\">Il 16 agosto \u00e8 diventata mamma della bambina: <em>\u201cGioia pura\u201d<\/em><\/figcaption><\/figure>\n\n\n\n<p>Del resto lo aveva detto chiaramente, intervistata da <em>Sette<\/em>, inserto del <em>Corriere della Sera<\/em>. <em>\u201c<strong>Il lavoro di sicuro, per me \u00e8 fondamentale<\/strong>. So che la mia vita cambier\u00e0 in molte cose e mia figlia sar\u00e0 il primo pensiero in tutto, per\u00f2 cercher\u00f2 di organizzarmi in modo che possa condividere con me le cose che mi piace fare.&nbsp;<strong>A Loris per esempio avevo detto che mi sarebbe piaciuto viverci di pi\u00f9 \u2018noi\u2019, lui per\u00f2 mi ha risposto che sar\u00e0 bello fare le cose in tre<\/strong>, come i viaggi e le vacanze. Quindi non la vedo come una rinuncia ma come un\u2019opportunit\u00e0 di avere un pensiero bello in pi\u00f9 nella vita\u201d<\/em>, aveva chiarito la Leotta.<\/p>\n","protected":false},"excerpt":{"rendered":"<p>Diletta Leotta si regala un post celebrativo, festeggia il...<\/p>\n","protected":false},"author":4,"featured_media":155975,"comment_status":"open","ping_status":"closed","sticky":false,"template":"","format":"standard","meta":{"footnotes":""},"categories":[54],"tags":[64662,71646,72194,69045,72192,2793,69395,65321,67046],"vip":[64241],"class_list":["post-155971","post","type-post","status-publish","format-standard","has-post-thumbnail","hentry","category-news","tag-dilettaleotta","tag-dilettaleottaaria","tag-dilettaleottacomplimesearia","tag-dilettaleottafidanzato","tag-dilettaleottafigliaaria","tag-gossip","tag-leotta","tag-loriskarius","tag-sifb","vip-diletta-leotta"],"yoast_head":"<title>Diletta Leotta festeggia il primo complimese della figlia Aria con un coloratissimo vestito abbinato alla tutina della neonata: foto - Gossip.it | News sul Gossip e VIP<\/title>\n<meta name=\"description\" content=\"Diletta Leotta festeggia il primo complimese della figlia Aria con un coloratissimo vestito abbinato alla tutina della neonata: foto\" \/>\n<meta name=\"robots\" content=\"index, follow, max-snippet:-1, max-image-preview:large, max-video-preview:-1\" \/>\n<link rel=\"canonical\" href=\"https:\/\/www.gossip.it\/news\/diletta-leotta-primo-complimese-figlia-aria\/\" \/>\n<meta property=\"og:locale\" content=\"it_IT\" \/>\n<meta property=\"og:type\" content=\"article\" \/>\n<meta property=\"og:title\" content=\"Diletta Leotta festeggia il primo complimese della figlia Aria con un coloratissimo vestito abbinato alla tutina della neonata: foto - Gossip.it | News sul Gossip e VIP\" \/>\n<meta property=\"og:description\" content=\"Diletta Leotta festeggia il primo complimese della figlia Aria con un coloratissimo vestito abbinato alla tutina della neonata: foto\" \/>\n<meta property=\"og:url\" content=\"https:\/\/www.gossip.it\/news\/diletta-leotta-primo-complimese-figlia-aria\/\" \/>\n<meta property=\"og:site_name\" content=\"Gossip.it | News sul Gossip e VIP\" \/>\n<meta property=\"article:publisher\" content=\"https:\/\/www.facebook.com\/GossipIT\" \/>\n<meta property=\"article:published_time\" content=\"2023-09-18T10:16:43+00:00\" \/>\n<meta property=\"article:modified_time\" content=\"2023-09-19T08:15:05+00:00\" \/>\n<meta property=\"og:image\" content=\"https:\/\/www.gossip.it\/wp-content\/uploads\/2023\/09\/lancio-LEOTTA-FB-2.jpg\" \/>\n\t<meta property=\"og:image:width\" content=\"1134\" \/>\n\t<meta property=\"og:image:height\" content=\"603\" \/>\n\t<meta property=\"og:image:type\" content=\"image\/jpeg\" \/>\n<meta name=\"author\" content=\"Annamaria Capozzi\" \/>\n<meta name=\"twitter:card\" content=\"summary_large_image\" \/>\n<meta name=\"twitter:creator\" content=\"@gossinews_it\" \/>\n<meta name=\"twitter:site\" content=\"@gossinews_it\" \/>\n<meta name=\"twitter:label1\" content=\"Scritto da\" \/>\n\t<meta name=\"twitter:data1\" content=\"Annamaria Capozzi\" \/>\n\t<meta name=\"twitter:label2\" content=\"Tempo di lettura stimato\" \/>\n\t<meta name=\"twitter:data2\" content=\"3 minuti\" \/>","yoast_head_json":{"title":"Diletta Leotta festeggia il primo complimese della figlia Aria con un coloratissimo vestito abbinato alla tutina della neonata: foto - Gossip.it | News sul Gossip e VIP","description":"Diletta Leotta festeggia il primo complimese della figlia Aria con un coloratissimo vestito abbinato alla tutina della neonata: foto","robots":{"index":"index","follow":"follow","max-snippet":"max-snippet:-1","max-image-preview":"max-image-preview:large","max-video-preview":"max-video-preview:-1"},"canonical":"https:\/\/www.gossip.it\/news\/diletta-leotta-primo-complimese-figlia-aria\/","og_locale":"it_IT","og_type":"article","og_title":"Diletta Leotta festeggia il primo complimese della figlia Aria con un coloratissimo vestito abbinato alla tutina della neonata: foto - Gossip.it | News sul Gossip e VIP","og_description":"Diletta Leotta festeggia il primo complimese della figlia Aria con un coloratissimo vestito abbinato alla tutina della neonata: foto","og_url":"https:\/\/www.gossip.it\/news\/diletta-leotta-primo-complimese-figlia-aria\/","og_site_name":"Gossip.it | News sul Gossip e VIP","article_publisher":"https:\/\/www.facebook.com\/GossipIT","article_published_time":"2023-09-18T10:16:43+00:00","article_modified_time":"2023-09-19T08:15:05+00:00","og_image":[{"width":1134,"height":603,"url":"https:\/\/www.gossip.it\/wp-content\/uploads\/2023\/09\/lancio-LEOTTA-FB-2.jpg","type":"image\/jpeg"}],"author":"Annamaria Capozzi","twitter_card":"summary_large_image","twitter_creator":"@gossinews_it","twitter_site":"@gossinews_it","twitter_misc":{"Scritto da":"Annamaria Capozzi","Tempo di lettura stimato":"3 minuti"},"schema":{"@context":"https:\/\/schema.org","@graph":[{"@type":"Article","@id":"https:\/\/www.gossip.it\/news\/diletta-leotta-primo-complimese-figlia-aria\/#article","isPartOf":{"@id":"https:\/\/www.gossip.it\/news\/diletta-leotta-primo-complimese-figlia-aria\/"},"author":{"name":"Annamaria Capozzi","@id":"https:\/\/www.gossip.it\/#\/schema\/person\/4f99be5acc78d3f1b07a146d4fe8256b"},"headline":"Diletta Leotta festeggia il primo complimese della figlia Aria con un coloratissimo vestito abbinato alla tutina della neonata: foto","datePublished":"2023-09-18T10:16:43+00:00","dateModified":"2023-09-19T08:15:05+00:00","mainEntityOfPage":{"@id":"https:\/\/www.gossip.it\/news\/diletta-leotta-primo-complimese-figlia-aria\/"},"wordCount":403,"commentCount":0,"publisher":{"@id":"https:\/\/www.gossip.it\/#organization"},"image":{"@id":"https:\/\/www.gossip.it\/news\/diletta-leotta-primo-complimese-figlia-aria\/#primaryimage"},"thumbnailUrl":"https:\/\/www.gossip.it\/wp-content\/uploads\/2023\/09\/lancio-LEOTTA-2.jpg","keywords":["dilettaleotta","dilettaleottaaria","dilettaleottacomplimesearia","dilettaleottafidanzato","dilettaleottafigliaaria","gossip","leotta","loriskarius","sifb"],"articleSection":["News"],"inLanguage":"it-IT","potentialAction":[{"@type":"CommentAction","name":"Comment","target":["https:\/\/www.gossip.it\/news\/diletta-leotta-primo-complimese-figlia-aria\/#respond"]}]},{"@type":"WebPage","@id":"https:\/\/www.gossip.it\/news\/diletta-leotta-primo-complimese-figlia-aria\/","url":"https:\/\/www.gossip.it\/news\/diletta-leotta-primo-complimese-figlia-aria\/","name":"Diletta Leotta festeggia il primo complimese della figlia Aria con un coloratissimo vestito abbinato alla tutina della neonata: foto - Gossip.it | News sul Gossip e VIP","isPartOf":{"@id":"https:\/\/www.gossip.it\/#website"},"primaryImageOfPage":{"@id":"https:\/\/www.gossip.it\/news\/diletta-leotta-primo-complimese-figlia-aria\/#primaryimage"},"image":{"@id":"https:\/\/www.gossip.it\/news\/diletta-leotta-primo-complimese-figlia-aria\/#primaryimage"},"thumbnailUrl":"https:\/\/www.gossip.it\/wp-content\/uploads\/2023\/09\/lancio-LEOTTA-2.jpg","datePublished":"2023-09-18T10:16:43+00:00","dateModified":"2023-09-19T08:15:05+00:00","description":"Diletta Leotta festeggia il primo complimese della figlia Aria con un coloratissimo vestito abbinato alla tutina della neonata: foto","breadcrumb":{"@id":"https:\/\/www.gossip.it\/news\/diletta-leotta-primo-complimese-figlia-aria\/#breadcrumb"},"inLanguage":"it-IT","potentialAction":[{"@type":"ReadAction","target":["https:\/\/www.gossip.it\/news\/diletta-leotta-primo-complimese-figlia-aria\/"]}]},{"@type":"ImageObject","inLanguage":"it-IT","@id":"https:\/\/www.gossip.it\/news\/diletta-leotta-primo-complimese-figlia-aria\/#primaryimage","url":"https:\/\/www.gossip.it\/wp-content\/uploads\/2023\/09\/lancio-LEOTTA-2.jpg","contentUrl":"https:\/\/www.gossip.it\/wp-content\/uploads\/2023\/09\/lancio-LEOTTA-2.jpg","width":1134,"height":808},{"@type":"BreadcrumbList","@id":"https:\/\/www.gossip.it\/news\/diletta-leotta-primo-complimese-figlia-aria\/#breadcrumb","itemListElement":[{"@type":"ListItem","position":1,"name":"Home","item":"https:\/\/www.gossip.it\/"},{"@type":"ListItem","position":2,"name":"Diletta Leotta festeggia il primo complimese della figlia Aria con un coloratissimo vestito abbinato alla tutina della neonata: foto"}]},{"@type":"WebSite","@id":"https:\/\/www.gossip.it\/#website","url":"https:\/\/www.gossip.it\/","name":"Gossip and VIP News","description":"Quotidiano di cronaca rosa, costume e societ\u00e0","publisher":{"@id":"https:\/\/www.gossip.it\/#organization"},"alternateName":"Gossip and VIP News","potentialAction":[{"@type":"SearchAction","target":{"@type":"EntryPoint","urlTemplate":"https:\/\/www.gossip.it\/?s={search_term_string}"},"query-input":{"@type":"PropertyValueSpecification","valueRequired":true,"valueName":"search_term_string"}}],"inLanguage":"it-IT"},{"@type":"Organization","@id":"https:\/\/www.gossip.it\/#organization","name":"Gossip and VIP News","alternateName":"Gossip News","url":"https:\/\/www.gossip.it\/","logo":{"@type":"ImageObject","inLanguage":"it-IT","@id":"https:\/\/www.gossip.it\/#\/schema\/logo\/image\/","url":"https:\/\/www.gossip.it\/wp-content\/uploads\/2022\/04\/cropped-corna-alta-tiny.png","contentUrl":"https:\/\/www.gossip.it\/wp-content\/uploads\/2022\/04\/cropped-corna-alta-tiny.png","width":512,"height":512,"caption":"Gossip and VIP News"},"image":{"@id":"https:\/\/www.gossip.it\/#\/schema\/logo\/image\/"},"sameAs":["https:\/\/www.facebook.com\/GossipIT","https:\/\/x.com\/gossinews_it","https:\/\/instagram.com\/gossip_it"]},{"@type":"Person","@id":"https:\/\/www.gossip.it\/#\/schema\/person\/4f99be5acc78d3f1b07a146d4fe8256b","name":"Annamaria Capozzi","image":{"@type":"ImageObject","inLanguage":"it-IT","@id":"https:\/\/www.gossip.it\/#\/schema\/person\/image\/","url":"https:\/\/secure.gravatar.com\/avatar\/a8f8ec0362739e51683bf764949dfb9f8d2539eecc144f2dd938d6381b053468?s=96&d=mm&r=g","contentUrl":"https:\/\/secure.gravatar.com\/avatar\/a8f8ec0362739e51683bf764949dfb9f8d2539eecc144f2dd938d6381b053468?s=96&d=mm&r=g","caption":"Annamaria Capozzi"}}]}},"amp_enabled":true,"_links":{"self":[{"href":"https:\/\/www.gossip.it\/api\/wp\/v2\/posts\/155971","targetHints":{"allow":["GET"]}}],"collection":[{"href":"https:\/\/www.gossip.it\/api\/wp\/v2\/posts"}],"about":[{"href":"https:\/\/www.gossip.it\/api\/wp\/v2\/types\/post"}],"author":[{"embeddable":true,"href":"https:\/\/www.gossip.it\/api\/wp\/v2\/users\/4"}],"replies":[{"embeddable":true,"href":"https:\/\/www.gossip.it\/api\/wp\/v2\/comments?post=155971"}],"version-history":[{"count":1,"href":"https:\/\/www.gossip.it\/api\/wp\/v2\/posts\/155971\/revisions"}],"predecessor-version":[{"id":155978,"href":"https:\/\/www.gossip.it\/api\/wp\/v2\/posts\/155971\/revisions\/155978"}],"wp:featuredmedia":[{"embeddable":true,"href":"https:\/\/www.gossip.it\/api\/wp\/v2\/media\/155975"}],"wp:attachment":[{"href":"https:\/\/www.gossip.it\/api\/wp\/v2\/media?parent=155971"}],"wp:term":[{"taxonomy":"category","embeddable":true,"href":"https:\/\/www.gossip.it\/api\/wp\/v2\/categories?post=155971"},{"taxonomy":"post_tag","embeddable":true,"href":"https:\/\/www.gossip.it\/api\/wp\/v2\/tags?post=155971"},{"taxonomy":"vip","embeddable":true,"href":"https:\/\/www.gossip.it\/api\/wp\/v2\/vip?post=155971"}],"curies":[{"name":"wp","href":"https:\/\/api.w.org\/{rel}","templated":true}]}}