{"id":155979,"date":"2023-09-18T12:57:25","date_gmt":"2023-09-18T10:57:25","guid":{"rendered":"https:\/\/www.gossip.it\/?p=155979"},"modified":"2023-09-18T16:34:35","modified_gmt":"2023-09-18T14:34:35","slug":"anna-lou-castoldi-difende-padre-morgan-omofobo","status":"publish","type":"post","link":"https:\/\/www.gossip.it\/news\/anna-lou-castoldi-difende-padre-morgan-omofobo\/","title":{"rendered":"Anna Lou Castoldi difende il padre Morgan: ''Non \u00e8 omofobo, non ha mai fatto commenti sulla mia ragazza''"},"content":{"rendered":"\n<ul class=\"wp-block-list\">\n<li>La 22enne non ci sta e replica a chi punta il dito contro l\u2019artista 50enne<\/li>\n\n\n\n<li><em>\u201cHa ospitato me e la mia ex ragazza da lui un sacco di volte\u201d<\/em><\/li>\n<\/ul>\n\n\n\n<p><a href=\"http:\/\/www.gossip.it\/vip\/anna-lou-castoldi\">Anna Lou Castoldi<\/a> arriva a <em>Verissimo<\/em> con la madre, <a href=\"http:\/\/www.gossip.it\/vip\/asia-argento\">Asia Argento<\/a>. <strong>In tv la 22enne difende Morgan<\/strong>, che nel\u00a0suo show a Selinunte lo scorso 26 agosto, ha pronunciato parole bruttissime dal palco. <em>\u201c<strong>Pap\u00e0 non \u00e8 omofobo. <\/strong>Non ha mai fatto commenti sulla mia ragazza\u201d<\/em>, sottolinea la figlia primogenita del 50enne. E aggiunge: <em>\u201cHa ospitato me e la mia ex ragazza da lui un sacco di volte\u201d.<\/em> Con lei ora \u00e8 finita.<\/p>\n\n\n\n<figure class=\"wp-block-image size-large\"><img decoding=\"async\" width=\"1024\" height=\"576\" src=\"https:\/\/www.gossip.it\/wp-content\/uploads\/2023\/09\/anna_lou_1-1024x576.jpg\" alt=\"\" class=\"wp-image-155983\" srcset=\"https:\/\/www.gossip.it\/wp-content\/uploads\/2023\/09\/anna_lou_1-1024x576.jpg 1024w, https:\/\/www.gossip.it\/wp-content\/uploads\/2023\/09\/anna_lou_1-300x169.jpg 300w, https:\/\/www.gossip.it\/wp-content\/uploads\/2023\/09\/anna_lou_1-768x432.jpg 768w, https:\/\/www.gossip.it\/wp-content\/uploads\/2023\/09\/anna_lou_1-750x422.jpg 750w, https:\/\/www.gossip.it\/wp-content\/uploads\/2023\/09\/anna_lou_1-730x410.jpg 730w, https:\/\/www.gossip.it\/wp-content\/uploads\/2023\/09\/anna_lou_1.jpg 1134w\" sizes=\"(max-width: 1024px) 100vw, 1024px\" \/><figcaption class=\"wp-element-caption\">Anna Lou Castoldi difende il padre Morgan: <em>''Non \u00e8 omofobo, non ha mai fatto commenti sulla mia ragazza''<\/em><\/figcaption><\/figure>\n\n\n\n<p><em>\u201cPer me parlare di pap\u00e0 non \u00e8 facilissimo perch\u00e9 <strong>mi manca come persona<\/strong><\/em> - esordisce Anna Lou -&nbsp; <em>Gli voglio bene e <strong>lo vorrei vedere di pi\u00f9<\/strong>. Il nostro rapporto \u00e8 bello, nel senso che abbiamo delle belle conversazioni, solo che<strong> mi piacerebbe averlo di pi\u00f9 anche nella vita quotidiana<\/strong>. Non voglio metterlo in cattiva luce perch\u00e9 ognuno fa del suo meglio. Non provo rancore\u201d.<\/em><\/p>\n\n\n\n<p>La ragazza poi aggiunge:<em> \u201cPer quanto riguarda l'accaduto, di base so che lui <strong>non \u00e8 una persona omofoba<\/strong>, che prova odio o discrimina. Per\u00f2 una cosa che mi sento di dire, e che mi dispiace, \u00e8 che \u00e8 proprio intrinseco nella societ\u00e0 usare certe parole come un insulto. E\u2019 abbastanza becero, non tanto per lui ma per un sacco di persone. Io sono un membro della comunit\u00e0 LGBTQIA+ e so cosa vuol dire essere discriminati per certe cose. Non ce l'ho con lui, <strong>non gli ho detto nulla perch\u00e9 so che \u00e8 pi\u00f9 che altro un intercalare, per\u00f2 so che non va giustificato<\/strong>. Le persone ci soffrono. Sono parole dure, che le persone hanno sentito mentre subivano violenze\u201d.<\/em><\/p>\n\n\n\n<p>Anna Lou non ha dubbi sul padre: <em>\u201cDevo dire che non l'ho mai visto fare commenti omofobi sulla mia relazione. <strong>Ha ospitato me e la mia ex ragazza da lui un sacco di volte. Non \u00e8 omofobo<\/strong>\u201d.<\/em><\/p>\n\n\n\n<p>Asia ascolta la figlia orgogliosa. <em>\u201cAnna Lou \u00e8 stata desiderata tantissimo sia da me che da suo padre, \u00e8 figlia dell'amore, ma non mi rendevo conto quanto fossi ragazzina anche io. Per\u00f2, devo dire, che \u00e8 stato innato questo istinto verso di lei. La nostra vita non \u00e8 stata un letto di rose, una passeggiata di salute, <strong>Anna Lou, anche per conseguenza mia, ha dovuto vivere dei traumi molto forti<\/strong>\u201d<\/em>, spiega.&nbsp;<\/p>\n\n\n\n<figure class=\"wp-block-image size-large\"><img decoding=\"async\" width=\"1024\" height=\"576\" src=\"https:\/\/www.gossip.it\/wp-content\/uploads\/2023\/09\/anna_lou_2-1024x576.jpg\" alt=\"\" class=\"wp-image-155984\" srcset=\"https:\/\/www.gossip.it\/wp-content\/uploads\/2023\/09\/anna_lou_2-1024x576.jpg 1024w, https:\/\/www.gossip.it\/wp-content\/uploads\/2023\/09\/anna_lou_2-300x169.jpg 300w, https:\/\/www.gossip.it\/wp-content\/uploads\/2023\/09\/anna_lou_2-768x432.jpg 768w, https:\/\/www.gossip.it\/wp-content\/uploads\/2023\/09\/anna_lou_2-750x422.jpg 750w, https:\/\/www.gossip.it\/wp-content\/uploads\/2023\/09\/anna_lou_2-730x410.jpg 730w, https:\/\/www.gossip.it\/wp-content\/uploads\/2023\/09\/anna_lou_2.jpg 1134w\" sizes=\"(max-width: 1024px) 100vw, 1024px\" \/><figcaption class=\"wp-element-caption\">La 22enne ospite in tv con la madre Asia Argento, 47 anni<\/figcaption><\/figure>\n\n\n\n<p>La primogenita replica: <em>\u201c<strong>Ho provato ad aiutarla come potevo<\/strong>. Nei momenti difficili facevamo tutto insieme. Non volevo staccarmi perch\u00e9 sapevo che aveva bisogno di starmi vicino e anche io di stare vicino a lei e infatti riuscivamo sempre a trovare qualcosa di divertente. Pure nei momenti difficili, ci tiriamo su a vicenda. Io vado in terapia, il mio obiettivo \u00e8 l'evoluzione di me stessa, cogliere ogni cosa per evolvere. Ci sono cose che mi hanno fatto male sicuramente, per\u00f2 riguardando indietro sono mattoncini della persona che sono adesso. Ci\u00f2 mi rende fiera\u201d.<\/em> La Argento ribatte: <em>\u201cOggi che sto meglio, <strong>cerco di farla sentire pi\u00f9 protetta, di chiederle scusa con i fatti<\/strong>\u201d.<\/em><\/p>\n\n\n\n<p>Anche la 47enne parla di Morgan: <em>\u201c<strong>Non abbiamo rapporti praticamente<\/strong>. Ogni tanto mi manda della musica. Di notte mi arrivano delle canzoni sue. Le ascolto, \u00e8 un artista sempre interessante. <strong>Ha detto che non ha mai smesso di amarmi? Mi chiedo se una persona come lui sia capace di amare<\/strong>. Quando ci si ama troppo o ci si odia troppo \u00e8 difficile amare gli altri. Io gli voglio bene, penso sia stato il grande amore della mia vita. Sono un po' severa perch\u00e9 l'ho conosciuto quando aveva 27 anni e so il suo grande potenziale. Credo non sia mai troppo tardi per esprimerlo. <strong>Lui dovrebbe fare musica secondo me<\/strong>. Come fan spererei di ascoltare la sua musica non solo nel telefono di notte, ma anche una bella canzone in classifica\u201d.<\/em><\/p>\n\n\n\n<p>L\u2019attrice poi confessa che \u00e8 finita con il 26enne <a href=\"http:\/\/www.gossip.it\/vip\/michele-martignoni\">Michele Martignoni<\/a>: <em>\u201c<strong>Sono single. Michele mi ha reso felice, ma non ce la faccio. Io devo stare da sola<\/strong>. Pensavo che sarebbe durata. Si vede che ero felice, ma non cos\u00ec felice. O forse ero troppo felice. Fatto sta che in questo momento io ho bisogno di stare concentrata sul mio percorso spirituale e di sobriet\u00e0 e sui miei figli. Ho iniziato a bere e usare sostanza quando avevo 14 anni, sto imparando chi ero prima, chi sono veramente\u201d.<\/em><\/p>\n\n\n\n<p>Pure Anna Lou si \u00e8 lasciata con la ragazza: <em>\u201c<strong>Dopo due anni, abbiamo convissuto per un anno e mezzo. Ci vogliamo ancora bene<\/strong>. Adesso le cose non stavano funzionando, \u00e8 stata una cosa d'amore. Continuo ad amarla e credo anche lei a me. Non pu\u00f2 funzionare quotidianamente per gli stili di vita, ma ci apprezziamo infinitamente. Non \u00e8 facile, ci penso. Ci sono stata male, ma stavo male anche durante. Quindi cosa cambia? Almeno ora posso usarla come opportunit\u00e0 per pensare a me\u201d.<\/em><\/p>\n","protected":false},"excerpt":{"rendered":"<p>Anna Lou Castoldi arriva a Verissimo con la madre, Asia Argento. In tv la 22enne difende Morgan, che nel\u00a0suo show a Selinunte lo scorso 26 agosto, ha pronunciato parole bruttissime dal palco. \u201cPap\u00e0 non \u00e8 omofobo. Non ha mai fatto commenti sulla mia ragazza\u201d, sottolinea la figlia primogenita del 50enne. E aggiunge: \u201cHa ospitato me [&hellip;]<\/p>\n","protected":false},"author":4,"featured_media":155981,"comment_status":"open","ping_status":"closed","sticky":false,"template":"","format":"standard","meta":{"footnotes":""},"categories":[54],"tags":[69313,72197,64417,2697,2793,70367,72195,64418,69314,72196,67046,2097,2208],"vip":[69318,373,1381],"class_list":["post-155979","post","type-post","status-publish","format-standard","has-post-thumbnail","hentry","category-news","tag-annaloucastoldi","tag-annaloucastoldipadre","tag-asiaargento","tag-canale5","tag-gossip","tag-marcocastoldi","tag-marcocastoldiomofobo","tag-michelemartignoni","tag-morgan","tag-morganomofobo","tag-sifb","tag-tv","tag-verissimo","vip-anna-lou-castoldi","vip-asia_argento","vip-morgan"],"yoast_head":"<title>Anna Lou Castoldi difende il padre Morgan: &#039;&#039;Non \u00e8 omofobo, non ha mai fatto commenti sulla mia ragazza&#039;&#039; - Gossip.it | News sul Gossip e VIP<\/title>\n<meta name=\"description\" content=\"Anna Lou Castoldi difende il padre Morgan: &#039;&#039;Non \u00e8 omofobo, non ha mai fatto commenti sulla mia ragazza&#039;&#039;\" \/>\n<meta name=\"robots\" content=\"index, follow, max-snippet:-1, max-image-preview:large, max-video-preview:-1\" \/>\n<link rel=\"canonical\" href=\"https:\/\/www.gossip.it\/news\/anna-lou-castoldi-difende-padre-morgan-omofobo\/\" \/>\n<meta property=\"og:locale\" content=\"it_IT\" \/>\n<meta property=\"og:type\" content=\"article\" \/>\n<meta property=\"og:title\" content=\"Anna Lou Castoldi difende il padre Morgan: &#039;&#039;Non \u00e8 omofobo, non ha mai fatto commenti sulla mia ragazza&#039;&#039; - Gossip.it | News sul Gossip e VIP\" \/>\n<meta property=\"og:description\" content=\"Anna Lou Castoldi difende il padre Morgan: &#039;&#039;Non \u00e8 omofobo, non ha mai fatto commenti sulla mia ragazza&#039;&#039;\" \/>\n<meta property=\"og:url\" content=\"https:\/\/www.gossip.it\/news\/anna-lou-castoldi-difende-padre-morgan-omofobo\/\" \/>\n<meta property=\"og:site_name\" content=\"Gossip.it | News sul Gossip e VIP\" \/>\n<meta property=\"article:publisher\" content=\"https:\/\/www.facebook.com\/GossipIT\" \/>\n<meta property=\"article:published_time\" content=\"2023-09-18T10:57:25+00:00\" \/>\n<meta property=\"article:modified_time\" content=\"2023-09-18T14:34:35+00:00\" \/>\n<meta property=\"og:image\" content=\"https:\/\/www.gossip.it\/wp-content\/uploads\/2023\/09\/lancio-ANNA-LOU-FB.jpg\" \/>\n\t<meta property=\"og:image:width\" content=\"1134\" \/>\n\t<meta property=\"og:image:height\" content=\"606\" \/>\n\t<meta property=\"og:image:type\" content=\"image\/jpeg\" \/>\n<meta name=\"author\" content=\"Annamaria Capozzi\" \/>\n<meta name=\"twitter:card\" content=\"summary_large_image\" \/>\n<meta name=\"twitter:creator\" content=\"@gossinews_it\" \/>\n<meta name=\"twitter:site\" content=\"@gossinews_it\" \/>\n<meta name=\"twitter:label1\" content=\"Scritto da\" \/>\n\t<meta name=\"twitter:data1\" content=\"Annamaria Capozzi\" \/>\n\t<meta name=\"twitter:label2\" content=\"Tempo di lettura stimato\" \/>\n\t<meta name=\"twitter:data2\" content=\"5 minuti\" \/>","yoast_head_json":{"title":"Anna Lou Castoldi difende il padre Morgan: ''Non \u00e8 omofobo, non ha mai fatto commenti sulla mia ragazza'' - Gossip.it | News sul Gossip e VIP","description":"Anna Lou Castoldi difende il padre Morgan: ''Non \u00e8 omofobo, non ha mai fatto commenti sulla mia ragazza''","robots":{"index":"index","follow":"follow","max-snippet":"max-snippet:-1","max-image-preview":"max-image-preview:large","max-video-preview":"max-video-preview:-1"},"canonical":"https:\/\/www.gossip.it\/news\/anna-lou-castoldi-difende-padre-morgan-omofobo\/","og_locale":"it_IT","og_type":"article","og_title":"Anna Lou Castoldi difende il padre Morgan: ''Non \u00e8 omofobo, non ha mai fatto commenti sulla mia ragazza'' - Gossip.it | News sul Gossip e VIP","og_description":"Anna Lou Castoldi difende il padre Morgan: ''Non \u00e8 omofobo, non ha mai fatto commenti sulla mia ragazza''","og_url":"https:\/\/www.gossip.it\/news\/anna-lou-castoldi-difende-padre-morgan-omofobo\/","og_site_name":"Gossip.it | News sul Gossip e VIP","article_publisher":"https:\/\/www.facebook.com\/GossipIT","article_published_time":"2023-09-18T10:57:25+00:00","article_modified_time":"2023-09-18T14:34:35+00:00","og_image":[{"width":1134,"height":606,"url":"https:\/\/www.gossip.it\/wp-content\/uploads\/2023\/09\/lancio-ANNA-LOU-FB.jpg","type":"image\/jpeg"}],"author":"Annamaria Capozzi","twitter_card":"summary_large_image","twitter_creator":"@gossinews_it","twitter_site":"@gossinews_it","twitter_misc":{"Scritto da":"Annamaria Capozzi","Tempo di lettura stimato":"5 minuti"},"schema":{"@context":"https:\/\/schema.org","@graph":[{"@type":"Article","@id":"https:\/\/www.gossip.it\/news\/anna-lou-castoldi-difende-padre-morgan-omofobo\/#article","isPartOf":{"@id":"https:\/\/www.gossip.it\/news\/anna-lou-castoldi-difende-padre-morgan-omofobo\/"},"author":{"name":"Annamaria Capozzi","@id":"https:\/\/www.gossip.it\/#\/schema\/person\/4f99be5acc78d3f1b07a146d4fe8256b"},"headline":"Anna Lou Castoldi difende il padre Morgan: ''Non \u00e8 omofobo, non ha mai fatto commenti sulla mia ragazza''","datePublished":"2023-09-18T10:57:25+00:00","dateModified":"2023-09-18T14:34:35+00:00","mainEntityOfPage":{"@id":"https:\/\/www.gossip.it\/news\/anna-lou-castoldi-difende-padre-morgan-omofobo\/"},"wordCount":837,"commentCount":0,"publisher":{"@id":"https:\/\/www.gossip.it\/#organization"},"image":{"@id":"https:\/\/www.gossip.it\/news\/anna-lou-castoldi-difende-padre-morgan-omofobo\/#primaryimage"},"thumbnailUrl":"https:\/\/www.gossip.it\/wp-content\/uploads\/2023\/09\/lancio-ANNA-LOU.jpg","keywords":["annaloucastoldi","annaloucastoldipadre","asiaargento","canale5","gossip","marcocastoldi","marcocastoldiomofobo","michelemartignoni","morgan","morganomofobo","sifb","tv","verissimo"],"articleSection":["News"],"inLanguage":"it-IT","potentialAction":[{"@type":"CommentAction","name":"Comment","target":["https:\/\/www.gossip.it\/news\/anna-lou-castoldi-difende-padre-morgan-omofobo\/#respond"]}]},{"@type":"WebPage","@id":"https:\/\/www.gossip.it\/news\/anna-lou-castoldi-difende-padre-morgan-omofobo\/","url":"https:\/\/www.gossip.it\/news\/anna-lou-castoldi-difende-padre-morgan-omofobo\/","name":"Anna Lou Castoldi difende il padre Morgan: ''Non \u00e8 omofobo, non ha mai fatto commenti sulla mia ragazza'' - Gossip.it | News sul Gossip e VIP","isPartOf":{"@id":"https:\/\/www.gossip.it\/#website"},"primaryImageOfPage":{"@id":"https:\/\/www.gossip.it\/news\/anna-lou-castoldi-difende-padre-morgan-omofobo\/#primaryimage"},"image":{"@id":"https:\/\/www.gossip.it\/news\/anna-lou-castoldi-difende-padre-morgan-omofobo\/#primaryimage"},"thumbnailUrl":"https:\/\/www.gossip.it\/wp-content\/uploads\/2023\/09\/lancio-ANNA-LOU.jpg","datePublished":"2023-09-18T10:57:25+00:00","dateModified":"2023-09-18T14:34:35+00:00","description":"Anna Lou Castoldi difende il padre Morgan: ''Non \u00e8 omofobo, non ha mai fatto commenti sulla mia ragazza''","breadcrumb":{"@id":"https:\/\/www.gossip.it\/news\/anna-lou-castoldi-difende-padre-morgan-omofobo\/#breadcrumb"},"inLanguage":"it-IT","potentialAction":[{"@type":"ReadAction","target":["https:\/\/www.gossip.it\/news\/anna-lou-castoldi-difende-padre-morgan-omofobo\/"]}]},{"@type":"ImageObject","inLanguage":"it-IT","@id":"https:\/\/www.gossip.it\/news\/anna-lou-castoldi-difende-padre-morgan-omofobo\/#primaryimage","url":"https:\/\/www.gossip.it\/wp-content\/uploads\/2023\/09\/lancio-ANNA-LOU.jpg","contentUrl":"https:\/\/www.gossip.it\/wp-content\/uploads\/2023\/09\/lancio-ANNA-LOU.jpg","width":1134,"height":808},{"@type":"BreadcrumbList","@id":"https:\/\/www.gossip.it\/news\/anna-lou-castoldi-difende-padre-morgan-omofobo\/#breadcrumb","itemListElement":[{"@type":"ListItem","position":1,"name":"Home","item":"https:\/\/www.gossip.it\/"},{"@type":"ListItem","position":2,"name":"Anna Lou Castoldi difende il padre Morgan: ''Non \u00e8 omofobo, non ha mai fatto commenti sulla mia ragazza''"}]},{"@type":"WebSite","@id":"https:\/\/www.gossip.it\/#website","url":"https:\/\/www.gossip.it\/","name":"Gossip and VIP News","description":"Quotidiano di cronaca rosa, costume e societ\u00e0","publisher":{"@id":"https:\/\/www.gossip.it\/#organization"},"alternateName":"Gossip and VIP News","potentialAction":[{"@type":"SearchAction","target":{"@type":"EntryPoint","urlTemplate":"https:\/\/www.gossip.it\/?s={search_term_string}"},"query-input":{"@type":"PropertyValueSpecification","valueRequired":true,"valueName":"search_term_string"}}],"inLanguage":"it-IT"},{"@type":"Organization","@id":"https:\/\/www.gossip.it\/#organization","name":"Gossip and VIP News","alternateName":"Gossip News","url":"https:\/\/www.gossip.it\/","logo":{"@type":"ImageObject","inLanguage":"it-IT","@id":"https:\/\/www.gossip.it\/#\/schema\/logo\/image\/","url":"https:\/\/www.gossip.it\/wp-content\/uploads\/2022\/04\/cropped-corna-alta-tiny.png","contentUrl":"https:\/\/www.gossip.it\/wp-content\/uploads\/2022\/04\/cropped-corna-alta-tiny.png","width":512,"height":512,"caption":"Gossip and VIP News"},"image":{"@id":"https:\/\/www.gossip.it\/#\/schema\/logo\/image\/"},"sameAs":["https:\/\/www.facebook.com\/GossipIT","https:\/\/x.com\/gossinews_it","https:\/\/instagram.com\/gossip_it"]},{"@type":"Person","@id":"https:\/\/www.gossip.it\/#\/schema\/person\/4f99be5acc78d3f1b07a146d4fe8256b","name":"Annamaria Capozzi","image":{"@type":"ImageObject","inLanguage":"it-IT","@id":"https:\/\/www.gossip.it\/#\/schema\/person\/image\/","url":"https:\/\/secure.gravatar.com\/avatar\/a8f8ec0362739e51683bf764949dfb9f8d2539eecc144f2dd938d6381b053468?s=96&d=mm&r=g","contentUrl":"https:\/\/secure.gravatar.com\/avatar\/a8f8ec0362739e51683bf764949dfb9f8d2539eecc144f2dd938d6381b053468?s=96&d=mm&r=g","caption":"Annamaria Capozzi"}}]}},"amp_enabled":true,"_links":{"self":[{"href":"https:\/\/www.gossip.it\/api\/wp\/v2\/posts\/155979","targetHints":{"allow":["GET"]}}],"collection":[{"href":"https:\/\/www.gossip.it\/api\/wp\/v2\/posts"}],"about":[{"href":"https:\/\/www.gossip.it\/api\/wp\/v2\/types\/post"}],"author":[{"embeddable":true,"href":"https:\/\/www.gossip.it\/api\/wp\/v2\/users\/4"}],"replies":[{"embeddable":true,"href":"https:\/\/www.gossip.it\/api\/wp\/v2\/comments?post=155979"}],"version-history":[{"count":1,"href":"https:\/\/www.gossip.it\/api\/wp\/v2\/posts\/155979\/revisions"}],"predecessor-version":[{"id":155985,"href":"https:\/\/www.gossip.it\/api\/wp\/v2\/posts\/155979\/revisions\/155985"}],"wp:featuredmedia":[{"embeddable":true,"href":"https:\/\/www.gossip.it\/api\/wp\/v2\/media\/155981"}],"wp:attachment":[{"href":"https:\/\/www.gossip.it\/api\/wp\/v2\/media?parent=155979"}],"wp:term":[{"taxonomy":"category","embeddable":true,"href":"https:\/\/www.gossip.it\/api\/wp\/v2\/categories?post=155979"},{"taxonomy":"post_tag","embeddable":true,"href":"https:\/\/www.gossip.it\/api\/wp\/v2\/tags?post=155979"},{"taxonomy":"vip","embeddable":true,"href":"https:\/\/www.gossip.it\/api\/wp\/v2\/vip?post=155979"}],"curies":[{"name":"wp","href":"https:\/\/api.w.org\/{rel}","templated":true}]}}