{"id":156097,"date":"2023-09-19T13:23:28","date_gmt":"2023-09-19T11:23:28","guid":{"rendered":"https:\/\/www.gossip.it\/?p=156097"},"modified":"2023-09-20T13:27:44","modified_gmt":"2023-09-20T11:27:44","slug":"francesca-fioretti-figlia-vittoria-campagna-pubblcitaria","status":"publish","type":"post","link":"https:\/\/www.gossip.it\/news\/francesca-fioretti-figlia-vittoria-campagna-pubblcitaria\/","title":{"rendered":"Francesca Fioretti e la figlia Vittoria avuta con lo scomparso Davide Astori protagoniste di una nuova campagna pubblicitaria: foto"},"content":{"rendered":"\n<ul class=\"wp-block-list\">\n<li>La 38enne posa per Tiffany &amp; Co. insieme alla bambina di 7 anni<\/li>\n\n\n\n<li>Gli scatti condivisi sul social sono stati realizzati da Rosario Rex Di Salvo<\/li>\n<\/ul>\n\n\n\n<p><a href=\"http:\/\/www.gossip.it\/vip\/francesca-fioretti\">Francesca Fioretti<\/a> scopre il volto della sua bambina per la prima volta. La 38enne, ex gieffina, ora attrice e modella, <strong>e la figlia Vittoria avuta con <a href=\"http:\/\/www.gossip.it\/vip\/davide-astori\">Davide Astori<\/a><\/strong>, scomparso nel 2018 a causa di un arresto cardiaco, <strong>sono le protagoniste di una nuova campagna pubblicitaria<\/strong>. Lei e la bambina di 7 anni, venuta al mondo il 17 febbraio 2016, <strong>posano per Tiffany &amp; Co.<\/strong>, le foto del servizio, condivise da Francesca sul social, sono state realizzate da <strong>Rosario Rex Di Salvo<\/strong>.<\/p>\n\n\n\n<figure class=\"wp-block-image size-large\"><img decoding=\"async\" width=\"819\" height=\"1024\" src=\"https:\/\/www.gossip.it\/wp-content\/uploads\/2023\/09\/fioretti_1-819x1024.jpg\" alt=\"\" class=\"wp-image-156099\" srcset=\"https:\/\/www.gossip.it\/wp-content\/uploads\/2023\/09\/fioretti_1-819x1024.jpg 819w, https:\/\/www.gossip.it\/wp-content\/uploads\/2023\/09\/fioretti_1-240x300.jpg 240w, https:\/\/www.gossip.it\/wp-content\/uploads\/2023\/09\/fioretti_1-768x960.jpg 768w, https:\/\/www.gossip.it\/wp-content\/uploads\/2023\/09\/fioretti_1-750x938.jpg 750w, https:\/\/www.gossip.it\/wp-content\/uploads\/2023\/09\/fioretti_1.jpg 1134w\" sizes=\"(max-width: 819px) 100vw, 819px\" \/><figcaption class=\"wp-element-caption\">Francesca Fioretti e la figlia Vittoria avuta con lo scomparso Davide Astori protagoniste di una nuova campagna pubblicitaria<\/figcaption><\/figure>\n\n\n\n<p><strong>La Fioretti e la bimba pubblicizzano la collezione Lock<\/strong>, che ripropone l\u2019idea del lucchetto, motivo importante nel passato del brand. Sono gioielli che hanno particolari chiusure, un simbolo di solidariet\u00e0 e di inclusione. Bracciali, anelli, orecchini hanno una chiusura unica, che ha richiesto agli artigiani oltre un anno di lavoro. Per aprirli e chiuderli nel modo corretto ci sono vere e proprie istruzioni.&nbsp;<\/p>\n\n\n\n<p>Francesca, che nel post pubblicato chiarisce con l\u2019hashtag<em> #ad <\/em>che si tratta di una partneship col marchio, si lascia ammirare insieme alla piccola che adora e scrive: <em><strong>\u201cForever, locked\u201d<\/strong><\/em>. I preziosi raccontano lo stesso legame che lei vive con Vittoria, a cui \u00e8 legata indissolubilmente.<\/p>\n\n\n\n<figure class=\"wp-block-image size-large\"><img decoding=\"async\" width=\"938\" height=\"1024\" src=\"https:\/\/www.gossip.it\/wp-content\/uploads\/2023\/09\/fioretti_2-938x1024.jpg\" alt=\"\" class=\"wp-image-156100\" srcset=\"https:\/\/www.gossip.it\/wp-content\/uploads\/2023\/09\/fioretti_2-938x1024.jpg 938w, https:\/\/www.gossip.it\/wp-content\/uploads\/2023\/09\/fioretti_2-275x300.jpg 275w, https:\/\/www.gossip.it\/wp-content\/uploads\/2023\/09\/fioretti_2-768x838.jpg 768w, https:\/\/www.gossip.it\/wp-content\/uploads\/2023\/09\/fioretti_2-750x819.jpg 750w, https:\/\/www.gossip.it\/wp-content\/uploads\/2023\/09\/fioretti_2.jpg 1134w\" sizes=\"(max-width: 938px) 100vw, 938px\" \/><figcaption class=\"wp-element-caption\">La 38enne posa per Tiffany &amp; Co. insieme alla bambina di 7 anni<\/figcaption><\/figure>\n\n\n\n<p>La Fioretti ha un rapporto simbiotico con la bambina, che ha sempre portato con s\u00e9 nei suoi singolari viaggi nel mondo. <em>\u201cLa vita di prima non c\u2019\u00e8 pi\u00f9, ma nella nuova vita ci sono delle costanti e la mia \u00e8 <strong>mia figlia Vittoria, che mi ha tenuta sempre salda alla realt\u00e0<\/strong>.&nbsp;Anche nelle cose pi\u00f9 brutte c\u2019\u00e8 sempre una luce alla fine e io penso di essere diventata una donna migliore\u201d<\/em>, aveva raccontato in tv, ospite a <em>Verissimo<\/em>, nel 2021.<\/p>\n\n\n\n<figure class=\"wp-block-image size-large\"><img decoding=\"async\" width=\"963\" height=\"1024\" src=\"https:\/\/www.gossip.it\/wp-content\/uploads\/2023\/09\/fioretti_3-963x1024.jpg\" alt=\"\" class=\"wp-image-156101\" srcset=\"https:\/\/www.gossip.it\/wp-content\/uploads\/2023\/09\/fioretti_3-963x1024.jpg 963w, https:\/\/www.gossip.it\/wp-content\/uploads\/2023\/09\/fioretti_3-282x300.jpg 282w, https:\/\/www.gossip.it\/wp-content\/uploads\/2023\/09\/fioretti_3-768x817.jpg 768w, https:\/\/www.gossip.it\/wp-content\/uploads\/2023\/09\/fioretti_3-750x798.jpg 750w, https:\/\/www.gossip.it\/wp-content\/uploads\/2023\/09\/fioretti_3.jpg 1134w\" sizes=\"(max-width: 963px) 100vw, 963px\" \/><figcaption class=\"wp-element-caption\">Il fotografo Rosario Rex Di Salvo ha realizzato gli scatti della campagna<\/figcaption><\/figure>\n\n\n\n<p><em>\u201cAll\u2019inizio istintivamente&nbsp;le ho semplicemente raccontato la verit\u00e0 perch\u00e9 volevo costruire un rapporto di piena fiducia con lei. Non l\u2019ho mai illusa, ovviamente, il racconto \u00e8 diventato pi\u00f9 complesso nel corso degli anni&nbsp;anche perch\u00e9 a cinque anni la curiosit\u00e0 e le emozioni di una bambina sono diverse rispetto a quando ne aveva due. <strong>Oggi Vittoria \u00e8 una bambina felice e viviamo questa mancanza come una cosa normale nella nostra vita<\/strong>\u201d<\/em>, aveva aggiunto Francesca. La felicit\u00e0, l\u2019armonia traspare anche dalle immagini della pubblicit\u00e0 che le mostrano sorridenti e bellissime insieme.<\/p>\n","protected":false},"excerpt":{"rendered":"<p>Francesca Fioretti scopre il volto della sua bambina per...<\/p>\n","protected":false},"author":4,"featured_media":156102,"comment_status":"open","ping_status":"closed","sticky":false,"template":"","format":"standard","meta":{"footnotes":""},"categories":[54],"tags":[72238,72241,72237,72240,2793,67046,20000,54455,72235,72263,72239],"vip":[775],"class_list":["post-156097","post","type-post","status-publish","format-standard","has-post-thumbnail","hentry","category-news","tag-davideastori","tag-davideastorifiglia","tag-francescafioretti","tag-francescafiorettifiglia","tag-gossip","tag-sifb","tag-tiffany","tag-tiffanyco","tag-tiffanyandco","tag-tiffanylock","tag-vittoriaastori","vip-francesca_fioretti"],"yoast_head":"<title>Francesca Fioretti e la figlia Vittoria avuta con lo scomparso Davide Astori protagoniste di una nuova campagna pubblicitaria: foto - Gossip.it | News sul Gossip e VIP<\/title>\n<meta name=\"description\" content=\"Francesca Fioretti e la figlia Vittoria avuta con lo scomparso Davide Astori protagoniste di una nuova campagna pubblicitaria\" \/>\n<meta name=\"robots\" content=\"index, follow, max-snippet:-1, max-image-preview:large, max-video-preview:-1\" \/>\n<link rel=\"canonical\" href=\"https:\/\/www.gossip.it\/news\/francesca-fioretti-figlia-vittoria-campagna-pubblcitaria\/\" \/>\n<meta property=\"og:locale\" content=\"it_IT\" \/>\n<meta property=\"og:type\" content=\"article\" \/>\n<meta property=\"og:title\" content=\"Francesca Fioretti e la figlia Vittoria avuta con lo scomparso Davide Astori protagoniste di una nuova campagna pubblicitaria: foto - Gossip.it | News sul Gossip e VIP\" \/>\n<meta property=\"og:description\" content=\"Francesca Fioretti e la figlia Vittoria avuta con lo scomparso Davide Astori protagoniste di una nuova campagna pubblicitaria\" \/>\n<meta property=\"og:url\" content=\"https:\/\/www.gossip.it\/news\/francesca-fioretti-figlia-vittoria-campagna-pubblcitaria\/\" \/>\n<meta property=\"og:site_name\" content=\"Gossip.it | News sul Gossip e VIP\" \/>\n<meta property=\"article:publisher\" content=\"https:\/\/www.facebook.com\/GossipIT\" \/>\n<meta property=\"article:published_time\" content=\"2023-09-19T11:23:28+00:00\" \/>\n<meta property=\"article:modified_time\" content=\"2023-09-20T11:27:44+00:00\" \/>\n<meta property=\"og:image\" content=\"https:\/\/www.gossip.it\/wp-content\/uploads\/2023\/09\/lancio-FIORETTI-FB.jpg\" \/>\n\t<meta property=\"og:image:width\" content=\"1134\" \/>\n\t<meta property=\"og:image:height\" content=\"603\" \/>\n\t<meta property=\"og:image:type\" content=\"image\/jpeg\" \/>\n<meta name=\"author\" content=\"Annamaria Capozzi\" \/>\n<meta name=\"twitter:card\" content=\"summary_large_image\" \/>\n<meta name=\"twitter:creator\" content=\"@gossinews_it\" \/>\n<meta name=\"twitter:site\" content=\"@gossinews_it\" \/>\n<meta name=\"twitter:label1\" content=\"Scritto da\" \/>\n\t<meta name=\"twitter:data1\" content=\"Annamaria Capozzi\" \/>\n\t<meta name=\"twitter:label2\" content=\"Tempo di lettura stimato\" \/>\n\t<meta name=\"twitter:data2\" content=\"3 minuti\" \/>","yoast_head_json":{"title":"Francesca Fioretti e la figlia Vittoria avuta con lo scomparso Davide Astori protagoniste di una nuova campagna pubblicitaria: foto - Gossip.it | News sul Gossip e VIP","description":"Francesca Fioretti e la figlia Vittoria avuta con lo scomparso Davide Astori protagoniste di una nuova campagna pubblicitaria","robots":{"index":"index","follow":"follow","max-snippet":"max-snippet:-1","max-image-preview":"max-image-preview:large","max-video-preview":"max-video-preview:-1"},"canonical":"https:\/\/www.gossip.it\/news\/francesca-fioretti-figlia-vittoria-campagna-pubblcitaria\/","og_locale":"it_IT","og_type":"article","og_title":"Francesca Fioretti e la figlia Vittoria avuta con lo scomparso Davide Astori protagoniste di una nuova campagna pubblicitaria: foto - Gossip.it | News sul Gossip e VIP","og_description":"Francesca Fioretti e la figlia Vittoria avuta con lo scomparso Davide Astori protagoniste di una nuova campagna pubblicitaria","og_url":"https:\/\/www.gossip.it\/news\/francesca-fioretti-figlia-vittoria-campagna-pubblcitaria\/","og_site_name":"Gossip.it | News sul Gossip e VIP","article_publisher":"https:\/\/www.facebook.com\/GossipIT","article_published_time":"2023-09-19T11:23:28+00:00","article_modified_time":"2023-09-20T11:27:44+00:00","og_image":[{"width":1134,"height":603,"url":"https:\/\/www.gossip.it\/wp-content\/uploads\/2023\/09\/lancio-FIORETTI-FB.jpg","type":"image\/jpeg"}],"author":"Annamaria Capozzi","twitter_card":"summary_large_image","twitter_creator":"@gossinews_it","twitter_site":"@gossinews_it","twitter_misc":{"Scritto da":"Annamaria Capozzi","Tempo di lettura stimato":"3 minuti"},"schema":{"@context":"https:\/\/schema.org","@graph":[{"@type":"Article","@id":"https:\/\/www.gossip.it\/news\/francesca-fioretti-figlia-vittoria-campagna-pubblcitaria\/#article","isPartOf":{"@id":"https:\/\/www.gossip.it\/news\/francesca-fioretti-figlia-vittoria-campagna-pubblcitaria\/"},"author":{"name":"Annamaria Capozzi","@id":"https:\/\/www.gossip.it\/#\/schema\/person\/4f99be5acc78d3f1b07a146d4fe8256b"},"headline":"Francesca Fioretti e la figlia Vittoria avuta con lo scomparso Davide Astori protagoniste di una nuova campagna pubblicitaria: foto","datePublished":"2023-09-19T11:23:28+00:00","dateModified":"2023-09-20T11:27:44+00:00","mainEntityOfPage":{"@id":"https:\/\/www.gossip.it\/news\/francesca-fioretti-figlia-vittoria-campagna-pubblcitaria\/"},"wordCount":445,"commentCount":0,"publisher":{"@id":"https:\/\/www.gossip.it\/#organization"},"image":{"@id":"https:\/\/www.gossip.it\/news\/francesca-fioretti-figlia-vittoria-campagna-pubblcitaria\/#primaryimage"},"thumbnailUrl":"https:\/\/www.gossip.it\/wp-content\/uploads\/2023\/09\/lancio-FIORETTI.jpg","keywords":["davideastori","davideastorifiglia","francescafioretti","francescafiorettifiglia","gossip","sifb","tiffany","tiffany&amp;co","tiffanyandco","tiffanylock","vittoriaastori"],"articleSection":["News"],"inLanguage":"it-IT","potentialAction":[{"@type":"CommentAction","name":"Comment","target":["https:\/\/www.gossip.it\/news\/francesca-fioretti-figlia-vittoria-campagna-pubblcitaria\/#respond"]}]},{"@type":"WebPage","@id":"https:\/\/www.gossip.it\/news\/francesca-fioretti-figlia-vittoria-campagna-pubblcitaria\/","url":"https:\/\/www.gossip.it\/news\/francesca-fioretti-figlia-vittoria-campagna-pubblcitaria\/","name":"Francesca Fioretti e la figlia Vittoria avuta con lo scomparso Davide Astori protagoniste di una nuova campagna pubblicitaria: foto - Gossip.it | News sul Gossip e VIP","isPartOf":{"@id":"https:\/\/www.gossip.it\/#website"},"primaryImageOfPage":{"@id":"https:\/\/www.gossip.it\/news\/francesca-fioretti-figlia-vittoria-campagna-pubblcitaria\/#primaryimage"},"image":{"@id":"https:\/\/www.gossip.it\/news\/francesca-fioretti-figlia-vittoria-campagna-pubblcitaria\/#primaryimage"},"thumbnailUrl":"https:\/\/www.gossip.it\/wp-content\/uploads\/2023\/09\/lancio-FIORETTI.jpg","datePublished":"2023-09-19T11:23:28+00:00","dateModified":"2023-09-20T11:27:44+00:00","description":"Francesca Fioretti e la figlia Vittoria avuta con lo scomparso Davide Astori protagoniste di una nuova campagna pubblicitaria","breadcrumb":{"@id":"https:\/\/www.gossip.it\/news\/francesca-fioretti-figlia-vittoria-campagna-pubblcitaria\/#breadcrumb"},"inLanguage":"it-IT","potentialAction":[{"@type":"ReadAction","target":["https:\/\/www.gossip.it\/news\/francesca-fioretti-figlia-vittoria-campagna-pubblcitaria\/"]}]},{"@type":"ImageObject","inLanguage":"it-IT","@id":"https:\/\/www.gossip.it\/news\/francesca-fioretti-figlia-vittoria-campagna-pubblcitaria\/#primaryimage","url":"https:\/\/www.gossip.it\/wp-content\/uploads\/2023\/09\/lancio-FIORETTI.jpg","contentUrl":"https:\/\/www.gossip.it\/wp-content\/uploads\/2023\/09\/lancio-FIORETTI.jpg","width":1134,"height":808},{"@type":"BreadcrumbList","@id":"https:\/\/www.gossip.it\/news\/francesca-fioretti-figlia-vittoria-campagna-pubblcitaria\/#breadcrumb","itemListElement":[{"@type":"ListItem","position":1,"name":"Home","item":"https:\/\/www.gossip.it\/"},{"@type":"ListItem","position":2,"name":"Francesca Fioretti e la figlia Vittoria avuta con lo scomparso Davide Astori protagoniste di una nuova campagna pubblicitaria: foto"}]},{"@type":"WebSite","@id":"https:\/\/www.gossip.it\/#website","url":"https:\/\/www.gossip.it\/","name":"Gossip and VIP News","description":"Quotidiano di cronaca rosa, costume e societ\u00e0","publisher":{"@id":"https:\/\/www.gossip.it\/#organization"},"alternateName":"Gossip and VIP News","potentialAction":[{"@type":"SearchAction","target":{"@type":"EntryPoint","urlTemplate":"https:\/\/www.gossip.it\/?s={search_term_string}"},"query-input":{"@type":"PropertyValueSpecification","valueRequired":true,"valueName":"search_term_string"}}],"inLanguage":"it-IT"},{"@type":"Organization","@id":"https:\/\/www.gossip.it\/#organization","name":"Gossip and VIP News","alternateName":"Gossip News","url":"https:\/\/www.gossip.it\/","logo":{"@type":"ImageObject","inLanguage":"it-IT","@id":"https:\/\/www.gossip.it\/#\/schema\/logo\/image\/","url":"https:\/\/www.gossip.it\/wp-content\/uploads\/2022\/04\/cropped-corna-alta-tiny.png","contentUrl":"https:\/\/www.gossip.it\/wp-content\/uploads\/2022\/04\/cropped-corna-alta-tiny.png","width":512,"height":512,"caption":"Gossip and VIP News"},"image":{"@id":"https:\/\/www.gossip.it\/#\/schema\/logo\/image\/"},"sameAs":["https:\/\/www.facebook.com\/GossipIT","https:\/\/x.com\/gossinews_it","https:\/\/instagram.com\/gossip_it"]},{"@type":"Person","@id":"https:\/\/www.gossip.it\/#\/schema\/person\/4f99be5acc78d3f1b07a146d4fe8256b","name":"Annamaria Capozzi","image":{"@type":"ImageObject","inLanguage":"it-IT","@id":"https:\/\/www.gossip.it\/#\/schema\/person\/image\/","url":"https:\/\/secure.gravatar.com\/avatar\/a8f8ec0362739e51683bf764949dfb9f8d2539eecc144f2dd938d6381b053468?s=96&d=mm&r=g","contentUrl":"https:\/\/secure.gravatar.com\/avatar\/a8f8ec0362739e51683bf764949dfb9f8d2539eecc144f2dd938d6381b053468?s=96&d=mm&r=g","caption":"Annamaria Capozzi"}}]}},"amp_enabled":true,"_links":{"self":[{"href":"https:\/\/www.gossip.it\/api\/wp\/v2\/posts\/156097","targetHints":{"allow":["GET"]}}],"collection":[{"href":"https:\/\/www.gossip.it\/api\/wp\/v2\/posts"}],"about":[{"href":"https:\/\/www.gossip.it\/api\/wp\/v2\/types\/post"}],"author":[{"embeddable":true,"href":"https:\/\/www.gossip.it\/api\/wp\/v2\/users\/4"}],"replies":[{"embeddable":true,"href":"https:\/\/www.gossip.it\/api\/wp\/v2\/comments?post=156097"}],"version-history":[{"count":1,"href":"https:\/\/www.gossip.it\/api\/wp\/v2\/posts\/156097\/revisions"}],"predecessor-version":[{"id":156105,"href":"https:\/\/www.gossip.it\/api\/wp\/v2\/posts\/156097\/revisions\/156105"}],"wp:featuredmedia":[{"embeddable":true,"href":"https:\/\/www.gossip.it\/api\/wp\/v2\/media\/156102"}],"wp:attachment":[{"href":"https:\/\/www.gossip.it\/api\/wp\/v2\/media?parent=156097"}],"wp:term":[{"taxonomy":"category","embeddable":true,"href":"https:\/\/www.gossip.it\/api\/wp\/v2\/categories?post=156097"},{"taxonomy":"post_tag","embeddable":true,"href":"https:\/\/www.gossip.it\/api\/wp\/v2\/tags?post=156097"},{"taxonomy":"vip","embeddable":true,"href":"https:\/\/www.gossip.it\/api\/wp\/v2\/vip?post=156097"}],"curies":[{"name":"wp","href":"https:\/\/api.w.org\/{rel}","templated":true}]}}