{"id":156523,"date":"2023-09-26T09:55:30","date_gmt":"2023-09-26T07:55:30","guid":{"rendered":"https:\/\/www.gossip.it\/?p=156523"},"modified":"2023-09-27T13:36:09","modified_gmt":"2023-09-27T11:36:09","slug":"fabrizio-corona-drammatica-confessione-tv-figlio-carlos-male-genetico","status":"publish","type":"post","link":"https:\/\/www.gossip.it\/news\/fabrizio-corona-drammatica-confessione-tv-figlio-carlos-male-genetico\/","title":{"rendered":"Fabrizio Corona, drammatica confessione in tv sul figlio Carlos: ''Sta male, \u00e8 genetico''"},"content":{"rendered":"\n<ul class=\"wp-block-list\">\n<li>Il 49enne \u00e8 stato intervistato da Francesca Fagnani a \u2018Belve\u2019<\/li>\n\n\n\n<li>Ha raccontato che il figlio avuto con Nina Moric non sta bene<\/li>\n<\/ul>\n\n\n\n<p><strong><a href=\"https:\/\/www.gossip.it\/?s=fabrizio+corona\">Fabrizio Corona<\/a><\/strong> \u00e8 tra gli ospiti della prima puntata della nuova stagione di <em>\u2018Belve\u2019<\/em>, il programma condotto da <strong><a href=\"https:\/\/www.gossip.it\/?s=francesca+fagnani\">Francesca Fagnani<\/a><\/strong> il marted\u00ec sera (ore 21.20) in prima serata su Rai2.<\/p>\n\n\n\n<p>In una clip che anticipa la puntata che andr\u00e0 in onda tra poche ore, l\u2019ex manager dei paparazzi 49enne ha rivelato che suo figlio <a href=\"http:\/\/gossip.it\/?s=carlos+corona\"><strong>Carlos Corona<\/strong>,<\/a> 21 anni, sta male. Ha una <strong>patologia genetica<\/strong> e lui non si rimprovera nulla.<\/p>\n\n\n\n<figure class=\"wp-block-image size-large\"><img decoding=\"async\" width=\"1024\" height=\"901\" src=\"https:\/\/www.gossip.it\/wp-content\/uploads\/2023\/09\/Screenshot-2023-09-26-at-09.37.14-1024x901.jpg\" alt=\"\" class=\"wp-image-156525\" srcset=\"https:\/\/www.gossip.it\/wp-content\/uploads\/2023\/09\/Screenshot-2023-09-26-at-09.37.14-1024x901.jpg 1024w, https:\/\/www.gossip.it\/wp-content\/uploads\/2023\/09\/Screenshot-2023-09-26-at-09.37.14-300x264.jpg 300w, https:\/\/www.gossip.it\/wp-content\/uploads\/2023\/09\/Screenshot-2023-09-26-at-09.37.14-768x676.jpg 768w, https:\/\/www.gossip.it\/wp-content\/uploads\/2023\/09\/Screenshot-2023-09-26-at-09.37.14-750x660.jpg 750w, https:\/\/www.gossip.it\/wp-content\/uploads\/2023\/09\/Screenshot-2023-09-26-at-09.37.14-1140x1004.jpg 1140w, https:\/\/www.gossip.it\/wp-content\/uploads\/2023\/09\/Screenshot-2023-09-26-at-09.37.14.jpg 1454w\" sizes=\"(max-width: 1024px) 100vw, 1024px\" \/><figcaption class=\"wp-element-caption\">Fabrizio Corona, 49 anni, ha spiegato che suo figlio Carlos, 21, soffre di un malessere genetico<\/figcaption><\/figure>\n\n\n\n<p>La compagna di Mentana gli ha domandato: <em>\u201cMi risponda solo se lo ritiene giusto: Carlos non \u00e8 stato benissimo nell\u2019ultimo periodo?\u201d<\/em>. Fabrizio ha replicato: <em>\u201c<strong>S\u00ec<\/strong>\u201d<\/em>.<\/p>\n\n\n\n<p><em>\u201cCome sta adesso?\u201d<\/em>, ha quindi chiesto la Fagnani. Risposta: <em>\u201c<strong>Male<\/strong>\u201d<\/em>. Nuova domanda: <em>\u201cE lei come affronta il malessere di suo figlio, che \u00e8 psicologico no?\u201d<\/em>.<\/p>\n\n\n\n<figure class=\"wp-block-image size-large\"><img decoding=\"async\" width=\"1024\" height=\"901\" src=\"https:\/\/www.gossip.it\/wp-content\/uploads\/2023\/09\/Screenshot-2023-09-26-at-09.37.26-1024x901.jpg\" alt=\"\" class=\"wp-image-156526\" srcset=\"https:\/\/www.gossip.it\/wp-content\/uploads\/2023\/09\/Screenshot-2023-09-26-at-09.37.26-1024x901.jpg 1024w, https:\/\/www.gossip.it\/wp-content\/uploads\/2023\/09\/Screenshot-2023-09-26-at-09.37.26-300x264.jpg 300w, https:\/\/www.gossip.it\/wp-content\/uploads\/2023\/09\/Screenshot-2023-09-26-at-09.37.26-768x676.jpg 768w, https:\/\/www.gossip.it\/wp-content\/uploads\/2023\/09\/Screenshot-2023-09-26-at-09.37.26-750x660.jpg 750w, https:\/\/www.gossip.it\/wp-content\/uploads\/2023\/09\/Screenshot-2023-09-26-at-09.37.26-1140x1004.jpg 1140w, https:\/\/www.gossip.it\/wp-content\/uploads\/2023\/09\/Screenshot-2023-09-26-at-09.37.26.jpg 1454w\" sizes=\"(max-width: 1024px) 100vw, 1024px\" \/><figcaption class=\"wp-element-caption\">Corona \u00e8 tra gli ospiti della prima puntata di Belve, in onda marted\u00ec 26 settembre su Rai2<\/figcaption><\/figure>\n\n\n\n<p><em>\u201cHo lottato per anni e anni, in questo momento sono in una fase molto brutta mia, nel senso che ho un po\u2019 <strong>abbandonato la speranza<\/strong> e devo ritrovare la forza per ritornare, ma sai che la vita gli ha dato questo e devo affrontare e convivere con la cosa\u201d<\/em>, ha fatto sapere Corona.<\/p>\n\n\n\n<p><em>\u201cSi riconosce una quota di responsabilit\u00e0 nel malessere di Carlos?\u201d<\/em>, ha quindi incalzato la Fagnani. Corona ha aggiunto: <em>\u201cNo, perch\u00e9 \u00e8 un <strong>malessere genetico<\/strong>\u201d<\/em>.<\/p>\n\n\n\n<figure class=\"wp-block-image size-large\"><img decoding=\"async\" width=\"787\" height=\"1024\" src=\"https:\/\/www.gossip.it\/wp-content\/uploads\/2023\/09\/carlos_2-787x1024.jpg\" alt=\"\" class=\"wp-image-156527\" srcset=\"https:\/\/www.gossip.it\/wp-content\/uploads\/2023\/09\/carlos_2-787x1024.jpg 787w, https:\/\/www.gossip.it\/wp-content\/uploads\/2023\/09\/carlos_2-231x300.jpg 231w, https:\/\/www.gossip.it\/wp-content\/uploads\/2023\/09\/carlos_2-768x999.jpg 768w, https:\/\/www.gossip.it\/wp-content\/uploads\/2023\/09\/carlos_2-750x976.jpg 750w, https:\/\/www.gossip.it\/wp-content\/uploads\/2023\/09\/carlos_2.jpg 1134w\" sizes=\"(max-width: 787px) 100vw, 787px\" \/><figcaption class=\"wp-element-caption\">Fabrizio e Carlos in vacanza insieme la scorsa estate<\/figcaption><\/figure>\n\n\n\n<p>Ultima domanda: <em>\u201cE lei come c\u2019\u00e8 per lui?\u201d<\/em>. Replica: <em>\u201cIo in questo momento ci sono come una presenza che sa che lui non \u00e8 una persona che potr\u00e0 gestire la sua vita da solo e nel momento in cui non ci dovessi essere io nella sua vita non avr\u00e0 mai problemi di nessun tipo perch\u00e9 io ho messo <strong>al posto giusto le persone giuste<\/strong>\u201d<\/em>.<\/p>\n\n\n\n<p>Carlos \u00e8 nato 21 anni fa dall\u2019unione tra Corona e la sua ex moglie <strong>Nina Moric<\/strong>, 47 anni.<\/p>\n","protected":false},"excerpt":{"rendered":"<p>Fabrizio Corona \u00e8 tra gli ospiti della prima puntata della nuova stagione di \u2018Belve\u2019, il programma condotto da Francesca Fagnani il marted\u00ec sera (ore 21.20) in prima serata su Rai2. In una clip che anticipa la puntata che andr\u00e0 in onda tra poche ore, l\u2019ex manager dei paparazzi 49enne ha rivelato che suo figlio Carlos [&hellip;]<\/p>\n","protected":false},"author":1,"featured_media":156524,"comment_status":"open","ping_status":"closed","sticky":false,"template":"","format":"standard","meta":{"footnotes":""},"categories":[54],"tags":[],"vip":[447,719],"class_list":["post-156523","post","type-post","status-publish","format-standard","has-post-thumbnail","hentry","category-news","vip-carlos_corona","vip-fabrizio_corona"],"yoast_head":"<title>Fabrizio Corona, drammatica confessione in tv sul figlio Carlos: &#039;&#039;Sta male, \u00e8 genetico&#039;&#039; - Gossip.it | News sul Gossip e VIP<\/title>\n<meta name=\"description\" content=\"Il 49enne \u00e8 stato intervistato da Francesca Fagnani a \u2018Belve\u2019. Ha raccontato che il figlio avuto con Nina Moric non sta bene...\" \/>\n<meta name=\"robots\" content=\"index, follow, max-snippet:-1, max-image-preview:large, max-video-preview:-1\" \/>\n<link rel=\"canonical\" href=\"https:\/\/www.gossip.it\/news\/fabrizio-corona-drammatica-confessione-tv-figlio-carlos-male-genetico\/\" \/>\n<meta property=\"og:locale\" content=\"it_IT\" \/>\n<meta property=\"og:type\" content=\"article\" \/>\n<meta property=\"og:title\" content=\"Fabrizio Corona, drammatica confessione in tv sul figlio Carlos: &#039;&#039;Sta male, \u00e8 genetico&#039;&#039; - Gossip.it | News sul Gossip e VIP\" \/>\n<meta property=\"og:description\" content=\"Il 49enne \u00e8 stato intervistato da Francesca Fagnani a \u2018Belve\u2019. Ha raccontato che il figlio avuto con Nina Moric non sta bene...\" \/>\n<meta property=\"og:url\" content=\"https:\/\/www.gossip.it\/news\/fabrizio-corona-drammatica-confessione-tv-figlio-carlos-male-genetico\/\" \/>\n<meta property=\"og:site_name\" content=\"Gossip.it | News sul Gossip e VIP\" \/>\n<meta property=\"article:publisher\" content=\"https:\/\/www.facebook.com\/GossipIT\" \/>\n<meta property=\"article:published_time\" content=\"2023-09-26T07:55:30+00:00\" \/>\n<meta property=\"article:modified_time\" content=\"2023-09-27T11:36:09+00:00\" \/>\n<meta property=\"og:image\" content=\"https:\/\/www.gossip.it\/wp-content\/uploads\/2023\/09\/corona-fb-nuovo.jpg\" \/>\n\t<meta property=\"og:image:width\" content=\"1816\" \/>\n\t<meta property=\"og:image:height\" content=\"1000\" \/>\n\t<meta property=\"og:image:type\" content=\"image\/jpeg\" \/>\n<meta name=\"author\" content=\"La Redazione\" \/>\n<meta name=\"twitter:card\" content=\"summary_large_image\" \/>\n<meta name=\"twitter:creator\" content=\"@gossinews_it\" \/>\n<meta name=\"twitter:site\" content=\"@gossinews_it\" \/>\n<meta name=\"twitter:label1\" content=\"Scritto da\" \/>\n\t<meta name=\"twitter:data1\" content=\"La Redazione\" \/>\n\t<meta name=\"twitter:label2\" content=\"Tempo di lettura stimato\" \/>\n\t<meta name=\"twitter:data2\" content=\"3 minuti\" \/>","yoast_head_json":{"title":"Fabrizio Corona, drammatica confessione in tv sul figlio Carlos: ''Sta male, \u00e8 genetico'' - Gossip.it | News sul Gossip e VIP","description":"Il 49enne \u00e8 stato intervistato da Francesca Fagnani a \u2018Belve\u2019. Ha raccontato che il figlio avuto con Nina Moric non sta bene...","robots":{"index":"index","follow":"follow","max-snippet":"max-snippet:-1","max-image-preview":"max-image-preview:large","max-video-preview":"max-video-preview:-1"},"canonical":"https:\/\/www.gossip.it\/news\/fabrizio-corona-drammatica-confessione-tv-figlio-carlos-male-genetico\/","og_locale":"it_IT","og_type":"article","og_title":"Fabrizio Corona, drammatica confessione in tv sul figlio Carlos: ''Sta male, \u00e8 genetico'' - Gossip.it | News sul Gossip e VIP","og_description":"Il 49enne \u00e8 stato intervistato da Francesca Fagnani a \u2018Belve\u2019. Ha raccontato che il figlio avuto con Nina Moric non sta bene...","og_url":"https:\/\/www.gossip.it\/news\/fabrizio-corona-drammatica-confessione-tv-figlio-carlos-male-genetico\/","og_site_name":"Gossip.it | News sul Gossip e VIP","article_publisher":"https:\/\/www.facebook.com\/GossipIT","article_published_time":"2023-09-26T07:55:30+00:00","article_modified_time":"2023-09-27T11:36:09+00:00","og_image":[{"width":1816,"height":1000,"url":"https:\/\/www.gossip.it\/wp-content\/uploads\/2023\/09\/corona-fb-nuovo.jpg","type":"image\/jpeg"}],"author":"La Redazione","twitter_card":"summary_large_image","twitter_creator":"@gossinews_it","twitter_site":"@gossinews_it","twitter_misc":{"Scritto da":"La Redazione","Tempo di lettura stimato":"3 minuti"},"schema":{"@context":"https:\/\/schema.org","@graph":[{"@type":"Article","@id":"https:\/\/www.gossip.it\/news\/fabrizio-corona-drammatica-confessione-tv-figlio-carlos-male-genetico\/#article","isPartOf":{"@id":"https:\/\/www.gossip.it\/news\/fabrizio-corona-drammatica-confessione-tv-figlio-carlos-male-genetico\/"},"author":{"name":"La Redazione","@id":"https:\/\/www.gossip.it\/#\/schema\/person\/488896f75158bff1cc83c6c39d141110"},"headline":"Fabrizio Corona, drammatica confessione in tv sul figlio Carlos: ''Sta male, \u00e8 genetico''","datePublished":"2023-09-26T07:55:30+00:00","dateModified":"2023-09-27T11:36:09+00:00","mainEntityOfPage":{"@id":"https:\/\/www.gossip.it\/news\/fabrizio-corona-drammatica-confessione-tv-figlio-carlos-male-genetico\/"},"wordCount":343,"commentCount":0,"publisher":{"@id":"https:\/\/www.gossip.it\/#organization"},"image":{"@id":"https:\/\/www.gossip.it\/news\/fabrizio-corona-drammatica-confessione-tv-figlio-carlos-male-genetico\/#primaryimage"},"thumbnailUrl":"https:\/\/www.gossip.it\/wp-content\/uploads\/2023\/09\/corona-pp.jpg","articleSection":["News"],"inLanguage":"it-IT","potentialAction":[{"@type":"CommentAction","name":"Comment","target":["https:\/\/www.gossip.it\/news\/fabrizio-corona-drammatica-confessione-tv-figlio-carlos-male-genetico\/#respond"]}]},{"@type":"WebPage","@id":"https:\/\/www.gossip.it\/news\/fabrizio-corona-drammatica-confessione-tv-figlio-carlos-male-genetico\/","url":"https:\/\/www.gossip.it\/news\/fabrizio-corona-drammatica-confessione-tv-figlio-carlos-male-genetico\/","name":"Fabrizio Corona, drammatica confessione in tv sul figlio Carlos: ''Sta male, \u00e8 genetico'' - Gossip.it | News sul Gossip e VIP","isPartOf":{"@id":"https:\/\/www.gossip.it\/#website"},"primaryImageOfPage":{"@id":"https:\/\/www.gossip.it\/news\/fabrizio-corona-drammatica-confessione-tv-figlio-carlos-male-genetico\/#primaryimage"},"image":{"@id":"https:\/\/www.gossip.it\/news\/fabrizio-corona-drammatica-confessione-tv-figlio-carlos-male-genetico\/#primaryimage"},"thumbnailUrl":"https:\/\/www.gossip.it\/wp-content\/uploads\/2023\/09\/corona-pp.jpg","datePublished":"2023-09-26T07:55:30+00:00","dateModified":"2023-09-27T11:36:09+00:00","description":"Il 49enne \u00e8 stato intervistato da Francesca Fagnani a \u2018Belve\u2019. Ha raccontato che il figlio avuto con Nina Moric non sta bene...","breadcrumb":{"@id":"https:\/\/www.gossip.it\/news\/fabrizio-corona-drammatica-confessione-tv-figlio-carlos-male-genetico\/#breadcrumb"},"inLanguage":"it-IT","potentialAction":[{"@type":"ReadAction","target":["https:\/\/www.gossip.it\/news\/fabrizio-corona-drammatica-confessione-tv-figlio-carlos-male-genetico\/"]}]},{"@type":"ImageObject","inLanguage":"it-IT","@id":"https:\/\/www.gossip.it\/news\/fabrizio-corona-drammatica-confessione-tv-figlio-carlos-male-genetico\/#primaryimage","url":"https:\/\/www.gossip.it\/wp-content\/uploads\/2023\/09\/corona-pp.jpg","contentUrl":"https:\/\/www.gossip.it\/wp-content\/uploads\/2023\/09\/corona-pp.jpg","width":2000,"height":1000},{"@type":"BreadcrumbList","@id":"https:\/\/www.gossip.it\/news\/fabrizio-corona-drammatica-confessione-tv-figlio-carlos-male-genetico\/#breadcrumb","itemListElement":[{"@type":"ListItem","position":1,"name":"Home","item":"https:\/\/www.gossip.it\/"},{"@type":"ListItem","position":2,"name":"Fabrizio Corona, drammatica confessione in tv sul figlio Carlos: ''Sta male, \u00e8 genetico''"}]},{"@type":"WebSite","@id":"https:\/\/www.gossip.it\/#website","url":"https:\/\/www.gossip.it\/","name":"Gossip and VIP News","description":"Quotidiano di cronaca rosa, costume e societ\u00e0","publisher":{"@id":"https:\/\/www.gossip.it\/#organization"},"alternateName":"Gossip and VIP News","potentialAction":[{"@type":"SearchAction","target":{"@type":"EntryPoint","urlTemplate":"https:\/\/www.gossip.it\/?s={search_term_string}"},"query-input":{"@type":"PropertyValueSpecification","valueRequired":true,"valueName":"search_term_string"}}],"inLanguage":"it-IT"},{"@type":"Organization","@id":"https:\/\/www.gossip.it\/#organization","name":"Gossip and VIP News","alternateName":"Gossip News","url":"https:\/\/www.gossip.it\/","logo":{"@type":"ImageObject","inLanguage":"it-IT","@id":"https:\/\/www.gossip.it\/#\/schema\/logo\/image\/","url":"https:\/\/www.gossip.it\/wp-content\/uploads\/2022\/04\/cropped-corna-alta-tiny.png","contentUrl":"https:\/\/www.gossip.it\/wp-content\/uploads\/2022\/04\/cropped-corna-alta-tiny.png","width":512,"height":512,"caption":"Gossip and VIP News"},"image":{"@id":"https:\/\/www.gossip.it\/#\/schema\/logo\/image\/"},"sameAs":["https:\/\/www.facebook.com\/GossipIT","https:\/\/x.com\/gossinews_it","https:\/\/instagram.com\/gossip_it"]},{"@type":"Person","@id":"https:\/\/www.gossip.it\/#\/schema\/person\/488896f75158bff1cc83c6c39d141110","name":"La Redazione","image":{"@type":"ImageObject","inLanguage":"it-IT","@id":"https:\/\/www.gossip.it\/#\/schema\/person\/image\/","url":"https:\/\/secure.gravatar.com\/avatar\/5a5f5c6fa3e6700e4249abdad0263a1e94e927d9e0499b1cb09c1cd29c044d80?s=96&d=mm&r=g","contentUrl":"https:\/\/secure.gravatar.com\/avatar\/5a5f5c6fa3e6700e4249abdad0263a1e94e927d9e0499b1cb09c1cd29c044d80?s=96&d=mm&r=g","caption":"La Redazione"},"sameAs":["https:\/\/www.gossip.it"]}]}},"amp_enabled":true,"_links":{"self":[{"href":"https:\/\/www.gossip.it\/api\/wp\/v2\/posts\/156523","targetHints":{"allow":["GET"]}}],"collection":[{"href":"https:\/\/www.gossip.it\/api\/wp\/v2\/posts"}],"about":[{"href":"https:\/\/www.gossip.it\/api\/wp\/v2\/types\/post"}],"author":[{"embeddable":true,"href":"https:\/\/www.gossip.it\/api\/wp\/v2\/users\/1"}],"replies":[{"embeddable":true,"href":"https:\/\/www.gossip.it\/api\/wp\/v2\/comments?post=156523"}],"version-history":[{"count":1,"href":"https:\/\/www.gossip.it\/api\/wp\/v2\/posts\/156523\/revisions"}],"predecessor-version":[{"id":156529,"href":"https:\/\/www.gossip.it\/api\/wp\/v2\/posts\/156523\/revisions\/156529"}],"wp:featuredmedia":[{"embeddable":true,"href":"https:\/\/www.gossip.it\/api\/wp\/v2\/media\/156524"}],"wp:attachment":[{"href":"https:\/\/www.gossip.it\/api\/wp\/v2\/media?parent=156523"}],"wp:term":[{"taxonomy":"category","embeddable":true,"href":"https:\/\/www.gossip.it\/api\/wp\/v2\/categories?post=156523"},{"taxonomy":"post_tag","embeddable":true,"href":"https:\/\/www.gossip.it\/api\/wp\/v2\/tags?post=156523"},{"taxonomy":"vip","embeddable":true,"href":"https:\/\/www.gossip.it\/api\/wp\/v2\/vip?post=156523"}],"curies":[{"name":"wp","href":"https:\/\/api.w.org\/{rel}","templated":true}]}}