{"id":15926,"date":"2001-11-14T00:00:00","date_gmt":"2001-11-13T23:00:00","guid":{"rendered":"https:\/\/www.gossip.it\/senza-categoria\/grande-fratello-2-alessandro-bello-e-litigarello\/"},"modified":"2001-11-14T00:00:00","modified_gmt":"2001-11-13T23:00:00","slug":"grande-fratello-2-alessandro-bello-e-litigarello","status":"publish","type":"post","link":"https:\/\/www.gossip.it\/news\/grande-fratello-2-alessandro-bello-e-litigarello\/","title":{"rendered":"Grande Fratello 2: Alessandro bello e litigarello"},"content":{"rendered":"<p>Alessandro e Mascia finalmente movimentano la loro relazione con un sano battibecco. Sar\u00e0 lo stress, saranno le nomination di domani, ma il clima che si respira a Cinecitt\u00e0 non \u00e8 certo dei migliori. Il napoletano, in uno degli interminabili monologhi che lo contraddistinguono, ha affermato per l'ennesima volta il suo debole per le ventenni. La pantera ravennate, dall'alto dei suoi ventotto anni,  non ha gradito ed \u00e8 subito partita al contrattacco. Tra lo stizzito e l'arrabbiato, ha detto: \"Ami le ragazze giovani perch\u00e8 non t'impegnano di testa e sono pi\u00f9 facili!\". Ma non \u00e8 tutto. Alessandro ha anche lasciato intendere che una delle sue nomination sar\u00e0 per Eleonora: \"Non ha carattere. Non provo attrazione per lei e credo che se ne sia accorta\", riferendosi a questa mattina, quando, con il rumore dell'aspirapolvere, ha svegliato la bionda padovana, che, per sfogare la rabbia, ha buttato a terra una sedia. Ne \u00e8 seguita una discussione dove i due non se le sono certo mandate a dire.<\/p>\n","protected":false},"excerpt":{"rendered":"<p>Alessandro e Mascia finalmente movimentano la loro relazione con un sano battibecco. Sar\u00e0 lo stress, saranno le nomination di domani, ma il clima che si respira a Cinecitt\u00e0 non \u00e8 certo dei migliori. Il napoletano, in uno degli interminabili monologhi che lo contraddistinguono, ha affermato per l'ennesima volta il suo debole per le ventenni. La [&hellip;]<\/p>\n","protected":false},"author":1,"featured_media":71992,"comment_status":"closed","ping_status":"closed","sticky":false,"template":"","format":"standard","meta":{"footnotes":""},"categories":[54],"tags":[14619,14645,2281,2097],"vip":[],"class_list":["post-15926","post","type-post","status-publish","format-standard","has-post-thumbnail","hentry","category-news","tag-gf2","tag-grande-fratello-2","tag-televisione","tag-tv"],"yoast_head":"<title>Grande Fratello 2: Alessandro bello e litigarello - Gossip.it | News sul Gossip e VIP<\/title>\n<meta name=\"description\" content=\"Alessandro e Mascia finalmente movimentano la loro relazione con un sano battibecco. Sar\u00e0 lo stress, saranno le nomination di domani, ma il clima che si\" \/>\n<meta name=\"robots\" content=\"index, follow, max-snippet:-1, max-image-preview:large, max-video-preview:-1\" \/>\n<link rel=\"canonical\" href=\"https:\/\/www.gossip.it\/news\/grande-fratello-2-alessandro-bello-e-litigarello\/\" \/>\n<meta property=\"og:locale\" content=\"it_IT\" \/>\n<meta property=\"og:type\" content=\"article\" \/>\n<meta property=\"og:title\" content=\"Grande Fratello 2: Alessandro bello e litigarello - Gossip.it | News sul Gossip e VIP\" \/>\n<meta property=\"og:description\" content=\"Alessandro e Mascia finalmente movimentano la loro relazione con un sano battibecco. Sar\u00e0 lo stress, saranno le nomination di domani, ma il clima che si\" \/>\n<meta property=\"og:url\" content=\"https:\/\/www.gossip.it\/news\/grande-fratello-2-alessandro-bello-e-litigarello\/\" \/>\n<meta property=\"og:site_name\" content=\"Gossip.it | News sul Gossip e VIP\" \/>\n<meta property=\"article:publisher\" content=\"https:\/\/www.facebook.com\/GossipIT\" \/>\n<meta property=\"article:published_time\" content=\"2001-11-13T23:00:00+00:00\" \/>\n<meta property=\"og:image\" content=\"\/gf2\/images\/alessandro_300.jpg\" \/>\n<meta name=\"author\" content=\"La Redazione\" \/>\n<meta name=\"twitter:card\" content=\"summary_large_image\" \/>\n<meta name=\"twitter:image\" content=\"\/gf2\/images\/alessandro_300.jpg\" \/>\n<meta name=\"twitter:creator\" content=\"@gossinews_it\" \/>\n<meta name=\"twitter:site\" content=\"@gossinews_it\" \/>\n<meta name=\"twitter:label1\" content=\"Scritto da\" \/>\n\t<meta name=\"twitter:data1\" content=\"Annamaria Capozzi\" \/>\n\t<meta name=\"twitter:label2\" content=\"Tempo di lettura stimato\" \/>\n\t<meta name=\"twitter:data2\" content=\"1 minuto\" \/>","yoast_head_json":{"title":"Grande Fratello 2: Alessandro bello e litigarello - Gossip.it | News sul Gossip e VIP","description":"Alessandro e Mascia finalmente movimentano la loro relazione con un sano battibecco. Sar\u00e0 lo stress, saranno le nomination di domani, ma il clima che si","robots":{"index":"index","follow":"follow","max-snippet":"max-snippet:-1","max-image-preview":"max-image-preview:large","max-video-preview":"max-video-preview:-1"},"canonical":"https:\/\/www.gossip.it\/news\/grande-fratello-2-alessandro-bello-e-litigarello\/","og_locale":"it_IT","og_type":"article","og_title":"Grande Fratello 2: Alessandro bello e litigarello - Gossip.it | News sul Gossip e VIP","og_description":"Alessandro e Mascia finalmente movimentano la loro relazione con un sano battibecco. Sar\u00e0 lo stress, saranno le nomination di domani, ma il clima che si","og_url":"https:\/\/www.gossip.it\/news\/grande-fratello-2-alessandro-bello-e-litigarello\/","og_site_name":"Gossip.it | News sul Gossip e VIP","article_publisher":"https:\/\/www.facebook.com\/GossipIT","article_published_time":"2001-11-13T23:00:00+00:00","og_image":[{"url":"\/gf2\/images\/alessandro_300.jpg"}],"author":"La Redazione","twitter_card":"summary_large_image","twitter_image":"\/gf2\/images\/alessandro_300.jpg","twitter_creator":"@gossinews_it","twitter_site":"@gossinews_it","twitter_misc":{"Scritto da":"Annamaria Capozzi","Tempo di lettura stimato":"1 minuto"},"schema":{"@context":"https:\/\/schema.org","@graph":[{"@type":"Article","@id":"https:\/\/www.gossip.it\/news\/grande-fratello-2-alessandro-bello-e-litigarello\/#article","isPartOf":{"@id":"https:\/\/www.gossip.it\/news\/grande-fratello-2-alessandro-bello-e-litigarello\/"},"author":{"name":"La Redazione","@id":"https:\/\/www.gossip.it\/#\/schema\/person\/488896f75158bff1cc83c6c39d141110"},"headline":"Grande Fratello 2: Alessandro bello e litigarello","datePublished":"2001-11-13T23:00:00+00:00","dateModified":"2001-11-13T23:00:00+00:00","mainEntityOfPage":{"@id":"https:\/\/www.gossip.it\/news\/grande-fratello-2-alessandro-bello-e-litigarello\/"},"wordCount":171,"publisher":{"@id":"https:\/\/www.gossip.it\/#organization"},"image":{"@id":"https:\/\/www.gossip.it\/news\/grande-fratello-2-alessandro-bello-e-litigarello\/#primaryimage"},"thumbnailUrl":"\/gf2\/images\/alessandro_300.jpg","keywords":["gf2","grande fratello 2","televisione","tv"],"articleSection":["News"],"inLanguage":"it-IT"},{"@type":"WebPage","@id":"https:\/\/www.gossip.it\/news\/grande-fratello-2-alessandro-bello-e-litigarello\/","url":"https:\/\/www.gossip.it\/news\/grande-fratello-2-alessandro-bello-e-litigarello\/","name":"Grande Fratello 2: Alessandro bello e litigarello - Gossip.it | News sul Gossip e VIP","isPartOf":{"@id":"https:\/\/www.gossip.it\/#website"},"primaryImageOfPage":{"@id":"https:\/\/www.gossip.it\/news\/grande-fratello-2-alessandro-bello-e-litigarello\/#primaryimage"},"image":{"@id":"https:\/\/www.gossip.it\/news\/grande-fratello-2-alessandro-bello-e-litigarello\/#primaryimage"},"thumbnailUrl":"\/gf2\/images\/alessandro_300.jpg","datePublished":"2001-11-13T23:00:00+00:00","dateModified":"2001-11-13T23:00:00+00:00","description":"Alessandro e Mascia finalmente movimentano la loro relazione con un sano battibecco. Sar\u00e0 lo stress, saranno le nomination di domani, ma il clima che si","breadcrumb":{"@id":"https:\/\/www.gossip.it\/news\/grande-fratello-2-alessandro-bello-e-litigarello\/#breadcrumb"},"inLanguage":"it-IT","potentialAction":[{"@type":"ReadAction","target":["https:\/\/www.gossip.it\/news\/grande-fratello-2-alessandro-bello-e-litigarello\/"]}]},{"@type":"ImageObject","inLanguage":"it-IT","@id":"https:\/\/www.gossip.it\/news\/grande-fratello-2-alessandro-bello-e-litigarello\/#primaryimage","url":"\/gf2\/images\/alessandro_300.jpg","contentUrl":"\/gf2\/images\/alessandro_300.jpg"},{"@type":"BreadcrumbList","@id":"https:\/\/www.gossip.it\/news\/grande-fratello-2-alessandro-bello-e-litigarello\/#breadcrumb","itemListElement":[{"@type":"ListItem","position":1,"name":"Home","item":"https:\/\/www.gossip.it\/"},{"@type":"ListItem","position":2,"name":"Grande Fratello 2: Alessandro bello e litigarello"}]},{"@type":"WebSite","@id":"https:\/\/www.gossip.it\/#website","url":"https:\/\/www.gossip.it\/","name":"Gossip and VIP News","description":"Quotidiano di cronaca rosa, costume e societ\u00e0","publisher":{"@id":"https:\/\/www.gossip.it\/#organization"},"alternateName":"Gossip and VIP News","potentialAction":[{"@type":"SearchAction","target":{"@type":"EntryPoint","urlTemplate":"https:\/\/www.gossip.it\/?s={search_term_string}"},"query-input":{"@type":"PropertyValueSpecification","valueRequired":true,"valueName":"search_term_string"}}],"inLanguage":"it-IT"},{"@type":"Organization","@id":"https:\/\/www.gossip.it\/#organization","name":"Gossip and VIP News","alternateName":"Gossip News","url":"https:\/\/www.gossip.it\/","logo":{"@type":"ImageObject","inLanguage":"it-IT","@id":"https:\/\/www.gossip.it\/#\/schema\/logo\/image\/","url":"https:\/\/www.gossip.it\/wp-content\/uploads\/2022\/04\/cropped-corna-alta-tiny.png","contentUrl":"https:\/\/www.gossip.it\/wp-content\/uploads\/2022\/04\/cropped-corna-alta-tiny.png","width":512,"height":512,"caption":"Gossip and VIP News"},"image":{"@id":"https:\/\/www.gossip.it\/#\/schema\/logo\/image\/"},"sameAs":["https:\/\/www.facebook.com\/GossipIT","https:\/\/x.com\/gossinews_it","https:\/\/instagram.com\/gossip_it"]},{"@type":"Person","@id":"https:\/\/www.gossip.it\/#\/schema\/person\/488896f75158bff1cc83c6c39d141110","name":"La Redazione","image":{"@type":"ImageObject","inLanguage":"it-IT","@id":"https:\/\/www.gossip.it\/#\/schema\/person\/image\/","url":"https:\/\/secure.gravatar.com\/avatar\/5a5f5c6fa3e6700e4249abdad0263a1e94e927d9e0499b1cb09c1cd29c044d80?s=96&d=mm&r=g","contentUrl":"https:\/\/secure.gravatar.com\/avatar\/5a5f5c6fa3e6700e4249abdad0263a1e94e927d9e0499b1cb09c1cd29c044d80?s=96&d=mm&r=g","caption":"La Redazione"},"sameAs":["https:\/\/www.gossip.it"]}]}},"amp_enabled":true,"_links":{"self":[{"href":"https:\/\/www.gossip.it\/api\/wp\/v2\/posts\/15926","targetHints":{"allow":["GET"]}}],"collection":[{"href":"https:\/\/www.gossip.it\/api\/wp\/v2\/posts"}],"about":[{"href":"https:\/\/www.gossip.it\/api\/wp\/v2\/types\/post"}],"author":[{"embeddable":true,"href":"https:\/\/www.gossip.it\/api\/wp\/v2\/users\/1"}],"replies":[{"embeddable":true,"href":"https:\/\/www.gossip.it\/api\/wp\/v2\/comments?post=15926"}],"version-history":[{"count":0,"href":"https:\/\/www.gossip.it\/api\/wp\/v2\/posts\/15926\/revisions"}],"wp:featuredmedia":[{"embeddable":true,"href":"https:\/\/www.gossip.it\/api\/wp\/v2\/media\/71992"}],"wp:attachment":[{"href":"https:\/\/www.gossip.it\/api\/wp\/v2\/media?parent=15926"}],"wp:term":[{"taxonomy":"category","embeddable":true,"href":"https:\/\/www.gossip.it\/api\/wp\/v2\/categories?post=15926"},{"taxonomy":"post_tag","embeddable":true,"href":"https:\/\/www.gossip.it\/api\/wp\/v2\/tags?post=15926"},{"taxonomy":"vip","embeddable":true,"href":"https:\/\/www.gossip.it\/api\/wp\/v2\/vip?post=15926"}],"curies":[{"name":"wp","href":"https:\/\/api.w.org\/{rel}","templated":true}]}}