{"id":160043,"date":"2023-11-16T12:06:08","date_gmt":"2023-11-16T11:06:08","guid":{"rendered":"https:\/\/www.gossip.it\/?p=160043"},"modified":"2023-11-17T10:17:34","modified_gmt":"2023-11-17T09:17:34","slug":"guillermo-mariotto-come-picchio-bullo","status":"publish","type":"post","link":"https:\/\/www.gossip.it\/news\/guillermo-mariotto-come-picchio-bullo\/","title":{"rendered":"''Gli ho strappato i capelli dalla testa, fu spettacolare'': Guillermo Mariotto racconta come picchi\u00f2 il bullo che lo insultava"},"content":{"rendered":"\n<ul class=\"wp-block-list\">\n<li>Lo stilista 57enne: <em>\u201cMi dicevano che ero gay. Ero forte, battagliero. Ma non tutti hanno questo carattere\u201d<\/em><\/li>\n\n\n\n<li><em>\u201cA me and\u00f2 bene. C\u2019\u00e8 invece chi si chiude in se stesso e...\u201d<\/em><\/li>\n<\/ul>\n\n\n\n<p><a href=\"http:\/\/www.gossip.it\/vip\/guillermo-mariotto\">Guillermo Mariotto<\/a> \u00e8 stato preso di mira duramente quando era un ragazzino. Al <em>Corriere della Sera<\/em> racconta di <strong>come picchi\u00f2 il bullo che lo insultava<\/strong>. <em>\u201c<strong>Gli ho strappato i capelli dalla testa, fu spettacolare<\/strong>\u201d<\/em>, confida lo stilista di origine venezuelana 57enne.<\/p>\n\n\n\n<figure class=\"wp-block-image size-large is-resized\"><img decoding=\"async\" width=\"741\" height=\"1024\" src=\"https:\/\/www.gossip.it\/wp-content\/uploads\/2023\/11\/mariotto_1-741x1024.jpg\" alt=\"\" class=\"wp-image-160044\" style=\"width:768px;height:auto\" srcset=\"https:\/\/www.gossip.it\/wp-content\/uploads\/2023\/11\/mariotto_1-741x1024.jpg 741w, https:\/\/www.gossip.it\/wp-content\/uploads\/2023\/11\/mariotto_1-217x300.jpg 217w, https:\/\/www.gossip.it\/wp-content\/uploads\/2023\/11\/mariotto_1-768x1062.jpg 768w, https:\/\/www.gossip.it\/wp-content\/uploads\/2023\/11\/mariotto_1-1111x1536.jpg 1111w, https:\/\/www.gossip.it\/wp-content\/uploads\/2023\/11\/mariotto_1-750x1037.jpg 750w, https:\/\/www.gossip.it\/wp-content\/uploads\/2023\/11\/mariotto_1.jpg 1134w\" sizes=\"(max-width: 741px) 100vw, 741px\" \/><figcaption class=\"wp-element-caption\"><em>''Gli ho strappato i capelli dalla testa, fu spettacolare''<\/em>: Guillermo Mariotto racconta come picchi\u00f2 il bullo che lo insultava<\/figcaption><\/figure>\n\n\n\n<p>Designer e personaggio tv, il giudice di <em>Ballando con le Stelle<\/em> appare sempre allegro e spensierato, ma da adolescente a Caracas \u00e8 stato attaccato. <em>\u201cA me and\u00f2 bene, reagii, picchiai i bulli che <strong>mi dicevano che ero gay. Ero forte, battagliero. Ma non tutti hanno questo carattere<\/strong>, c\u2019\u00e8 chi si chiude in se stesso,\u00a0penso a quel povero ragazzino che si \u00e8 tolto la vita a Palermo.\u00a0Penso ai suoi genitori, al loro dolore\u201d<\/em>, sottolinea.<\/p>\n\n\n\n<p>Guillermo volge il pensiero al passato e ripercorre questa<em> \u2018storiaccia\u2019<\/em>: <em>\"Ero sui 13 anni e quel giorno giocavo in difesa. Come sempre ero bersagliato da<strong> insulti irriferibili<\/strong>. All\u2019ennesimo, esplosi. Raggiunsi a centrocampo il boss del gruppo con cui avevo gi\u00e0 questionato, un malandrino, tale Muniz, e <strong>gli montai sulle spalle, strappandogli i capelli dalla testa. Fu spettacolare<\/strong>, una scena davanti a genitori e professori. Banalmente, <strong>divenni un intoccabile<\/strong>. Avevo vinto la mia guerra, quando Muniz mi vedeva cambiava strada\u201d.<\/em><\/p>\n\n\n\n<figure class=\"wp-block-image size-large\"><img decoding=\"async\" width=\"819\" height=\"1024\" src=\"https:\/\/www.gossip.it\/wp-content\/uploads\/2023\/11\/mariotto_2-819x1024.jpg\" alt=\"\" class=\"wp-image-160045\" srcset=\"https:\/\/www.gossip.it\/wp-content\/uploads\/2023\/11\/mariotto_2-819x1024.jpg 819w, https:\/\/www.gossip.it\/wp-content\/uploads\/2023\/11\/mariotto_2-240x300.jpg 240w, https:\/\/www.gossip.it\/wp-content\/uploads\/2023\/11\/mariotto_2-768x960.jpg 768w, https:\/\/www.gossip.it\/wp-content\/uploads\/2023\/11\/mariotto_2-750x938.jpg 750w, https:\/\/www.gossip.it\/wp-content\/uploads\/2023\/11\/mariotto_2.jpg 1134w\" sizes=\"(max-width: 819px) 100vw, 819px\" \/><figcaption class=\"wp-element-caption\">Lo stilista 57enne, giudice di <em>Ballando con le Stelle<\/em>: <em>\u201cMi dicevano che ero gay. Ero forte, battagliero. Ma non tutti hanno questo carattere\u201d<\/em><\/figcaption><\/figure>\n\n\n\n<p>Quando gli si domanda perch\u00e9 lo vessassero, Mariotto chiarisce: <em>\u201c<strong>Si capiva che ero gay<\/strong>, vestivo in un certo modo, forse pi\u00f9 elegante degli altri. <strong>I bulli sbroccavano perch\u00e9 ero forte nello sport<\/strong>, ci\u00f2 li mandava letteralmente in bestia: figurarsi, un omosessuale\u2026\u201d<\/em>. Primeggiava in alcune discipline: <em>\u201cIl volley in primis. Con me, la squadra scolastica arriv\u00f2 al titolo nazionale. Ma primeggiavo nella ginnastica a corpo libero. Eravamo a met\u00e0 degli anni Settanta e <strong>mi sbeffeggiavano dicendomi che parevo Nadia Comaneci<\/strong>, l\u2019olimpionica rumena\u201d<\/em>. Ma lo picchiavano:<em> \u201cRegolarmente, <strong>mi aspettavano sotto casa<\/strong>. Se sono andato bene nell\u2019atletica, con buoni tempi nei 100 metri, \u00e8 perch\u00e9 <strong>ho imparato presto a scattare e scappare<\/strong>\u201d.<\/em><\/p>\n\n\n\n<p>Sulla sua famiglia svela: <em>\u201cVolevo un gran bene alla favolosa nonna materna, Leonor. Ripeteva: \u2018Guarda che non sei sbagliato, sei solo nato nel posto sbagliato. Prenditi una laurea e vai via da qui\u2019. <strong>Mio fratello arriv\u00f2 a dirmi che ero la macchia del nostro cognome<\/strong>, pap\u00e0 e mamma... mah, siamo l\u00ec. Seguii il consiglio di nonna Leonor, andai in California, oasi di libert\u00e0, e mi laureai al College of Arts in disegno industriale\u201d.<\/em><\/p>\n\n\n\n<p>Mariotto \u00e8 testimonial del Moige, parla di bullismo nelle scuole: <em>\u201cE dico sempre ai ragazzi; se vedete un bullo in azione, segnalatelo. <strong>Non lasciate da sola la vittima:<\/strong> <strong>senn\u00f2 siete complici anche voi<\/strong>\u201d.<\/em><\/p>\n","protected":false},"excerpt":{"rendered":"<p>Guillermo Mariotto \u00e8 stato preso di mira duramente in...<\/p>\n","protected":false},"author":4,"featured_media":160046,"comment_status":"open","ping_status":"closed","sticky":false,"template":"","format":"standard","meta":{"footnotes":""},"categories":[54],"tags":[11406,63863,2793,65742,73575,61265,67046,65939],"vip":[932],"class_list":["post-160043","post","type-post","status-publish","format-standard","has-post-thumbnail","hentry","category-news","tag-bullismo","tag-corrieredellasera","tag-gossip","tag-guillermomariotto","tag-guillermomariottobullismo","tag-mariotto","tag-sifb","tag-stopbullismo","vip-guillermo_mariotto"],"yoast_head":"<title>&#039;&#039;Gli ho strappato i capelli dalla testa, fu spettacolare&#039;&#039;: Guillermo Mariotto racconta come picchi\u00f2 il bullo che lo insultava - Gossip.it | News sul Gossip e VIP<\/title>\n<meta name=\"description\" content=\"&#039;&#039;Gli ho strappato i capelli dalla testa, fu spettacolare&#039;&#039;: Guillermo Mariotto racconta come picchi\u00f2 il bullo che lo insultava\" \/>\n<meta name=\"robots\" content=\"index, follow, max-snippet:-1, max-image-preview:large, max-video-preview:-1\" \/>\n<link rel=\"canonical\" href=\"https:\/\/www.gossip.it\/news\/guillermo-mariotto-come-picchio-bullo\/\" \/>\n<meta property=\"og:locale\" content=\"it_IT\" \/>\n<meta property=\"og:type\" content=\"article\" \/>\n<meta property=\"og:title\" content=\"&#039;&#039;Gli ho strappato i capelli dalla testa, fu spettacolare&#039;&#039;: Guillermo Mariotto racconta come picchi\u00f2 il bullo che lo insultava - Gossip.it | News sul Gossip e VIP\" \/>\n<meta property=\"og:description\" content=\"&#039;&#039;Gli ho strappato i capelli dalla testa, fu spettacolare&#039;&#039;: Guillermo Mariotto racconta come picchi\u00f2 il bullo che lo insultava\" \/>\n<meta property=\"og:url\" content=\"https:\/\/www.gossip.it\/news\/guillermo-mariotto-come-picchio-bullo\/\" \/>\n<meta property=\"og:site_name\" content=\"Gossip.it | News sul Gossip e VIP\" \/>\n<meta property=\"article:publisher\" content=\"https:\/\/www.facebook.com\/GossipIT\" \/>\n<meta property=\"article:published_time\" content=\"2023-11-16T11:06:08+00:00\" \/>\n<meta property=\"article:modified_time\" content=\"2023-11-17T09:17:34+00:00\" \/>\n<meta property=\"og:image\" content=\"https:\/\/www.gossip.it\/wp-content\/uploads\/2023\/11\/lancio-MARIOTTO-FB.jpg\" \/>\n\t<meta property=\"og:image:width\" content=\"1134\" \/>\n\t<meta property=\"og:image:height\" content=\"680\" \/>\n\t<meta property=\"og:image:type\" content=\"image\/jpeg\" \/>\n<meta name=\"author\" content=\"Annamaria Capozzi\" \/>\n<meta name=\"twitter:card\" content=\"summary_large_image\" \/>\n<meta name=\"twitter:creator\" content=\"@gossinews_it\" \/>\n<meta name=\"twitter:site\" content=\"@gossinews_it\" \/>\n<meta name=\"twitter:label1\" content=\"Scritto da\" \/>\n\t<meta name=\"twitter:data1\" content=\"Annamaria Capozzi\" \/>\n\t<meta name=\"twitter:label2\" content=\"Tempo di lettura stimato\" \/>\n\t<meta name=\"twitter:data2\" content=\"3 minuti\" \/>","yoast_head_json":{"title":"''Gli ho strappato i capelli dalla testa, fu spettacolare'': Guillermo Mariotto racconta come picchi\u00f2 il bullo che lo insultava - Gossip.it | News sul Gossip e VIP","description":"''Gli ho strappato i capelli dalla testa, fu spettacolare'': Guillermo Mariotto racconta come picchi\u00f2 il bullo che lo insultava","robots":{"index":"index","follow":"follow","max-snippet":"max-snippet:-1","max-image-preview":"max-image-preview:large","max-video-preview":"max-video-preview:-1"},"canonical":"https:\/\/www.gossip.it\/news\/guillermo-mariotto-come-picchio-bullo\/","og_locale":"it_IT","og_type":"article","og_title":"''Gli ho strappato i capelli dalla testa, fu spettacolare'': Guillermo Mariotto racconta come picchi\u00f2 il bullo che lo insultava - Gossip.it | News sul Gossip e VIP","og_description":"''Gli ho strappato i capelli dalla testa, fu spettacolare'': Guillermo Mariotto racconta come picchi\u00f2 il bullo che lo insultava","og_url":"https:\/\/www.gossip.it\/news\/guillermo-mariotto-come-picchio-bullo\/","og_site_name":"Gossip.it | News sul Gossip e VIP","article_publisher":"https:\/\/www.facebook.com\/GossipIT","article_published_time":"2023-11-16T11:06:08+00:00","article_modified_time":"2023-11-17T09:17:34+00:00","og_image":[{"width":1134,"height":680,"url":"https:\/\/www.gossip.it\/wp-content\/uploads\/2023\/11\/lancio-MARIOTTO-FB.jpg","type":"image\/jpeg"}],"author":"Annamaria Capozzi","twitter_card":"summary_large_image","twitter_creator":"@gossinews_it","twitter_site":"@gossinews_it","twitter_misc":{"Scritto da":"Annamaria Capozzi","Tempo di lettura stimato":"3 minuti"},"schema":{"@context":"https:\/\/schema.org","@graph":[{"@type":"Article","@id":"https:\/\/www.gossip.it\/news\/guillermo-mariotto-come-picchio-bullo\/#article","isPartOf":{"@id":"https:\/\/www.gossip.it\/news\/guillermo-mariotto-come-picchio-bullo\/"},"author":{"name":"Annamaria Capozzi","@id":"https:\/\/www.gossip.it\/#\/schema\/person\/4f99be5acc78d3f1b07a146d4fe8256b"},"headline":"''Gli ho strappato i capelli dalla testa, fu spettacolare'': Guillermo Mariotto racconta come picchi\u00f2 il bullo che lo insultava","datePublished":"2023-11-16T11:06:08+00:00","dateModified":"2023-11-17T09:17:34+00:00","mainEntityOfPage":{"@id":"https:\/\/www.gossip.it\/news\/guillermo-mariotto-come-picchio-bullo\/"},"wordCount":497,"commentCount":0,"publisher":{"@id":"https:\/\/www.gossip.it\/#organization"},"image":{"@id":"https:\/\/www.gossip.it\/news\/guillermo-mariotto-come-picchio-bullo\/#primaryimage"},"thumbnailUrl":"https:\/\/www.gossip.it\/wp-content\/uploads\/2023\/11\/lancio-MARIOTTO.jpg","keywords":["bullismo","corrieredellasera","gossip","guillermomariotto","guillermomariottobullismo","mariotto","sifb","stopbullismo"],"articleSection":["News"],"inLanguage":"it-IT","potentialAction":[{"@type":"CommentAction","name":"Comment","target":["https:\/\/www.gossip.it\/news\/guillermo-mariotto-come-picchio-bullo\/#respond"]}]},{"@type":"WebPage","@id":"https:\/\/www.gossip.it\/news\/guillermo-mariotto-come-picchio-bullo\/","url":"https:\/\/www.gossip.it\/news\/guillermo-mariotto-come-picchio-bullo\/","name":"''Gli ho strappato i capelli dalla testa, fu spettacolare'': Guillermo Mariotto racconta come picchi\u00f2 il bullo che lo insultava - Gossip.it | News sul Gossip e VIP","isPartOf":{"@id":"https:\/\/www.gossip.it\/#website"},"primaryImageOfPage":{"@id":"https:\/\/www.gossip.it\/news\/guillermo-mariotto-come-picchio-bullo\/#primaryimage"},"image":{"@id":"https:\/\/www.gossip.it\/news\/guillermo-mariotto-come-picchio-bullo\/#primaryimage"},"thumbnailUrl":"https:\/\/www.gossip.it\/wp-content\/uploads\/2023\/11\/lancio-MARIOTTO.jpg","datePublished":"2023-11-16T11:06:08+00:00","dateModified":"2023-11-17T09:17:34+00:00","description":"''Gli ho strappato i capelli dalla testa, fu spettacolare'': Guillermo Mariotto racconta come picchi\u00f2 il bullo che lo insultava","breadcrumb":{"@id":"https:\/\/www.gossip.it\/news\/guillermo-mariotto-come-picchio-bullo\/#breadcrumb"},"inLanguage":"it-IT","potentialAction":[{"@type":"ReadAction","target":["https:\/\/www.gossip.it\/news\/guillermo-mariotto-come-picchio-bullo\/"]}]},{"@type":"ImageObject","inLanguage":"it-IT","@id":"https:\/\/www.gossip.it\/news\/guillermo-mariotto-come-picchio-bullo\/#primaryimage","url":"https:\/\/www.gossip.it\/wp-content\/uploads\/2023\/11\/lancio-MARIOTTO.jpg","contentUrl":"https:\/\/www.gossip.it\/wp-content\/uploads\/2023\/11\/lancio-MARIOTTO.jpg","width":1134,"height":808},{"@type":"BreadcrumbList","@id":"https:\/\/www.gossip.it\/news\/guillermo-mariotto-come-picchio-bullo\/#breadcrumb","itemListElement":[{"@type":"ListItem","position":1,"name":"Home","item":"https:\/\/www.gossip.it\/"},{"@type":"ListItem","position":2,"name":"''Gli ho strappato i capelli dalla testa, fu spettacolare'': Guillermo Mariotto racconta come picchi\u00f2 il bullo che lo insultava"}]},{"@type":"WebSite","@id":"https:\/\/www.gossip.it\/#website","url":"https:\/\/www.gossip.it\/","name":"Gossip and VIP News","description":"Quotidiano di cronaca rosa, costume e societ\u00e0","publisher":{"@id":"https:\/\/www.gossip.it\/#organization"},"alternateName":"Gossip and VIP News","potentialAction":[{"@type":"SearchAction","target":{"@type":"EntryPoint","urlTemplate":"https:\/\/www.gossip.it\/?s={search_term_string}"},"query-input":{"@type":"PropertyValueSpecification","valueRequired":true,"valueName":"search_term_string"}}],"inLanguage":"it-IT"},{"@type":"Organization","@id":"https:\/\/www.gossip.it\/#organization","name":"Gossip and VIP News","alternateName":"Gossip News","url":"https:\/\/www.gossip.it\/","logo":{"@type":"ImageObject","inLanguage":"it-IT","@id":"https:\/\/www.gossip.it\/#\/schema\/logo\/image\/","url":"https:\/\/www.gossip.it\/wp-content\/uploads\/2022\/04\/cropped-corna-alta-tiny.png","contentUrl":"https:\/\/www.gossip.it\/wp-content\/uploads\/2022\/04\/cropped-corna-alta-tiny.png","width":512,"height":512,"caption":"Gossip and VIP News"},"image":{"@id":"https:\/\/www.gossip.it\/#\/schema\/logo\/image\/"},"sameAs":["https:\/\/www.facebook.com\/GossipIT","https:\/\/x.com\/gossinews_it","https:\/\/instagram.com\/gossip_it"]},{"@type":"Person","@id":"https:\/\/www.gossip.it\/#\/schema\/person\/4f99be5acc78d3f1b07a146d4fe8256b","name":"Annamaria Capozzi","image":{"@type":"ImageObject","inLanguage":"it-IT","@id":"https:\/\/www.gossip.it\/#\/schema\/person\/image\/","url":"https:\/\/secure.gravatar.com\/avatar\/a8f8ec0362739e51683bf764949dfb9f8d2539eecc144f2dd938d6381b053468?s=96&d=mm&r=g","contentUrl":"https:\/\/secure.gravatar.com\/avatar\/a8f8ec0362739e51683bf764949dfb9f8d2539eecc144f2dd938d6381b053468?s=96&d=mm&r=g","caption":"Annamaria Capozzi"}}]}},"amp_enabled":true,"_links":{"self":[{"href":"https:\/\/www.gossip.it\/api\/wp\/v2\/posts\/160043","targetHints":{"allow":["GET"]}}],"collection":[{"href":"https:\/\/www.gossip.it\/api\/wp\/v2\/posts"}],"about":[{"href":"https:\/\/www.gossip.it\/api\/wp\/v2\/types\/post"}],"author":[{"embeddable":true,"href":"https:\/\/www.gossip.it\/api\/wp\/v2\/users\/4"}],"replies":[{"embeddable":true,"href":"https:\/\/www.gossip.it\/api\/wp\/v2\/comments?post=160043"}],"version-history":[{"count":1,"href":"https:\/\/www.gossip.it\/api\/wp\/v2\/posts\/160043\/revisions"}],"predecessor-version":[{"id":160055,"href":"https:\/\/www.gossip.it\/api\/wp\/v2\/posts\/160043\/revisions\/160055"}],"wp:featuredmedia":[{"embeddable":true,"href":"https:\/\/www.gossip.it\/api\/wp\/v2\/media\/160046"}],"wp:attachment":[{"href":"https:\/\/www.gossip.it\/api\/wp\/v2\/media?parent=160043"}],"wp:term":[{"taxonomy":"category","embeddable":true,"href":"https:\/\/www.gossip.it\/api\/wp\/v2\/categories?post=160043"},{"taxonomy":"post_tag","embeddable":true,"href":"https:\/\/www.gossip.it\/api\/wp\/v2\/tags?post=160043"},{"taxonomy":"vip","embeddable":true,"href":"https:\/\/www.gossip.it\/api\/wp\/v2\/vip?post=160043"}],"curies":[{"name":"wp","href":"https:\/\/api.w.org\/{rel}","templated":true}]}}