{"id":160301,"date":"2023-11-21T11:45:49","date_gmt":"2023-11-21T10:45:49","guid":{"rendered":"https:\/\/www.gossip.it\/?p=160301"},"modified":"2023-11-23T14:06:02","modified_gmt":"2023-11-23T13:06:02","slug":"morgan-fuori-x-factor-annuncio-motivazione","status":"publish","type":"post","link":"https:\/\/www.gossip.it\/news\/morgan-fuori-x-factor-annuncio-motivazione\/","title":{"rendered":"Morgan fatto fuori da X Factor dopo il caso della scorsa puntata, l'annuncio ufficiale di Sky e la motivazione"},"content":{"rendered":"\n<ul class=\"wp-block-list\">\n<li>La pay tv e la societ\u00e0 di produzione Freemantle hanno deciso di allontanare il cantante dal talent show<\/li>\n\n\n\n<li>Polemiche, intemperanze e offese hanno segnato il destino dell\u2019artista 50enne<\/li>\n<\/ul>\n\n\n\n<p>Il suo ritorno aveva rallegrato molti. Soprattutto quelli che lo ritenevano il miglior giudice che ci fosse mai stato nel talent show. Ma non \u00e8 andata come si sperava. <strong><a href=\"http:\/\/www.gossip.it\/vip\/morgan\">Morgan<\/a> \u00e8 stato fatto fuori da X Factor dopo il caso della scorsa puntata<\/strong>. Troppe le polemiche, le accuse, le intemperanze dell\u2019artista 50enne. <strong>Arriva l\u2019annuncio ufficiale di Sky e la motivazione che ha portato alla decisione drastica<\/strong>.<\/p>\n\n\n\n<figure class=\"wp-block-image size-large\"><img decoding=\"async\" width=\"1024\" height=\"650\" src=\"https:\/\/www.gossip.it\/wp-content\/uploads\/2023\/11\/morgan_1-1024x650.jpg\" alt=\"\" class=\"wp-image-160302\" srcset=\"https:\/\/www.gossip.it\/wp-content\/uploads\/2023\/11\/morgan_1-1024x650.jpg 1024w, https:\/\/www.gossip.it\/wp-content\/uploads\/2023\/11\/morgan_1-300x190.jpg 300w, https:\/\/www.gossip.it\/wp-content\/uploads\/2023\/11\/morgan_1-768x488.jpg 768w, https:\/\/www.gossip.it\/wp-content\/uploads\/2023\/11\/morgan_1-750x476.jpg 750w, https:\/\/www.gossip.it\/wp-content\/uploads\/2023\/11\/morgan_1.jpg 1134w\" sizes=\"(max-width: 1024px) 100vw, 1024px\" \/><figcaption class=\"wp-element-caption\">Morgan fatto fuori da X Factor dopo il caso della scorsa puntata, l'annuncio ufficiale di Sky e la motivazione<\/figcaption><\/figure>\n\n\n\n<p><em>\"Sky Italia\u00a0e\u00a0Fremantle Italia\u00a0hanno deciso, di comune accordo, <strong>di interrompere il rapporto di collaborazione con Morgan e la sua presenza a\u00a0X Factor\u00a0come giudice<\/strong>\u201d<\/em>, si legge in una nota. <em>\u201cUna valutazione fatta a seguito di ripetuti comportamenti incompatibili e inappropriati, tenuti anche nei confronti della produzione e durante le esibizioni dei concorrenti, e delle <strong>numerose dichiarazioni susseguitesi anche in questi giorni<\/strong>\u201d<\/em>, si sottolinea ancora.<\/p>\n\n\n\n<p><em>\u201cE\u2019 imprescindibile che i concorrenti e il loro percorso restino al centro del programma. La musica e il talento sono sempre stati e devono continuare a essere il motore fondamentale di\u00a0X Factor, ed \u00e8 prioritario che tutto si svolga in un ambiente di lavoro professionale e che il confronto, per quanto acceso, si esprima sempre nel rispetto reciproco. <strong>La decisione \u00e8 presa in considerazione dei valori di cui Sky, Fremantle e\u00a0X Factor\u00a0sono portatori<\/strong>, nel rispetto tutte le persone coinvolte e del pubblico, e\u00a0<strong>avr\u00e0 effetto immediato<\/strong>\u201d<\/em>, conclude il comunicato.<\/p>\n\n\n\n<figure class=\"wp-block-image size-large\"><img decoding=\"async\" width=\"1024\" height=\"1024\" src=\"https:\/\/www.gossip.it\/wp-content\/uploads\/2023\/11\/morgan_2-1024x1024.jpg\" alt=\"\" class=\"wp-image-160303\" srcset=\"https:\/\/www.gossip.it\/wp-content\/uploads\/2023\/11\/morgan_2-1024x1024.jpg 1024w, https:\/\/www.gossip.it\/wp-content\/uploads\/2023\/11\/morgan_2-300x300.jpg 300w, https:\/\/www.gossip.it\/wp-content\/uploads\/2023\/11\/morgan_2-150x150.jpg 150w, https:\/\/www.gossip.it\/wp-content\/uploads\/2023\/11\/morgan_2-768x768.jpg 768w, https:\/\/www.gossip.it\/wp-content\/uploads\/2023\/11\/morgan_2-75x75.jpg 75w, https:\/\/www.gossip.it\/wp-content\/uploads\/2023\/11\/morgan_2-750x750.jpg 750w, https:\/\/www.gossip.it\/wp-content\/uploads\/2023\/11\/morgan_2.jpg 1134w\" sizes=\"(max-width: 1024px) 100vw, 1024px\" \/><figcaption class=\"wp-element-caption\">Il comunicato della pay tv e della societ\u00e0 di produzione del talent show<\/figcaption><\/figure>\n\n\n\n<p>Dopo le accese discussioni andate in scena durante l\u2019ultimo<em> \u2018live\u2019<\/em> di <em>X Factor<\/em>, Morgan si era giustificato sui social, nelle sue storie. Poi, a <em>MowMag<\/em>, aveva rilasciato dichiarazioni che avevano ancora una volta acceso il dibattito sull\u2019utilit\u00e0 della sua presenza nel programma, che, invece, pareva volesse sabotare. <em>\u201cLa mia missione da\u00a0\u2018007 al servizio della Rai\u2019\u00a0\u00e8 ormai compiuta.\u00a0<strong>X Factor\u00a0sarebbe di fatto pronto per tornare in Rai<\/strong>. Non penso che succeder\u00e0 perch\u00e9 merita che rimanga a Sky in una rete che ci ha creduto ed \u00e8 giusto che ne goda i benefici\u201d<\/em>, aveva sottolineato. <\/p>\n\n\n\n<figure class=\"wp-block-image size-large\"><img decoding=\"async\" width=\"1024\" height=\"865\" src=\"https:\/\/www.gossip.it\/wp-content\/uploads\/2023\/11\/morgan_3-1024x865.jpg\" alt=\"\" class=\"wp-image-160304\" srcset=\"https:\/\/www.gossip.it\/wp-content\/uploads\/2023\/11\/morgan_3-1024x865.jpg 1024w, https:\/\/www.gossip.it\/wp-content\/uploads\/2023\/11\/morgan_3-300x253.jpg 300w, https:\/\/www.gossip.it\/wp-content\/uploads\/2023\/11\/morgan_3-768x649.jpg 768w, https:\/\/www.gossip.it\/wp-content\/uploads\/2023\/11\/morgan_3-750x634.jpg 750w, https:\/\/www.gossip.it\/wp-content\/uploads\/2023\/11\/morgan_3.jpg 1134w\" sizes=\"(max-width: 1024px) 100vw, 1024px\" \/><figcaption class=\"wp-element-caption\">Uno dei momenti dell'ultimo<em> 'live' <\/em>in cui anche Francesca Michielin mostra cenni di insofferenza davanti alle parole dell'artista 50enne<\/figcaption><\/figure>\n\n\n\n<p>Marco Castoldi aveva aggiunto: <em>\u201c<strong>Io invece sono pronto per tornare a casa con StraMorgan<\/strong>, nel luogo da cui provengo, quello del servizio pubblico\u00a0che <strong>mi appartiene linguisticamente e a cui da pi\u00f9 di vent\u2019anni presto il mio servizio<\/strong>. Nell\u2019idea che sia il posto dove arte cultura politica e societ\u00e0 si incontrano per edificare l\u2019anima e il progresso di questo Paese\u201d<\/em>. Le liti in tv e queste parole hanno firmato definitivamente la sua <em>\u2018condanna\u2019.<\/em><\/p>\n","protected":false},"excerpt":{"rendered":"<p>Il suo ritorno aveva rallegrato molti. Soprattutto quelli che lo ritenevano il miglior giudice che ci fosse mai stato nel talent show. Ma non \u00e8 andata come si sperava. Morgan \u00e8 stato fatto fuori da X Factor dopo il caso della scorsa puntata. Troppe le polemiche, le accuse, le intemperanze dell\u2019artista 50enne. Arriva l\u2019annuncio ufficiale [&hellip;]<\/p>\n","protected":false},"author":4,"featured_media":160305,"comment_status":"open","ping_status":"closed","sticky":false,"template":"","format":"standard","meta":{"footnotes":""},"categories":[54],"tags":[73653,2793,70367,69314,67046,1932,11837,73652,73651,30584],"vip":[1381],"class_list":["post-160301","post","type-post","status-publish","format-standard","has-post-thumbnail","hentry","category-news","tag-freematle","tag-gossip","tag-marcocastoldi","tag-morgan","tag-sifb","tag-sky","tag-xf","tag-xf2023","tag-xf23","tag-xfactor","vip-morgan"],"yoast_head":"<title>Morgan fatto fuori da X Factor dopo il caso della scorsa puntata, l&#039;annuncio ufficiale di Sky e la motivazione - Gossip.it | News sul Gossip e VIP<\/title>\n<meta name=\"description\" content=\"Morgan fatto fuori da X Factor dopo il caso della scorsa puntata, l&#039;annuncio ufficiale di Sky e la motivazione\" \/>\n<meta name=\"robots\" content=\"index, follow, max-snippet:-1, max-image-preview:large, max-video-preview:-1\" \/>\n<link rel=\"canonical\" href=\"https:\/\/www.gossip.it\/news\/morgan-fuori-x-factor-annuncio-motivazione\/\" \/>\n<meta property=\"og:locale\" content=\"it_IT\" \/>\n<meta property=\"og:type\" content=\"article\" \/>\n<meta property=\"og:title\" content=\"Morgan fatto fuori da X Factor dopo il caso della scorsa puntata, l&#039;annuncio ufficiale di Sky e la motivazione - Gossip.it | News sul Gossip e VIP\" \/>\n<meta property=\"og:description\" content=\"Morgan fatto fuori da X Factor dopo il caso della scorsa puntata, l&#039;annuncio ufficiale di Sky e la motivazione\" \/>\n<meta property=\"og:url\" content=\"https:\/\/www.gossip.it\/news\/morgan-fuori-x-factor-annuncio-motivazione\/\" \/>\n<meta property=\"og:site_name\" content=\"Gossip.it | News sul Gossip e VIP\" \/>\n<meta property=\"article:publisher\" content=\"https:\/\/www.facebook.com\/GossipIT\" \/>\n<meta property=\"article:published_time\" content=\"2023-11-21T10:45:49+00:00\" \/>\n<meta property=\"article:modified_time\" content=\"2023-11-23T13:06:02+00:00\" \/>\n<meta property=\"og:image\" content=\"https:\/\/www.gossip.it\/wp-content\/uploads\/2023\/11\/lancio-MORGAN-FB.jpg\" \/>\n\t<meta property=\"og:image:width\" content=\"1134\" \/>\n\t<meta property=\"og:image:height\" content=\"648\" \/>\n\t<meta property=\"og:image:type\" content=\"image\/jpeg\" \/>\n<meta name=\"author\" content=\"Annamaria Capozzi\" \/>\n<meta name=\"twitter:card\" content=\"summary_large_image\" \/>\n<meta name=\"twitter:creator\" content=\"@gossinews_it\" \/>\n<meta name=\"twitter:site\" content=\"@gossinews_it\" \/>\n<meta name=\"twitter:label1\" content=\"Scritto da\" \/>\n\t<meta name=\"twitter:data1\" content=\"Annamaria Capozzi\" \/>\n\t<meta name=\"twitter:label2\" content=\"Tempo di lettura stimato\" \/>\n\t<meta name=\"twitter:data2\" content=\"4 minuti\" \/>","yoast_head_json":{"title":"Morgan fatto fuori da X Factor dopo il caso della scorsa puntata, l'annuncio ufficiale di Sky e la motivazione - Gossip.it | News sul Gossip e VIP","description":"Morgan fatto fuori da X Factor dopo il caso della scorsa puntata, l'annuncio ufficiale di Sky e la motivazione","robots":{"index":"index","follow":"follow","max-snippet":"max-snippet:-1","max-image-preview":"max-image-preview:large","max-video-preview":"max-video-preview:-1"},"canonical":"https:\/\/www.gossip.it\/news\/morgan-fuori-x-factor-annuncio-motivazione\/","og_locale":"it_IT","og_type":"article","og_title":"Morgan fatto fuori da X Factor dopo il caso della scorsa puntata, l'annuncio ufficiale di Sky e la motivazione - Gossip.it | News sul Gossip e VIP","og_description":"Morgan fatto fuori da X Factor dopo il caso della scorsa puntata, l'annuncio ufficiale di Sky e la motivazione","og_url":"https:\/\/www.gossip.it\/news\/morgan-fuori-x-factor-annuncio-motivazione\/","og_site_name":"Gossip.it | News sul Gossip e VIP","article_publisher":"https:\/\/www.facebook.com\/GossipIT","article_published_time":"2023-11-21T10:45:49+00:00","article_modified_time":"2023-11-23T13:06:02+00:00","og_image":[{"width":1134,"height":648,"url":"https:\/\/www.gossip.it\/wp-content\/uploads\/2023\/11\/lancio-MORGAN-FB.jpg","type":"image\/jpeg"}],"author":"Annamaria Capozzi","twitter_card":"summary_large_image","twitter_creator":"@gossinews_it","twitter_site":"@gossinews_it","twitter_misc":{"Scritto da":"Annamaria Capozzi","Tempo di lettura stimato":"4 minuti"},"schema":{"@context":"https:\/\/schema.org","@graph":[{"@type":"Article","@id":"https:\/\/www.gossip.it\/news\/morgan-fuori-x-factor-annuncio-motivazione\/#article","isPartOf":{"@id":"https:\/\/www.gossip.it\/news\/morgan-fuori-x-factor-annuncio-motivazione\/"},"author":{"name":"Annamaria Capozzi","@id":"https:\/\/www.gossip.it\/#\/schema\/person\/4f99be5acc78d3f1b07a146d4fe8256b"},"headline":"Morgan fatto fuori da X Factor dopo il caso della scorsa puntata, l'annuncio ufficiale di Sky e la motivazione","datePublished":"2023-11-21T10:45:49+00:00","dateModified":"2023-11-23T13:06:02+00:00","mainEntityOfPage":{"@id":"https:\/\/www.gossip.it\/news\/morgan-fuori-x-factor-annuncio-motivazione\/"},"wordCount":497,"commentCount":0,"publisher":{"@id":"https:\/\/www.gossip.it\/#organization"},"image":{"@id":"https:\/\/www.gossip.it\/news\/morgan-fuori-x-factor-annuncio-motivazione\/#primaryimage"},"thumbnailUrl":"https:\/\/www.gossip.it\/wp-content\/uploads\/2023\/11\/lancoi-MORGAN.jpg","keywords":["freematle","gossip","marcocastoldi","morgan","sifb","sky","xf","xf2023","xf23","xfactor"],"articleSection":["News"],"inLanguage":"it-IT","potentialAction":[{"@type":"CommentAction","name":"Comment","target":["https:\/\/www.gossip.it\/news\/morgan-fuori-x-factor-annuncio-motivazione\/#respond"]}]},{"@type":"WebPage","@id":"https:\/\/www.gossip.it\/news\/morgan-fuori-x-factor-annuncio-motivazione\/","url":"https:\/\/www.gossip.it\/news\/morgan-fuori-x-factor-annuncio-motivazione\/","name":"Morgan fatto fuori da X Factor dopo il caso della scorsa puntata, l'annuncio ufficiale di Sky e la motivazione - Gossip.it | News sul Gossip e VIP","isPartOf":{"@id":"https:\/\/www.gossip.it\/#website"},"primaryImageOfPage":{"@id":"https:\/\/www.gossip.it\/news\/morgan-fuori-x-factor-annuncio-motivazione\/#primaryimage"},"image":{"@id":"https:\/\/www.gossip.it\/news\/morgan-fuori-x-factor-annuncio-motivazione\/#primaryimage"},"thumbnailUrl":"https:\/\/www.gossip.it\/wp-content\/uploads\/2023\/11\/lancoi-MORGAN.jpg","datePublished":"2023-11-21T10:45:49+00:00","dateModified":"2023-11-23T13:06:02+00:00","description":"Morgan fatto fuori da X Factor dopo il caso della scorsa puntata, l'annuncio ufficiale di Sky e la motivazione","breadcrumb":{"@id":"https:\/\/www.gossip.it\/news\/morgan-fuori-x-factor-annuncio-motivazione\/#breadcrumb"},"inLanguage":"it-IT","potentialAction":[{"@type":"ReadAction","target":["https:\/\/www.gossip.it\/news\/morgan-fuori-x-factor-annuncio-motivazione\/"]}]},{"@type":"ImageObject","inLanguage":"it-IT","@id":"https:\/\/www.gossip.it\/news\/morgan-fuori-x-factor-annuncio-motivazione\/#primaryimage","url":"https:\/\/www.gossip.it\/wp-content\/uploads\/2023\/11\/lancoi-MORGAN.jpg","contentUrl":"https:\/\/www.gossip.it\/wp-content\/uploads\/2023\/11\/lancoi-MORGAN.jpg","width":1134,"height":808},{"@type":"BreadcrumbList","@id":"https:\/\/www.gossip.it\/news\/morgan-fuori-x-factor-annuncio-motivazione\/#breadcrumb","itemListElement":[{"@type":"ListItem","position":1,"name":"Home","item":"https:\/\/www.gossip.it\/"},{"@type":"ListItem","position":2,"name":"Morgan fatto fuori da X Factor dopo il caso della scorsa puntata, l'annuncio ufficiale di Sky e la motivazione"}]},{"@type":"WebSite","@id":"https:\/\/www.gossip.it\/#website","url":"https:\/\/www.gossip.it\/","name":"Gossip and VIP News","description":"Quotidiano di cronaca rosa, costume e societ\u00e0","publisher":{"@id":"https:\/\/www.gossip.it\/#organization"},"alternateName":"Gossip and VIP News","potentialAction":[{"@type":"SearchAction","target":{"@type":"EntryPoint","urlTemplate":"https:\/\/www.gossip.it\/?s={search_term_string}"},"query-input":{"@type":"PropertyValueSpecification","valueRequired":true,"valueName":"search_term_string"}}],"inLanguage":"it-IT"},{"@type":"Organization","@id":"https:\/\/www.gossip.it\/#organization","name":"Gossip and VIP News","alternateName":"Gossip News","url":"https:\/\/www.gossip.it\/","logo":{"@type":"ImageObject","inLanguage":"it-IT","@id":"https:\/\/www.gossip.it\/#\/schema\/logo\/image\/","url":"https:\/\/www.gossip.it\/wp-content\/uploads\/2022\/04\/cropped-corna-alta-tiny.png","contentUrl":"https:\/\/www.gossip.it\/wp-content\/uploads\/2022\/04\/cropped-corna-alta-tiny.png","width":512,"height":512,"caption":"Gossip and VIP News"},"image":{"@id":"https:\/\/www.gossip.it\/#\/schema\/logo\/image\/"},"sameAs":["https:\/\/www.facebook.com\/GossipIT","https:\/\/x.com\/gossinews_it","https:\/\/instagram.com\/gossip_it"]},{"@type":"Person","@id":"https:\/\/www.gossip.it\/#\/schema\/person\/4f99be5acc78d3f1b07a146d4fe8256b","name":"Annamaria Capozzi","image":{"@type":"ImageObject","inLanguage":"it-IT","@id":"https:\/\/www.gossip.it\/#\/schema\/person\/image\/","url":"https:\/\/secure.gravatar.com\/avatar\/a8f8ec0362739e51683bf764949dfb9f8d2539eecc144f2dd938d6381b053468?s=96&d=mm&r=g","contentUrl":"https:\/\/secure.gravatar.com\/avatar\/a8f8ec0362739e51683bf764949dfb9f8d2539eecc144f2dd938d6381b053468?s=96&d=mm&r=g","caption":"Annamaria Capozzi"}}]}},"amp_enabled":true,"_links":{"self":[{"href":"https:\/\/www.gossip.it\/api\/wp\/v2\/posts\/160301","targetHints":{"allow":["GET"]}}],"collection":[{"href":"https:\/\/www.gossip.it\/api\/wp\/v2\/posts"}],"about":[{"href":"https:\/\/www.gossip.it\/api\/wp\/v2\/types\/post"}],"author":[{"embeddable":true,"href":"https:\/\/www.gossip.it\/api\/wp\/v2\/users\/4"}],"replies":[{"embeddable":true,"href":"https:\/\/www.gossip.it\/api\/wp\/v2\/comments?post=160301"}],"version-history":[{"count":1,"href":"https:\/\/www.gossip.it\/api\/wp\/v2\/posts\/160301\/revisions"}],"predecessor-version":[{"id":160307,"href":"https:\/\/www.gossip.it\/api\/wp\/v2\/posts\/160301\/revisions\/160307"}],"wp:featuredmedia":[{"embeddable":true,"href":"https:\/\/www.gossip.it\/api\/wp\/v2\/media\/160305"}],"wp:attachment":[{"href":"https:\/\/www.gossip.it\/api\/wp\/v2\/media?parent=160301"}],"wp:term":[{"taxonomy":"category","embeddable":true,"href":"https:\/\/www.gossip.it\/api\/wp\/v2\/categories?post=160301"},{"taxonomy":"post_tag","embeddable":true,"href":"https:\/\/www.gossip.it\/api\/wp\/v2\/tags?post=160301"},{"taxonomy":"vip","embeddable":true,"href":"https:\/\/www.gossip.it\/api\/wp\/v2\/vip?post=160301"}],"curies":[{"name":"wp","href":"https:\/\/api.w.org\/{rel}","templated":true}]}}