{"id":161792,"date":"2023-12-14T11:05:12","date_gmt":"2023-12-14T10:05:12","guid":{"rendered":"https:\/\/www.gossip.it\/?p=161792"},"modified":"2023-12-15T13:24:01","modified_gmt":"2023-12-15T12:24:01","slug":"francesco-totti-noemi-bocchi-social-dopo-documentario-ilary-blasi","status":"publish","type":"post","link":"https:\/\/www.gossip.it\/news\/francesco-totti-noemi-bocchi-social-dopo-documentario-ilary-blasi\/","title":{"rendered":"Francesco Totti e Noemi Bocchi tornano a farsi vedere sul social insieme dopo l'uscita del documentario di Ilary Blasi: ecco dove sono"},"content":{"rendered":"\n<ul class=\"wp-block-list\">\n<li>Vacanza d\u2019amore oltreoceano prima del Natale per il 47enne e la 35enne<\/li>\n\n\n\n<li>Con la coppia anche l\u2019ultimogenita dello sportivo, Isabel, e i due figli di lei di 11 e 9 anni<\/li>\n<\/ul>\n\n\n\n<p>Non gli importa nulla di <em>Unica<\/em>. <strong><a href=\"http:\/\/www.gossip.it\/vip\/francesco-totti\">Francesco Totti<\/a> e <a href=\"http:\/\/www.gossip.it\/vip\/noemi-bocchi\">Noemi Bocchi<\/a> tornano a farsi vedere sul social insieme dopo l'uscita del documentario di <a href=\"http:\/\/www.gossip.it\/vip\/ilary-blasi\">Ilary Blasi<\/a><\/strong>, quello in cui racconta la sua verit\u00e0 sul tradimento dell\u2019ex marito e la loro separazione. Il 47enne e la 35enne <strong>sono pi\u00f9 innamorati che mai<\/strong>. Le parole della conduttrice 42enne non hanno provocato alcuno scossone. Lo sportivo e la compagna <strong>si godono la loro vacanza prenatalizia a New York<\/strong> e regalano una foto con vista dall\u2019alto della Grande Mela.<\/p>\n\n\n\n<figure class=\"wp-block-image size-large is-resized\"><img decoding=\"async\" width=\"724\" height=\"1024\" src=\"https:\/\/www.gossip.it\/wp-content\/uploads\/2023\/12\/totti_bocchi_1-724x1024.jpg\" alt=\"\" class=\"wp-image-161793\" style=\"width:768px;height:auto\" srcset=\"https:\/\/www.gossip.it\/wp-content\/uploads\/2023\/12\/totti_bocchi_1-724x1024.jpg 724w, https:\/\/www.gossip.it\/wp-content\/uploads\/2023\/12\/totti_bocchi_1-212x300.jpg 212w, https:\/\/www.gossip.it\/wp-content\/uploads\/2023\/12\/totti_bocchi_1-768x1086.jpg 768w, https:\/\/www.gossip.it\/wp-content\/uploads\/2023\/12\/totti_bocchi_1-1087x1536.jpg 1087w, https:\/\/www.gossip.it\/wp-content\/uploads\/2023\/12\/totti_bocchi_1-750x1060.jpg 750w, https:\/\/www.gossip.it\/wp-content\/uploads\/2023\/12\/totti_bocchi_1.jpg 1134w\" sizes=\"(max-width: 724px) 100vw, 724px\" \/><figcaption class=\"wp-element-caption\">Francesco Totti e Noemi Bocchi tornano a farsi vedere sul social insieme dopo l'uscita del documentario di Ilary Blasi: ecco dove sono, a New York<\/figcaption><\/figure>\n\n\n\n<p>L\u2019ex capitano della Roma e la fidanzata sono volati negli Usa da alcuni giorni. Non sono soli. <strong>Con loro sono partiti anche Isabel, 7 anni, l\u2019ultimogenita di Francesco, e i due figli di Noemi<\/strong>, una femminuccia di 11 anni e un maschietto di 9. Tutti insieme si divertono un mondo da grande famiglia allargata.<\/p>\n\n\n\n<figure class=\"wp-block-image size-large\"><img decoding=\"async\" width=\"729\" height=\"1024\" src=\"https:\/\/www.gossip.it\/wp-content\/uploads\/2023\/12\/totti_bocchi_2-729x1024.jpg\" alt=\"\" class=\"wp-image-161794\" srcset=\"https:\/\/www.gossip.it\/wp-content\/uploads\/2023\/12\/totti_bocchi_2-729x1024.jpg 729w, https:\/\/www.gossip.it\/wp-content\/uploads\/2023\/12\/totti_bocchi_2-214x300.jpg 214w, https:\/\/www.gossip.it\/wp-content\/uploads\/2023\/12\/totti_bocchi_2-768x1079.jpg 768w, https:\/\/www.gossip.it\/wp-content\/uploads\/2023\/12\/totti_bocchi_2-1093x1536.jpg 1093w, https:\/\/www.gossip.it\/wp-content\/uploads\/2023\/12\/totti_bocchi_2-750x1054.jpg 750w, https:\/\/www.gossip.it\/wp-content\/uploads\/2023\/12\/totti_bocchi_2.jpg 1134w\" sizes=\"(max-width: 729px) 100vw, 729px\" \/><figcaption class=\"wp-element-caption\">Con la coppia anche l\u2019ultimogenita dello sportivo, Isabel, e i due figli di lei di 11 e 9 anni<\/figcaption><\/figure>\n\n\n\n<figure class=\"wp-block-image size-large is-resized\"><img decoding=\"async\" width=\"726\" height=\"1024\" src=\"https:\/\/www.gossip.it\/wp-content\/uploads\/2023\/12\/totti_bocchi_3-726x1024.jpg\" alt=\"\" class=\"wp-image-161795\" style=\"width:768px;height:auto\" srcset=\"https:\/\/www.gossip.it\/wp-content\/uploads\/2023\/12\/totti_bocchi_3-726x1024.jpg 726w, https:\/\/www.gossip.it\/wp-content\/uploads\/2023\/12\/totti_bocchi_3-213x300.jpg 213w, https:\/\/www.gossip.it\/wp-content\/uploads\/2023\/12\/totti_bocchi_3-768x1084.jpg 768w, https:\/\/www.gossip.it\/wp-content\/uploads\/2023\/12\/totti_bocchi_3-1089x1536.jpg 1089w, https:\/\/www.gossip.it\/wp-content\/uploads\/2023\/12\/totti_bocchi_3-750x1058.jpg 750w, https:\/\/www.gossip.it\/wp-content\/uploads\/2023\/12\/totti_bocchi_3.jpg 1134w\" sizes=\"(max-width: 726px) 100vw, 726px\" \/><figcaption class=\"wp-element-caption\">La 35enne condivide sul social alcuni scatti della vacanza<\/figcaption><\/figure>\n\n\n\n<p>La Bocchi, che ha avuto i pargoli dall\u2019ex marito <a href=\"http:\/\/www.gossip.it\/vip\/mario-caucci\">Mario Caucci,<\/a> con cui \u00e8 stata per 11 anni e si \u00e8 lasciata nel 2017 (la separazione ufficiale, per\u00f2, \u00e8 arrivata nel 2019), nei giorni scorsi aveva condiviso sul suo account Instagram alcuni scatti dei bambini nelle storie. <strong>Ora si mostra con l\u2019uomo che l\u2019ha fatta nuovamente innamorare e a cui si \u00e8 legata da un anno<\/strong>.<\/p>\n\n\n\n<figure class=\"wp-block-image size-large is-resized\"><img decoding=\"async\" width=\"699\" height=\"1024\" src=\"https:\/\/www.gossip.it\/wp-content\/uploads\/2023\/12\/totti_bocchi_4-699x1024.jpg\" alt=\"\" class=\"wp-image-161796\" style=\"width:768px;height:auto\" srcset=\"https:\/\/www.gossip.it\/wp-content\/uploads\/2023\/12\/totti_bocchi_4-699x1024.jpg 699w, https:\/\/www.gossip.it\/wp-content\/uploads\/2023\/12\/totti_bocchi_4-205x300.jpg 205w, https:\/\/www.gossip.it\/wp-content\/uploads\/2023\/12\/totti_bocchi_4-768x1126.jpg 768w, https:\/\/www.gossip.it\/wp-content\/uploads\/2023\/12\/totti_bocchi_4-1048x1536.jpg 1048w, https:\/\/www.gossip.it\/wp-content\/uploads\/2023\/12\/totti_bocchi_4-750x1099.jpg 750w, https:\/\/www.gossip.it\/wp-content\/uploads\/2023\/12\/totti_bocchi_4.jpg 1134w\" sizes=\"(max-width: 699px) 100vw, 699px\" \/><figcaption class=\"wp-element-caption\">I tre bambini sono molti legati tra di loro<\/figcaption><\/figure>\n\n\n\n<p>Noemi nella foto sottolinea il numero 13 attorniato da cuori: ci si chiede se anche loro, come la Blasi e <a href=\"http:\/\/www.gossip.it\/vip\/bastian-muller\">Bastian Muller<\/a>, siano a NY per festeggiare l\u2019anniversario. La presentatrice e il tedesco avevano celebrato i 365 giorni d\u2019amore a Manhattan a fine novembre scorso. Sarebbe davvero singolare che anche Totti e la Bocchi abbiano deciso di fare lo stesso. Come un botta e risposta a distanza senza esclusione di colpi\u2026<\/p>\n","protected":false},"excerpt":{"rendered":"<p>Non gli importa nulla di Unica. Francesco Totti e Noemi...<\/p>\n","protected":false},"author":4,"featured_media":161887,"comment_status":"open","ping_status":"closed","sticky":false,"template":"","format":"standard","meta":{"footnotes":""},"categories":[54],"tags":[63564,2793,63563,7261,25008,63936,11380,67046,2878,2189,2765],"vip":[801,64137],"class_list":["post-161792","post","type-post","status-publish","format-standard","has-post-thumbnail","hentry","category-news","tag-francescototti","tag-gossip","tag-ilaryblasi","tag-manhattan","tag-newyork","tag-noemibocchi","tag-ny","tag-sifb","tag-states","tag-totti","tag-usa","vip-francesco_totti","vip-noemi-bocchi"],"yoast_head":"<title>Francesco Totti e Noemi Bocchi tornano a farsi vedere sul social insieme dopo l&#039;uscita del documentario di Ilary Blasi: ecco dove sono - Gossip.it | News sul Gossip e VIP<\/title>\n<meta name=\"description\" content=\"Francesco Totti e Noemi Bocchi tornano a farsi vedere sul social insieme dopo l&#039;uscita del documentario di Ilary Blasi: dove sono\" \/>\n<meta name=\"robots\" content=\"index, follow, max-snippet:-1, max-image-preview:large, max-video-preview:-1\" \/>\n<link rel=\"canonical\" href=\"https:\/\/www.gossip.it\/news\/francesco-totti-noemi-bocchi-social-dopo-documentario-ilary-blasi\/\" \/>\n<meta property=\"og:locale\" content=\"it_IT\" \/>\n<meta property=\"og:type\" content=\"article\" \/>\n<meta property=\"og:title\" content=\"Francesco Totti e Noemi Bocchi tornano a farsi vedere sul social insieme dopo l&#039;uscita del documentario di Ilary Blasi: ecco dove sono - Gossip.it | News sul Gossip e VIP\" \/>\n<meta property=\"og:description\" content=\"Francesco Totti e Noemi Bocchi tornano a farsi vedere sul social insieme dopo l&#039;uscita del documentario di Ilary Blasi: dove sono\" \/>\n<meta property=\"og:url\" content=\"https:\/\/www.gossip.it\/news\/francesco-totti-noemi-bocchi-social-dopo-documentario-ilary-blasi\/\" \/>\n<meta property=\"og:site_name\" content=\"Gossip.it | News sul Gossip e VIP\" \/>\n<meta property=\"article:publisher\" content=\"https:\/\/www.facebook.com\/GossipIT\" \/>\n<meta property=\"article:published_time\" content=\"2023-12-14T10:05:12+00:00\" \/>\n<meta property=\"article:modified_time\" content=\"2023-12-15T12:24:01+00:00\" \/>\n<meta property=\"og:image\" content=\"https:\/\/www.gossip.it\/wp-content\/uploads\/2023\/12\/PP-TOTTI.jpg\" \/>\n\t<meta property=\"og:image:width\" content=\"1134\" \/>\n\t<meta property=\"og:image:height\" content=\"564\" \/>\n\t<meta property=\"og:image:type\" content=\"image\/jpeg\" \/>\n<meta name=\"author\" content=\"Annamaria Capozzi\" \/>\n<meta name=\"twitter:card\" content=\"summary_large_image\" \/>\n<meta name=\"twitter:creator\" content=\"@gossinews_it\" \/>\n<meta name=\"twitter:site\" content=\"@gossinews_it\" \/>\n<meta name=\"twitter:label1\" content=\"Scritto da\" \/>\n\t<meta name=\"twitter:data1\" content=\"Annamaria Capozzi\" \/>\n\t<meta name=\"twitter:label2\" content=\"Tempo di lettura stimato\" \/>\n\t<meta name=\"twitter:data2\" content=\"3 minuti\" \/>","yoast_head_json":{"title":"Francesco Totti e Noemi Bocchi tornano a farsi vedere sul social insieme dopo l'uscita del documentario di Ilary Blasi: ecco dove sono - Gossip.it | News sul Gossip e VIP","description":"Francesco Totti e Noemi Bocchi tornano a farsi vedere sul social insieme dopo l'uscita del documentario di Ilary Blasi: dove sono","robots":{"index":"index","follow":"follow","max-snippet":"max-snippet:-1","max-image-preview":"max-image-preview:large","max-video-preview":"max-video-preview:-1"},"canonical":"https:\/\/www.gossip.it\/news\/francesco-totti-noemi-bocchi-social-dopo-documentario-ilary-blasi\/","og_locale":"it_IT","og_type":"article","og_title":"Francesco Totti e Noemi Bocchi tornano a farsi vedere sul social insieme dopo l'uscita del documentario di Ilary Blasi: ecco dove sono - Gossip.it | News sul Gossip e VIP","og_description":"Francesco Totti e Noemi Bocchi tornano a farsi vedere sul social insieme dopo l'uscita del documentario di Ilary Blasi: dove sono","og_url":"https:\/\/www.gossip.it\/news\/francesco-totti-noemi-bocchi-social-dopo-documentario-ilary-blasi\/","og_site_name":"Gossip.it | News sul Gossip e VIP","article_publisher":"https:\/\/www.facebook.com\/GossipIT","article_published_time":"2023-12-14T10:05:12+00:00","article_modified_time":"2023-12-15T12:24:01+00:00","og_image":[{"width":1134,"height":564,"url":"https:\/\/www.gossip.it\/wp-content\/uploads\/2023\/12\/PP-TOTTI.jpg","type":"image\/jpeg"}],"author":"Annamaria Capozzi","twitter_card":"summary_large_image","twitter_creator":"@gossinews_it","twitter_site":"@gossinews_it","twitter_misc":{"Scritto da":"Annamaria Capozzi","Tempo di lettura stimato":"3 minuti"},"schema":{"@context":"https:\/\/schema.org","@graph":[{"@type":"Article","@id":"https:\/\/www.gossip.it\/news\/francesco-totti-noemi-bocchi-social-dopo-documentario-ilary-blasi\/#article","isPartOf":{"@id":"https:\/\/www.gossip.it\/news\/francesco-totti-noemi-bocchi-social-dopo-documentario-ilary-blasi\/"},"author":{"name":"Annamaria Capozzi","@id":"https:\/\/www.gossip.it\/#\/schema\/person\/4f99be5acc78d3f1b07a146d4fe8256b"},"headline":"Francesco Totti e Noemi Bocchi tornano a farsi vedere sul social insieme dopo l'uscita del documentario di Ilary Blasi: ecco dove sono","datePublished":"2023-12-14T10:05:12+00:00","dateModified":"2023-12-15T12:24:01+00:00","mainEntityOfPage":{"@id":"https:\/\/www.gossip.it\/news\/francesco-totti-noemi-bocchi-social-dopo-documentario-ilary-blasi\/"},"wordCount":389,"commentCount":0,"publisher":{"@id":"https:\/\/www.gossip.it\/#organization"},"image":{"@id":"https:\/\/www.gossip.it\/news\/francesco-totti-noemi-bocchi-social-dopo-documentario-ilary-blasi\/#primaryimage"},"thumbnailUrl":"https:\/\/www.gossip.it\/wp-content\/uploads\/2023\/12\/lancio-TOTTI-2.jpg","keywords":["francescototti","gossip","ilaryblasi","manhattan","newyork","noemibocchi","ny","sifb","states","totti","usa"],"articleSection":["News"],"inLanguage":"it-IT","potentialAction":[{"@type":"CommentAction","name":"Comment","target":["https:\/\/www.gossip.it\/news\/francesco-totti-noemi-bocchi-social-dopo-documentario-ilary-blasi\/#respond"]}]},{"@type":"WebPage","@id":"https:\/\/www.gossip.it\/news\/francesco-totti-noemi-bocchi-social-dopo-documentario-ilary-blasi\/","url":"https:\/\/www.gossip.it\/news\/francesco-totti-noemi-bocchi-social-dopo-documentario-ilary-blasi\/","name":"Francesco Totti e Noemi Bocchi tornano a farsi vedere sul social insieme dopo l'uscita del documentario di Ilary Blasi: ecco dove sono - Gossip.it | News sul Gossip e VIP","isPartOf":{"@id":"https:\/\/www.gossip.it\/#website"},"primaryImageOfPage":{"@id":"https:\/\/www.gossip.it\/news\/francesco-totti-noemi-bocchi-social-dopo-documentario-ilary-blasi\/#primaryimage"},"image":{"@id":"https:\/\/www.gossip.it\/news\/francesco-totti-noemi-bocchi-social-dopo-documentario-ilary-blasi\/#primaryimage"},"thumbnailUrl":"https:\/\/www.gossip.it\/wp-content\/uploads\/2023\/12\/lancio-TOTTI-2.jpg","datePublished":"2023-12-14T10:05:12+00:00","dateModified":"2023-12-15T12:24:01+00:00","description":"Francesco Totti e Noemi Bocchi tornano a farsi vedere sul social insieme dopo l'uscita del documentario di Ilary Blasi: dove sono","breadcrumb":{"@id":"https:\/\/www.gossip.it\/news\/francesco-totti-noemi-bocchi-social-dopo-documentario-ilary-blasi\/#breadcrumb"},"inLanguage":"it-IT","potentialAction":[{"@type":"ReadAction","target":["https:\/\/www.gossip.it\/news\/francesco-totti-noemi-bocchi-social-dopo-documentario-ilary-blasi\/"]}]},{"@type":"ImageObject","inLanguage":"it-IT","@id":"https:\/\/www.gossip.it\/news\/francesco-totti-noemi-bocchi-social-dopo-documentario-ilary-blasi\/#primaryimage","url":"https:\/\/www.gossip.it\/wp-content\/uploads\/2023\/12\/lancio-TOTTI-2.jpg","contentUrl":"https:\/\/www.gossip.it\/wp-content\/uploads\/2023\/12\/lancio-TOTTI-2.jpg","width":1134,"height":808},{"@type":"BreadcrumbList","@id":"https:\/\/www.gossip.it\/news\/francesco-totti-noemi-bocchi-social-dopo-documentario-ilary-blasi\/#breadcrumb","itemListElement":[{"@type":"ListItem","position":1,"name":"Home","item":"https:\/\/www.gossip.it\/"},{"@type":"ListItem","position":2,"name":"Francesco Totti e Noemi Bocchi tornano a farsi vedere sul social insieme dopo l'uscita del documentario di Ilary Blasi: ecco dove sono"}]},{"@type":"WebSite","@id":"https:\/\/www.gossip.it\/#website","url":"https:\/\/www.gossip.it\/","name":"Gossip and VIP News","description":"Quotidiano di cronaca rosa, costume e societ\u00e0","publisher":{"@id":"https:\/\/www.gossip.it\/#organization"},"alternateName":"Gossip and VIP News","potentialAction":[{"@type":"SearchAction","target":{"@type":"EntryPoint","urlTemplate":"https:\/\/www.gossip.it\/?s={search_term_string}"},"query-input":{"@type":"PropertyValueSpecification","valueRequired":true,"valueName":"search_term_string"}}],"inLanguage":"it-IT"},{"@type":"Organization","@id":"https:\/\/www.gossip.it\/#organization","name":"Gossip and VIP News","alternateName":"Gossip News","url":"https:\/\/www.gossip.it\/","logo":{"@type":"ImageObject","inLanguage":"it-IT","@id":"https:\/\/www.gossip.it\/#\/schema\/logo\/image\/","url":"https:\/\/www.gossip.it\/wp-content\/uploads\/2022\/04\/cropped-corna-alta-tiny.png","contentUrl":"https:\/\/www.gossip.it\/wp-content\/uploads\/2022\/04\/cropped-corna-alta-tiny.png","width":512,"height":512,"caption":"Gossip and VIP News"},"image":{"@id":"https:\/\/www.gossip.it\/#\/schema\/logo\/image\/"},"sameAs":["https:\/\/www.facebook.com\/GossipIT","https:\/\/x.com\/gossinews_it","https:\/\/instagram.com\/gossip_it"]},{"@type":"Person","@id":"https:\/\/www.gossip.it\/#\/schema\/person\/4f99be5acc78d3f1b07a146d4fe8256b","name":"Annamaria Capozzi","image":{"@type":"ImageObject","inLanguage":"it-IT","@id":"https:\/\/www.gossip.it\/#\/schema\/person\/image\/","url":"https:\/\/secure.gravatar.com\/avatar\/a8f8ec0362739e51683bf764949dfb9f8d2539eecc144f2dd938d6381b053468?s=96&d=mm&r=g","contentUrl":"https:\/\/secure.gravatar.com\/avatar\/a8f8ec0362739e51683bf764949dfb9f8d2539eecc144f2dd938d6381b053468?s=96&d=mm&r=g","caption":"Annamaria Capozzi"}}]}},"amp_enabled":true,"_links":{"self":[{"href":"https:\/\/www.gossip.it\/api\/wp\/v2\/posts\/161792","targetHints":{"allow":["GET"]}}],"collection":[{"href":"https:\/\/www.gossip.it\/api\/wp\/v2\/posts"}],"about":[{"href":"https:\/\/www.gossip.it\/api\/wp\/v2\/types\/post"}],"author":[{"embeddable":true,"href":"https:\/\/www.gossip.it\/api\/wp\/v2\/users\/4"}],"replies":[{"embeddable":true,"href":"https:\/\/www.gossip.it\/api\/wp\/v2\/comments?post=161792"}],"version-history":[{"count":1,"href":"https:\/\/www.gossip.it\/api\/wp\/v2\/posts\/161792\/revisions"}],"predecessor-version":[{"id":161888,"href":"https:\/\/www.gossip.it\/api\/wp\/v2\/posts\/161792\/revisions\/161888"}],"wp:featuredmedia":[{"embeddable":true,"href":"https:\/\/www.gossip.it\/api\/wp\/v2\/media\/161887"}],"wp:attachment":[{"href":"https:\/\/www.gossip.it\/api\/wp\/v2\/media?parent=161792"}],"wp:term":[{"taxonomy":"category","embeddable":true,"href":"https:\/\/www.gossip.it\/api\/wp\/v2\/categories?post=161792"},{"taxonomy":"post_tag","embeddable":true,"href":"https:\/\/www.gossip.it\/api\/wp\/v2\/tags?post=161792"},{"taxonomy":"vip","embeddable":true,"href":"https:\/\/www.gossip.it\/api\/wp\/v2\/vip?post=161792"}],"curies":[{"name":"wp","href":"https:\/\/api.w.org\/{rel}","templated":true}]}}