{"id":161906,"date":"2023-12-15T12:25:09","date_gmt":"2023-12-15T11:25:09","guid":{"rendered":"https:\/\/www.gossip.it\/?p=161906"},"modified":"2023-12-18T11:00:19","modified_gmt":"2023-12-18T10:00:19","slug":"giorgia-palmas-filippo-magnini-tornano-baciarsi-milano-dove-dati-primo-bacio","status":"publish","type":"post","link":"https:\/\/www.gossip.it\/news\/giorgia-palmas-filippo-magnini-tornano-baciarsi-milano-dove-dati-primo-bacio\/","title":{"rendered":"Giorgia Palmas e Filippo Magnini tornano a baciarsi nel luogo iconico di Milano dove si erano dati il primo bacio 6 anni fa: guarda"},"content":{"rendered":"\n<ul class=\"wp-block-list\">\n<li>L\u2019ex campione di nuoto 41enne e l\u2019ex velina sua coetanea in Piazza del Duomo<\/li>\n\n\n\n<li>Si sono fidanzati a marzo del 2018, ma evidentemente si sono frequentati un po\u2019 prima...<\/li>\n<\/ul>\n\n\n\n<p>Stanno insieme dal marzo 2018, ma hanno cominciato a frequentarsi un po\u2019 prima. <strong><a href=\"http:\/\/www.gossip.it\/vip\/giorgia-palmas\">Giorgia Palmas<\/a> e <a href=\"http:\/\/www.gossip.it\/vip\/filippo-magnini\">Filippo Magnini<\/a> tornano a baciarsi nel luogo iconico di Milano dove si erano dati il primo bacio circa 6 anni fa<\/strong>. L\u2019ex campione di nuoto 41enne e l\u2019ex velina sua coetanea si fanno vedere <strong>insieme in Piazza del Duomo<\/strong>. Alle loro spalle troneggia un gigantesco albero di Natale illuminato.<\/p>\n\n\n\n<figure class=\"wp-block-image size-large is-resized\"><img decoding=\"async\" width=\"648\" height=\"1024\" src=\"https:\/\/www.gossip.it\/wp-content\/uploads\/2023\/12\/palmas_1-648x1024.jpg\" alt=\"\" class=\"wp-image-161907\" style=\"width:768px;height:auto\" srcset=\"https:\/\/www.gossip.it\/wp-content\/uploads\/2023\/12\/palmas_1-648x1024.jpg 648w, https:\/\/www.gossip.it\/wp-content\/uploads\/2023\/12\/palmas_1-190x300.jpg 190w, https:\/\/www.gossip.it\/wp-content\/uploads\/2023\/12\/palmas_1-768x1214.jpg 768w, https:\/\/www.gossip.it\/wp-content\/uploads\/2023\/12\/palmas_1-972x1536.jpg 972w, https:\/\/www.gossip.it\/wp-content\/uploads\/2023\/12\/palmas_1-750x1185.jpg 750w, https:\/\/www.gossip.it\/wp-content\/uploads\/2023\/12\/palmas_1.jpg 1134w\" sizes=\"(max-width: 648px) 100vw, 648px\" \/><figcaption class=\"wp-element-caption\">Giorgia Palmas e Filippo Magnini tornano a baciarsi nel luogo iconico di Milano dove si erano dati il primo bacio 6 anni fa<\/figcaption><\/figure>\n\n\n\n<p><em>\u201cE dopo quasi 6 anni, guarda dove ti ho portato<\/em> - dice Re Magno alla moglie - <em><strong>Ce lo diamo un bacino dopo 6 anni?<\/strong>\u201d<\/em>. <em>\u201cEravamo sul gradino<\/em> - puntualizza Giorgia - <em>Andiamo l\u00ec\u201d<\/em>. I due, innamorati come il primo giorno, si dirigono cos\u00ec nel punto esatto in cui \u00e8 accaduto tutto. <em>\u201c<strong>Qui c\u2019\u00e8 stato il nostro primo bacio<\/strong>\u201d<\/em>, spiega Filippo.<\/p>\n\n\n<div class=\"lazyblock-gossipvideo-Z14UErK align wp-block-lazyblock-gossipvideo\"><script>window.azrnVideoPlaylist=\"https:\/\/www.gossip.it\/api\/gossip\/video\/playlist_v2\/latest\/161902\/gossip.it\"<\/script><div id=\"gmp-intext-video\"><\/div><\/div>\n\n\n<p><em>\u201cLei era sul gradino, io no\u201d<\/em>, continua lo sportivo. La coppia si scambia davanti all\u2019obiettivo dello smartphone un bel bacio. Condivide il breve video sul social, catturando una pioggia di \u2018like\u2019 dai tanti fan romantici che adorano i finali da favola.<\/p>\n\n\n\n<p>E sembra proprio una favola quella tra Magnini e la Palmas. Si sono incontrati entrambi reduci da storie finite male, lei con <a href=\"http:\/\/www.gossip.it\/vittorio-brumotti\">Vittorio Brumotti<\/a>, lui con <a href=\"http:\/\/www.gossip.it\/vip\/federica-pellegrini\">Federica Pellegrini<\/a>. Anime affini, si sono fatti travolgere dalla passione e sono ripartiti insieme. <strong>Il 25 settembre 2020 \u00e8 nata Mia<\/strong>, la loro bimba, secondogenita per Giorgia, gi\u00e0 madre di Sofia, venuta al mondo nel 2008 dalla relazione con <a href=\"http:\/\/www.gossip.it\/vip\/davide-bombardini\">Davide Bombardini<\/a>.<\/p>\n\n\n\n<figure class=\"wp-block-image size-large is-resized\"><img decoding=\"async\" width=\"647\" height=\"1024\" src=\"https:\/\/www.gossip.it\/wp-content\/uploads\/2023\/12\/palmas_2-647x1024.jpg\" alt=\"\" class=\"wp-image-161908\" style=\"width:768px;height:auto\" srcset=\"https:\/\/www.gossip.it\/wp-content\/uploads\/2023\/12\/palmas_2-647x1024.jpg 647w, https:\/\/www.gossip.it\/wp-content\/uploads\/2023\/12\/palmas_2-190x300.jpg 190w, https:\/\/www.gossip.it\/wp-content\/uploads\/2023\/12\/palmas_2-768x1216.jpg 768w, https:\/\/www.gossip.it\/wp-content\/uploads\/2023\/12\/palmas_2-970x1536.jpg 970w, https:\/\/www.gossip.it\/wp-content\/uploads\/2023\/12\/palmas_2-750x1187.jpg 750w, https:\/\/www.gossip.it\/wp-content\/uploads\/2023\/12\/palmas_2.jpg 1134w\" sizes=\"(max-width: 647px) 100vw, 647px\" \/><figcaption class=\"wp-element-caption\">L\u2019ex campione di nuoto 41enne e l\u2019ex velina sua coetanea in Piazza del Duomo<\/figcaption><\/figure>\n\n\n\n<p><strong>Le nozze civili sono arrivate il 12 maggio 2021, quelle in chiesa un anno dopo, sabato 14 maggio 2022<\/strong>. <em>\"Avrebbe potuto stupirmi con chiss\u00e0 quali cose, invece ha scelto la strada del cuore. La forza della sua semplicit\u00e0 mi ha stregata. Mi corteggia ancora oggi con lo stesso slancio e con mille sorprese\u201d<\/em>, ha detto lei del compagno di vita a <em>Gente<\/em>. <em>\u201cCon lei al fianco sono pi\u00f9 tranquillo, sono riuscito a tirare fuori il mio lato migliore. Penso alle esperienze della vita:se le avessimo condivise insieme sarebbero state pi\u00f9 belle e leggere. Giorgia \u00e8 super veloce nei ragionamenti, \u00e8 versatile, ha una comicit\u00e0 naturale e la battuta pronta, \u00e8 divertente, riesce sempre ad alleggerire la situazione\u201d<\/em>, ha replicato lui.<\/p>\n","protected":false},"excerpt":{"rendered":"<p>Stanno insieme dal marzo 2018, ma hanno cominciato a...<\/p>\n","protected":false},"author":4,"featured_media":161909,"comment_status":"open","ping_status":"closed","sticky":false,"template":"","format":"standard","meta":{"footnotes":""},"categories":[54],"tags":[64385,74125,64382,74127,2793,1979,74124,74126,74122,67046],"vip":[751,866],"class_list":["post-161906","post","type-post","status-publish","format-standard","has-post-thumbnail","hentry","category-news","tag-filippomagnini","tag-filippomagninimoglie","tag-giorgiapalmas","tag-giorgiapalmasmarito","tag-gossip","tag-milano","tag-palmasmagniniprimobacio","tag-piazzadelduomo","tag-primobacio","tag-sifb","vip-filippo_magnini","vip-giorgia_palmas"],"yoast_head":"<title>Giorgia Palmas e Filippo Magnini tornano a baciarsi nel luogo iconico di Milano dove si erano dati il primo bacio 6 anni fa: guarda - Gossip.it | News sul Gossip e VIP<\/title>\n<meta name=\"description\" content=\"Giorgia Palmas e Filippo Magnini tornano a baciarsi nel luogo iconico di Milano dove si erano dati il primo bacio 6 anni fa: guarda\" \/>\n<meta name=\"robots\" content=\"index, follow, max-snippet:-1, max-image-preview:large, max-video-preview:-1\" \/>\n<link rel=\"canonical\" href=\"https:\/\/www.gossip.it\/news\/giorgia-palmas-filippo-magnini-tornano-baciarsi-milano-dove-dati-primo-bacio\/\" \/>\n<meta property=\"og:locale\" content=\"it_IT\" \/>\n<meta property=\"og:type\" content=\"article\" \/>\n<meta property=\"og:title\" content=\"Giorgia Palmas e Filippo Magnini tornano a baciarsi nel luogo iconico di Milano dove si erano dati il primo bacio 6 anni fa: guarda - Gossip.it | News sul Gossip e VIP\" \/>\n<meta property=\"og:description\" content=\"Giorgia Palmas e Filippo Magnini tornano a baciarsi nel luogo iconico di Milano dove si erano dati il primo bacio 6 anni fa: guarda\" \/>\n<meta property=\"og:url\" content=\"https:\/\/www.gossip.it\/news\/giorgia-palmas-filippo-magnini-tornano-baciarsi-milano-dove-dati-primo-bacio\/\" \/>\n<meta property=\"og:site_name\" content=\"Gossip.it | News sul Gossip e VIP\" \/>\n<meta property=\"article:publisher\" content=\"https:\/\/www.facebook.com\/GossipIT\" \/>\n<meta property=\"article:published_time\" content=\"2023-12-15T11:25:09+00:00\" \/>\n<meta property=\"article:modified_time\" content=\"2023-12-18T10:00:19+00:00\" \/>\n<meta property=\"og:image\" content=\"https:\/\/www.gossip.it\/wp-content\/uploads\/2023\/12\/lancio-PALMAS-FB.jpg\" \/>\n\t<meta property=\"og:image:width\" content=\"1134\" \/>\n\t<meta property=\"og:image:height\" content=\"635\" \/>\n\t<meta property=\"og:image:type\" content=\"image\/jpeg\" \/>\n<meta name=\"author\" content=\"Annamaria Capozzi\" \/>\n<meta name=\"twitter:card\" content=\"summary_large_image\" \/>\n<meta name=\"twitter:creator\" content=\"@gossinews_it\" \/>\n<meta name=\"twitter:site\" content=\"@gossinews_it\" \/>\n<meta name=\"twitter:label1\" content=\"Scritto da\" \/>\n\t<meta name=\"twitter:data1\" content=\"Annamaria Capozzi\" \/>\n\t<meta name=\"twitter:label2\" content=\"Tempo di lettura stimato\" \/>\n\t<meta name=\"twitter:data2\" content=\"3 minuti\" \/>","yoast_head_json":{"title":"Giorgia Palmas e Filippo Magnini tornano a baciarsi nel luogo iconico di Milano dove si erano dati il primo bacio 6 anni fa: guarda - Gossip.it | News sul Gossip e VIP","description":"Giorgia Palmas e Filippo Magnini tornano a baciarsi nel luogo iconico di Milano dove si erano dati il primo bacio 6 anni fa: guarda","robots":{"index":"index","follow":"follow","max-snippet":"max-snippet:-1","max-image-preview":"max-image-preview:large","max-video-preview":"max-video-preview:-1"},"canonical":"https:\/\/www.gossip.it\/news\/giorgia-palmas-filippo-magnini-tornano-baciarsi-milano-dove-dati-primo-bacio\/","og_locale":"it_IT","og_type":"article","og_title":"Giorgia Palmas e Filippo Magnini tornano a baciarsi nel luogo iconico di Milano dove si erano dati il primo bacio 6 anni fa: guarda - Gossip.it | News sul Gossip e VIP","og_description":"Giorgia Palmas e Filippo Magnini tornano a baciarsi nel luogo iconico di Milano dove si erano dati il primo bacio 6 anni fa: guarda","og_url":"https:\/\/www.gossip.it\/news\/giorgia-palmas-filippo-magnini-tornano-baciarsi-milano-dove-dati-primo-bacio\/","og_site_name":"Gossip.it | News sul Gossip e VIP","article_publisher":"https:\/\/www.facebook.com\/GossipIT","article_published_time":"2023-12-15T11:25:09+00:00","article_modified_time":"2023-12-18T10:00:19+00:00","og_image":[{"width":1134,"height":635,"url":"https:\/\/www.gossip.it\/wp-content\/uploads\/2023\/12\/lancio-PALMAS-FB.jpg","type":"image\/jpeg"}],"author":"Annamaria Capozzi","twitter_card":"summary_large_image","twitter_creator":"@gossinews_it","twitter_site":"@gossinews_it","twitter_misc":{"Scritto da":"Annamaria Capozzi","Tempo di lettura stimato":"3 minuti"},"schema":{"@context":"https:\/\/schema.org","@graph":[{"@type":"Article","@id":"https:\/\/www.gossip.it\/news\/giorgia-palmas-filippo-magnini-tornano-baciarsi-milano-dove-dati-primo-bacio\/#article","isPartOf":{"@id":"https:\/\/www.gossip.it\/news\/giorgia-palmas-filippo-magnini-tornano-baciarsi-milano-dove-dati-primo-bacio\/"},"author":{"name":"Annamaria Capozzi","@id":"https:\/\/www.gossip.it\/#\/schema\/person\/4f99be5acc78d3f1b07a146d4fe8256b"},"headline":"Giorgia Palmas e Filippo Magnini tornano a baciarsi nel luogo iconico di Milano dove si erano dati il primo bacio 6 anni fa: guarda","datePublished":"2023-12-15T11:25:09+00:00","dateModified":"2023-12-18T10:00:19+00:00","mainEntityOfPage":{"@id":"https:\/\/www.gossip.it\/news\/giorgia-palmas-filippo-magnini-tornano-baciarsi-milano-dove-dati-primo-bacio\/"},"wordCount":433,"commentCount":0,"publisher":{"@id":"https:\/\/www.gossip.it\/#organization"},"image":{"@id":"https:\/\/www.gossip.it\/news\/giorgia-palmas-filippo-magnini-tornano-baciarsi-milano-dove-dati-primo-bacio\/#primaryimage"},"thumbnailUrl":"https:\/\/www.gossip.it\/wp-content\/uploads\/2023\/12\/lancio-PALMAS.jpg","keywords":["filippomagnini","filippomagninimoglie","giorgiapalmas","giorgiapalmasmarito","gossip","milano","palmasmagniniprimobacio","piazzadelduomo","primobacio","sifb"],"articleSection":["News"],"inLanguage":"it-IT","potentialAction":[{"@type":"CommentAction","name":"Comment","target":["https:\/\/www.gossip.it\/news\/giorgia-palmas-filippo-magnini-tornano-baciarsi-milano-dove-dati-primo-bacio\/#respond"]}]},{"@type":"WebPage","@id":"https:\/\/www.gossip.it\/news\/giorgia-palmas-filippo-magnini-tornano-baciarsi-milano-dove-dati-primo-bacio\/","url":"https:\/\/www.gossip.it\/news\/giorgia-palmas-filippo-magnini-tornano-baciarsi-milano-dove-dati-primo-bacio\/","name":"Giorgia Palmas e Filippo Magnini tornano a baciarsi nel luogo iconico di Milano dove si erano dati il primo bacio 6 anni fa: guarda - Gossip.it | News sul Gossip e VIP","isPartOf":{"@id":"https:\/\/www.gossip.it\/#website"},"primaryImageOfPage":{"@id":"https:\/\/www.gossip.it\/news\/giorgia-palmas-filippo-magnini-tornano-baciarsi-milano-dove-dati-primo-bacio\/#primaryimage"},"image":{"@id":"https:\/\/www.gossip.it\/news\/giorgia-palmas-filippo-magnini-tornano-baciarsi-milano-dove-dati-primo-bacio\/#primaryimage"},"thumbnailUrl":"https:\/\/www.gossip.it\/wp-content\/uploads\/2023\/12\/lancio-PALMAS.jpg","datePublished":"2023-12-15T11:25:09+00:00","dateModified":"2023-12-18T10:00:19+00:00","description":"Giorgia Palmas e Filippo Magnini tornano a baciarsi nel luogo iconico di Milano dove si erano dati il primo bacio 6 anni fa: guarda","breadcrumb":{"@id":"https:\/\/www.gossip.it\/news\/giorgia-palmas-filippo-magnini-tornano-baciarsi-milano-dove-dati-primo-bacio\/#breadcrumb"},"inLanguage":"it-IT","potentialAction":[{"@type":"ReadAction","target":["https:\/\/www.gossip.it\/news\/giorgia-palmas-filippo-magnini-tornano-baciarsi-milano-dove-dati-primo-bacio\/"]}]},{"@type":"ImageObject","inLanguage":"it-IT","@id":"https:\/\/www.gossip.it\/news\/giorgia-palmas-filippo-magnini-tornano-baciarsi-milano-dove-dati-primo-bacio\/#primaryimage","url":"https:\/\/www.gossip.it\/wp-content\/uploads\/2023\/12\/lancio-PALMAS.jpg","contentUrl":"https:\/\/www.gossip.it\/wp-content\/uploads\/2023\/12\/lancio-PALMAS.jpg","width":1134,"height":808},{"@type":"BreadcrumbList","@id":"https:\/\/www.gossip.it\/news\/giorgia-palmas-filippo-magnini-tornano-baciarsi-milano-dove-dati-primo-bacio\/#breadcrumb","itemListElement":[{"@type":"ListItem","position":1,"name":"Home","item":"https:\/\/www.gossip.it\/"},{"@type":"ListItem","position":2,"name":"Giorgia Palmas e Filippo Magnini tornano a baciarsi nel luogo iconico di Milano dove si erano dati il primo bacio 6 anni fa: guarda"}]},{"@type":"WebSite","@id":"https:\/\/www.gossip.it\/#website","url":"https:\/\/www.gossip.it\/","name":"Gossip and VIP News","description":"Quotidiano di cronaca rosa, costume e societ\u00e0","publisher":{"@id":"https:\/\/www.gossip.it\/#organization"},"alternateName":"Gossip and VIP News","potentialAction":[{"@type":"SearchAction","target":{"@type":"EntryPoint","urlTemplate":"https:\/\/www.gossip.it\/?s={search_term_string}"},"query-input":{"@type":"PropertyValueSpecification","valueRequired":true,"valueName":"search_term_string"}}],"inLanguage":"it-IT"},{"@type":"Organization","@id":"https:\/\/www.gossip.it\/#organization","name":"Gossip and VIP News","alternateName":"Gossip News","url":"https:\/\/www.gossip.it\/","logo":{"@type":"ImageObject","inLanguage":"it-IT","@id":"https:\/\/www.gossip.it\/#\/schema\/logo\/image\/","url":"https:\/\/www.gossip.it\/wp-content\/uploads\/2022\/04\/cropped-corna-alta-tiny.png","contentUrl":"https:\/\/www.gossip.it\/wp-content\/uploads\/2022\/04\/cropped-corna-alta-tiny.png","width":512,"height":512,"caption":"Gossip and VIP News"},"image":{"@id":"https:\/\/www.gossip.it\/#\/schema\/logo\/image\/"},"sameAs":["https:\/\/www.facebook.com\/GossipIT","https:\/\/x.com\/gossinews_it","https:\/\/instagram.com\/gossip_it"]},{"@type":"Person","@id":"https:\/\/www.gossip.it\/#\/schema\/person\/4f99be5acc78d3f1b07a146d4fe8256b","name":"Annamaria Capozzi","image":{"@type":"ImageObject","inLanguage":"it-IT","@id":"https:\/\/www.gossip.it\/#\/schema\/person\/image\/","url":"https:\/\/secure.gravatar.com\/avatar\/a8f8ec0362739e51683bf764949dfb9f8d2539eecc144f2dd938d6381b053468?s=96&d=mm&r=g","contentUrl":"https:\/\/secure.gravatar.com\/avatar\/a8f8ec0362739e51683bf764949dfb9f8d2539eecc144f2dd938d6381b053468?s=96&d=mm&r=g","caption":"Annamaria Capozzi"}}]}},"amp_enabled":true,"_links":{"self":[{"href":"https:\/\/www.gossip.it\/api\/wp\/v2\/posts\/161906","targetHints":{"allow":["GET"]}}],"collection":[{"href":"https:\/\/www.gossip.it\/api\/wp\/v2\/posts"}],"about":[{"href":"https:\/\/www.gossip.it\/api\/wp\/v2\/types\/post"}],"author":[{"embeddable":true,"href":"https:\/\/www.gossip.it\/api\/wp\/v2\/users\/4"}],"replies":[{"embeddable":true,"href":"https:\/\/www.gossip.it\/api\/wp\/v2\/comments?post=161906"}],"version-history":[{"count":1,"href":"https:\/\/www.gossip.it\/api\/wp\/v2\/posts\/161906\/revisions"}],"predecessor-version":[{"id":161912,"href":"https:\/\/www.gossip.it\/api\/wp\/v2\/posts\/161906\/revisions\/161912"}],"wp:featuredmedia":[{"embeddable":true,"href":"https:\/\/www.gossip.it\/api\/wp\/v2\/media\/161909"}],"wp:attachment":[{"href":"https:\/\/www.gossip.it\/api\/wp\/v2\/media?parent=161906"}],"wp:term":[{"taxonomy":"category","embeddable":true,"href":"https:\/\/www.gossip.it\/api\/wp\/v2\/categories?post=161906"},{"taxonomy":"post_tag","embeddable":true,"href":"https:\/\/www.gossip.it\/api\/wp\/v2\/tags?post=161906"},{"taxonomy":"vip","embeddable":true,"href":"https:\/\/www.gossip.it\/api\/wp\/v2\/vip?post=161906"}],"curies":[{"name":"wp","href":"https:\/\/api.w.org\/{rel}","templated":true}]}}