{"id":162312,"date":"2023-12-22T12:13:34","date_gmt":"2023-12-22T11:13:34","guid":{"rendered":"https:\/\/www.gossip.it\/?p=162312"},"modified":"2023-12-27T12:39:24","modified_gmt":"2023-12-27T11:39:24","slug":"chiara-ferragni-distrutta-dopo-caso-pandoro","status":"publish","type":"post","link":"https:\/\/www.gossip.it\/news\/chiara-ferragni-distrutta-dopo-caso-pandoro\/","title":{"rendered":"''Chiara Ferragni \u00e8 distrutta, non esce di casa da giorni'': silenzio social, ecco come starebbe l'influencer dopo il caso pandoro"},"content":{"rendered":"\n<ul class=\"wp-block-list\">\n<li>Sarebbero tempi durissimi per la 36enne: danno d\u2019immagine immenso<\/li>\n\n\n\n<li>L\u2019accusa di pratica commerciale scorretta e l\u2019eco mediatica planetaria l\u2019avrebbero<em> \u2018annientata\u2019<\/em><\/li>\n<\/ul>\n\n\n\n<p>Per <a href=\"http:\/\/www.gossip.it\/vip\/chiara-ferragni\">Chiara Ferragni<\/a> questo Natale 2023 sarebbe molto amaro. Stando a quanto avrebbe raccontato un amico dell\u2019imprenditrice 36enne alla critica di moda ed ex caporedattore della direzione del Tg2,&nbsp;Mariella Milani, <strong>la moglie di <a href=\"http:\/\/www.gossip.it\/vip\/fedez\">Fedez<\/a> sarebbe <em>\u201cdistrutta\u201d<\/em><\/strong>. E\u2019 proprio la Milano a svelarlo ai microfoni dell\u2019agenzia Adnkronos. <em>\u201c<strong>Non esce di casa da giorni<\/strong>\u201d<\/em>, racconta. <strong>L\u2019influencer si sarebbe chiusa in un silenzio social dopo il video di scuse per il caso pandoro<\/strong>. Starebbe molto male.<\/p>\n\n\n\n<figure class=\"wp-block-image size-large is-resized\"><img decoding=\"async\" width=\"706\" height=\"1024\" src=\"https:\/\/www.gossip.it\/wp-content\/uploads\/2023\/12\/chiara_1-706x1024.jpg\" alt=\"\" class=\"wp-image-162313\" style=\"width:768px;height:auto\" srcset=\"https:\/\/www.gossip.it\/wp-content\/uploads\/2023\/12\/chiara_1-706x1024.jpg 706w, https:\/\/www.gossip.it\/wp-content\/uploads\/2023\/12\/chiara_1-207x300.jpg 207w, https:\/\/www.gossip.it\/wp-content\/uploads\/2023\/12\/chiara_1-768x1114.jpg 768w, https:\/\/www.gossip.it\/wp-content\/uploads\/2023\/12\/chiara_1-1059x1536.jpg 1059w, https:\/\/www.gossip.it\/wp-content\/uploads\/2023\/12\/chiara_1-750x1088.jpg 750w, https:\/\/www.gossip.it\/wp-content\/uploads\/2023\/12\/chiara_1.jpg 1134w\" sizes=\"(max-width: 706px) 100vw, 706px\" \/><figcaption class=\"wp-element-caption\"><em>''Chiara Ferragni \u00e8 distrutta, non esce di casa da giorni''<\/em>: silenzio social, ecco come starebbe l'influencer dopo il caso pandoro<\/figcaption><\/figure>\n\n\n\n<p>L\u2019accusa di pratica commerciale scorretta e l\u2019eco mediatica planetaria l\u2019avrebbero <em>\u2018annientata\u2019<\/em>. <strong>L\u2019Antitrust ha condannato con una&nbsp;multa&nbsp;di un milione di euro due societ\u00e0 collegate alla Ferragni per pratica commerciale scorretta<\/strong>. L'accusa \u00e8 chiara per l\u2019autorit\u00e0:&nbsp;<em>\"Ha fatto intendere ai consumatori che acquistando il pandoro \u2018griffato\u2019 avrebbero contribuito a una donazione all\u2019Ospedale Regina Margherita di Torino\u201d.<\/em> La donazione di 50mila euro, per\u00f2, era stata fatta mesi prima dall\u2019azienda. Lei, invece, avrebbe incassato dall\u2019iniziativa oltre 1 milione di euro. E\u2019 arrivata cos\u00ec una maxi multa, il video delle scuse di Chiara e tutto il resto. Ma la vicenda non si \u00e8 affatto esaurita. <strong>La Guardia di Finanza ha acquisito la documentazione dell\u2019Antitrust <\/strong>per vederci chiaro. Non solo. <strong>La Safilo, che produceva gli occhiali col marchio della fashion blogger, ha interrotto la collaborazione per <em>\u201cviolazioni di impegni contrattuali\u201d<\/em><\/strong>.<\/p>\n\n\n\n<figure class=\"wp-block-image size-large is-resized\"><img decoding=\"async\" width=\"719\" height=\"1024\" src=\"https:\/\/www.gossip.it\/wp-content\/uploads\/2023\/12\/chiara_2-719x1024.jpg\" alt=\"\" class=\"wp-image-162314\" style=\"width:768px;height:auto\" srcset=\"https:\/\/www.gossip.it\/wp-content\/uploads\/2023\/12\/chiara_2-719x1024.jpg 719w, https:\/\/www.gossip.it\/wp-content\/uploads\/2023\/12\/chiara_2-211x300.jpg 211w, https:\/\/www.gossip.it\/wp-content\/uploads\/2023\/12\/chiara_2-768x1094.jpg 768w, https:\/\/www.gossip.it\/wp-content\/uploads\/2023\/12\/chiara_2-1078x1536.jpg 1078w, https:\/\/www.gossip.it\/wp-content\/uploads\/2023\/12\/chiara_2-750x1069.jpg 750w, https:\/\/www.gossip.it\/wp-content\/uploads\/2023\/12\/chiara_2.jpg 1134w\" sizes=\"(max-width: 719px) 100vw, 719px\" \/><figcaption class=\"wp-element-caption\">Sarebbero tempi durissimi per la 36enne: danno d\u2019immagine immenso<\/figcaption><\/figure>\n\n\n\n<p>E\u2019 un danno di immagine incalcolabile quello che ha avuto la Ferragni. La Milani rivela: <em>\u201c<strong>Chiara Ferragni \u00e8 distrutta<\/strong>, cos\u00ec mi hanno detto. Lo so perch\u00e9 ho parlato con un suo amico che <strong>mi ha detto che non esce di casa da giorni<\/strong>. Secondo me in questo bene fa bene a stare zitta, solo il tempo ci dir\u00e0 come andr\u00e0 a finire perch\u00e9 <strong>il danno d\u2019immagine che ha avuto da questa storia \u00e8 enorme<\/strong>. Ieri la notizia del suo pandoro \u00e8 finita anche sulla \u2018Bbc\u2019, altre reti e sul \u2018New York Post\u2019 perci\u00f2 ormai ha fatto il giro del mondo. Chiss\u00e0 se cadranno delle teste\u201d.&nbsp;<\/em><\/p>\n\n\n\n<figure class=\"wp-block-image size-large is-resized\"><img decoding=\"async\" width=\"712\" height=\"1024\" src=\"https:\/\/www.gossip.it\/wp-content\/uploads\/2023\/12\/chiara_3-712x1024.jpg\" alt=\"\" class=\"wp-image-162315\" style=\"width:768px;height:auto\" srcset=\"https:\/\/www.gossip.it\/wp-content\/uploads\/2023\/12\/chiara_3-712x1024.jpg 712w, https:\/\/www.gossip.it\/wp-content\/uploads\/2023\/12\/chiara_3-208x300.jpg 208w, https:\/\/www.gossip.it\/wp-content\/uploads\/2023\/12\/chiara_3-768x1105.jpg 768w, https:\/\/www.gossip.it\/wp-content\/uploads\/2023\/12\/chiara_3-1067x1536.jpg 1067w, https:\/\/www.gossip.it\/wp-content\/uploads\/2023\/12\/chiara_3-750x1079.jpg 750w, https:\/\/www.gossip.it\/wp-content\/uploads\/2023\/12\/chiara_3.jpg 1134w\" sizes=\"(max-width: 712px) 100vw, 712px\" \/><figcaption class=\"wp-element-caption\">L\u2019accusa di pratica commerciale scorretta e l\u2019eco mediatica planetaria l\u2019avrebbero<em> \u2018annientata\u2019<\/em><\/figcaption><\/figure>\n\n\n\n<p><em>\u201cIl video di scuse che ha fatto?<\/em> - aggiunge la donna - <em>Anche l\u00ec la Ferragni ha fatto un altro errore madornale indossando una tuta che costa 600 euro che sul sito della Laneaus, l\u2019azienda che la produce, \u00e8 andato gi\u00e0 sold out\".<\/em><\/p>\n","protected":false},"excerpt":{"rendered":"<p>Per Chiara Ferragni questo Natale 2023 sarebbe molto amaro. Stando a quanto avrebbe raccontato un amico dell\u2019imprenditrice 36enne alla critica di moda ed ex caporedattore della direzione del Tg2,&nbsp;Mariella Milani, la moglie di Fedez sarebbe \u201cdistrutta\u201d. E\u2019 proprio la Milano a svelarlo ai microfoni dell\u2019agenzia Adnkronos. \u201cNon esce di casa da giorni\u201d, racconta. L\u2019influencer si [&hellip;]<\/p>\n","protected":false},"author":4,"featured_media":162316,"comment_status":"open","ping_status":"closed","sticky":false,"template":"","format":"standard","meta":{"footnotes":""},"categories":[54],"tags":[74241,63487,11927,74243,74240,74242,2793,67046],"vip":[481],"class_list":["post-162312","post","type-post","status-publish","format-standard","has-post-thumbnail","hentry","category-news","tag-casopandoroferragni","tag-chiaraferragni","tag-ferragni","tag-ferragnibalocco","tag-ferragnipandoro","tag-ferragnisafilo","tag-gossip","tag-sifb","vip-chiara_ferragni"],"yoast_head":"<title>&#039;&#039;Chiara Ferragni \u00e8 distrutta, non esce di casa da giorni&#039;&#039;: silenzio social, ecco come starebbe l&#039;influencer dopo il caso pandoro - Gossip.it | News sul Gossip e VIP<\/title>\n<meta name=\"description\" content=\"&#039;&#039;Chiara Ferragni \u00e8 distrutta, non esce di casa da giorni&#039;&#039;: silenzio social, ecco come starebbe l&#039;influencer dopo il caso pandoro\" \/>\n<meta name=\"robots\" content=\"index, follow, max-snippet:-1, max-image-preview:large, max-video-preview:-1\" \/>\n<link rel=\"canonical\" href=\"https:\/\/www.gossip.it\/news\/chiara-ferragni-distrutta-dopo-caso-pandoro\/\" \/>\n<meta property=\"og:locale\" content=\"it_IT\" \/>\n<meta property=\"og:type\" content=\"article\" \/>\n<meta property=\"og:title\" content=\"&#039;&#039;Chiara Ferragni \u00e8 distrutta, non esce di casa da giorni&#039;&#039;: silenzio social, ecco come starebbe l&#039;influencer dopo il caso pandoro - Gossip.it | News sul Gossip e VIP\" \/>\n<meta property=\"og:description\" content=\"&#039;&#039;Chiara Ferragni \u00e8 distrutta, non esce di casa da giorni&#039;&#039;: silenzio social, ecco come starebbe l&#039;influencer dopo il caso pandoro\" \/>\n<meta property=\"og:url\" content=\"https:\/\/www.gossip.it\/news\/chiara-ferragni-distrutta-dopo-caso-pandoro\/\" \/>\n<meta property=\"og:site_name\" content=\"Gossip.it | News sul Gossip e VIP\" \/>\n<meta property=\"article:publisher\" content=\"https:\/\/www.facebook.com\/GossipIT\" \/>\n<meta property=\"article:published_time\" content=\"2023-12-22T11:13:34+00:00\" \/>\n<meta property=\"article:modified_time\" content=\"2023-12-27T11:39:24+00:00\" \/>\n<meta property=\"og:image\" content=\"https:\/\/www.gossip.it\/wp-content\/uploads\/2023\/12\/PP-CHIARA.jpg\" \/>\n\t<meta property=\"og:image:width\" content=\"1134\" \/>\n\t<meta property=\"og:image:height\" content=\"564\" \/>\n\t<meta property=\"og:image:type\" content=\"image\/jpeg\" \/>\n<meta name=\"author\" content=\"Annamaria Capozzi\" \/>\n<meta name=\"twitter:card\" content=\"summary_large_image\" \/>\n<meta name=\"twitter:creator\" content=\"@gossinews_it\" \/>\n<meta name=\"twitter:site\" content=\"@gossinews_it\" \/>\n<meta name=\"twitter:label1\" content=\"Scritto da\" \/>\n\t<meta name=\"twitter:data1\" content=\"Annamaria Capozzi\" \/>\n\t<meta name=\"twitter:label2\" content=\"Tempo di lettura stimato\" \/>\n\t<meta name=\"twitter:data2\" content=\"3 minuti\" \/>","yoast_head_json":{"title":"''Chiara Ferragni \u00e8 distrutta, non esce di casa da giorni'': silenzio social, ecco come starebbe l'influencer dopo il caso pandoro - Gossip.it | News sul Gossip e VIP","description":"''Chiara Ferragni \u00e8 distrutta, non esce di casa da giorni'': silenzio social, ecco come starebbe l'influencer dopo il caso pandoro","robots":{"index":"index","follow":"follow","max-snippet":"max-snippet:-1","max-image-preview":"max-image-preview:large","max-video-preview":"max-video-preview:-1"},"canonical":"https:\/\/www.gossip.it\/news\/chiara-ferragni-distrutta-dopo-caso-pandoro\/","og_locale":"it_IT","og_type":"article","og_title":"''Chiara Ferragni \u00e8 distrutta, non esce di casa da giorni'': silenzio social, ecco come starebbe l'influencer dopo il caso pandoro - Gossip.it | News sul Gossip e VIP","og_description":"''Chiara Ferragni \u00e8 distrutta, non esce di casa da giorni'': silenzio social, ecco come starebbe l'influencer dopo il caso pandoro","og_url":"https:\/\/www.gossip.it\/news\/chiara-ferragni-distrutta-dopo-caso-pandoro\/","og_site_name":"Gossip.it | News sul Gossip e VIP","article_publisher":"https:\/\/www.facebook.com\/GossipIT","article_published_time":"2023-12-22T11:13:34+00:00","article_modified_time":"2023-12-27T11:39:24+00:00","og_image":[{"width":1134,"height":564,"url":"https:\/\/www.gossip.it\/wp-content\/uploads\/2023\/12\/PP-CHIARA.jpg","type":"image\/jpeg"}],"author":"Annamaria Capozzi","twitter_card":"summary_large_image","twitter_creator":"@gossinews_it","twitter_site":"@gossinews_it","twitter_misc":{"Scritto da":"Annamaria Capozzi","Tempo di lettura stimato":"3 minuti"},"schema":{"@context":"https:\/\/schema.org","@graph":[{"@type":"Article","@id":"https:\/\/www.gossip.it\/news\/chiara-ferragni-distrutta-dopo-caso-pandoro\/#article","isPartOf":{"@id":"https:\/\/www.gossip.it\/news\/chiara-ferragni-distrutta-dopo-caso-pandoro\/"},"author":{"name":"Annamaria Capozzi","@id":"https:\/\/www.gossip.it\/#\/schema\/person\/4f99be5acc78d3f1b07a146d4fe8256b"},"headline":"''Chiara Ferragni \u00e8 distrutta, non esce di casa da giorni'': silenzio social, ecco come starebbe l'influencer dopo il caso pandoro","datePublished":"2023-12-22T11:13:34+00:00","dateModified":"2023-12-27T11:39:24+00:00","mainEntityOfPage":{"@id":"https:\/\/www.gossip.it\/news\/chiara-ferragni-distrutta-dopo-caso-pandoro\/"},"wordCount":457,"commentCount":0,"publisher":{"@id":"https:\/\/www.gossip.it\/#organization"},"image":{"@id":"https:\/\/www.gossip.it\/news\/chiara-ferragni-distrutta-dopo-caso-pandoro\/#primaryimage"},"thumbnailUrl":"https:\/\/www.gossip.it\/wp-content\/uploads\/2023\/12\/PP-CHIARA.jpg","keywords":["casopandoroferragni","chiaraferragni","ferragni","ferragnibalocco","ferragnipandoro","ferragnisafilo","gossip","sifb"],"articleSection":["News"],"inLanguage":"it-IT","potentialAction":[{"@type":"CommentAction","name":"Comment","target":["https:\/\/www.gossip.it\/news\/chiara-ferragni-distrutta-dopo-caso-pandoro\/#respond"]}]},{"@type":"WebPage","@id":"https:\/\/www.gossip.it\/news\/chiara-ferragni-distrutta-dopo-caso-pandoro\/","url":"https:\/\/www.gossip.it\/news\/chiara-ferragni-distrutta-dopo-caso-pandoro\/","name":"''Chiara Ferragni \u00e8 distrutta, non esce di casa da giorni'': silenzio social, ecco come starebbe l'influencer dopo il caso pandoro - Gossip.it | News sul Gossip e VIP","isPartOf":{"@id":"https:\/\/www.gossip.it\/#website"},"primaryImageOfPage":{"@id":"https:\/\/www.gossip.it\/news\/chiara-ferragni-distrutta-dopo-caso-pandoro\/#primaryimage"},"image":{"@id":"https:\/\/www.gossip.it\/news\/chiara-ferragni-distrutta-dopo-caso-pandoro\/#primaryimage"},"thumbnailUrl":"https:\/\/www.gossip.it\/wp-content\/uploads\/2023\/12\/PP-CHIARA.jpg","datePublished":"2023-12-22T11:13:34+00:00","dateModified":"2023-12-27T11:39:24+00:00","description":"''Chiara Ferragni \u00e8 distrutta, non esce di casa da giorni'': silenzio social, ecco come starebbe l'influencer dopo il caso pandoro","breadcrumb":{"@id":"https:\/\/www.gossip.it\/news\/chiara-ferragni-distrutta-dopo-caso-pandoro\/#breadcrumb"},"inLanguage":"it-IT","potentialAction":[{"@type":"ReadAction","target":["https:\/\/www.gossip.it\/news\/chiara-ferragni-distrutta-dopo-caso-pandoro\/"]}]},{"@type":"ImageObject","inLanguage":"it-IT","@id":"https:\/\/www.gossip.it\/news\/chiara-ferragni-distrutta-dopo-caso-pandoro\/#primaryimage","url":"https:\/\/www.gossip.it\/wp-content\/uploads\/2023\/12\/PP-CHIARA.jpg","contentUrl":"https:\/\/www.gossip.it\/wp-content\/uploads\/2023\/12\/PP-CHIARA.jpg","width":1134,"height":564},{"@type":"BreadcrumbList","@id":"https:\/\/www.gossip.it\/news\/chiara-ferragni-distrutta-dopo-caso-pandoro\/#breadcrumb","itemListElement":[{"@type":"ListItem","position":1,"name":"Home","item":"https:\/\/www.gossip.it\/"},{"@type":"ListItem","position":2,"name":"''Chiara Ferragni \u00e8 distrutta, non esce di casa da giorni'': silenzio social, ecco come starebbe l'influencer dopo il caso pandoro"}]},{"@type":"WebSite","@id":"https:\/\/www.gossip.it\/#website","url":"https:\/\/www.gossip.it\/","name":"Gossip and VIP News","description":"Quotidiano di cronaca rosa, costume e societ\u00e0","publisher":{"@id":"https:\/\/www.gossip.it\/#organization"},"alternateName":"Gossip and VIP News","potentialAction":[{"@type":"SearchAction","target":{"@type":"EntryPoint","urlTemplate":"https:\/\/www.gossip.it\/?s={search_term_string}"},"query-input":{"@type":"PropertyValueSpecification","valueRequired":true,"valueName":"search_term_string"}}],"inLanguage":"it-IT"},{"@type":"Organization","@id":"https:\/\/www.gossip.it\/#organization","name":"Gossip and VIP News","alternateName":"Gossip News","url":"https:\/\/www.gossip.it\/","logo":{"@type":"ImageObject","inLanguage":"it-IT","@id":"https:\/\/www.gossip.it\/#\/schema\/logo\/image\/","url":"https:\/\/www.gossip.it\/wp-content\/uploads\/2022\/04\/cropped-corna-alta-tiny.png","contentUrl":"https:\/\/www.gossip.it\/wp-content\/uploads\/2022\/04\/cropped-corna-alta-tiny.png","width":512,"height":512,"caption":"Gossip and VIP News"},"image":{"@id":"https:\/\/www.gossip.it\/#\/schema\/logo\/image\/"},"sameAs":["https:\/\/www.facebook.com\/GossipIT","https:\/\/x.com\/gossinews_it","https:\/\/instagram.com\/gossip_it"]},{"@type":"Person","@id":"https:\/\/www.gossip.it\/#\/schema\/person\/4f99be5acc78d3f1b07a146d4fe8256b","name":"Annamaria Capozzi","image":{"@type":"ImageObject","inLanguage":"it-IT","@id":"https:\/\/www.gossip.it\/#\/schema\/person\/image\/","url":"https:\/\/secure.gravatar.com\/avatar\/a8f8ec0362739e51683bf764949dfb9f8d2539eecc144f2dd938d6381b053468?s=96&d=mm&r=g","contentUrl":"https:\/\/secure.gravatar.com\/avatar\/a8f8ec0362739e51683bf764949dfb9f8d2539eecc144f2dd938d6381b053468?s=96&d=mm&r=g","caption":"Annamaria Capozzi"}}]}},"amp_enabled":true,"_links":{"self":[{"href":"https:\/\/www.gossip.it\/api\/wp\/v2\/posts\/162312","targetHints":{"allow":["GET"]}}],"collection":[{"href":"https:\/\/www.gossip.it\/api\/wp\/v2\/posts"}],"about":[{"href":"https:\/\/www.gossip.it\/api\/wp\/v2\/types\/post"}],"author":[{"embeddable":true,"href":"https:\/\/www.gossip.it\/api\/wp\/v2\/users\/4"}],"replies":[{"embeddable":true,"href":"https:\/\/www.gossip.it\/api\/wp\/v2\/comments?post=162312"}],"version-history":[{"count":1,"href":"https:\/\/www.gossip.it\/api\/wp\/v2\/posts\/162312\/revisions"}],"predecessor-version":[{"id":162317,"href":"https:\/\/www.gossip.it\/api\/wp\/v2\/posts\/162312\/revisions\/162317"}],"wp:featuredmedia":[{"embeddable":true,"href":"https:\/\/www.gossip.it\/api\/wp\/v2\/media\/162316"}],"wp:attachment":[{"href":"https:\/\/www.gossip.it\/api\/wp\/v2\/media?parent=162312"}],"wp:term":[{"taxonomy":"category","embeddable":true,"href":"https:\/\/www.gossip.it\/api\/wp\/v2\/categories?post=162312"},{"taxonomy":"post_tag","embeddable":true,"href":"https:\/\/www.gossip.it\/api\/wp\/v2\/tags?post=162312"},{"taxonomy":"vip","embeddable":true,"href":"https:\/\/www.gossip.it\/api\/wp\/v2\/vip?post=162312"}],"curies":[{"name":"wp","href":"https:\/\/api.w.org\/{rel}","templated":true}]}}