{"id":162657,"date":"2024-01-02T10:03:50","date_gmt":"2024-01-02T09:03:50","guid":{"rendered":"https:\/\/www.gossip.it\/?p=162657"},"modified":"2024-01-03T14:07:03","modified_gmt":"2024-01-03T13:07:03","slug":"ilary-blasi-michelle-hunziker-anno-insieme-vacanza-neve-rispettivi-fidanzati","status":"publish","type":"post","link":"https:\/\/www.gossip.it\/news\/ilary-blasi-michelle-hunziker-anno-insieme-vacanza-neve-rispettivi-fidanzati\/","title":{"rendered":"Ilary Blasi e Michelle Hunziker iniziano l\u2019anno insieme: vacanza sulla neve con i rispettivi fidanzati, foto"},"content":{"rendered":"\n<ul class=\"wp-block-list\">\n<li>Le due conduttrici sono fianco a fianco sulle Alpi, con loro anche i compagni<\/li>\n\n\n\n<li>Sul social una foto a cena Bastian Muller e Alessandro Carollo, poi altri amici<\/li>\n<\/ul>\n\n\n\n<p><strong><a href=\"https:\/\/www.gossip.it\/?s=ilary+blasi\">Ilary Blasi<\/a><\/strong> e <strong><a href=\"https:\/\/www.gossip.it\/?s=michelle+hunziker\">Michelle Hunziker<\/a><\/strong> hanno accolto il <strong>2024<\/strong> insieme e con i rispettivi fidanzati.<\/p>\n\n\n\n<p>S\u00ec, le due conduttrici hanno deciso ancora una volta di passare una vacanza sulla neve fianco a fianco. A quanto pare prima in <strong>Svizzera<\/strong> e poi a <strong>Madonna di Campiglio<\/strong>, dove hanno brindato con altri amici e con i propri compagni all\u2019arrivo del nuovo anno.<\/p>\n\n\n\n<figure class=\"wp-block-image size-large is-resized\"><img decoding=\"async\" width=\"732\" height=\"1024\" src=\"https:\/\/www.gossip.it\/wp-content\/uploads\/2024\/01\/hunziker_blasi_1-732x1024.jpg\" alt=\"\" class=\"wp-image-162659\" style=\"width:768px;height:auto\" srcset=\"https:\/\/www.gossip.it\/wp-content\/uploads\/2024\/01\/hunziker_blasi_1-732x1024.jpg 732w, https:\/\/www.gossip.it\/wp-content\/uploads\/2024\/01\/hunziker_blasi_1-214x300.jpg 214w, https:\/\/www.gossip.it\/wp-content\/uploads\/2024\/01\/hunziker_blasi_1-768x1075.jpg 768w, https:\/\/www.gossip.it\/wp-content\/uploads\/2024\/01\/hunziker_blasi_1-1098x1536.jpg 1098w, https:\/\/www.gossip.it\/wp-content\/uploads\/2024\/01\/hunziker_blasi_1-360x504.jpg 360w, https:\/\/www.gossip.it\/wp-content\/uploads\/2024\/01\/hunziker_blasi_1-750x1050.jpg 750w, https:\/\/www.gossip.it\/wp-content\/uploads\/2024\/01\/hunziker_blasi_1.jpg 1134w\" sizes=\"(max-width: 732px) 100vw, 732px\" \/><figcaption class=\"wp-element-caption\">Ilary Blasi, 42 anni, a cena insieme al fidanzato Bastian Muller e all'amica Michelle Hunziker, 46, con il suo compagno Alessandro Carollo, con loro anche altri amici e la manager Graziella<\/figcaption><\/figure>\n\n\n\n<p>E\u2019 stata proprio la bionda di origini svizzere a condividere sul social uno scatto in cui appare a tavola durante un pasto con Ilary. Nello scatto la 46enne \u00e8 accanto al fidanzato <strong>Alessandro Carollo<\/strong>, mentre vicino alla Blasi c\u2019\u00e8 la sua dolce met\u00e0 <strong>Bastian Muller<\/strong>.<\/p>\n\n\n\n<p>Con loro un po\u2019 di amici tra cui <strong>Graziella Lapedota<\/strong>, manager di entrambi i volti tv (citata da Ilary anche nel suo documentario Netflix <em>\u2018Unica\u2019<\/em>: \u00e8 a lei che chiese di trovarle un investigatore privato per pedinare l\u2019ex marito).<\/p>\n\n\n\n<figure class=\"wp-block-image size-large\"><img decoding=\"async\" width=\"819\" height=\"1024\" src=\"https:\/\/www.gossip.it\/wp-content\/uploads\/2024\/01\/hunziker_blasi_5-819x1024.jpg\" alt=\"\" class=\"wp-image-162660\" srcset=\"https:\/\/www.gossip.it\/wp-content\/uploads\/2024\/01\/hunziker_blasi_5-819x1024.jpg 819w, https:\/\/www.gossip.it\/wp-content\/uploads\/2024\/01\/hunziker_blasi_5-240x300.jpg 240w, https:\/\/www.gossip.it\/wp-content\/uploads\/2024\/01\/hunziker_blasi_5-768x960.jpg 768w, https:\/\/www.gossip.it\/wp-content\/uploads\/2024\/01\/hunziker_blasi_5-750x938.jpg 750w, https:\/\/www.gossip.it\/wp-content\/uploads\/2024\/01\/hunziker_blasi_5.jpg 1134w\" sizes=\"(max-width: 819px) 100vw, 819px\" \/><figcaption class=\"wp-element-caption\">Michelle a Madonna di Campiglio<\/figcaption><\/figure>\n\n\n\n<figure class=\"wp-block-image size-large\"><img decoding=\"async\" width=\"819\" height=\"1024\" src=\"https:\/\/www.gossip.it\/wp-content\/uploads\/2024\/01\/hunziker_blasi_4-819x1024.jpg\" alt=\"\" class=\"wp-image-162661\" srcset=\"https:\/\/www.gossip.it\/wp-content\/uploads\/2024\/01\/hunziker_blasi_4-819x1024.jpg 819w, https:\/\/www.gossip.it\/wp-content\/uploads\/2024\/01\/hunziker_blasi_4-240x300.jpg 240w, https:\/\/www.gossip.it\/wp-content\/uploads\/2024\/01\/hunziker_blasi_4-768x960.jpg 768w, https:\/\/www.gossip.it\/wp-content\/uploads\/2024\/01\/hunziker_blasi_4-750x938.jpg 750w, https:\/\/www.gossip.it\/wp-content\/uploads\/2024\/01\/hunziker_blasi_4.jpg 1134w\" sizes=\"(max-width: 819px) 100vw, 819px\" \/><figcaption class=\"wp-element-caption\">Alessandro Carollo, medico, sulla stessa pista da sci<\/figcaption><\/figure>\n\n\n\n<p>Nello scatto in questione non ci sono <strong>bambini<\/strong>, ma in altre immagini postate in questi giorni compaiono sulla neve delle Alpi anche la piccola Isabel, ultimogenita di Totti e della Blasi, e le due figlie avute dalla Hunziker con il secondo marito Tomaso Trussardi, ovvero Sole, 10 anni, e Celeste, 8.<\/p>\n\n\n\n<figure class=\"wp-block-image size-large\"><img decoding=\"async\" width=\"866\" height=\"1024\" src=\"https:\/\/www.gossip.it\/wp-content\/uploads\/2024\/01\/hunziker_blasi_2-866x1024.jpg\" alt=\"\" class=\"wp-image-162662\" srcset=\"https:\/\/www.gossip.it\/wp-content\/uploads\/2024\/01\/hunziker_blasi_2-866x1024.jpg 866w, https:\/\/www.gossip.it\/wp-content\/uploads\/2024\/01\/hunziker_blasi_2-254x300.jpg 254w, https:\/\/www.gossip.it\/wp-content\/uploads\/2024\/01\/hunziker_blasi_2-768x908.jpg 768w, https:\/\/www.gossip.it\/wp-content\/uploads\/2024\/01\/hunziker_blasi_2-750x887.jpg 750w, https:\/\/www.gossip.it\/wp-content\/uploads\/2024\/01\/hunziker_blasi_2.jpg 1134w\" sizes=\"(max-width: 866px) 100vw, 866px\" \/><figcaption class=\"wp-element-caption\">Insieme a Ilary e Bastian c'\u00e8 anche Isabel, 7 anni, ultimogenita della conduttrice e Francesco Totti<\/figcaption><\/figure>\n\n\n\n<figure class=\"wp-block-image size-large is-resized\"><img decoding=\"async\" width=\"712\" height=\"1024\" src=\"https:\/\/www.gossip.it\/wp-content\/uploads\/2024\/01\/hunziker_blasi_3-712x1024.jpg\" alt=\"\" class=\"wp-image-162663\" style=\"width:768px;height:auto\" srcset=\"https:\/\/www.gossip.it\/wp-content\/uploads\/2024\/01\/hunziker_blasi_3-712x1024.jpg 712w, https:\/\/www.gossip.it\/wp-content\/uploads\/2024\/01\/hunziker_blasi_3-208x300.jpg 208w, https:\/\/www.gossip.it\/wp-content\/uploads\/2024\/01\/hunziker_blasi_3-768x1105.jpg 768w, https:\/\/www.gossip.it\/wp-content\/uploads\/2024\/01\/hunziker_blasi_3-1067x1536.jpg 1067w, https:\/\/www.gossip.it\/wp-content\/uploads\/2024\/01\/hunziker_blasi_3-750x1079.jpg 750w, https:\/\/www.gossip.it\/wp-content\/uploads\/2024\/01\/hunziker_blasi_3.jpg 1134w\" sizes=\"(max-width: 712px) 100vw, 712px\" \/><figcaption class=\"wp-element-caption\">Ilary e Bastian posano insieme per una foto sulla neve<\/figcaption><\/figure>\n\n\n\n<p>Non \u00e8 la prima volta che Ilary e Michelle decidono di trascorrere un periodo di relax insieme. E ultimamente lo fanno proprio preferendo respirare l\u2019aria frizzantina delle <strong>Alpi<\/strong>.<\/p>\n\n\n\n<p>Le due sono state pi\u00f9 di una volta insieme in Svizzera. Forse questo il loro legame si \u00e8 rafforzato negli ultimi tempi anche grazie alla presenza di Bastian, che \u00e8 <strong>tedesco<\/strong> e quindi parla la lingua madre della Hunziker, nella vita della Blasi.<\/p>\n","protected":false},"excerpt":{"rendered":"<p>Ilary Blasi e Michelle Hunziker hanno accolto il 2024 insieme e con i rispettivi fidanzati. S\u00ec, le due conduttrici hanno deciso ancora una volta di passare una vacanza sulla neve fianco a fianco. A quanto pare prima in Svizzera e poi a Madonna di Campiglio, dove hanno brindato con altri amici e con i propri [&hellip;]<\/p>\n","protected":false},"author":1,"featured_media":162704,"comment_status":"open","ping_status":"closed","sticky":false,"template":"","format":"standard","meta":{"footnotes":""},"categories":[54],"tags":[74357],"vip":[73304,66981,952,1351,74360],"class_list":["post-162657","post","type-post","status-publish","format-standard","has-post-thumbnail","hentry","category-news","tag-michelle-hunziker-e-ilary-blasi","vip-alessandro-carollo","vip-bastian-muller","vip-ilary_blasi","vip-michelle_hunziker","vip-sebastian-muller"],"yoast_head":"<title>Ilary Blasi e Michelle Hunziker iniziano l\u2019anno insieme: vacanza sulla neve con i rispettivi fidanzati, foto - Gossip.it | News sul Gossip e VIP<\/title>\n<meta name=\"description\" content=\"Le due conduttrici sono fianco a fianco sulle Alpi, con loro anche i compagni. Sul social una foto a cena Bastian Muller...\" \/>\n<meta name=\"robots\" content=\"index, follow, max-snippet:-1, max-image-preview:large, max-video-preview:-1\" \/>\n<link rel=\"canonical\" href=\"https:\/\/www.gossip.it\/news\/ilary-blasi-michelle-hunziker-anno-insieme-vacanza-neve-rispettivi-fidanzati\/\" \/>\n<meta property=\"og:locale\" content=\"it_IT\" \/>\n<meta property=\"og:type\" content=\"article\" \/>\n<meta property=\"og:title\" content=\"Ilary Blasi e Michelle Hunziker iniziano l\u2019anno insieme: vacanza sulla neve con i rispettivi fidanzati, foto - Gossip.it | News sul Gossip e VIP\" \/>\n<meta property=\"og:description\" content=\"Le due conduttrici sono fianco a fianco sulle Alpi, con loro anche i compagni. Sul social una foto a cena Bastian Muller...\" \/>\n<meta property=\"og:url\" content=\"https:\/\/www.gossip.it\/news\/ilary-blasi-michelle-hunziker-anno-insieme-vacanza-neve-rispettivi-fidanzati\/\" \/>\n<meta property=\"og:site_name\" content=\"Gossip.it | News sul Gossip e VIP\" \/>\n<meta property=\"article:publisher\" content=\"https:\/\/www.facebook.com\/GossipIT\" \/>\n<meta property=\"article:published_time\" content=\"2024-01-02T09:03:50+00:00\" \/>\n<meta property=\"article:modified_time\" content=\"2024-01-03T13:07:03+00:00\" \/>\n<meta property=\"og:image\" content=\"https:\/\/www.gossip.it\/wp-content\/uploads\/2024\/01\/PP-HUNZIKER.jpg\" \/>\n\t<meta property=\"og:image:width\" content=\"1134\" \/>\n\t<meta property=\"og:image:height\" content=\"564\" \/>\n\t<meta property=\"og:image:type\" content=\"image\/jpeg\" \/>\n<meta name=\"author\" content=\"La Redazione\" \/>\n<meta name=\"twitter:card\" content=\"summary_large_image\" \/>\n<meta name=\"twitter:creator\" content=\"@gossinews_it\" \/>\n<meta name=\"twitter:site\" content=\"@gossinews_it\" \/>\n<meta name=\"twitter:label1\" content=\"Scritto da\" \/>\n\t<meta name=\"twitter:data1\" content=\"La Redazione\" \/>\n\t<meta name=\"twitter:label2\" content=\"Tempo di lettura stimato\" \/>\n\t<meta name=\"twitter:data2\" content=\"3 minuti\" \/>","yoast_head_json":{"title":"Ilary Blasi e Michelle Hunziker iniziano l\u2019anno insieme: vacanza sulla neve con i rispettivi fidanzati, foto - Gossip.it | News sul Gossip e VIP","description":"Le due conduttrici sono fianco a fianco sulle Alpi, con loro anche i compagni. Sul social una foto a cena Bastian Muller...","robots":{"index":"index","follow":"follow","max-snippet":"max-snippet:-1","max-image-preview":"max-image-preview:large","max-video-preview":"max-video-preview:-1"},"canonical":"https:\/\/www.gossip.it\/news\/ilary-blasi-michelle-hunziker-anno-insieme-vacanza-neve-rispettivi-fidanzati\/","og_locale":"it_IT","og_type":"article","og_title":"Ilary Blasi e Michelle Hunziker iniziano l\u2019anno insieme: vacanza sulla neve con i rispettivi fidanzati, foto - Gossip.it | News sul Gossip e VIP","og_description":"Le due conduttrici sono fianco a fianco sulle Alpi, con loro anche i compagni. Sul social una foto a cena Bastian Muller...","og_url":"https:\/\/www.gossip.it\/news\/ilary-blasi-michelle-hunziker-anno-insieme-vacanza-neve-rispettivi-fidanzati\/","og_site_name":"Gossip.it | News sul Gossip e VIP","article_publisher":"https:\/\/www.facebook.com\/GossipIT","article_published_time":"2024-01-02T09:03:50+00:00","article_modified_time":"2024-01-03T13:07:03+00:00","og_image":[{"width":1134,"height":564,"url":"https:\/\/www.gossip.it\/wp-content\/uploads\/2024\/01\/PP-HUNZIKER.jpg","type":"image\/jpeg"}],"author":"La Redazione","twitter_card":"summary_large_image","twitter_creator":"@gossinews_it","twitter_site":"@gossinews_it","twitter_misc":{"Scritto da":"La Redazione","Tempo di lettura stimato":"3 minuti"},"schema":{"@context":"https:\/\/schema.org","@graph":[{"@type":"Article","@id":"https:\/\/www.gossip.it\/news\/ilary-blasi-michelle-hunziker-anno-insieme-vacanza-neve-rispettivi-fidanzati\/#article","isPartOf":{"@id":"https:\/\/www.gossip.it\/news\/ilary-blasi-michelle-hunziker-anno-insieme-vacanza-neve-rispettivi-fidanzati\/"},"author":{"name":"La Redazione","@id":"https:\/\/www.gossip.it\/#\/schema\/person\/488896f75158bff1cc83c6c39d141110"},"headline":"Ilary Blasi e Michelle Hunziker iniziano l\u2019anno insieme: vacanza sulla neve con i rispettivi fidanzati, foto","datePublished":"2024-01-02T09:03:50+00:00","dateModified":"2024-01-03T13:07:03+00:00","mainEntityOfPage":{"@id":"https:\/\/www.gossip.it\/news\/ilary-blasi-michelle-hunziker-anno-insieme-vacanza-neve-rispettivi-fidanzati\/"},"wordCount":374,"commentCount":0,"publisher":{"@id":"https:\/\/www.gossip.it\/#organization"},"image":{"@id":"https:\/\/www.gossip.it\/news\/ilary-blasi-michelle-hunziker-anno-insieme-vacanza-neve-rispettivi-fidanzati\/#primaryimage"},"thumbnailUrl":"https:\/\/www.gossip.it\/wp-content\/uploads\/2024\/01\/lancio-HUNZIKER-1.jpg","keywords":["michelle hunziker e ilary blasi"],"articleSection":["News"],"inLanguage":"it-IT","potentialAction":[{"@type":"CommentAction","name":"Comment","target":["https:\/\/www.gossip.it\/news\/ilary-blasi-michelle-hunziker-anno-insieme-vacanza-neve-rispettivi-fidanzati\/#respond"]}]},{"@type":"WebPage","@id":"https:\/\/www.gossip.it\/news\/ilary-blasi-michelle-hunziker-anno-insieme-vacanza-neve-rispettivi-fidanzati\/","url":"https:\/\/www.gossip.it\/news\/ilary-blasi-michelle-hunziker-anno-insieme-vacanza-neve-rispettivi-fidanzati\/","name":"Ilary Blasi e Michelle Hunziker iniziano l\u2019anno insieme: vacanza sulla neve con i rispettivi fidanzati, foto - Gossip.it | News sul Gossip e VIP","isPartOf":{"@id":"https:\/\/www.gossip.it\/#website"},"primaryImageOfPage":{"@id":"https:\/\/www.gossip.it\/news\/ilary-blasi-michelle-hunziker-anno-insieme-vacanza-neve-rispettivi-fidanzati\/#primaryimage"},"image":{"@id":"https:\/\/www.gossip.it\/news\/ilary-blasi-michelle-hunziker-anno-insieme-vacanza-neve-rispettivi-fidanzati\/#primaryimage"},"thumbnailUrl":"https:\/\/www.gossip.it\/wp-content\/uploads\/2024\/01\/lancio-HUNZIKER-1.jpg","datePublished":"2024-01-02T09:03:50+00:00","dateModified":"2024-01-03T13:07:03+00:00","description":"Le due conduttrici sono fianco a fianco sulle Alpi, con loro anche i compagni. Sul social una foto a cena Bastian Muller...","breadcrumb":{"@id":"https:\/\/www.gossip.it\/news\/ilary-blasi-michelle-hunziker-anno-insieme-vacanza-neve-rispettivi-fidanzati\/#breadcrumb"},"inLanguage":"it-IT","potentialAction":[{"@type":"ReadAction","target":["https:\/\/www.gossip.it\/news\/ilary-blasi-michelle-hunziker-anno-insieme-vacanza-neve-rispettivi-fidanzati\/"]}]},{"@type":"ImageObject","inLanguage":"it-IT","@id":"https:\/\/www.gossip.it\/news\/ilary-blasi-michelle-hunziker-anno-insieme-vacanza-neve-rispettivi-fidanzati\/#primaryimage","url":"https:\/\/www.gossip.it\/wp-content\/uploads\/2024\/01\/lancio-HUNZIKER-1.jpg","contentUrl":"https:\/\/www.gossip.it\/wp-content\/uploads\/2024\/01\/lancio-HUNZIKER-1.jpg","width":1134,"height":808},{"@type":"BreadcrumbList","@id":"https:\/\/www.gossip.it\/news\/ilary-blasi-michelle-hunziker-anno-insieme-vacanza-neve-rispettivi-fidanzati\/#breadcrumb","itemListElement":[{"@type":"ListItem","position":1,"name":"Home","item":"https:\/\/www.gossip.it\/"},{"@type":"ListItem","position":2,"name":"Ilary Blasi e Michelle Hunziker iniziano l\u2019anno insieme: vacanza sulla neve con i rispettivi fidanzati, foto"}]},{"@type":"WebSite","@id":"https:\/\/www.gossip.it\/#website","url":"https:\/\/www.gossip.it\/","name":"Gossip and VIP News","description":"Quotidiano di cronaca rosa, costume e societ\u00e0","publisher":{"@id":"https:\/\/www.gossip.it\/#organization"},"alternateName":"Gossip and VIP News","potentialAction":[{"@type":"SearchAction","target":{"@type":"EntryPoint","urlTemplate":"https:\/\/www.gossip.it\/?s={search_term_string}"},"query-input":{"@type":"PropertyValueSpecification","valueRequired":true,"valueName":"search_term_string"}}],"inLanguage":"it-IT"},{"@type":"Organization","@id":"https:\/\/www.gossip.it\/#organization","name":"Gossip and VIP News","alternateName":"Gossip News","url":"https:\/\/www.gossip.it\/","logo":{"@type":"ImageObject","inLanguage":"it-IT","@id":"https:\/\/www.gossip.it\/#\/schema\/logo\/image\/","url":"https:\/\/www.gossip.it\/wp-content\/uploads\/2022\/04\/cropped-corna-alta-tiny.png","contentUrl":"https:\/\/www.gossip.it\/wp-content\/uploads\/2022\/04\/cropped-corna-alta-tiny.png","width":512,"height":512,"caption":"Gossip and VIP News"},"image":{"@id":"https:\/\/www.gossip.it\/#\/schema\/logo\/image\/"},"sameAs":["https:\/\/www.facebook.com\/GossipIT","https:\/\/x.com\/gossinews_it","https:\/\/instagram.com\/gossip_it"]},{"@type":"Person","@id":"https:\/\/www.gossip.it\/#\/schema\/person\/488896f75158bff1cc83c6c39d141110","name":"La Redazione","image":{"@type":"ImageObject","inLanguage":"it-IT","@id":"https:\/\/www.gossip.it\/#\/schema\/person\/image\/","url":"https:\/\/secure.gravatar.com\/avatar\/5a5f5c6fa3e6700e4249abdad0263a1e94e927d9e0499b1cb09c1cd29c044d80?s=96&d=mm&r=g","contentUrl":"https:\/\/secure.gravatar.com\/avatar\/5a5f5c6fa3e6700e4249abdad0263a1e94e927d9e0499b1cb09c1cd29c044d80?s=96&d=mm&r=g","caption":"La Redazione"},"sameAs":["https:\/\/www.gossip.it"]}]}},"amp_enabled":true,"_links":{"self":[{"href":"https:\/\/www.gossip.it\/api\/wp\/v2\/posts\/162657","targetHints":{"allow":["GET"]}}],"collection":[{"href":"https:\/\/www.gossip.it\/api\/wp\/v2\/posts"}],"about":[{"href":"https:\/\/www.gossip.it\/api\/wp\/v2\/types\/post"}],"author":[{"embeddable":true,"href":"https:\/\/www.gossip.it\/api\/wp\/v2\/users\/1"}],"replies":[{"embeddable":true,"href":"https:\/\/www.gossip.it\/api\/wp\/v2\/comments?post=162657"}],"version-history":[{"count":1,"href":"https:\/\/www.gossip.it\/api\/wp\/v2\/posts\/162657\/revisions"}],"predecessor-version":[{"id":162665,"href":"https:\/\/www.gossip.it\/api\/wp\/v2\/posts\/162657\/revisions\/162665"}],"wp:featuredmedia":[{"embeddable":true,"href":"https:\/\/www.gossip.it\/api\/wp\/v2\/media\/162704"}],"wp:attachment":[{"href":"https:\/\/www.gossip.it\/api\/wp\/v2\/media?parent=162657"}],"wp:term":[{"taxonomy":"category","embeddable":true,"href":"https:\/\/www.gossip.it\/api\/wp\/v2\/categories?post=162657"},{"taxonomy":"post_tag","embeddable":true,"href":"https:\/\/www.gossip.it\/api\/wp\/v2\/tags?post=162657"},{"taxonomy":"vip","embeddable":true,"href":"https:\/\/www.gossip.it\/api\/wp\/v2\/vip?post=162657"}],"curies":[{"name":"wp","href":"https:\/\/api.w.org\/{rel}","templated":true}]}}