{"id":16282,"date":"2002-04-04T00:00:00","date_gmt":"2002-04-03T22:00:00","guid":{"rendered":"https:\/\/www.gossip.it\/senza-categoria\/il-commissario-rex-va-in-pensione\/"},"modified":"2002-04-04T00:00:00","modified_gmt":"2002-04-03T22:00:00","slug":"il-commissario-rex-va-in-pensione","status":"publish","type":"post","link":"https:\/\/www.gossip.it\/news\/il-commissario-rex-va-in-pensione\/","title":{"rendered":"Il Commissario Rex va in pensione"},"content":{"rendered":"<p>Dopo anni di servizio anche i cani poliziotto vanno in pensione. \"Il Commissario Rex\", la serie tv con il popolare cane lupo della polizia criminale di Vienna, chiude le riprese con un doppio episodio di intensa bellezza, ed i produttori del serial, che sono anche i proprietari del pastore tedesco pi\u00f9 famoso del mondo (cento le reti in tutto il mondo che hanno comprato le puntate con le avventure del simpatico poliziotto a quattro zampe), stanno cercando la casa pi\u00f9 adeguata per far trascorrere una serena vecchiaia alla \"star\". Dopo anni di servizio a seguire piste e cercare esplosivi la finezza dell'olfatto si affievolisce e i muscoli non si tendono pi\u00f9 con la sveltezza di un tempo. Ma quale \u00e8 il destino dei vari Fido in divisa quando giunge il momento di appenderla al chiodo? Nella realt\u00e0, di solito, l'animale viene affidato al conduttore con il quale ha condiviso anni di esperienze, ma certo n\u00e9 Tobias Moretti n\u00e9 Gedeon Burkhard che l'ha sostituito nel telefilm potranno prenderlo con loro. Per lui sono stati offerti 80.000 marchi da un anonimo amatore, ma non \u00e8 in vendita: sar\u00e0 scelta la soluzione migliore, forse sar\u00e0 affidato alla sua addestratrice storica, Teresa Ann Miller, che l'ha svezzato, e magari potr\u00e0 tornare a giocare con un tubo dell'acqua e acchiappare fiocchi di neve senza turni stressanti sul set e, perch\u00e9 no, trovarsi anche una compagna!<\/p>\n","protected":false},"excerpt":{"rendered":"<p>Dopo anni di servizio anche i cani poliziotto vanno in pensione. \"Il Commissario Rex\", la serie tv con il popolare cane lupo della polizia criminale di Vienna, chiude le riprese con un doppio episodio di intensa bellezza, ed i produttori del serial, che sono anche i proprietari del pastore tedesco pi\u00f9 famoso del mondo (cento [&hellip;]<\/p>\n","protected":false},"author":1,"featured_media":72338,"comment_status":"closed","ping_status":"closed","sticky":false,"template":"","format":"standard","meta":{"footnotes":""},"categories":[54],"tags":[15323,3625,15320,15322,15324,4072,2281,15325,15321,2097],"vip":[],"class_list":["post-16282","post","type-post","status-publish","format-standard","has-post-thumbnail","hentry","category-news","tag-burkhard","tag-cane","tag-commissario-rex","tag-gedeon","tag-poliziotto","tag-telefilm","tag-televisione","tag-teresa-ann-miller","tag-tobias-moretti","tag-tv"],"yoast_head":"<title>Il Commissario Rex va in pensione - Gossip.it | News sul Gossip e VIP<\/title>\n<meta name=\"description\" content=\"Dopo anni di servizio anche i cani poliziotto vanno in pensione. &quot;Il Commissario Rex&quot;, la serie tv con il popolare cane lupo della polizia criminale di\" \/>\n<meta name=\"robots\" content=\"index, follow, max-snippet:-1, max-image-preview:large, max-video-preview:-1\" \/>\n<link rel=\"canonical\" href=\"https:\/\/www.gossip.it\/news\/il-commissario-rex-va-in-pensione\/\" \/>\n<meta property=\"og:locale\" content=\"it_IT\" \/>\n<meta property=\"og:type\" content=\"article\" \/>\n<meta property=\"og:title\" content=\"Il Commissario Rex va in pensione - Gossip.it | News sul Gossip e VIP\" \/>\n<meta property=\"og:description\" content=\"Dopo anni di servizio anche i cani poliziotto vanno in pensione. &quot;Il Commissario Rex&quot;, la serie tv con il popolare cane lupo della polizia criminale di\" \/>\n<meta property=\"og:url\" content=\"https:\/\/www.gossip.it\/news\/il-commissario-rex-va-in-pensione\/\" \/>\n<meta property=\"og:site_name\" content=\"Gossip.it | News sul Gossip e VIP\" \/>\n<meta property=\"article:publisher\" content=\"https:\/\/www.facebook.com\/GossipIT\" \/>\n<meta property=\"article:published_time\" content=\"2002-04-03T22:00:00+00:00\" \/>\n<meta property=\"og:image\" content=\"\/images\/commissario_rex.jpg\" \/>\n<meta name=\"author\" content=\"La Redazione\" \/>\n<meta name=\"twitter:card\" content=\"summary_large_image\" \/>\n<meta name=\"twitter:image\" content=\"\/images\/commissario_rex.jpg\" \/>\n<meta name=\"twitter:creator\" content=\"@gossinews_it\" \/>\n<meta name=\"twitter:site\" content=\"@gossinews_it\" \/>\n<meta name=\"twitter:label1\" content=\"Scritto da\" \/>\n\t<meta name=\"twitter:data1\" content=\"Filippo Simone\" \/>\n\t<meta name=\"twitter:label2\" content=\"Tempo di lettura stimato\" \/>\n\t<meta name=\"twitter:data2\" content=\"1 minuto\" \/>","yoast_head_json":{"title":"Il Commissario Rex va in pensione - Gossip.it | News sul Gossip e VIP","description":"Dopo anni di servizio anche i cani poliziotto vanno in pensione. \"Il Commissario Rex\", la serie tv con il popolare cane lupo della polizia criminale di","robots":{"index":"index","follow":"follow","max-snippet":"max-snippet:-1","max-image-preview":"max-image-preview:large","max-video-preview":"max-video-preview:-1"},"canonical":"https:\/\/www.gossip.it\/news\/il-commissario-rex-va-in-pensione\/","og_locale":"it_IT","og_type":"article","og_title":"Il Commissario Rex va in pensione - Gossip.it | News sul Gossip e VIP","og_description":"Dopo anni di servizio anche i cani poliziotto vanno in pensione. \"Il Commissario Rex\", la serie tv con il popolare cane lupo della polizia criminale di","og_url":"https:\/\/www.gossip.it\/news\/il-commissario-rex-va-in-pensione\/","og_site_name":"Gossip.it | News sul Gossip e VIP","article_publisher":"https:\/\/www.facebook.com\/GossipIT","article_published_time":"2002-04-03T22:00:00+00:00","og_image":[{"url":"\/images\/commissario_rex.jpg"}],"author":"La Redazione","twitter_card":"summary_large_image","twitter_image":"\/images\/commissario_rex.jpg","twitter_creator":"@gossinews_it","twitter_site":"@gossinews_it","twitter_misc":{"Scritto da":"Filippo Simone","Tempo di lettura stimato":"1 minuto"},"schema":{"@context":"https:\/\/schema.org","@graph":[{"@type":"Article","@id":"https:\/\/www.gossip.it\/news\/il-commissario-rex-va-in-pensione\/#article","isPartOf":{"@id":"https:\/\/www.gossip.it\/news\/il-commissario-rex-va-in-pensione\/"},"author":{"name":"La Redazione","@id":"https:\/\/www.gossip.it\/#\/schema\/person\/488896f75158bff1cc83c6c39d141110"},"headline":"Il Commissario Rex va in pensione","datePublished":"2002-04-03T22:00:00+00:00","dateModified":"2002-04-03T22:00:00+00:00","mainEntityOfPage":{"@id":"https:\/\/www.gossip.it\/news\/il-commissario-rex-va-in-pensione\/"},"wordCount":238,"publisher":{"@id":"https:\/\/www.gossip.it\/#organization"},"image":{"@id":"https:\/\/www.gossip.it\/news\/il-commissario-rex-va-in-pensione\/#primaryimage"},"thumbnailUrl":"\/images\/commissario_rex.jpg","keywords":["burkhard","cane","Commissario Rex","gedeon","poliziotto","telefilm","televisione","teresa ann miller","tobias moretti","tv"],"articleSection":["News"],"inLanguage":"it-IT"},{"@type":"WebPage","@id":"https:\/\/www.gossip.it\/news\/il-commissario-rex-va-in-pensione\/","url":"https:\/\/www.gossip.it\/news\/il-commissario-rex-va-in-pensione\/","name":"Il Commissario Rex va in pensione - Gossip.it | News sul Gossip e VIP","isPartOf":{"@id":"https:\/\/www.gossip.it\/#website"},"primaryImageOfPage":{"@id":"https:\/\/www.gossip.it\/news\/il-commissario-rex-va-in-pensione\/#primaryimage"},"image":{"@id":"https:\/\/www.gossip.it\/news\/il-commissario-rex-va-in-pensione\/#primaryimage"},"thumbnailUrl":"\/images\/commissario_rex.jpg","datePublished":"2002-04-03T22:00:00+00:00","dateModified":"2002-04-03T22:00:00+00:00","description":"Dopo anni di servizio anche i cani poliziotto vanno in pensione. \"Il Commissario Rex\", la serie tv con il popolare cane lupo della polizia criminale di","breadcrumb":{"@id":"https:\/\/www.gossip.it\/news\/il-commissario-rex-va-in-pensione\/#breadcrumb"},"inLanguage":"it-IT","potentialAction":[{"@type":"ReadAction","target":["https:\/\/www.gossip.it\/news\/il-commissario-rex-va-in-pensione\/"]}]},{"@type":"ImageObject","inLanguage":"it-IT","@id":"https:\/\/www.gossip.it\/news\/il-commissario-rex-va-in-pensione\/#primaryimage","url":"\/images\/commissario_rex.jpg","contentUrl":"\/images\/commissario_rex.jpg"},{"@type":"BreadcrumbList","@id":"https:\/\/www.gossip.it\/news\/il-commissario-rex-va-in-pensione\/#breadcrumb","itemListElement":[{"@type":"ListItem","position":1,"name":"Home","item":"https:\/\/www.gossip.it\/"},{"@type":"ListItem","position":2,"name":"Il Commissario Rex va in pensione"}]},{"@type":"WebSite","@id":"https:\/\/www.gossip.it\/#website","url":"https:\/\/www.gossip.it\/","name":"Gossip and VIP News","description":"Quotidiano di cronaca rosa, costume e societ\u00e0","publisher":{"@id":"https:\/\/www.gossip.it\/#organization"},"alternateName":"Gossip and VIP News","potentialAction":[{"@type":"SearchAction","target":{"@type":"EntryPoint","urlTemplate":"https:\/\/www.gossip.it\/?s={search_term_string}"},"query-input":{"@type":"PropertyValueSpecification","valueRequired":true,"valueName":"search_term_string"}}],"inLanguage":"it-IT"},{"@type":"Organization","@id":"https:\/\/www.gossip.it\/#organization","name":"Gossip and VIP News","alternateName":"Gossip News","url":"https:\/\/www.gossip.it\/","logo":{"@type":"ImageObject","inLanguage":"it-IT","@id":"https:\/\/www.gossip.it\/#\/schema\/logo\/image\/","url":"https:\/\/www.gossip.it\/wp-content\/uploads\/2022\/04\/cropped-corna-alta-tiny.png","contentUrl":"https:\/\/www.gossip.it\/wp-content\/uploads\/2022\/04\/cropped-corna-alta-tiny.png","width":512,"height":512,"caption":"Gossip and VIP News"},"image":{"@id":"https:\/\/www.gossip.it\/#\/schema\/logo\/image\/"},"sameAs":["https:\/\/www.facebook.com\/GossipIT","https:\/\/x.com\/gossinews_it","https:\/\/instagram.com\/gossip_it"]},{"@type":"Person","@id":"https:\/\/www.gossip.it\/#\/schema\/person\/488896f75158bff1cc83c6c39d141110","name":"La Redazione","image":{"@type":"ImageObject","inLanguage":"it-IT","@id":"https:\/\/www.gossip.it\/#\/schema\/person\/image\/","url":"https:\/\/secure.gravatar.com\/avatar\/5a5f5c6fa3e6700e4249abdad0263a1e94e927d9e0499b1cb09c1cd29c044d80?s=96&d=mm&r=g","contentUrl":"https:\/\/secure.gravatar.com\/avatar\/5a5f5c6fa3e6700e4249abdad0263a1e94e927d9e0499b1cb09c1cd29c044d80?s=96&d=mm&r=g","caption":"La Redazione"},"sameAs":["https:\/\/www.gossip.it"]}]}},"amp_enabled":true,"_links":{"self":[{"href":"https:\/\/www.gossip.it\/api\/wp\/v2\/posts\/16282","targetHints":{"allow":["GET"]}}],"collection":[{"href":"https:\/\/www.gossip.it\/api\/wp\/v2\/posts"}],"about":[{"href":"https:\/\/www.gossip.it\/api\/wp\/v2\/types\/post"}],"author":[{"embeddable":true,"href":"https:\/\/www.gossip.it\/api\/wp\/v2\/users\/1"}],"replies":[{"embeddable":true,"href":"https:\/\/www.gossip.it\/api\/wp\/v2\/comments?post=16282"}],"version-history":[{"count":0,"href":"https:\/\/www.gossip.it\/api\/wp\/v2\/posts\/16282\/revisions"}],"wp:featuredmedia":[{"embeddable":true,"href":"https:\/\/www.gossip.it\/api\/wp\/v2\/media\/72338"}],"wp:attachment":[{"href":"https:\/\/www.gossip.it\/api\/wp\/v2\/media?parent=16282"}],"wp:term":[{"taxonomy":"category","embeddable":true,"href":"https:\/\/www.gossip.it\/api\/wp\/v2\/categories?post=16282"},{"taxonomy":"post_tag","embeddable":true,"href":"https:\/\/www.gossip.it\/api\/wp\/v2\/tags?post=16282"},{"taxonomy":"vip","embeddable":true,"href":"https:\/\/www.gossip.it\/api\/wp\/v2\/vip?post=16282"}],"curies":[{"name":"wp","href":"https:\/\/api.w.org\/{rel}","templated":true}]}}