{"id":165319,"date":"2024-02-09T22:40:27","date_gmt":"2024-02-09T21:40:27","guid":{"rendered":"https:\/\/www.gossip.it\/?p=165319"},"modified":"2024-02-12T12:37:19","modified_gmt":"2024-02-12T11:37:19","slug":"emanuele-filiberto-madre-moglie-figlie-addolorati-veglia-funebre-vittorio-emanuele","status":"publish","type":"post","link":"https:\/\/www.gossip.it\/news\/emanuele-filiberto-madre-moglie-figlie-addolorati-veglia-funebre-vittorio-emanuele\/","title":{"rendered":"Emanuele Filiberto, la madre, la moglie e le figlie addolorati alla veglia funebre di Vittorio Emanuele di Savoia a Torino: le immagini"},"content":{"rendered":"\n<ul class=\"wp-block-list\">\n<li>Il 51enne \u00e8 in citt\u00e0 insieme ai familiari per la camera ardente e i funerali<\/li>\n\n\n\n<li>Da Parigi \u00e8 arrivata anche Clotilde Courau, con le figlie Vittoria e Luisa<\/li>\n\n\n\n<li>La pi\u00f9 provata \u00e8 Marina Doria, quasi 89 anni, vedova di Vittorio Emanuele<\/li>\n<\/ul>\n\n\n\n<p>I familiari sono addolorati alla camera ardente di <strong>Vittorio Emanuele di Savoia<\/strong>, <strong>morto<\/strong> a <strong>86 anni <\/strong>lo scorso 3 febbraio in un ospedale di Ginevra, stroncato da un\u2019infezione e dai trattamenti necessari per tentare di debellarla.<\/p>\n\n\n\n<p>Alla <strong>Reggia di Venaria Reale<\/strong> sono arrivati tutti, a partire dal figlio <strong><a href=\"https:\/\/www.gossip.it\/?s=emanuele+filiberto\">Emanuele Filiberto<\/a><\/strong>, che ha cercato di consolare sua madre <strong>Marina Doria<\/strong>, che il prossimo 12 febbraio compir\u00e0 89 anni.<\/p>\n\n\n\n<figure class=\"wp-block-image size-large\"><img decoding=\"async\" width=\"1024\" height=\"683\" src=\"https:\/\/www.gossip.it\/wp-content\/uploads\/2024\/02\/interna-vitto-ema-2-1024x683.jpg\" alt=\"\" class=\"wp-image-165321\" srcset=\"https:\/\/www.gossip.it\/wp-content\/uploads\/2024\/02\/interna-vitto-ema-2-1024x683.jpg 1024w, https:\/\/www.gossip.it\/wp-content\/uploads\/2024\/02\/interna-vitto-ema-2-300x200.jpg 300w, https:\/\/www.gossip.it\/wp-content\/uploads\/2024\/02\/interna-vitto-ema-2-768x512.jpg 768w, https:\/\/www.gossip.it\/wp-content\/uploads\/2024\/02\/interna-vitto-ema-2-1536x1025.jpg 1536w, https:\/\/www.gossip.it\/wp-content\/uploads\/2024\/02\/interna-vitto-ema-2-2048x1366.jpg 2048w, https:\/\/www.gossip.it\/wp-content\/uploads\/2024\/02\/interna-vitto-ema-2-750x500.jpg 750w, https:\/\/www.gossip.it\/wp-content\/uploads\/2024\/02\/interna-vitto-ema-2-1140x760.jpg 1140w\" sizes=\"(max-width: 1024px) 100vw, 1024px\" \/><figcaption class=\"wp-element-caption\">Alla camera ardente di Vittorio Emanuele alla Reggia di Venaria Reale a Torino, da sinistra: Marina Doria, 88 anni, Emanuele Filiberto, 51, Clotilde Courau, 54, Vittoria di Savoia, 20, e Luisa di Savoia, 17<\/figcaption><\/figure>\n\n\n\n<p>Alla veglia funebre prima delle esequie di sabato 10 febbraio in Duomo a <strong>Torino<\/strong>, ha preso parte anche la moglie di Filiberto, l\u2019attrice francese <strong><a href=\"https:\/\/www.gossip.it\/?s=clotilde+courau\">Clotilde Courau<\/a><\/strong>, 54 anni, arrivata da Parigi.<\/p>\n\n\n\n<p>Poi le figlie dell\u2019erede di casa Savoia 51enne, ovvero la primogenita <strong>Vittoria<\/strong>, che \u00e8 nata nel 2003 e ha <strong>20 anni<\/strong>, e la pi\u00f9 piccola, <strong>Luisa<\/strong>, che \u00e8 venuta al mondo nel 2006 e ha <strong>17 anni<\/strong>.<\/p>\n\n\n\n<figure class=\"wp-block-image size-large\"><img decoding=\"async\" width=\"1024\" height=\"683\" src=\"https:\/\/www.gossip.it\/wp-content\/uploads\/2024\/02\/interna-vittorio-ema1-1024x683.jpg\" alt=\"\" class=\"wp-image-165322\" srcset=\"https:\/\/www.gossip.it\/wp-content\/uploads\/2024\/02\/interna-vittorio-ema1-1024x683.jpg 1024w, https:\/\/www.gossip.it\/wp-content\/uploads\/2024\/02\/interna-vittorio-ema1-300x200.jpg 300w, https:\/\/www.gossip.it\/wp-content\/uploads\/2024\/02\/interna-vittorio-ema1-768x512.jpg 768w, https:\/\/www.gossip.it\/wp-content\/uploads\/2024\/02\/interna-vittorio-ema1-1536x1024.jpg 1536w, https:\/\/www.gossip.it\/wp-content\/uploads\/2024\/02\/interna-vittorio-ema1-2048x1365.jpg 2048w, https:\/\/www.gossip.it\/wp-content\/uploads\/2024\/02\/interna-vittorio-ema1-750x500.jpg 750w, https:\/\/www.gossip.it\/wp-content\/uploads\/2024\/02\/interna-vittorio-ema1-1140x760.jpg 1140w\" sizes=\"(max-width: 1024px) 100vw, 1024px\" \/><figcaption class=\"wp-element-caption\">La Principessa Marina Doria appare visibilmente provata per la morte del marito con cui ha passato l'intera vita, al suo fianco commosso anche Emanuele Filiberto, cos\u00ec come Clotilde Courau, arrivata da Parigi a Torino<\/figcaption><\/figure>\n\n\n\n<p>La famiglia \u00e8 stata fotografata durante la veglia della salma, visibilmente commossa.<\/p>\n\n\n\n<p>La bara, che \u00e8 arrivata ieri a Torino dalla Svizzera attraverso un lungo viaggio a cui ha preso parte anche Emanuele Filiberto, \u00e8 stata avvolta con lo stendardo dello <strong>stemma sabaudo<\/strong>.<\/p>\n\n\n\n<figure class=\"wp-block-image size-large\"><img decoding=\"async\" width=\"838\" height=\"1024\" src=\"https:\/\/www.gossip.it\/wp-content\/uploads\/2024\/02\/vittorio-emanuele-interna-3-838x1024.jpg\" alt=\"\" class=\"wp-image-165320\" srcset=\"https:\/\/www.gossip.it\/wp-content\/uploads\/2024\/02\/vittorio-emanuele-interna-3-838x1024.jpg 838w, https:\/\/www.gossip.it\/wp-content\/uploads\/2024\/02\/vittorio-emanuele-interna-3-245x300.jpg 245w, https:\/\/www.gossip.it\/wp-content\/uploads\/2024\/02\/vittorio-emanuele-interna-3-768x939.jpg 768w, https:\/\/www.gossip.it\/wp-content\/uploads\/2024\/02\/vittorio-emanuele-interna-3-1256x1536.jpg 1256w, https:\/\/www.gossip.it\/wp-content\/uploads\/2024\/02\/vittorio-emanuele-interna-3-1675x2048.jpg 1675w, https:\/\/www.gossip.it\/wp-content\/uploads\/2024\/02\/vittorio-emanuele-interna-3-750x917.jpg 750w, https:\/\/www.gossip.it\/wp-content\/uploads\/2024\/02\/vittorio-emanuele-interna-3-1140x1394.jpg 1140w\" sizes=\"(max-width: 838px) 100vw, 838px\" \/><figcaption class=\"wp-element-caption\">Le eredi pi\u00f9 giovani di Casa Savoia: Vittoria di Savoia, 20 anni, e la sorella Luisa, che ne compir\u00e0 18 la prossima estate<\/figcaption><\/figure>\n\n\n\n<p>Particolarmente <strong>provata<\/strong>, in modo comprensibile, \u00e8 apparsa proprio Marina Doria. Lo stesso Filiberto all\u2019indomani del decesso del padre aveva subito rivolto le sue attenzioni al genitore rimasto in vita.<\/p>\n\n\n\n<p>Al Corriere della Sera aveva detto: <em>\u201c<strong>Mamma \u00e8 distrutta<\/strong>, tra due giorni spegne 89 candeline. Si erano innamorati da ragazzi a Ginevra ma si erano conosciuti sin da bambini a 12 anni. E hanno vissuto l\u2019uno per l\u2019altro, un\u2019intera vita\u201d<\/em>.<\/p>\n","protected":false},"excerpt":{"rendered":"<p>I familiari sono addolorati alla camera ardente...<\/p>\n","protected":false},"author":1,"featured_media":165324,"comment_status":"open","ping_status":"closed","sticky":false,"template":"","format":"standard","meta":{"footnotes":""},"categories":[54],"tags":[75300,75295,75298,75299,75296,63082,75294,75297],"vip":[524,662,75301,1252,67284,75155],"class_list":["post-165319","post","type-post","status-publish","format-standard","has-post-thumbnail","hentry","category-news","tag-clotilde-courau","tag-emanuele-filiberto-di-savoia-funerale-padre","tag-figlie-emanuele-filiberto-di-savoia","tag-luisa-di-savoia","tag-marina-doria","tag-vittoria-di-savoia","tag-vittorio-emanuele-di-savoia-funerale","tag-vittorio-emanuele-di-savoia-funerali-torino","vip-clotilde_courau","vip-emanuele_filiberto_di_savoia","vip-luisa-di-savoia","vip-marina_doria","vip-vittoria-di-savoia","vip-vittorio-emanuele-di-savoia"],"yoast_head":"<title>Emanuele Filiberto, la madre, la moglie e le figlie addolorati alla veglia funebre di Vittorio Emanuele di Savoia a Torino: le immagini - Gossip.it | News sul Gossip e VIP<\/title>\n<meta name=\"description\" content=\"Il 51enne \u00e8 in citt\u00e0 insieme ai familiari per la camera ardente e i funerali. Da Parigi \u00e8 arrivata anche Clotilde Courau, con le figlie...\" \/>\n<meta name=\"robots\" content=\"index, follow, max-snippet:-1, max-image-preview:large, max-video-preview:-1\" \/>\n<link rel=\"canonical\" href=\"https:\/\/www.gossip.it\/news\/emanuele-filiberto-madre-moglie-figlie-addolorati-veglia-funebre-vittorio-emanuele\/\" \/>\n<meta property=\"og:locale\" content=\"it_IT\" \/>\n<meta property=\"og:type\" content=\"article\" \/>\n<meta property=\"og:title\" content=\"Emanuele Filiberto, la madre, la moglie e le figlie addolorati alla veglia funebre di Vittorio Emanuele di Savoia a Torino: le immagini - Gossip.it | News sul Gossip e VIP\" \/>\n<meta property=\"og:description\" content=\"Il 51enne \u00e8 in citt\u00e0 insieme ai familiari per la camera ardente e i funerali. Da Parigi \u00e8 arrivata anche Clotilde Courau, con le figlie...\" \/>\n<meta property=\"og:url\" content=\"https:\/\/www.gossip.it\/news\/emanuele-filiberto-madre-moglie-figlie-addolorati-veglia-funebre-vittorio-emanuele\/\" \/>\n<meta property=\"og:site_name\" content=\"Gossip.it | News sul Gossip e VIP\" \/>\n<meta property=\"article:publisher\" content=\"https:\/\/www.facebook.com\/GossipIT\" \/>\n<meta property=\"article:published_time\" content=\"2024-02-09T21:40:27+00:00\" \/>\n<meta property=\"article:modified_time\" content=\"2024-02-12T11:37:19+00:00\" \/>\n<meta property=\"og:image\" content=\"https:\/\/www.gossip.it\/wp-content\/uploads\/2024\/02\/pp-vittorio-emanuele.jpg\" \/>\n\t<meta property=\"og:image:width\" content=\"2000\" \/>\n\t<meta property=\"og:image:height\" content=\"1000\" \/>\n\t<meta property=\"og:image:type\" content=\"image\/jpeg\" \/>\n<meta name=\"author\" content=\"La Redazione\" \/>\n<meta name=\"twitter:card\" content=\"summary_large_image\" \/>\n<meta name=\"twitter:creator\" content=\"@gossinews_it\" \/>\n<meta name=\"twitter:site\" content=\"@gossinews_it\" \/>\n<meta name=\"twitter:label1\" content=\"Scritto da\" \/>\n\t<meta name=\"twitter:data1\" content=\"La Redazione\" \/>\n\t<meta name=\"twitter:label2\" content=\"Tempo di lettura stimato\" \/>\n\t<meta name=\"twitter:data2\" content=\"3 minuti\" \/>","yoast_head_json":{"title":"Emanuele Filiberto, la madre, la moglie e le figlie addolorati alla veglia funebre di Vittorio Emanuele di Savoia a Torino: le immagini - Gossip.it | News sul Gossip e VIP","description":"Il 51enne \u00e8 in citt\u00e0 insieme ai familiari per la camera ardente e i funerali. Da Parigi \u00e8 arrivata anche Clotilde Courau, con le figlie...","robots":{"index":"index","follow":"follow","max-snippet":"max-snippet:-1","max-image-preview":"max-image-preview:large","max-video-preview":"max-video-preview:-1"},"canonical":"https:\/\/www.gossip.it\/news\/emanuele-filiberto-madre-moglie-figlie-addolorati-veglia-funebre-vittorio-emanuele\/","og_locale":"it_IT","og_type":"article","og_title":"Emanuele Filiberto, la madre, la moglie e le figlie addolorati alla veglia funebre di Vittorio Emanuele di Savoia a Torino: le immagini - Gossip.it | News sul Gossip e VIP","og_description":"Il 51enne \u00e8 in citt\u00e0 insieme ai familiari per la camera ardente e i funerali. Da Parigi \u00e8 arrivata anche Clotilde Courau, con le figlie...","og_url":"https:\/\/www.gossip.it\/news\/emanuele-filiberto-madre-moglie-figlie-addolorati-veglia-funebre-vittorio-emanuele\/","og_site_name":"Gossip.it | News sul Gossip e VIP","article_publisher":"https:\/\/www.facebook.com\/GossipIT","article_published_time":"2024-02-09T21:40:27+00:00","article_modified_time":"2024-02-12T11:37:19+00:00","og_image":[{"width":2000,"height":1000,"url":"https:\/\/www.gossip.it\/wp-content\/uploads\/2024\/02\/pp-vittorio-emanuele.jpg","type":"image\/jpeg"}],"author":"La Redazione","twitter_card":"summary_large_image","twitter_creator":"@gossinews_it","twitter_site":"@gossinews_it","twitter_misc":{"Scritto da":"La Redazione","Tempo di lettura stimato":"3 minuti"},"schema":{"@context":"https:\/\/schema.org","@graph":[{"@type":"Article","@id":"https:\/\/www.gossip.it\/news\/emanuele-filiberto-madre-moglie-figlie-addolorati-veglia-funebre-vittorio-emanuele\/#article","isPartOf":{"@id":"https:\/\/www.gossip.it\/news\/emanuele-filiberto-madre-moglie-figlie-addolorati-veglia-funebre-vittorio-emanuele\/"},"author":{"name":"La Redazione","@id":"https:\/\/www.gossip.it\/#\/schema\/person\/488896f75158bff1cc83c6c39d141110"},"headline":"Emanuele Filiberto, la madre, la moglie e le figlie addolorati alla veglia funebre di Vittorio Emanuele di Savoia a Torino: le immagini","datePublished":"2024-02-09T21:40:27+00:00","dateModified":"2024-02-12T11:37:19+00:00","mainEntityOfPage":{"@id":"https:\/\/www.gossip.it\/news\/emanuele-filiberto-madre-moglie-figlie-addolorati-veglia-funebre-vittorio-emanuele\/"},"wordCount":379,"commentCount":0,"publisher":{"@id":"https:\/\/www.gossip.it\/#organization"},"image":{"@id":"https:\/\/www.gossip.it\/news\/emanuele-filiberto-madre-moglie-figlie-addolorati-veglia-funebre-vittorio-emanuele\/#primaryimage"},"thumbnailUrl":"https:\/\/www.gossip.it\/wp-content\/uploads\/2024\/02\/pp-vittorio-emanuele.jpg","keywords":["clotilde courau","emanuele filiberto di savoia funerale padre","figlie emanuele filiberto di savoia","luisa di savoia","marina doria","vittoria di savoia","vittorio emanuele di savoia funerale","vittorio emanuele di savoia funerali torino"],"articleSection":["News"],"inLanguage":"it-IT","potentialAction":[{"@type":"CommentAction","name":"Comment","target":["https:\/\/www.gossip.it\/news\/emanuele-filiberto-madre-moglie-figlie-addolorati-veglia-funebre-vittorio-emanuele\/#respond"]}]},{"@type":"WebPage","@id":"https:\/\/www.gossip.it\/news\/emanuele-filiberto-madre-moglie-figlie-addolorati-veglia-funebre-vittorio-emanuele\/","url":"https:\/\/www.gossip.it\/news\/emanuele-filiberto-madre-moglie-figlie-addolorati-veglia-funebre-vittorio-emanuele\/","name":"Emanuele Filiberto, la madre, la moglie e le figlie addolorati alla veglia funebre di Vittorio Emanuele di Savoia a Torino: le immagini - Gossip.it | News sul Gossip e VIP","isPartOf":{"@id":"https:\/\/www.gossip.it\/#website"},"primaryImageOfPage":{"@id":"https:\/\/www.gossip.it\/news\/emanuele-filiberto-madre-moglie-figlie-addolorati-veglia-funebre-vittorio-emanuele\/#primaryimage"},"image":{"@id":"https:\/\/www.gossip.it\/news\/emanuele-filiberto-madre-moglie-figlie-addolorati-veglia-funebre-vittorio-emanuele\/#primaryimage"},"thumbnailUrl":"https:\/\/www.gossip.it\/wp-content\/uploads\/2024\/02\/pp-vittorio-emanuele.jpg","datePublished":"2024-02-09T21:40:27+00:00","dateModified":"2024-02-12T11:37:19+00:00","description":"Il 51enne \u00e8 in citt\u00e0 insieme ai familiari per la camera ardente e i funerali. Da Parigi \u00e8 arrivata anche Clotilde Courau, con le figlie...","breadcrumb":{"@id":"https:\/\/www.gossip.it\/news\/emanuele-filiberto-madre-moglie-figlie-addolorati-veglia-funebre-vittorio-emanuele\/#breadcrumb"},"inLanguage":"it-IT","potentialAction":[{"@type":"ReadAction","target":["https:\/\/www.gossip.it\/news\/emanuele-filiberto-madre-moglie-figlie-addolorati-veglia-funebre-vittorio-emanuele\/"]}]},{"@type":"ImageObject","inLanguage":"it-IT","@id":"https:\/\/www.gossip.it\/news\/emanuele-filiberto-madre-moglie-figlie-addolorati-veglia-funebre-vittorio-emanuele\/#primaryimage","url":"https:\/\/www.gossip.it\/wp-content\/uploads\/2024\/02\/pp-vittorio-emanuele.jpg","contentUrl":"https:\/\/www.gossip.it\/wp-content\/uploads\/2024\/02\/pp-vittorio-emanuele.jpg","width":2000,"height":1000},{"@type":"BreadcrumbList","@id":"https:\/\/www.gossip.it\/news\/emanuele-filiberto-madre-moglie-figlie-addolorati-veglia-funebre-vittorio-emanuele\/#breadcrumb","itemListElement":[{"@type":"ListItem","position":1,"name":"Home","item":"https:\/\/www.gossip.it\/"},{"@type":"ListItem","position":2,"name":"Emanuele Filiberto, la madre, la moglie e le figlie addolorati alla veglia funebre di Vittorio Emanuele di Savoia a Torino: le immagini"}]},{"@type":"WebSite","@id":"https:\/\/www.gossip.it\/#website","url":"https:\/\/www.gossip.it\/","name":"Gossip and VIP News","description":"Quotidiano di cronaca rosa, costume e societ\u00e0","publisher":{"@id":"https:\/\/www.gossip.it\/#organization"},"alternateName":"Gossip and VIP News","potentialAction":[{"@type":"SearchAction","target":{"@type":"EntryPoint","urlTemplate":"https:\/\/www.gossip.it\/?s={search_term_string}"},"query-input":{"@type":"PropertyValueSpecification","valueRequired":true,"valueName":"search_term_string"}}],"inLanguage":"it-IT"},{"@type":"Organization","@id":"https:\/\/www.gossip.it\/#organization","name":"Gossip and VIP News","alternateName":"Gossip News","url":"https:\/\/www.gossip.it\/","logo":{"@type":"ImageObject","inLanguage":"it-IT","@id":"https:\/\/www.gossip.it\/#\/schema\/logo\/image\/","url":"https:\/\/www.gossip.it\/wp-content\/uploads\/2022\/04\/cropped-corna-alta-tiny.png","contentUrl":"https:\/\/www.gossip.it\/wp-content\/uploads\/2022\/04\/cropped-corna-alta-tiny.png","width":512,"height":512,"caption":"Gossip and VIP News"},"image":{"@id":"https:\/\/www.gossip.it\/#\/schema\/logo\/image\/"},"sameAs":["https:\/\/www.facebook.com\/GossipIT","https:\/\/x.com\/gossinews_it","https:\/\/instagram.com\/gossip_it"]},{"@type":"Person","@id":"https:\/\/www.gossip.it\/#\/schema\/person\/488896f75158bff1cc83c6c39d141110","name":"La Redazione","image":{"@type":"ImageObject","inLanguage":"it-IT","@id":"https:\/\/www.gossip.it\/#\/schema\/person\/image\/","url":"https:\/\/secure.gravatar.com\/avatar\/5a5f5c6fa3e6700e4249abdad0263a1e94e927d9e0499b1cb09c1cd29c044d80?s=96&d=mm&r=g","contentUrl":"https:\/\/secure.gravatar.com\/avatar\/5a5f5c6fa3e6700e4249abdad0263a1e94e927d9e0499b1cb09c1cd29c044d80?s=96&d=mm&r=g","caption":"La Redazione"},"sameAs":["https:\/\/www.gossip.it"]}]}},"amp_enabled":true,"_links":{"self":[{"href":"https:\/\/www.gossip.it\/api\/wp\/v2\/posts\/165319","targetHints":{"allow":["GET"]}}],"collection":[{"href":"https:\/\/www.gossip.it\/api\/wp\/v2\/posts"}],"about":[{"href":"https:\/\/www.gossip.it\/api\/wp\/v2\/types\/post"}],"author":[{"embeddable":true,"href":"https:\/\/www.gossip.it\/api\/wp\/v2\/users\/1"}],"replies":[{"embeddable":true,"href":"https:\/\/www.gossip.it\/api\/wp\/v2\/comments?post=165319"}],"version-history":[{"count":1,"href":"https:\/\/www.gossip.it\/api\/wp\/v2\/posts\/165319\/revisions"}],"predecessor-version":[{"id":165336,"href":"https:\/\/www.gossip.it\/api\/wp\/v2\/posts\/165319\/revisions\/165336"}],"wp:featuredmedia":[{"embeddable":true,"href":"https:\/\/www.gossip.it\/api\/wp\/v2\/media\/165324"}],"wp:attachment":[{"href":"https:\/\/www.gossip.it\/api\/wp\/v2\/media?parent=165319"}],"wp:term":[{"taxonomy":"category","embeddable":true,"href":"https:\/\/www.gossip.it\/api\/wp\/v2\/categories?post=165319"},{"taxonomy":"post_tag","embeddable":true,"href":"https:\/\/www.gossip.it\/api\/wp\/v2\/tags?post=165319"},{"taxonomy":"vip","embeddable":true,"href":"https:\/\/www.gossip.it\/api\/wp\/v2\/vip?post=165319"}],"curies":[{"name":"wp","href":"https:\/\/api.w.org\/{rel}","templated":true}]}}