{"id":165807,"date":"2024-02-19T12:53:28","date_gmt":"2024-02-19T11:53:28","guid":{"rendered":"https:\/\/www.gossip.it\/?p=165807"},"modified":"2024-02-19T15:22:38","modified_gmt":"2024-02-19T14:22:38","slug":"mamma-cristina-benedetta-parodi-prima-volta-tv","status":"publish","type":"post","link":"https:\/\/www.gossip.it\/news\/mamma-cristina-benedetta-parodi-prima-volta-tv\/","title":{"rendered":"''Sono piemontese ma potrei essere napoletana'': la mamma di Cristina e Benedetta Parodi per la prima volta in tv con le figlie"},"content":{"rendered":"\n<ul class=\"wp-block-list\">\n<li>Laura Casabassa, docente di Lettere classiche in pensione, \u00e8 innamorata dei suoi tre figli<\/li>\n\n\n\n<li>La 59enne e la 51enne della mamma dicono:<em> \u201cSevera ma molto simpatica\u201d<\/em><\/li>\n<\/ul>\n\n\n\n<p><strong><a href=\"http:\/\/www.gossip.it\/vip\/cristina-parodi\">Cristina<\/a> e <a href=\"http:\/\/www.gossip.it\/vip\/benedetta-parodi\">Benedetta Parodi<\/a> portano con loro in tv per la prima volta assoluta l\u2019adorata mamma<\/strong>. Le tre si accomodano nel salotto di <em>Verissimo<\/em> e raccontano tanti episodi legati all\u2019infanzia e all\u2019adolescenza. Manca il fratello <a href=\"http:\/\/www.gossip.it\/vip\/roberto-parodi\">Roberto<\/a>, il terzo figlio di <strong>Laura Casabassa<\/strong>, docente di Lettere classiche in pensione, il fratellone maggiore che il 5 luglio scorso ha compiuto 60 anni. L\u2019ex professoressa di s\u00e9 rivela: <em>\u201c<strong>Sono piemontese, ma potrei essere napoletana<\/strong>\u201d.<\/em><\/p>\n\n\n\n<figure class=\"wp-block-image size-large\"><img decoding=\"async\" width=\"1024\" height=\"576\" src=\"https:\/\/www.gossip.it\/wp-content\/uploads\/2024\/02\/parodi_1-1024x576.jpg\" alt=\"\" class=\"wp-image-165811\" srcset=\"https:\/\/www.gossip.it\/wp-content\/uploads\/2024\/02\/parodi_1-1024x576.jpg 1024w, https:\/\/www.gossip.it\/wp-content\/uploads\/2024\/02\/parodi_1-300x169.jpg 300w, https:\/\/www.gossip.it\/wp-content\/uploads\/2024\/02\/parodi_1-768x432.jpg 768w, https:\/\/www.gossip.it\/wp-content\/uploads\/2024\/02\/parodi_1-750x422.jpg 750w, https:\/\/www.gossip.it\/wp-content\/uploads\/2024\/02\/parodi_1-730x410.jpg 730w, https:\/\/www.gossip.it\/wp-content\/uploads\/2024\/02\/parodi_1.jpg 1134w\" sizes=\"(max-width: 1024px) 100vw, 1024px\" \/><figcaption class=\"wp-element-caption\"><em>''Sono piemontese ma potrei essere napoletana''<\/em>: la mamma di Cristina e Benedetta Parodi per la prima volta in tv con le figlie<\/figcaption><\/figure>\n\n\n\n<p><em>\"<strong>Mamma con noi era severa, ma anche molto simpatica<\/strong>. In casa nostra si rideva sempre molto e si tendeva a sdrammatizzare anche i momenti no\"<\/em>, ricorda Benedetta. <em>\"<strong>Siamo per\u00f2 cresciute con delle regole<\/strong>: sapevamo che dovevamo fare certe cose in un certo modo\"<\/em>, aggiunge Cristina. La 51enne e la 59enne ricordano anche il pap\u00e0, Pietro, detto Tuccio. La madre ironizza:<em> \u201c<strong>Lui era buono e io cattiva<\/strong>\u201d<\/em>. Era meno permissiva del marito con i tre figli. Poi sottolineano:<em> \u201cE\u2019 sempre con noi, condividiamo la casa in campagna e ogni volta che siamo nella nostra casa in campagna sentiamo che \u00e8 con noi\u201d.<\/em><\/p>\n\n\n\n<figure class=\"wp-block-image size-large\"><img decoding=\"async\" width=\"1024\" height=\"576\" src=\"https:\/\/www.gossip.it\/wp-content\/uploads\/2024\/02\/parodi_2-1024x576.jpg\" alt=\"\" class=\"wp-image-165812\" srcset=\"https:\/\/www.gossip.it\/wp-content\/uploads\/2024\/02\/parodi_2-1024x576.jpg 1024w, https:\/\/www.gossip.it\/wp-content\/uploads\/2024\/02\/parodi_2-300x169.jpg 300w, https:\/\/www.gossip.it\/wp-content\/uploads\/2024\/02\/parodi_2-768x432.jpg 768w, https:\/\/www.gossip.it\/wp-content\/uploads\/2024\/02\/parodi_2-750x422.jpg 750w, https:\/\/www.gossip.it\/wp-content\/uploads\/2024\/02\/parodi_2-730x410.jpg 730w, https:\/\/www.gossip.it\/wp-content\/uploads\/2024\/02\/parodi_2.jpg 1134w\" sizes=\"(max-width: 1024px) 100vw, 1024px\" \/><figcaption class=\"wp-element-caption\">Laura Casabassa, docente di Lettere classiche in pensione, \u00e8 innamorata dei suoi tre figli<\/figcaption><\/figure>\n\n\n\n<p>Cristina e Benedetta Parodi ricordano anche quando hanno presentato alla mamma i rispettivi mariti, <a href=\"http:\/\/www.gossip.it\/vip\/giorgio-cori\">Giorgio Gori<\/a> e <a href=\"http:\/\/www.gossip.it\/vip\/fabio-caressa\">Fabio Caressa<\/a>. <em>\"Quando Cristina mi ha presentato Giorgio ricordo proprio che lui disse: \u2018Tua mamma \u00e8 simpatica per\u00f2 dice un po' di parolacce\u2019\"<\/em>, svela Laura. Benedetta sul giornalista che ha sposato dice: <em>\"All'inizio ero un po' sfuggente con lui perch\u00e9 non volevo impegnarmi. Poi a un certo punto l'ho invitato al battesimo di mio nipote: l'evento pi\u00f9 istituzionale che si potesse immaginare\u201d.<\/em><\/p>\n\n\n\n<figure class=\"wp-block-image size-large\"><img decoding=\"async\" width=\"1024\" height=\"576\" src=\"https:\/\/www.gossip.it\/wp-content\/uploads\/2024\/02\/parodi_3-1024x576.jpg\" alt=\"\" class=\"wp-image-165813\" srcset=\"https:\/\/www.gossip.it\/wp-content\/uploads\/2024\/02\/parodi_3-1024x576.jpg 1024w, https:\/\/www.gossip.it\/wp-content\/uploads\/2024\/02\/parodi_3-300x169.jpg 300w, https:\/\/www.gossip.it\/wp-content\/uploads\/2024\/02\/parodi_3-768x432.jpg 768w, https:\/\/www.gossip.it\/wp-content\/uploads\/2024\/02\/parodi_3-750x422.jpg 750w, https:\/\/www.gossip.it\/wp-content\/uploads\/2024\/02\/parodi_3-730x410.jpg 730w, https:\/\/www.gossip.it\/wp-content\/uploads\/2024\/02\/parodi_3.jpg 1134w\" sizes=\"(max-width: 1024px) 100vw, 1024px\" \/><figcaption class=\"wp-element-caption\">La 59enne e la 51enne della mamma dicono:<em> \u201cSevera ma molto simpatica\u201d<\/em><\/figcaption><\/figure>\n\n\n\n<p>Laura approfondisce il rapporto coi generi e racconta: <em>\u201cAbbiamo un bel rapporto anche se con Giorgio si comunica poco perch\u00e9 lavora sempre, Fabio invece \u00e8 pi\u00f9 come me perch\u00e9 \u00e8 pi\u00f9 estroverso\u201d<\/em>. Poi aggiunge: <em>\u201c<strong>Anche io sono estroversa\u2026 Sono piemontese, ma potrei essere napoletana, non so perch\u00e9 parli tanto con sconosciuti, sempre<\/strong>. Sono andata a Trastevere e dopo poco conoscevo tutti. Sono chiacchierona\u201d<\/em>. Cristina annuisce e sottolinea: <em>\u201cLo \u00e8 molto pi\u00f9 di noi\u201d<\/em>.&nbsp; Loro la amano anche per questa gioia di vivere che si porta dentro.<\/p>\n","protected":false},"excerpt":{"rendered":"<p>Cristina e Benedetta Parodi portano con loro in tv per la...<\/p>\n","protected":false},"author":4,"featured_media":165814,"comment_status":"open","ping_status":"closed","sticky":false,"template":"","format":"standard","meta":{"footnotes":""},"categories":[54],"tags":[64587,68645,75479,2697,68639,68640,75480,2793,68642,68644,67046,2097,34436],"vip":[401,543],"class_list":["post-165807","post","type-post","status-publish","format-standard","has-post-thumbnail","hentry","category-news","tag-benedettaparodi","tag-benedettaparodimamma","tag-benedettaparodisorella","tag-canale5","tag-cristinaparodi","tag-cristinaparodimamma","tag-cristinaparodisorella","tag-gossip","tag-lauracasabassa","tag-lauracasabassaparodi","tag-sifb","tag-tv","tag-verissmo","vip-benedetta_parodi","vip-cristina_parodi"],"yoast_head":"<title>&#039;&#039;Sono piemontese ma potrei essere napoletana&#039;&#039;: la mamma di Cristina e Benedetta Parodi per la prima volta in tv con le figlie - Gossip.it | News sul Gossip e VIP<\/title>\n<meta name=\"description\" content=\"&#039;&#039;Sono piemontese ma potrei essere napoletana&#039;&#039;: la mamma di Cristina e Benedetta Parodi per la prima volta in tv con le figlie\" \/>\n<meta name=\"robots\" content=\"index, follow, max-snippet:-1, max-image-preview:large, max-video-preview:-1\" \/>\n<link rel=\"canonical\" href=\"https:\/\/www.gossip.it\/news\/mamma-cristina-benedetta-parodi-prima-volta-tv\/\" \/>\n<meta property=\"og:locale\" content=\"it_IT\" \/>\n<meta property=\"og:type\" content=\"article\" \/>\n<meta property=\"og:title\" content=\"&#039;&#039;Sono piemontese ma potrei essere napoletana&#039;&#039;: la mamma di Cristina e Benedetta Parodi per la prima volta in tv con le figlie - Gossip.it | News sul Gossip e VIP\" \/>\n<meta property=\"og:description\" content=\"&#039;&#039;Sono piemontese ma potrei essere napoletana&#039;&#039;: la mamma di Cristina e Benedetta Parodi per la prima volta in tv con le figlie\" \/>\n<meta property=\"og:url\" content=\"https:\/\/www.gossip.it\/news\/mamma-cristina-benedetta-parodi-prima-volta-tv\/\" \/>\n<meta property=\"og:site_name\" content=\"Gossip.it | News sul Gossip e VIP\" \/>\n<meta property=\"article:publisher\" content=\"https:\/\/www.facebook.com\/GossipIT\" \/>\n<meta property=\"article:published_time\" content=\"2024-02-19T11:53:28+00:00\" \/>\n<meta property=\"article:modified_time\" content=\"2024-02-19T14:22:38+00:00\" \/>\n<meta property=\"og:image\" content=\"https:\/\/www.gossip.it\/wp-content\/uploads\/2024\/02\/lancio-PARODI-FB.jpg\" \/>\n\t<meta property=\"og:image:width\" content=\"1134\" \/>\n\t<meta property=\"og:image:height\" content=\"645\" \/>\n\t<meta property=\"og:image:type\" content=\"image\/jpeg\" \/>\n<meta name=\"author\" content=\"Annamaria Capozzi\" \/>\n<meta name=\"twitter:card\" content=\"summary_large_image\" \/>\n<meta name=\"twitter:creator\" content=\"@gossinews_it\" \/>\n<meta name=\"twitter:site\" content=\"@gossinews_it\" \/>\n<meta name=\"twitter:label1\" content=\"Scritto da\" \/>\n\t<meta name=\"twitter:data1\" content=\"Annamaria Capozzi\" \/>\n\t<meta name=\"twitter:label2\" content=\"Tempo di lettura stimato\" \/>\n\t<meta name=\"twitter:data2\" content=\"3 minuti\" \/>","yoast_head_json":{"title":"''Sono piemontese ma potrei essere napoletana'': la mamma di Cristina e Benedetta Parodi per la prima volta in tv con le figlie - Gossip.it | News sul Gossip e VIP","description":"''Sono piemontese ma potrei essere napoletana'': la mamma di Cristina e Benedetta Parodi per la prima volta in tv con le figlie","robots":{"index":"index","follow":"follow","max-snippet":"max-snippet:-1","max-image-preview":"max-image-preview:large","max-video-preview":"max-video-preview:-1"},"canonical":"https:\/\/www.gossip.it\/news\/mamma-cristina-benedetta-parodi-prima-volta-tv\/","og_locale":"it_IT","og_type":"article","og_title":"''Sono piemontese ma potrei essere napoletana'': la mamma di Cristina e Benedetta Parodi per la prima volta in tv con le figlie - Gossip.it | News sul Gossip e VIP","og_description":"''Sono piemontese ma potrei essere napoletana'': la mamma di Cristina e Benedetta Parodi per la prima volta in tv con le figlie","og_url":"https:\/\/www.gossip.it\/news\/mamma-cristina-benedetta-parodi-prima-volta-tv\/","og_site_name":"Gossip.it | News sul Gossip e VIP","article_publisher":"https:\/\/www.facebook.com\/GossipIT","article_published_time":"2024-02-19T11:53:28+00:00","article_modified_time":"2024-02-19T14:22:38+00:00","og_image":[{"width":1134,"height":645,"url":"https:\/\/www.gossip.it\/wp-content\/uploads\/2024\/02\/lancio-PARODI-FB.jpg","type":"image\/jpeg"}],"author":"Annamaria Capozzi","twitter_card":"summary_large_image","twitter_creator":"@gossinews_it","twitter_site":"@gossinews_it","twitter_misc":{"Scritto da":"Annamaria Capozzi","Tempo di lettura stimato":"3 minuti"},"schema":{"@context":"https:\/\/schema.org","@graph":[{"@type":"Article","@id":"https:\/\/www.gossip.it\/news\/mamma-cristina-benedetta-parodi-prima-volta-tv\/#article","isPartOf":{"@id":"https:\/\/www.gossip.it\/news\/mamma-cristina-benedetta-parodi-prima-volta-tv\/"},"author":{"name":"Annamaria Capozzi","@id":"https:\/\/www.gossip.it\/#\/schema\/person\/4f99be5acc78d3f1b07a146d4fe8256b"},"headline":"''Sono piemontese ma potrei essere napoletana'': la mamma di Cristina e Benedetta Parodi per la prima volta in tv con le figlie","datePublished":"2024-02-19T11:53:28+00:00","dateModified":"2024-02-19T14:22:38+00:00","mainEntityOfPage":{"@id":"https:\/\/www.gossip.it\/news\/mamma-cristina-benedetta-parodi-prima-volta-tv\/"},"wordCount":432,"commentCount":0,"publisher":{"@id":"https:\/\/www.gossip.it\/#organization"},"image":{"@id":"https:\/\/www.gossip.it\/news\/mamma-cristina-benedetta-parodi-prima-volta-tv\/#primaryimage"},"thumbnailUrl":"https:\/\/www.gossip.it\/wp-content\/uploads\/2024\/02\/lancio-PARODI.jpg","keywords":["benedettaparodi","benedettaparodimamma","benedettaparodisorella","canale5","cristinaparodi","cristinaparodimamma","cristinaparodisorella","gossip","lauracasabassa","lauracasabassaparodi","sifb","tv","verissmo"],"articleSection":["News"],"inLanguage":"it-IT","potentialAction":[{"@type":"CommentAction","name":"Comment","target":["https:\/\/www.gossip.it\/news\/mamma-cristina-benedetta-parodi-prima-volta-tv\/#respond"]}]},{"@type":"WebPage","@id":"https:\/\/www.gossip.it\/news\/mamma-cristina-benedetta-parodi-prima-volta-tv\/","url":"https:\/\/www.gossip.it\/news\/mamma-cristina-benedetta-parodi-prima-volta-tv\/","name":"''Sono piemontese ma potrei essere napoletana'': la mamma di Cristina e Benedetta Parodi per la prima volta in tv con le figlie - Gossip.it | News sul Gossip e VIP","isPartOf":{"@id":"https:\/\/www.gossip.it\/#website"},"primaryImageOfPage":{"@id":"https:\/\/www.gossip.it\/news\/mamma-cristina-benedetta-parodi-prima-volta-tv\/#primaryimage"},"image":{"@id":"https:\/\/www.gossip.it\/news\/mamma-cristina-benedetta-parodi-prima-volta-tv\/#primaryimage"},"thumbnailUrl":"https:\/\/www.gossip.it\/wp-content\/uploads\/2024\/02\/lancio-PARODI.jpg","datePublished":"2024-02-19T11:53:28+00:00","dateModified":"2024-02-19T14:22:38+00:00","description":"''Sono piemontese ma potrei essere napoletana'': la mamma di Cristina e Benedetta Parodi per la prima volta in tv con le figlie","breadcrumb":{"@id":"https:\/\/www.gossip.it\/news\/mamma-cristina-benedetta-parodi-prima-volta-tv\/#breadcrumb"},"inLanguage":"it-IT","potentialAction":[{"@type":"ReadAction","target":["https:\/\/www.gossip.it\/news\/mamma-cristina-benedetta-parodi-prima-volta-tv\/"]}]},{"@type":"ImageObject","inLanguage":"it-IT","@id":"https:\/\/www.gossip.it\/news\/mamma-cristina-benedetta-parodi-prima-volta-tv\/#primaryimage","url":"https:\/\/www.gossip.it\/wp-content\/uploads\/2024\/02\/lancio-PARODI.jpg","contentUrl":"https:\/\/www.gossip.it\/wp-content\/uploads\/2024\/02\/lancio-PARODI.jpg","width":1134,"height":808},{"@type":"BreadcrumbList","@id":"https:\/\/www.gossip.it\/news\/mamma-cristina-benedetta-parodi-prima-volta-tv\/#breadcrumb","itemListElement":[{"@type":"ListItem","position":1,"name":"Home","item":"https:\/\/www.gossip.it\/"},{"@type":"ListItem","position":2,"name":"''Sono piemontese ma potrei essere napoletana'': la mamma di Cristina e Benedetta Parodi per la prima volta in tv con le figlie"}]},{"@type":"WebSite","@id":"https:\/\/www.gossip.it\/#website","url":"https:\/\/www.gossip.it\/","name":"Gossip and VIP News","description":"Quotidiano di cronaca rosa, costume e societ\u00e0","publisher":{"@id":"https:\/\/www.gossip.it\/#organization"},"alternateName":"Gossip and VIP News","potentialAction":[{"@type":"SearchAction","target":{"@type":"EntryPoint","urlTemplate":"https:\/\/www.gossip.it\/?s={search_term_string}"},"query-input":{"@type":"PropertyValueSpecification","valueRequired":true,"valueName":"search_term_string"}}],"inLanguage":"it-IT"},{"@type":"Organization","@id":"https:\/\/www.gossip.it\/#organization","name":"Gossip and VIP News","alternateName":"Gossip News","url":"https:\/\/www.gossip.it\/","logo":{"@type":"ImageObject","inLanguage":"it-IT","@id":"https:\/\/www.gossip.it\/#\/schema\/logo\/image\/","url":"https:\/\/www.gossip.it\/wp-content\/uploads\/2022\/04\/cropped-corna-alta-tiny.png","contentUrl":"https:\/\/www.gossip.it\/wp-content\/uploads\/2022\/04\/cropped-corna-alta-tiny.png","width":512,"height":512,"caption":"Gossip and VIP News"},"image":{"@id":"https:\/\/www.gossip.it\/#\/schema\/logo\/image\/"},"sameAs":["https:\/\/www.facebook.com\/GossipIT","https:\/\/x.com\/gossinews_it","https:\/\/instagram.com\/gossip_it"]},{"@type":"Person","@id":"https:\/\/www.gossip.it\/#\/schema\/person\/4f99be5acc78d3f1b07a146d4fe8256b","name":"Annamaria Capozzi","image":{"@type":"ImageObject","inLanguage":"it-IT","@id":"https:\/\/www.gossip.it\/#\/schema\/person\/image\/","url":"https:\/\/secure.gravatar.com\/avatar\/a8f8ec0362739e51683bf764949dfb9f8d2539eecc144f2dd938d6381b053468?s=96&d=mm&r=g","contentUrl":"https:\/\/secure.gravatar.com\/avatar\/a8f8ec0362739e51683bf764949dfb9f8d2539eecc144f2dd938d6381b053468?s=96&d=mm&r=g","caption":"Annamaria Capozzi"}}]}},"amp_enabled":true,"_links":{"self":[{"href":"https:\/\/www.gossip.it\/api\/wp\/v2\/posts\/165807","targetHints":{"allow":["GET"]}}],"collection":[{"href":"https:\/\/www.gossip.it\/api\/wp\/v2\/posts"}],"about":[{"href":"https:\/\/www.gossip.it\/api\/wp\/v2\/types\/post"}],"author":[{"embeddable":true,"href":"https:\/\/www.gossip.it\/api\/wp\/v2\/users\/4"}],"replies":[{"embeddable":true,"href":"https:\/\/www.gossip.it\/api\/wp\/v2\/comments?post=165807"}],"version-history":[{"count":1,"href":"https:\/\/www.gossip.it\/api\/wp\/v2\/posts\/165807\/revisions"}],"predecessor-version":[{"id":165838,"href":"https:\/\/www.gossip.it\/api\/wp\/v2\/posts\/165807\/revisions\/165838"}],"wp:featuredmedia":[{"embeddable":true,"href":"https:\/\/www.gossip.it\/api\/wp\/v2\/media\/165814"}],"wp:attachment":[{"href":"https:\/\/www.gossip.it\/api\/wp\/v2\/media?parent=165807"}],"wp:term":[{"taxonomy":"category","embeddable":true,"href":"https:\/\/www.gossip.it\/api\/wp\/v2\/categories?post=165807"},{"taxonomy":"post_tag","embeddable":true,"href":"https:\/\/www.gossip.it\/api\/wp\/v2\/tags?post=165807"},{"taxonomy":"vip","embeddable":true,"href":"https:\/\/www.gossip.it\/api\/wp\/v2\/vip?post=165807"}],"curies":[{"name":"wp","href":"https:\/\/api.w.org\/{rel}","templated":true}]}}