{"id":16589,"date":"2002-08-27T00:00:00","date_gmt":"2002-08-26T22:00:00","guid":{"rendered":"https:\/\/www.gossip.it\/senza-categoria\/gossip-letterine-ecco-il-volto-di-un-altra-letterina-di-passaparola\/"},"modified":"2002-08-27T00:00:00","modified_gmt":"2002-08-26T22:00:00","slug":"gossip-letterine-ecco-il-volto-di-un-altra-letterina-di-passaparola","status":"publish","type":"post","link":"https:\/\/www.gossip.it\/news\/gossip-letterine-ecco-il-volto-di-un-altra-letterina-di-passaparola\/","title":{"rendered":"Gossip Letterine: ecco il volto di un'altra Letterina di Passaparola"},"content":{"rendered":"<p>Potrebbe essere Anna Gigli Molinari il nome di un'altra delle letterine che da settembre affiancheranno Gerry Scotti nella trasmissione \"Passaparola\". Avevamo gi\u00e0 svelato il nome di Cosmanna Ardillo, ma pare che anche Anna Gigli Molinari entrer\u00e0 a far parte del programma pi\u00f9 ambito Mediaset. <\/p>\n<p>\u00c8 nata a Genova il 29 novembre 1983. Capelli castani, occhi neri, \u00e8 alta 1,78 e<br \/>\npesa 55 chili. Il suo segno zodiacale \u00e8 il sagittario. Ha frequentato un corso da Operatrice Turistica, parla bene l'inglese e lo spagnolo. <\/p>\n<p>Eccola in una foto, risalente ad un servizio fotografico.<\/p>\n","protected":false},"excerpt":{"rendered":"<p>Potrebbe essere Anna Gigli Molinari il nome di un'altra delle letterine che da settembre affiancheranno Gerry Scotti nella trasmissione \"Passaparola\". Avevamo gi\u00e0 svelato il nome di Cosmanna Ardillo, ma pare che anche Anna Gigli Molinari entrer\u00e0 a far parte del programma pi\u00f9 ambito Mediaset. \u00c8 nata a Genova il 29 novembre 1983. Capelli castani, occhi [&hellip;]<\/p>\n","protected":false},"author":1,"featured_media":72638,"comment_status":"closed","ping_status":"closed","sticky":false,"template":"","format":"standard","meta":{"footnotes":""},"categories":[54],"tags":[15909,7738,2880,3229,3420,15908,14513,14378,14400,3508,1997,3330,9788,3517,2454,15675,2097],"vip":[],"class_list":["post-16589","post","type-post","status-publish","format-standard","has-post-thumbnail","hentry","category-news","tag-anna-gigli-molinari","tag-anna-molinari","tag-bellezza","tag-bellezze","tag-casting","tag-gerri-scotti","tag-gossipcasting","tag-gossiptv","tag-letterine","tag-miss","tag-modella","tag-modelle","tag-passaparola","tag-ragazze","tag-sexy","tag-sexy-gossip","tag-tv"],"yoast_head":"<title>Gossip Letterine: ecco il volto di un&#039;altra Letterina di Passaparola - Gossip.it | News sul Gossip e VIP<\/title>\n<meta name=\"description\" content=\"Potrebbe essere Anna Gigli Molinari il nome di un&#039;altra delle letterine che da settembre affiancheranno Gerry Scotti nella trasmissione &quot;Passaparola&quot;.\" \/>\n<meta name=\"robots\" content=\"index, follow, max-snippet:-1, max-image-preview:large, max-video-preview:-1\" \/>\n<link rel=\"canonical\" href=\"https:\/\/www.gossip.it\/news\/gossip-letterine-ecco-il-volto-di-un-altra-letterina-di-passaparola\/\" \/>\n<meta property=\"og:locale\" content=\"it_IT\" \/>\n<meta property=\"og:type\" content=\"article\" \/>\n<meta property=\"og:title\" content=\"Gossip Letterine: ecco il volto di un&#039;altra Letterina di Passaparola - Gossip.it | News sul Gossip e VIP\" \/>\n<meta property=\"og:description\" content=\"Potrebbe essere Anna Gigli Molinari il nome di un&#039;altra delle letterine che da settembre affiancheranno Gerry Scotti nella trasmissione &quot;Passaparola&quot;.\" \/>\n<meta property=\"og:url\" content=\"https:\/\/www.gossip.it\/news\/gossip-letterine-ecco-il-volto-di-un-altra-letterina-di-passaparola\/\" \/>\n<meta property=\"og:site_name\" content=\"Gossip.it | News sul Gossip e VIP\" \/>\n<meta property=\"article:publisher\" content=\"https:\/\/www.facebook.com\/GossipIT\" \/>\n<meta property=\"article:published_time\" content=\"2002-08-26T22:00:00+00:00\" \/>\n<meta property=\"og:image\" content=\"\/images2\/anna1.jpg\" \/>\n<meta name=\"author\" content=\"La Redazione\" \/>\n<meta name=\"twitter:card\" content=\"summary_large_image\" \/>\n<meta name=\"twitter:image\" content=\"\/images2\/anna1.jpg\" \/>\n<meta name=\"twitter:creator\" content=\"@gossinews_it\" \/>\n<meta name=\"twitter:site\" content=\"@gossinews_it\" \/>\n<meta name=\"twitter:label1\" content=\"Scritto da\" \/>\n\t<meta name=\"twitter:data1\" content=\"Marta Lari\" \/>","yoast_head_json":{"title":"Gossip Letterine: ecco il volto di un'altra Letterina di Passaparola - Gossip.it | News sul Gossip e VIP","description":"Potrebbe essere Anna Gigli Molinari il nome di un'altra delle letterine che da settembre affiancheranno Gerry Scotti nella trasmissione \"Passaparola\".","robots":{"index":"index","follow":"follow","max-snippet":"max-snippet:-1","max-image-preview":"max-image-preview:large","max-video-preview":"max-video-preview:-1"},"canonical":"https:\/\/www.gossip.it\/news\/gossip-letterine-ecco-il-volto-di-un-altra-letterina-di-passaparola\/","og_locale":"it_IT","og_type":"article","og_title":"Gossip Letterine: ecco il volto di un'altra Letterina di Passaparola - Gossip.it | News sul Gossip e VIP","og_description":"Potrebbe essere Anna Gigli Molinari il nome di un'altra delle letterine che da settembre affiancheranno Gerry Scotti nella trasmissione \"Passaparola\".","og_url":"https:\/\/www.gossip.it\/news\/gossip-letterine-ecco-il-volto-di-un-altra-letterina-di-passaparola\/","og_site_name":"Gossip.it | News sul Gossip e VIP","article_publisher":"https:\/\/www.facebook.com\/GossipIT","article_published_time":"2002-08-26T22:00:00+00:00","og_image":[{"url":"\/images2\/anna1.jpg"}],"author":"La Redazione","twitter_card":"summary_large_image","twitter_image":"\/images2\/anna1.jpg","twitter_creator":"@gossinews_it","twitter_site":"@gossinews_it","twitter_misc":{"Scritto da":"Marta Lari"},"schema":{"@context":"https:\/\/schema.org","@graph":[{"@type":"Article","@id":"https:\/\/www.gossip.it\/news\/gossip-letterine-ecco-il-volto-di-un-altra-letterina-di-passaparola\/#article","isPartOf":{"@id":"https:\/\/www.gossip.it\/news\/gossip-letterine-ecco-il-volto-di-un-altra-letterina-di-passaparola\/"},"author":{"name":"La Redazione","@id":"https:\/\/www.gossip.it\/#\/schema\/person\/488896f75158bff1cc83c6c39d141110"},"headline":"Gossip Letterine: ecco il volto di un'altra Letterina di Passaparola","datePublished":"2002-08-26T22:00:00+00:00","dateModified":"2002-08-26T22:00:00+00:00","mainEntityOfPage":{"@id":"https:\/\/www.gossip.it\/news\/gossip-letterine-ecco-il-volto-di-un-altra-letterina-di-passaparola\/"},"wordCount":98,"publisher":{"@id":"https:\/\/www.gossip.it\/#organization"},"image":{"@id":"https:\/\/www.gossip.it\/news\/gossip-letterine-ecco-il-volto-di-un-altra-letterina-di-passaparola\/#primaryimage"},"thumbnailUrl":"\/images2\/anna1.jpg","keywords":["anna gigli molinari","anna molinari","bellezza","bellezze","casting","gerri scotti","gossipcasting","gossiptv","Letterine","miss","modella","modelle","passaparola","ragazze","sexy","sexy gossip","tv"],"articleSection":["News"],"inLanguage":"it-IT"},{"@type":"WebPage","@id":"https:\/\/www.gossip.it\/news\/gossip-letterine-ecco-il-volto-di-un-altra-letterina-di-passaparola\/","url":"https:\/\/www.gossip.it\/news\/gossip-letterine-ecco-il-volto-di-un-altra-letterina-di-passaparola\/","name":"Gossip Letterine: ecco il volto di un'altra Letterina di Passaparola - Gossip.it | News sul Gossip e VIP","isPartOf":{"@id":"https:\/\/www.gossip.it\/#website"},"primaryImageOfPage":{"@id":"https:\/\/www.gossip.it\/news\/gossip-letterine-ecco-il-volto-di-un-altra-letterina-di-passaparola\/#primaryimage"},"image":{"@id":"https:\/\/www.gossip.it\/news\/gossip-letterine-ecco-il-volto-di-un-altra-letterina-di-passaparola\/#primaryimage"},"thumbnailUrl":"\/images2\/anna1.jpg","datePublished":"2002-08-26T22:00:00+00:00","dateModified":"2002-08-26T22:00:00+00:00","description":"Potrebbe essere Anna Gigli Molinari il nome di un'altra delle letterine che da settembre affiancheranno Gerry Scotti nella trasmissione \"Passaparola\".","breadcrumb":{"@id":"https:\/\/www.gossip.it\/news\/gossip-letterine-ecco-il-volto-di-un-altra-letterina-di-passaparola\/#breadcrumb"},"inLanguage":"it-IT","potentialAction":[{"@type":"ReadAction","target":["https:\/\/www.gossip.it\/news\/gossip-letterine-ecco-il-volto-di-un-altra-letterina-di-passaparola\/"]}]},{"@type":"ImageObject","inLanguage":"it-IT","@id":"https:\/\/www.gossip.it\/news\/gossip-letterine-ecco-il-volto-di-un-altra-letterina-di-passaparola\/#primaryimage","url":"\/images2\/anna1.jpg","contentUrl":"\/images2\/anna1.jpg"},{"@type":"BreadcrumbList","@id":"https:\/\/www.gossip.it\/news\/gossip-letterine-ecco-il-volto-di-un-altra-letterina-di-passaparola\/#breadcrumb","itemListElement":[{"@type":"ListItem","position":1,"name":"Home","item":"https:\/\/www.gossip.it\/"},{"@type":"ListItem","position":2,"name":"Gossip Letterine: ecco il volto di un'altra Letterina di Passaparola"}]},{"@type":"WebSite","@id":"https:\/\/www.gossip.it\/#website","url":"https:\/\/www.gossip.it\/","name":"Gossip and VIP News","description":"Quotidiano di cronaca rosa, costume e societ\u00e0","publisher":{"@id":"https:\/\/www.gossip.it\/#organization"},"alternateName":"Gossip and VIP News","potentialAction":[{"@type":"SearchAction","target":{"@type":"EntryPoint","urlTemplate":"https:\/\/www.gossip.it\/?s={search_term_string}"},"query-input":{"@type":"PropertyValueSpecification","valueRequired":true,"valueName":"search_term_string"}}],"inLanguage":"it-IT"},{"@type":"Organization","@id":"https:\/\/www.gossip.it\/#organization","name":"Gossip and VIP News","alternateName":"Gossip News","url":"https:\/\/www.gossip.it\/","logo":{"@type":"ImageObject","inLanguage":"it-IT","@id":"https:\/\/www.gossip.it\/#\/schema\/logo\/image\/","url":"https:\/\/www.gossip.it\/wp-content\/uploads\/2022\/04\/cropped-corna-alta-tiny.png","contentUrl":"https:\/\/www.gossip.it\/wp-content\/uploads\/2022\/04\/cropped-corna-alta-tiny.png","width":512,"height":512,"caption":"Gossip and VIP News"},"image":{"@id":"https:\/\/www.gossip.it\/#\/schema\/logo\/image\/"},"sameAs":["https:\/\/www.facebook.com\/GossipIT","https:\/\/x.com\/gossinews_it","https:\/\/instagram.com\/gossip_it"]},{"@type":"Person","@id":"https:\/\/www.gossip.it\/#\/schema\/person\/488896f75158bff1cc83c6c39d141110","name":"La Redazione","image":{"@type":"ImageObject","inLanguage":"it-IT","@id":"https:\/\/www.gossip.it\/#\/schema\/person\/image\/","url":"https:\/\/secure.gravatar.com\/avatar\/5a5f5c6fa3e6700e4249abdad0263a1e94e927d9e0499b1cb09c1cd29c044d80?s=96&d=mm&r=g","contentUrl":"https:\/\/secure.gravatar.com\/avatar\/5a5f5c6fa3e6700e4249abdad0263a1e94e927d9e0499b1cb09c1cd29c044d80?s=96&d=mm&r=g","caption":"La Redazione"},"sameAs":["https:\/\/www.gossip.it"]}]}},"amp_enabled":true,"_links":{"self":[{"href":"https:\/\/www.gossip.it\/api\/wp\/v2\/posts\/16589","targetHints":{"allow":["GET"]}}],"collection":[{"href":"https:\/\/www.gossip.it\/api\/wp\/v2\/posts"}],"about":[{"href":"https:\/\/www.gossip.it\/api\/wp\/v2\/types\/post"}],"author":[{"embeddable":true,"href":"https:\/\/www.gossip.it\/api\/wp\/v2\/users\/1"}],"replies":[{"embeddable":true,"href":"https:\/\/www.gossip.it\/api\/wp\/v2\/comments?post=16589"}],"version-history":[{"count":0,"href":"https:\/\/www.gossip.it\/api\/wp\/v2\/posts\/16589\/revisions"}],"wp:featuredmedia":[{"embeddable":true,"href":"https:\/\/www.gossip.it\/api\/wp\/v2\/media\/72638"}],"wp:attachment":[{"href":"https:\/\/www.gossip.it\/api\/wp\/v2\/media?parent=16589"}],"wp:term":[{"taxonomy":"category","embeddable":true,"href":"https:\/\/www.gossip.it\/api\/wp\/v2\/categories?post=16589"},{"taxonomy":"post_tag","embeddable":true,"href":"https:\/\/www.gossip.it\/api\/wp\/v2\/tags?post=16589"},{"taxonomy":"vip","embeddable":true,"href":"https:\/\/www.gossip.it\/api\/wp\/v2\/vip?post=16589"}],"curies":[{"name":"wp","href":"https:\/\/api.w.org\/{rel}","templated":true}]}}